{"id":7671,"date":"2019-09-27T09:01:52","date_gmt":"2019-09-27T09:01:52","guid":{"rendered":"https:\/\/crta.rs\/?p=7671"},"modified":"2020-06-02T16:02:36","modified_gmt":"2020-06-02T14:02:36","slug":"parliamentary-insider-for-summer-2019","status":"publish","type":"post","link":"https:\/\/crta.rs\/en\/parliamentary-insider-for-summer-2019\/","title":{"rendered":"Parliamentary Insider for Summer 2019"},"content":{"rendered":"<p>In this issue, the Parliamentary Insider brings\u00a0assessment of the work of\u00a0the Parliament over the summer of 2019. The focus of this issue is on the activities of the Parliament in July, due to the August break.\u00a0The highlights of the month include the appointment of Milan Marinovi\u0107 as the\u00a0new Commissioner for Information of Public Importance and Personal Data Protection, as well as the plenary debates on the reports of the independent institutions after a five-year break.\u00a0On the other hand, non-agenda topics took up time during the\u00a0discussion in the plenary sessions again, which where also marked with\u00a0insults on account of the institutions, media\u00a0and civil society.<\/p>\n","protected":false},"excerpt":{"rendered":"<p>In this issue, the Parliamentary Insider brings assessment of the work of the Parliament over the summer of 2019. The focus of this issue is on the activities of the Parliament in July, due to the August break. The highlights of the month include the appointment of Milan Marinovi\u0107 as the new Commissioner for Information of Public Importance and Personal Data Protection, as well as the plenary debates on the reports of the independent institutions after a five-year break. On the other hand, non-agenda topics took up time during the discussion in the plenary sessions again, which where also marked with insults on account of the institutions, media and civil society.<\/p>\n","protected":false},"author":3,"featured_media":7673,"comment_status":"open","ping_status":"open","sticky":false,"template":"","format":"standard","meta":{"_acf_changed":false,"footnotes":"","_links_to":"","_links_to_target":""},"categories":[75],"tags":[492],"class_list":["post-7671","post","type-post","status-publish","format-standard","has-post-thumbnail","hentry","category-publication-en","tag-newsletter","ciTrackContent"],"acf":[],"yoast_head":"<!-- This site is optimized with the Yoast SEO plugin v27.4 - https:\/\/yoast.com\/product\/yoast-seo-wordpress\/ -->\n<title>Parliamentary Insider for Summer 2019 - CRTA<\/title>\n<meta name=\"robots\" content=\"index, follow, max-snippet:-1, max-image-preview:large, max-video-preview:-1\" \/>\n<link rel=\"canonical\" href=\"https:\/\/crta.rs\/en\/parliamentary-insider-for-summer-2019\/\" \/>\n<meta property=\"og:locale\" content=\"en_US\" \/>\n<meta property=\"og:type\" content=\"article\" \/>\n<meta property=\"og:title\" content=\"Parliamentary Insider for Summer 2019 - CRTA\" \/>\n<meta property=\"og:description\" content=\"In this issue, the Parliamentary Insider brings assessment of the work of the Parliament over the summer of 2019. The focus of this issue is on the activities of the Parliament in July, due to the August break. The highlights of the month include the appointment of Milan Marinovi\u0107 as the new Commissioner for Information of Public Importance and Personal Data Protection, as well as the plenary debates on the reports of the independent institutions after a five-year break. On the other hand, non-agenda topics took up time during the discussion in the plenary sessions again, which where also marked with insults on account of the institutions, media and civil society.\" \/>\n<meta property=\"og:url\" content=\"https:\/\/crta.rs\/en\/parliamentary-insider-for-summer-2019\/\" \/>\n<meta property=\"og:site_name\" content=\"CRTA\" \/>\n<meta property=\"article:publisher\" content=\"https:\/\/www.facebook.com\/CRTArs\/\" \/>\n<meta property=\"article:published_time\" content=\"2019-09-27T09:01:52+00:00\" \/>\n<meta property=\"article:modified_time\" content=\"2020-06-02T14:02:36+00:00\" \/>\n<meta property=\"og:image\" content=\"https:\/\/crta.rs\/wp-content\/uploads\/2019\/09\/op-insider-julzy.png\" \/>\n\t<meta property=\"og:image:width\" content=\"602\" \/>\n\t<meta property=\"og:image:height\" content=\"850\" \/>\n\t<meta property=\"og:image:type\" content=\"image\/png\" \/>\n<meta name=\"author\" content=\"milica\" \/>\n<meta name=\"twitter:card\" content=\"summary_large_image\" \/>\n<meta name=\"twitter:label1\" content=\"Written by\" \/>\n\t<meta name=\"twitter:data1\" content=\"milica\" \/>\n\t<meta name=\"twitter:label2\" content=\"Est. reading time\" \/>\n\t<meta name=\"twitter:data2\" content=\"1 minute\" \/>\n<script type=\"application\/ld+json\" class=\"yoast-schema-graph\">{\"@context\":\"https:\\\/\\\/schema.org\",\"@graph\":[{\"@type\":\"Article\",\"@id\":\"https:\\\/\\\/crta.rs\\\/en\\\/parliamentary-insider-for-summer-2019\\\/#article\",\"isPartOf\":{\"@id\":\"https:\\\/\\\/crta.rs\\\/en\\\/parliamentary-insider-for-summer-2019\\\/\"},\"author\":{\"name\":\"milica\",\"@id\":\"https:\\\/\\\/crta.rs\\\/en\\\/#\\\/schema\\\/person\\\/0cc37dbc4cb7d35b32379de6f98e1c7f\"},\"headline\":\"Parliamentary Insider for Summer 2019\",\"datePublished\":\"2019-09-27T09:01:52+00:00\",\"dateModified\":\"2020-06-02T14:02:36+00:00\",\"mainEntityOfPage\":{\"@id\":\"https:\\\/\\\/crta.rs\\\/en\\\/parliamentary-insider-for-summer-2019\\\/\"},\"wordCount\":114,\"commentCount\":0,\"image\":{\"@id\":\"https:\\\/\\\/crta.rs\\\/en\\\/parliamentary-insider-for-summer-2019\\\/#primaryimage\"},\"thumbnailUrl\":\"https:\\\/\\\/crta.rs\\\/wp-content\\\/uploads\\\/2019\\\/09\\\/op-insider-julzy.png\",\"keywords\":[\"newsletter\"],\"articleSection\":[\"Publications\"],\"inLanguage\":\"en-US\",\"potentialAction\":[{\"@type\":\"CommentAction\",\"name\":\"Comment\",\"target\":[\"https:\\\/\\\/crta.rs\\\/en\\\/parliamentary-insider-for-summer-2019\\\/#respond\"]}]},{\"@type\":\"WebPage\",\"@id\":\"https:\\\/\\\/crta.rs\\\/en\\\/parliamentary-insider-for-summer-2019\\\/\",\"url\":\"https:\\\/\\\/crta.rs\\\/en\\\/parliamentary-insider-for-summer-2019\\\/\",\"name\":\"Parliamentary Insider for Summer 2019 - CRTA\",\"isPartOf\":{\"@id\":\"https:\\\/\\\/crta.rs\\\/en\\\/#website\"},\"primaryImageOfPage\":{\"@id\":\"https:\\\/\\\/crta.rs\\\/en\\\/parliamentary-insider-for-summer-2019\\\/#primaryimage\"},\"image\":{\"@id\":\"https:\\\/\\\/crta.rs\\\/en\\\/parliamentary-insider-for-summer-2019\\\/#primaryimage\"},\"thumbnailUrl\":\"https:\\\/\\\/crta.rs\\\/wp-content\\\/uploads\\\/2019\\\/09\\\/op-insider-julzy.png\",\"datePublished\":\"2019-09-27T09:01:52+00:00\",\"dateModified\":\"2020-06-02T14:02:36+00:00\",\"author\":{\"@id\":\"https:\\\/\\\/crta.rs\\\/en\\\/#\\\/schema\\\/person\\\/0cc37dbc4cb7d35b32379de6f98e1c7f\"},\"breadcrumb\":{\"@id\":\"https:\\\/\\\/crta.rs\\\/en\\\/parliamentary-insider-for-summer-2019\\\/#breadcrumb\"},\"inLanguage\":\"en-US\",\"potentialAction\":[{\"@type\":\"ReadAction\",\"target\":[\"https:\\\/\\\/crta.rs\\\/en\\\/parliamentary-insider-for-summer-2019\\\/\"]}]},{\"@type\":\"ImageObject\",\"inLanguage\":\"en-US\",\"@id\":\"https:\\\/\\\/crta.rs\\\/en\\\/parliamentary-insider-for-summer-2019\\\/#primaryimage\",\"url\":\"https:\\\/\\\/crta.rs\\\/wp-content\\\/uploads\\\/2019\\\/09\\\/op-insider-julzy.png\",\"contentUrl\":\"https:\\\/\\\/crta.rs\\\/wp-content\\\/uploads\\\/2019\\\/09\\\/op-insider-julzy.png\",\"width\":602,\"height\":850},{\"@type\":\"BreadcrumbList\",\"@id\":\"https:\\\/\\\/crta.rs\\\/en\\\/parliamentary-insider-for-summer-2019\\\/#breadcrumb\",\"itemListElement\":[{\"@type\":\"ListItem\",\"position\":1,\"name\":\"Home\",\"item\":\"https:\\\/\\\/crta.rs\\\/en\\\/\"},{\"@type\":\"ListItem\",\"position\":2,\"name\":\"Publications\",\"item\":\"https:\\\/\\\/crta.rs\\\/en\\\/category\\\/publication-en\\\/\"},{\"@type\":\"ListItem\",\"position\":3,\"name\":\"Parliamentary Insider for Summer 2019\"}]},{\"@type\":\"WebSite\",\"@id\":\"https:\\\/\\\/crta.rs\\\/en\\\/#website\",\"url\":\"https:\\\/\\\/crta.rs\\\/en\\\/\",\"name\":\"CRTA\",\"description\":\"Mi smo grupa aktivista i novinara koja zajedno sa gra\u0111anima uti\u010de na pove\u0107anje odgovornosti institucija i javnih funkcionera kroz pra\u0107enje i kontrolu njihovog rada.\",\"potentialAction\":[{\"@type\":\"SearchAction\",\"target\":{\"@type\":\"EntryPoint\",\"urlTemplate\":\"https:\\\/\\\/crta.rs\\\/en\\\/?s={search_term_string}\"},\"query-input\":{\"@type\":\"PropertyValueSpecification\",\"valueRequired\":true,\"valueName\":\"search_term_string\"}}],\"inLanguage\":\"en-US\"},{\"@type\":\"Person\",\"@id\":\"https:\\\/\\\/crta.rs\\\/en\\\/#\\\/schema\\\/person\\\/0cc37dbc4cb7d35b32379de6f98e1c7f\",\"name\":\"milica\",\"url\":\"https:\\\/\\\/crta.rs\\\/en\\\/author\\\/milica\\\/\"}]}<\/script>\n<!-- \/ Yoast SEO plugin. -->","yoast_head_json":{"title":"Parliamentary Insider for Summer 2019 - CRTA","robots":{"index":"index","follow":"follow","max-snippet":"max-snippet:-1","max-image-preview":"max-image-preview:large","max-video-preview":"max-video-preview:-1"},"canonical":"https:\/\/crta.rs\/en\/parliamentary-insider-for-summer-2019\/","og_locale":"en_US","og_type":"article","og_title":"Parliamentary Insider for Summer 2019 - CRTA","og_description":"In this issue, the Parliamentary Insider brings assessment of the work of the Parliament over the summer of 2019. The focus of this issue is on the activities of the Parliament in July, due to the August break. The highlights of the month include the appointment of Milan Marinovi\u0107 as the new Commissioner for Information of Public Importance and Personal Data Protection, as well as the plenary debates on the reports of the independent institutions after a five-year break. On the other hand, non-agenda topics took up time during the discussion in the plenary sessions again, which where also marked with insults on account of the institutions, media and civil society.","og_url":"https:\/\/crta.rs\/en\/parliamentary-insider-for-summer-2019\/","og_site_name":"CRTA","article_publisher":"https:\/\/www.facebook.com\/CRTArs\/","article_published_time":"2019-09-27T09:01:52+00:00","article_modified_time":"2020-06-02T14:02:36+00:00","og_image":[{"width":602,"height":850,"url":"https:\/\/crta.rs\/wp-content\/uploads\/2019\/09\/op-insider-julzy.png","type":"image\/png"}],"author":"milica","twitter_card":"summary_large_image","twitter_misc":{"Written by":"milica","Est. reading time":"1 minute"},"schema":{"@context":"https:\/\/schema.org","@graph":[{"@type":"Article","@id":"https:\/\/crta.rs\/en\/parliamentary-insider-for-summer-2019\/#article","isPartOf":{"@id":"https:\/\/crta.rs\/en\/parliamentary-insider-for-summer-2019\/"},"author":{"name":"milica","@id":"https:\/\/crta.rs\/en\/#\/schema\/person\/0cc37dbc4cb7d35b32379de6f98e1c7f"},"headline":"Parliamentary Insider for Summer 2019","datePublished":"2019-09-27T09:01:52+00:00","dateModified":"2020-06-02T14:02:36+00:00","mainEntityOfPage":{"@id":"https:\/\/crta.rs\/en\/parliamentary-insider-for-summer-2019\/"},"wordCount":114,"commentCount":0,"image":{"@id":"https:\/\/crta.rs\/en\/parliamentary-insider-for-summer-2019\/#primaryimage"},"thumbnailUrl":"https:\/\/crta.rs\/wp-content\/uploads\/2019\/09\/op-insider-julzy.png","keywords":["newsletter"],"articleSection":["Publications"],"inLanguage":"en-US","potentialAction":[{"@type":"CommentAction","name":"Comment","target":["https:\/\/crta.rs\/en\/parliamentary-insider-for-summer-2019\/#respond"]}]},{"@type":"WebPage","@id":"https:\/\/crta.rs\/en\/parliamentary-insider-for-summer-2019\/","url":"https:\/\/crta.rs\/en\/parliamentary-insider-for-summer-2019\/","name":"Parliamentary Insider for Summer 2019 - CRTA","isPartOf":{"@id":"https:\/\/crta.rs\/en\/#website"},"primaryImageOfPage":{"@id":"https:\/\/crta.rs\/en\/parliamentary-insider-for-summer-2019\/#primaryimage"},"image":{"@id":"https:\/\/crta.rs\/en\/parliamentary-insider-for-summer-2019\/#primaryimage"},"thumbnailUrl":"https:\/\/crta.rs\/wp-content\/uploads\/2019\/09\/op-insider-julzy.png","datePublished":"2019-09-27T09:01:52+00:00","dateModified":"2020-06-02T14:02:36+00:00","author":{"@id":"https:\/\/crta.rs\/en\/#\/schema\/person\/0cc37dbc4cb7d35b32379de6f98e1c7f"},"breadcrumb":{"@id":"https:\/\/crta.rs\/en\/parliamentary-insider-for-summer-2019\/#breadcrumb"},"inLanguage":"en-US","potentialAction":[{"@type":"ReadAction","target":["https:\/\/crta.rs\/en\/parliamentary-insider-for-summer-2019\/"]}]},{"@type":"ImageObject","inLanguage":"en-US","@id":"https:\/\/crta.rs\/en\/parliamentary-insider-for-summer-2019\/#primaryimage","url":"https:\/\/crta.rs\/wp-content\/uploads\/2019\/09\/op-insider-julzy.png","contentUrl":"https:\/\/crta.rs\/wp-content\/uploads\/2019\/09\/op-insider-julzy.png","width":602,"height":850},{"@type":"BreadcrumbList","@id":"https:\/\/crta.rs\/en\/parliamentary-insider-for-summer-2019\/#breadcrumb","itemListElement":[{"@type":"ListItem","position":1,"name":"Home","item":"https:\/\/crta.rs\/en\/"},{"@type":"ListItem","position":2,"name":"Publications","item":"https:\/\/crta.rs\/en\/category\/publication-en\/"},{"@type":"ListItem","position":3,"name":"Parliamentary Insider for Summer 2019"}]},{"@type":"WebSite","@id":"https:\/\/crta.rs\/en\/#website","url":"https:\/\/crta.rs\/en\/","name":"CRTA","description":"Mi smo grupa aktivista i novinara koja zajedno sa gra\u0111anima uti\u010de na pove\u0107anje odgovornosti institucija i javnih funkcionera kroz pra\u0107enje i kontrolu njihovog rada.","potentialAction":[{"@type":"SearchAction","target":{"@type":"EntryPoint","urlTemplate":"https:\/\/crta.rs\/en\/?s={search_term_string}"},"query-input":{"@type":"PropertyValueSpecification","valueRequired":true,"valueName":"search_term_string"}}],"inLanguage":"en-US"},{"@type":"Person","@id":"https:\/\/crta.rs\/en\/#\/schema\/person\/0cc37dbc4cb7d35b32379de6f98e1c7f","name":"milica","url":"https:\/\/crta.rs\/en\/author\/milica\/"}]}},"_links":{"self":[{"href":"https:\/\/crta.rs\/en\/wp-json\/wp\/v2\/posts\/7671","targetHints":{"allow":["GET"]}}],"collection":[{"href":"https:\/\/crta.rs\/en\/wp-json\/wp\/v2\/posts"}],"about":[{"href":"https:\/\/crta.rs\/en\/wp-json\/wp\/v2\/types\/post"}],"author":[{"embeddable":true,"href":"https:\/\/crta.rs\/en\/wp-json\/wp\/v2\/users\/3"}],"replies":[{"embeddable":true,"href":"https:\/\/crta.rs\/en\/wp-json\/wp\/v2\/comments?post=7671"}],"version-history":[{"count":3,"href":"https:\/\/crta.rs\/en\/wp-json\/wp\/v2\/posts\/7671\/revisions"}],"predecessor-version":[{"id":22980,"href":"https:\/\/crta.rs\/en\/wp-json\/wp\/v2\/posts\/7671\/revisions\/22980"}],"wp:featuredmedia":[{"embeddable":true,"href":"https:\/\/crta.rs\/en\/wp-json\/wp\/v2\/media\/7673"}],"wp:attachment":[{"href":"https:\/\/crta.rs\/en\/wp-json\/wp\/v2\/media?parent=7671"}],"wp:term":[{"taxonomy":"category","embeddable":true,"href":"https:\/\/crta.rs\/en\/wp-json\/wp\/v2\/categories?post=7671"},{"taxonomy":"post_tag","embeddable":true,"href":"https:\/\/crta.rs\/en\/wp-json\/wp\/v2\/tags?post=7671"}],"curies":[{"name":"wp","href":"https:\/\/api.w.org\/{rel}","templated":true}]}}