{"id":7445,"date":"2019-09-09T07:22:13","date_gmt":"2019-09-09T07:22:13","guid":{"rendered":"https:\/\/crta.rs\/?p=7445"},"modified":"2020-01-15T13:38:05","modified_gmt":"2020-01-15T13:38:05","slug":"festival-of-democracy-2019","status":"publish","type":"post","link":"https:\/\/crta.rs\/en\/festival-of-democracy-2019\/","title":{"rendered":"Festival of Democracy 2019"},"content":{"rendered":"<p><strong>Strongly believing that democracy is more powerful than the challenges it faces, this year together with our partners we organize the first Festival of Democracy\u00a0 from 13<sup>th<\/sup> to 15<sup>th<\/sup> September in Belgrade and many towns across Serbia, aiming to boost optimism and reinforce trust in democracy.\u00a0\u00a0<\/strong><\/p>\n<p>Through live, fun and vivid concepts, the aim of the festival is to address the important issues and to initiate public discussion in order to defend democratic values. The Festival program will be full of\u00a0 debates, exhibitions, theatre plays, movie screenings, creative workshops\u2026<\/p>\n<p>We invite you to join us in developing ideas and help us to improve democratic mood in our society!<\/p>\n<p>More information is available at this link: <a href=\"https:\/\/demfest.crta.rs\/\">https:\/\/demfest.crta.rs\/<\/a><\/p>\n<p>You can find the agenda of the Festival <a href=\"https:\/\/crta.rs\/wp-content\/uploads\/2019\/09\/DemFest-agenda-eng.pdf\">here.<\/a><\/p>\n","protected":false},"excerpt":{"rendered":"<p>Strongly believing that democracy is more powerful than the challenges it faces, this year together with our partners we organize the first Festival of Democracy\u00a0 from 13th to 15th September in Belgrade and many towns across Serbia, aiming to boost optimism and reinforce trust in democracy.\u00a0\u00a0<\/p>\n","protected":false},"author":3,"featured_media":7454,"comment_status":"open","ping_status":"open","sticky":false,"template":"","format":"standard","meta":{"_acf_changed":false,"footnotes":"","_links_to":"","_links_to_target":""},"categories":[218],"tags":[74,716],"class_list":["post-7445","post","type-post","status-publish","format-standard","has-post-thumbnail","hentry","category-latest-en","tag-democracy","tag-festival-of-democracy","ciTrackContent"],"acf":[],"yoast_head":"<!-- This site is optimized with the Yoast SEO plugin v27.4 - https:\/\/yoast.com\/product\/yoast-seo-wordpress\/ -->\n<title>Festival of Democracy 2019 - CRTA<\/title>\n<meta name=\"robots\" content=\"index, follow, max-snippet:-1, max-image-preview:large, max-video-preview:-1\" \/>\n<link rel=\"canonical\" href=\"https:\/\/crta.rs\/en\/festival-of-democracy-2019\/\" \/>\n<meta property=\"og:locale\" content=\"en_US\" \/>\n<meta property=\"og:type\" content=\"article\" \/>\n<meta property=\"og:title\" content=\"Festival of Democracy 2019 - CRTA\" \/>\n<meta property=\"og:description\" content=\"Strongly believing that democracy is more powerful than the challenges it faces, this year together with our partners we organize the first Festival of Democracy\u00a0 from 13th to 15th September in Belgrade and many towns across Serbia, aiming to boost optimism and reinforce trust in democracy.\u00a0\u00a0\" \/>\n<meta property=\"og:url\" content=\"https:\/\/crta.rs\/en\/festival-of-democracy-2019\/\" \/>\n<meta property=\"og:site_name\" content=\"CRTA\" \/>\n<meta property=\"article:publisher\" content=\"https:\/\/www.facebook.com\/CRTArs\/\" \/>\n<meta property=\"article:published_time\" content=\"2019-09-09T07:22:13+00:00\" \/>\n<meta property=\"article:modified_time\" content=\"2020-01-15T13:38:05+00:00\" \/>\n<meta property=\"og:image\" content=\"https:\/\/crta.rs\/wp-content\/uploads\/2019\/09\/DemFest-CRTA-aktuelno-eng-2.png\" \/>\n\t<meta property=\"og:image:width\" content=\"727\" \/>\n\t<meta property=\"og:image:height\" content=\"363\" \/>\n\t<meta property=\"og:image:type\" content=\"image\/png\" \/>\n<meta name=\"author\" content=\"milica\" \/>\n<meta name=\"twitter:card\" content=\"summary_large_image\" \/>\n<meta name=\"twitter:label1\" content=\"Written by\" \/>\n\t<meta name=\"twitter:data1\" content=\"milica\" \/>\n\t<meta name=\"twitter:label2\" content=\"Est. reading time\" \/>\n\t<meta name=\"twitter:data2\" content=\"1 minute\" \/>\n<script type=\"application\/ld+json\" class=\"yoast-schema-graph\">{\"@context\":\"https:\\\/\\\/schema.org\",\"@graph\":[{\"@type\":\"Article\",\"@id\":\"https:\\\/\\\/crta.rs\\\/en\\\/festival-of-democracy-2019\\\/#article\",\"isPartOf\":{\"@id\":\"https:\\\/\\\/crta.rs\\\/en\\\/festival-of-democracy-2019\\\/\"},\"author\":{\"name\":\"milica\",\"@id\":\"https:\\\/\\\/crta.rs\\\/en\\\/#\\\/schema\\\/person\\\/0cc37dbc4cb7d35b32379de6f98e1c7f\"},\"headline\":\"Festival of Democracy 2019\",\"datePublished\":\"2019-09-09T07:22:13+00:00\",\"dateModified\":\"2020-01-15T13:38:05+00:00\",\"mainEntityOfPage\":{\"@id\":\"https:\\\/\\\/crta.rs\\\/en\\\/festival-of-democracy-2019\\\/\"},\"wordCount\":131,\"commentCount\":0,\"image\":{\"@id\":\"https:\\\/\\\/crta.rs\\\/en\\\/festival-of-democracy-2019\\\/#primaryimage\"},\"thumbnailUrl\":\"https:\\\/\\\/crta.rs\\\/wp-content\\\/uploads\\\/2019\\\/09\\\/DemFest-CRTA-aktuelno-eng-2.png\",\"keywords\":[\"democracy\",\"festival of democracy\"],\"articleSection\":[\"Latest\"],\"inLanguage\":\"en-US\",\"potentialAction\":[{\"@type\":\"CommentAction\",\"name\":\"Comment\",\"target\":[\"https:\\\/\\\/crta.rs\\\/en\\\/festival-of-democracy-2019\\\/#respond\"]}]},{\"@type\":\"WebPage\",\"@id\":\"https:\\\/\\\/crta.rs\\\/en\\\/festival-of-democracy-2019\\\/\",\"url\":\"https:\\\/\\\/crta.rs\\\/en\\\/festival-of-democracy-2019\\\/\",\"name\":\"Festival of Democracy 2019 - CRTA\",\"isPartOf\":{\"@id\":\"https:\\\/\\\/crta.rs\\\/en\\\/#website\"},\"primaryImageOfPage\":{\"@id\":\"https:\\\/\\\/crta.rs\\\/en\\\/festival-of-democracy-2019\\\/#primaryimage\"},\"image\":{\"@id\":\"https:\\\/\\\/crta.rs\\\/en\\\/festival-of-democracy-2019\\\/#primaryimage\"},\"thumbnailUrl\":\"https:\\\/\\\/crta.rs\\\/wp-content\\\/uploads\\\/2019\\\/09\\\/DemFest-CRTA-aktuelno-eng-2.png\",\"datePublished\":\"2019-09-09T07:22:13+00:00\",\"dateModified\":\"2020-01-15T13:38:05+00:00\",\"author\":{\"@id\":\"https:\\\/\\\/crta.rs\\\/en\\\/#\\\/schema\\\/person\\\/0cc37dbc4cb7d35b32379de6f98e1c7f\"},\"breadcrumb\":{\"@id\":\"https:\\\/\\\/crta.rs\\\/en\\\/festival-of-democracy-2019\\\/#breadcrumb\"},\"inLanguage\":\"en-US\",\"potentialAction\":[{\"@type\":\"ReadAction\",\"target\":[\"https:\\\/\\\/crta.rs\\\/en\\\/festival-of-democracy-2019\\\/\"]}]},{\"@type\":\"ImageObject\",\"inLanguage\":\"en-US\",\"@id\":\"https:\\\/\\\/crta.rs\\\/en\\\/festival-of-democracy-2019\\\/#primaryimage\",\"url\":\"https:\\\/\\\/crta.rs\\\/wp-content\\\/uploads\\\/2019\\\/09\\\/DemFest-CRTA-aktuelno-eng-2.png\",\"contentUrl\":\"https:\\\/\\\/crta.rs\\\/wp-content\\\/uploads\\\/2019\\\/09\\\/DemFest-CRTA-aktuelno-eng-2.png\",\"width\":727,\"height\":363},{\"@type\":\"BreadcrumbList\",\"@id\":\"https:\\\/\\\/crta.rs\\\/en\\\/festival-of-democracy-2019\\\/#breadcrumb\",\"itemListElement\":[{\"@type\":\"ListItem\",\"position\":1,\"name\":\"Home\",\"item\":\"https:\\\/\\\/crta.rs\\\/en\\\/\"},{\"@type\":\"ListItem\",\"position\":2,\"name\":\"Latest\",\"item\":\"https:\\\/\\\/crta.rs\\\/en\\\/category\\\/latest-en\\\/\"},{\"@type\":\"ListItem\",\"position\":3,\"name\":\"Festival of Democracy 2019\"}]},{\"@type\":\"WebSite\",\"@id\":\"https:\\\/\\\/crta.rs\\\/en\\\/#website\",\"url\":\"https:\\\/\\\/crta.rs\\\/en\\\/\",\"name\":\"CRTA\",\"description\":\"Mi smo grupa aktivista i novinara koja zajedno sa gra\u0111anima uti\u010de na pove\u0107anje odgovornosti institucija i javnih funkcionera kroz pra\u0107enje i kontrolu njihovog rada.\",\"potentialAction\":[{\"@type\":\"SearchAction\",\"target\":{\"@type\":\"EntryPoint\",\"urlTemplate\":\"https:\\\/\\\/crta.rs\\\/en\\\/?s={search_term_string}\"},\"query-input\":{\"@type\":\"PropertyValueSpecification\",\"valueRequired\":true,\"valueName\":\"search_term_string\"}}],\"inLanguage\":\"en-US\"},{\"@type\":\"Person\",\"@id\":\"https:\\\/\\\/crta.rs\\\/en\\\/#\\\/schema\\\/person\\\/0cc37dbc4cb7d35b32379de6f98e1c7f\",\"name\":\"milica\",\"url\":\"https:\\\/\\\/crta.rs\\\/en\\\/author\\\/milica\\\/\"}]}<\/script>\n<!-- \/ Yoast SEO plugin. -->","yoast_head_json":{"title":"Festival of Democracy 2019 - CRTA","robots":{"index":"index","follow":"follow","max-snippet":"max-snippet:-1","max-image-preview":"max-image-preview:large","max-video-preview":"max-video-preview:-1"},"canonical":"https:\/\/crta.rs\/en\/festival-of-democracy-2019\/","og_locale":"en_US","og_type":"article","og_title":"Festival of Democracy 2019 - CRTA","og_description":"Strongly believing that democracy is more powerful than the challenges it faces, this year together with our partners we organize the first Festival of Democracy\u00a0 from 13th to 15th September in Belgrade and many towns across Serbia, aiming to boost optimism and reinforce trust in democracy.\u00a0\u00a0","og_url":"https:\/\/crta.rs\/en\/festival-of-democracy-2019\/","og_site_name":"CRTA","article_publisher":"https:\/\/www.facebook.com\/CRTArs\/","article_published_time":"2019-09-09T07:22:13+00:00","article_modified_time":"2020-01-15T13:38:05+00:00","og_image":[{"width":727,"height":363,"url":"https:\/\/crta.rs\/wp-content\/uploads\/2019\/09\/DemFest-CRTA-aktuelno-eng-2.png","type":"image\/png"}],"author":"milica","twitter_card":"summary_large_image","twitter_misc":{"Written by":"milica","Est. reading time":"1 minute"},"schema":{"@context":"https:\/\/schema.org","@graph":[{"@type":"Article","@id":"https:\/\/crta.rs\/en\/festival-of-democracy-2019\/#article","isPartOf":{"@id":"https:\/\/crta.rs\/en\/festival-of-democracy-2019\/"},"author":{"name":"milica","@id":"https:\/\/crta.rs\/en\/#\/schema\/person\/0cc37dbc4cb7d35b32379de6f98e1c7f"},"headline":"Festival of Democracy 2019","datePublished":"2019-09-09T07:22:13+00:00","dateModified":"2020-01-15T13:38:05+00:00","mainEntityOfPage":{"@id":"https:\/\/crta.rs\/en\/festival-of-democracy-2019\/"},"wordCount":131,"commentCount":0,"image":{"@id":"https:\/\/crta.rs\/en\/festival-of-democracy-2019\/#primaryimage"},"thumbnailUrl":"https:\/\/crta.rs\/wp-content\/uploads\/2019\/09\/DemFest-CRTA-aktuelno-eng-2.png","keywords":["democracy","festival of democracy"],"articleSection":["Latest"],"inLanguage":"en-US","potentialAction":[{"@type":"CommentAction","name":"Comment","target":["https:\/\/crta.rs\/en\/festival-of-democracy-2019\/#respond"]}]},{"@type":"WebPage","@id":"https:\/\/crta.rs\/en\/festival-of-democracy-2019\/","url":"https:\/\/crta.rs\/en\/festival-of-democracy-2019\/","name":"Festival of Democracy 2019 - CRTA","isPartOf":{"@id":"https:\/\/crta.rs\/en\/#website"},"primaryImageOfPage":{"@id":"https:\/\/crta.rs\/en\/festival-of-democracy-2019\/#primaryimage"},"image":{"@id":"https:\/\/crta.rs\/en\/festival-of-democracy-2019\/#primaryimage"},"thumbnailUrl":"https:\/\/crta.rs\/wp-content\/uploads\/2019\/09\/DemFest-CRTA-aktuelno-eng-2.png","datePublished":"2019-09-09T07:22:13+00:00","dateModified":"2020-01-15T13:38:05+00:00","author":{"@id":"https:\/\/crta.rs\/en\/#\/schema\/person\/0cc37dbc4cb7d35b32379de6f98e1c7f"},"breadcrumb":{"@id":"https:\/\/crta.rs\/en\/festival-of-democracy-2019\/#breadcrumb"},"inLanguage":"en-US","potentialAction":[{"@type":"ReadAction","target":["https:\/\/crta.rs\/en\/festival-of-democracy-2019\/"]}]},{"@type":"ImageObject","inLanguage":"en-US","@id":"https:\/\/crta.rs\/en\/festival-of-democracy-2019\/#primaryimage","url":"https:\/\/crta.rs\/wp-content\/uploads\/2019\/09\/DemFest-CRTA-aktuelno-eng-2.png","contentUrl":"https:\/\/crta.rs\/wp-content\/uploads\/2019\/09\/DemFest-CRTA-aktuelno-eng-2.png","width":727,"height":363},{"@type":"BreadcrumbList","@id":"https:\/\/crta.rs\/en\/festival-of-democracy-2019\/#breadcrumb","itemListElement":[{"@type":"ListItem","position":1,"name":"Home","item":"https:\/\/crta.rs\/en\/"},{"@type":"ListItem","position":2,"name":"Latest","item":"https:\/\/crta.rs\/en\/category\/latest-en\/"},{"@type":"ListItem","position":3,"name":"Festival of Democracy 2019"}]},{"@type":"WebSite","@id":"https:\/\/crta.rs\/en\/#website","url":"https:\/\/crta.rs\/en\/","name":"CRTA","description":"Mi smo grupa aktivista i novinara koja zajedno sa gra\u0111anima uti\u010de na pove\u0107anje odgovornosti institucija i javnih funkcionera kroz pra\u0107enje i kontrolu njihovog rada.","potentialAction":[{"@type":"SearchAction","target":{"@type":"EntryPoint","urlTemplate":"https:\/\/crta.rs\/en\/?s={search_term_string}"},"query-input":{"@type":"PropertyValueSpecification","valueRequired":true,"valueName":"search_term_string"}}],"inLanguage":"en-US"},{"@type":"Person","@id":"https:\/\/crta.rs\/en\/#\/schema\/person\/0cc37dbc4cb7d35b32379de6f98e1c7f","name":"milica","url":"https:\/\/crta.rs\/en\/author\/milica\/"}]}},"_links":{"self":[{"href":"https:\/\/crta.rs\/en\/wp-json\/wp\/v2\/posts\/7445","targetHints":{"allow":["GET"]}}],"collection":[{"href":"https:\/\/crta.rs\/en\/wp-json\/wp\/v2\/posts"}],"about":[{"href":"https:\/\/crta.rs\/en\/wp-json\/wp\/v2\/types\/post"}],"author":[{"embeddable":true,"href":"https:\/\/crta.rs\/en\/wp-json\/wp\/v2\/users\/3"}],"replies":[{"embeddable":true,"href":"https:\/\/crta.rs\/en\/wp-json\/wp\/v2\/comments?post=7445"}],"version-history":[{"count":3,"href":"https:\/\/crta.rs\/en\/wp-json\/wp\/v2\/posts\/7445\/revisions"}],"predecessor-version":[{"id":19320,"href":"https:\/\/crta.rs\/en\/wp-json\/wp\/v2\/posts\/7445\/revisions\/19320"}],"wp:featuredmedia":[{"embeddable":true,"href":"https:\/\/crta.rs\/en\/wp-json\/wp\/v2\/media\/7454"}],"wp:attachment":[{"href":"https:\/\/crta.rs\/en\/wp-json\/wp\/v2\/media?parent=7445"}],"wp:term":[{"taxonomy":"category","embeddable":true,"href":"https:\/\/crta.rs\/en\/wp-json\/wp\/v2\/categories?post=7445"},{"taxonomy":"post_tag","embeddable":true,"href":"https:\/\/crta.rs\/en\/wp-json\/wp\/v2\/tags?post=7445"}],"curies":[{"name":"wp","href":"https:\/\/api.w.org\/{rel}","templated":true}]}}