{"id":7214,"date":"2019-03-25T14:36:51","date_gmt":"2019-03-25T14:36:51","guid":{"rendered":"https:\/\/crta.rs\/?p=7214"},"modified":"2020-01-20T16:34:41","modified_gmt":"2020-01-20T15:34:41","slug":"audit-of-political-engagement-in-serbia-2018","status":"publish","type":"post","link":"https:\/\/crta.rs\/en\/audit-of-political-engagement-in-serbia-2018\/","title":{"rendered":"Audit of Political Engagement in Serbia &#8211; 2018."},"content":{"rendered":"<p>In the framework of the Open Parliament initiative, The Centre for Research, Transparency and Accountability (CRTA)<br \/>\nconducted the sixth consecutive \u201cAudit of political engagement in Serbia\u201d with the support of Ipsos Strategic Marketing.<br \/>\nFirst two audits (from 2013 and 2014) were supported by the British Embassy in Belgrade and National Democratic<br \/>\nInstitute. The aim of this audit was to determine the level of the Serbian citizens\u2019 readiness to participate in democratic processes<br \/>\nthat imply a series of different forms of citizen participation \u2013 from voting at the elections to initiating particular<br \/>\ncampaigns; and monitoring the changes of the degree of participation in time. This audit represents a particular overview of the democratic situation in society. The extent to which the citizens are<br \/>\nready to engage in social processes, to exercise their civil rights and to influence the decision makers is an indicator of<br \/>\n\u201cthe state of health\u201d of a society.<\/p>\n","protected":false},"excerpt":{"rendered":"<p>In the framework of the Open Parliament initiative, The Centre for Research, Transparency and Accountability (CRTA)<br \/>\nconducted the sixth consecutive \u201cAudit of political engagement in Serbia\u201d with the support of Ipsos Strategic Marketing.<br \/>\nFirst two audits (from 2013 and 2014) were supported by the British Embassy in Belgrade and National Democratic<br \/>\nInstitute. The aim of this audit was to determine the level of the Serbian citizens\u2019 readiness to participate in democratic processes<br \/>\nthat imply a series of different forms of citizen participation \u2013 from voting at the elections to initiating particular<br \/>\ncampaigns; and monitoring the changes of the degree of participation in time. This audit represents a particular overview of the democratic situation in society. The extent to which the citizens are<br \/>\nready to engage in social processes, to exercise their civil rights and to influence the decision makers is an indicator of<br \/>\n\u201cthe state of health\u201d of a society.<\/p>\n","protected":false},"author":3,"featured_media":19707,"comment_status":"open","ping_status":"open","sticky":false,"template":"","format":"standard","meta":{"_acf_changed":false,"footnotes":"","_links_to":"","_links_to_target":""},"categories":[75],"tags":[584,73,293],"class_list":["post-7214","post","type-post","status-publish","format-standard","has-post-thumbnail","hentry","category-publication-en","tag-audit","tag-citizen-engagement","tag-political-engagement","ciTrackContent"],"acf":[],"yoast_head":"<!-- This site is optimized with the Yoast SEO plugin v27.4 - https:\/\/yoast.com\/product\/yoast-seo-wordpress\/ -->\n<title>Audit of Political Engagement in Serbia - 2018. - CRTA<\/title>\n<meta name=\"robots\" content=\"index, follow, max-snippet:-1, max-image-preview:large, max-video-preview:-1\" \/>\n<link rel=\"canonical\" href=\"https:\/\/crta.rs\/en\/audit-of-political-engagement-in-serbia-2018\/\" \/>\n<meta property=\"og:locale\" content=\"en_US\" \/>\n<meta property=\"og:type\" content=\"article\" \/>\n<meta property=\"og:title\" content=\"Audit of Political Engagement in Serbia - 2018. - CRTA\" \/>\n<meta property=\"og:description\" content=\"In the framework of the Open Parliament initiative, The Centre for Research, Transparency and Accountability (CRTA) conducted the sixth consecutive \u201cAudit of political engagement in Serbia\u201d with the support of Ipsos Strategic Marketing. First two audits (from 2013 and 2014) were supported by the British Embassy in Belgrade and National Democratic Institute. The aim of this audit was to determine the level of the Serbian citizens\u2019 readiness to participate in democratic processes that imply a series of different forms of citizen participation \u2013 from voting at the elections to initiating particular campaigns; and monitoring the changes of the degree of participation in time. This audit represents a particular overview of the democratic situation in society. The extent to which the citizens are ready to engage in social processes, to exercise their civil rights and to influence the decision makers is an indicator of \u201cthe state of health\u201d of a society.\" \/>\n<meta property=\"og:url\" content=\"https:\/\/crta.rs\/en\/audit-of-political-engagement-in-serbia-2018\/\" \/>\n<meta property=\"og:site_name\" content=\"CRTA\" \/>\n<meta property=\"article:publisher\" content=\"https:\/\/www.facebook.com\/CRTArs\/\" \/>\n<meta property=\"article:published_time\" content=\"2019-03-25T14:36:51+00:00\" \/>\n<meta property=\"article:modified_time\" content=\"2020-01-20T15:34:41+00:00\" \/>\n<meta property=\"og:image\" content=\"https:\/\/crta.rs\/wp-content\/uploads\/2019\/03\/audit-2018.png\" \/>\n\t<meta property=\"og:image:width\" content=\"612\" \/>\n\t<meta property=\"og:image:height\" content=\"870\" \/>\n\t<meta property=\"og:image:type\" content=\"image\/png\" \/>\n<meta name=\"author\" content=\"milica\" \/>\n<meta name=\"twitter:card\" content=\"summary_large_image\" \/>\n<meta name=\"twitter:label1\" content=\"Written by\" \/>\n\t<meta name=\"twitter:data1\" content=\"milica\" \/>\n\t<meta name=\"twitter:label2\" content=\"Est. reading time\" \/>\n\t<meta name=\"twitter:data2\" content=\"1 minute\" \/>\n<script type=\"application\/ld+json\" class=\"yoast-schema-graph\">{\"@context\":\"https:\\\/\\\/schema.org\",\"@graph\":[{\"@type\":\"Article\",\"@id\":\"https:\\\/\\\/crta.rs\\\/en\\\/audit-of-political-engagement-in-serbia-2018\\\/#article\",\"isPartOf\":{\"@id\":\"https:\\\/\\\/crta.rs\\\/en\\\/audit-of-political-engagement-in-serbia-2018\\\/\"},\"author\":{\"name\":\"milica\",\"@id\":\"https:\\\/\\\/crta.rs\\\/en\\\/#\\\/schema\\\/person\\\/0cc37dbc4cb7d35b32379de6f98e1c7f\"},\"headline\":\"Audit of Political Engagement in Serbia &#8211; 2018.\",\"datePublished\":\"2019-03-25T14:36:51+00:00\",\"dateModified\":\"2020-01-20T15:34:41+00:00\",\"mainEntityOfPage\":{\"@id\":\"https:\\\/\\\/crta.rs\\\/en\\\/audit-of-political-engagement-in-serbia-2018\\\/\"},\"wordCount\":154,\"commentCount\":0,\"image\":{\"@id\":\"https:\\\/\\\/crta.rs\\\/en\\\/audit-of-political-engagement-in-serbia-2018\\\/#primaryimage\"},\"thumbnailUrl\":\"https:\\\/\\\/crta.rs\\\/wp-content\\\/uploads\\\/2019\\\/03\\\/audit-2018.png\",\"keywords\":[\"audit\",\"citizen engagement\",\"political engagement\"],\"articleSection\":[\"Publications\"],\"inLanguage\":\"en-US\",\"potentialAction\":[{\"@type\":\"CommentAction\",\"name\":\"Comment\",\"target\":[\"https:\\\/\\\/crta.rs\\\/en\\\/audit-of-political-engagement-in-serbia-2018\\\/#respond\"]}]},{\"@type\":\"WebPage\",\"@id\":\"https:\\\/\\\/crta.rs\\\/en\\\/audit-of-political-engagement-in-serbia-2018\\\/\",\"url\":\"https:\\\/\\\/crta.rs\\\/en\\\/audit-of-political-engagement-in-serbia-2018\\\/\",\"name\":\"Audit of Political Engagement in Serbia - 2018. - CRTA\",\"isPartOf\":{\"@id\":\"https:\\\/\\\/crta.rs\\\/en\\\/#website\"},\"primaryImageOfPage\":{\"@id\":\"https:\\\/\\\/crta.rs\\\/en\\\/audit-of-political-engagement-in-serbia-2018\\\/#primaryimage\"},\"image\":{\"@id\":\"https:\\\/\\\/crta.rs\\\/en\\\/audit-of-political-engagement-in-serbia-2018\\\/#primaryimage\"},\"thumbnailUrl\":\"https:\\\/\\\/crta.rs\\\/wp-content\\\/uploads\\\/2019\\\/03\\\/audit-2018.png\",\"datePublished\":\"2019-03-25T14:36:51+00:00\",\"dateModified\":\"2020-01-20T15:34:41+00:00\",\"author\":{\"@id\":\"https:\\\/\\\/crta.rs\\\/en\\\/#\\\/schema\\\/person\\\/0cc37dbc4cb7d35b32379de6f98e1c7f\"},\"breadcrumb\":{\"@id\":\"https:\\\/\\\/crta.rs\\\/en\\\/audit-of-political-engagement-in-serbia-2018\\\/#breadcrumb\"},\"inLanguage\":\"en-US\",\"potentialAction\":[{\"@type\":\"ReadAction\",\"target\":[\"https:\\\/\\\/crta.rs\\\/en\\\/audit-of-political-engagement-in-serbia-2018\\\/\"]}]},{\"@type\":\"ImageObject\",\"inLanguage\":\"en-US\",\"@id\":\"https:\\\/\\\/crta.rs\\\/en\\\/audit-of-political-engagement-in-serbia-2018\\\/#primaryimage\",\"url\":\"https:\\\/\\\/crta.rs\\\/wp-content\\\/uploads\\\/2019\\\/03\\\/audit-2018.png\",\"contentUrl\":\"https:\\\/\\\/crta.rs\\\/wp-content\\\/uploads\\\/2019\\\/03\\\/audit-2018.png\",\"width\":612,\"height\":870},{\"@type\":\"BreadcrumbList\",\"@id\":\"https:\\\/\\\/crta.rs\\\/en\\\/audit-of-political-engagement-in-serbia-2018\\\/#breadcrumb\",\"itemListElement\":[{\"@type\":\"ListItem\",\"position\":1,\"name\":\"Home\",\"item\":\"https:\\\/\\\/crta.rs\\\/en\\\/\"},{\"@type\":\"ListItem\",\"position\":2,\"name\":\"Publications\",\"item\":\"https:\\\/\\\/crta.rs\\\/en\\\/category\\\/publication-en\\\/\"},{\"@type\":\"ListItem\",\"position\":3,\"name\":\"Audit of Political Engagement in Serbia &#8211; 2018.\"}]},{\"@type\":\"WebSite\",\"@id\":\"https:\\\/\\\/crta.rs\\\/en\\\/#website\",\"url\":\"https:\\\/\\\/crta.rs\\\/en\\\/\",\"name\":\"CRTA\",\"description\":\"Mi smo grupa aktivista i novinara koja zajedno sa gra\u0111anima uti\u010de na pove\u0107anje odgovornosti institucija i javnih funkcionera kroz pra\u0107enje i kontrolu njihovog rada.\",\"potentialAction\":[{\"@type\":\"SearchAction\",\"target\":{\"@type\":\"EntryPoint\",\"urlTemplate\":\"https:\\\/\\\/crta.rs\\\/en\\\/?s={search_term_string}\"},\"query-input\":{\"@type\":\"PropertyValueSpecification\",\"valueRequired\":true,\"valueName\":\"search_term_string\"}}],\"inLanguage\":\"en-US\"},{\"@type\":\"Person\",\"@id\":\"https:\\\/\\\/crta.rs\\\/en\\\/#\\\/schema\\\/person\\\/0cc37dbc4cb7d35b32379de6f98e1c7f\",\"name\":\"milica\",\"url\":\"https:\\\/\\\/crta.rs\\\/en\\\/author\\\/milica\\\/\"}]}<\/script>\n<!-- \/ Yoast SEO plugin. -->","yoast_head_json":{"title":"Audit of Political Engagement in Serbia - 2018. - CRTA","robots":{"index":"index","follow":"follow","max-snippet":"max-snippet:-1","max-image-preview":"max-image-preview:large","max-video-preview":"max-video-preview:-1"},"canonical":"https:\/\/crta.rs\/en\/audit-of-political-engagement-in-serbia-2018\/","og_locale":"en_US","og_type":"article","og_title":"Audit of Political Engagement in Serbia - 2018. - CRTA","og_description":"In the framework of the Open Parliament initiative, The Centre for Research, Transparency and Accountability (CRTA) conducted the sixth consecutive \u201cAudit of political engagement in Serbia\u201d with the support of Ipsos Strategic Marketing. First two audits (from 2013 and 2014) were supported by the British Embassy in Belgrade and National Democratic Institute. The aim of this audit was to determine the level of the Serbian citizens\u2019 readiness to participate in democratic processes that imply a series of different forms of citizen participation \u2013 from voting at the elections to initiating particular campaigns; and monitoring the changes of the degree of participation in time. This audit represents a particular overview of the democratic situation in society. The extent to which the citizens are ready to engage in social processes, to exercise their civil rights and to influence the decision makers is an indicator of \u201cthe state of health\u201d of a society.","og_url":"https:\/\/crta.rs\/en\/audit-of-political-engagement-in-serbia-2018\/","og_site_name":"CRTA","article_publisher":"https:\/\/www.facebook.com\/CRTArs\/","article_published_time":"2019-03-25T14:36:51+00:00","article_modified_time":"2020-01-20T15:34:41+00:00","og_image":[{"width":612,"height":870,"url":"https:\/\/crta.rs\/wp-content\/uploads\/2019\/03\/audit-2018.png","type":"image\/png"}],"author":"milica","twitter_card":"summary_large_image","twitter_misc":{"Written by":"milica","Est. reading time":"1 minute"},"schema":{"@context":"https:\/\/schema.org","@graph":[{"@type":"Article","@id":"https:\/\/crta.rs\/en\/audit-of-political-engagement-in-serbia-2018\/#article","isPartOf":{"@id":"https:\/\/crta.rs\/en\/audit-of-political-engagement-in-serbia-2018\/"},"author":{"name":"milica","@id":"https:\/\/crta.rs\/en\/#\/schema\/person\/0cc37dbc4cb7d35b32379de6f98e1c7f"},"headline":"Audit of Political Engagement in Serbia &#8211; 2018.","datePublished":"2019-03-25T14:36:51+00:00","dateModified":"2020-01-20T15:34:41+00:00","mainEntityOfPage":{"@id":"https:\/\/crta.rs\/en\/audit-of-political-engagement-in-serbia-2018\/"},"wordCount":154,"commentCount":0,"image":{"@id":"https:\/\/crta.rs\/en\/audit-of-political-engagement-in-serbia-2018\/#primaryimage"},"thumbnailUrl":"https:\/\/crta.rs\/wp-content\/uploads\/2019\/03\/audit-2018.png","keywords":["audit","citizen engagement","political engagement"],"articleSection":["Publications"],"inLanguage":"en-US","potentialAction":[{"@type":"CommentAction","name":"Comment","target":["https:\/\/crta.rs\/en\/audit-of-political-engagement-in-serbia-2018\/#respond"]}]},{"@type":"WebPage","@id":"https:\/\/crta.rs\/en\/audit-of-political-engagement-in-serbia-2018\/","url":"https:\/\/crta.rs\/en\/audit-of-political-engagement-in-serbia-2018\/","name":"Audit of Political Engagement in Serbia - 2018. - CRTA","isPartOf":{"@id":"https:\/\/crta.rs\/en\/#website"},"primaryImageOfPage":{"@id":"https:\/\/crta.rs\/en\/audit-of-political-engagement-in-serbia-2018\/#primaryimage"},"image":{"@id":"https:\/\/crta.rs\/en\/audit-of-political-engagement-in-serbia-2018\/#primaryimage"},"thumbnailUrl":"https:\/\/crta.rs\/wp-content\/uploads\/2019\/03\/audit-2018.png","datePublished":"2019-03-25T14:36:51+00:00","dateModified":"2020-01-20T15:34:41+00:00","author":{"@id":"https:\/\/crta.rs\/en\/#\/schema\/person\/0cc37dbc4cb7d35b32379de6f98e1c7f"},"breadcrumb":{"@id":"https:\/\/crta.rs\/en\/audit-of-political-engagement-in-serbia-2018\/#breadcrumb"},"inLanguage":"en-US","potentialAction":[{"@type":"ReadAction","target":["https:\/\/crta.rs\/en\/audit-of-political-engagement-in-serbia-2018\/"]}]},{"@type":"ImageObject","inLanguage":"en-US","@id":"https:\/\/crta.rs\/en\/audit-of-political-engagement-in-serbia-2018\/#primaryimage","url":"https:\/\/crta.rs\/wp-content\/uploads\/2019\/03\/audit-2018.png","contentUrl":"https:\/\/crta.rs\/wp-content\/uploads\/2019\/03\/audit-2018.png","width":612,"height":870},{"@type":"BreadcrumbList","@id":"https:\/\/crta.rs\/en\/audit-of-political-engagement-in-serbia-2018\/#breadcrumb","itemListElement":[{"@type":"ListItem","position":1,"name":"Home","item":"https:\/\/crta.rs\/en\/"},{"@type":"ListItem","position":2,"name":"Publications","item":"https:\/\/crta.rs\/en\/category\/publication-en\/"},{"@type":"ListItem","position":3,"name":"Audit of Political Engagement in Serbia &#8211; 2018."}]},{"@type":"WebSite","@id":"https:\/\/crta.rs\/en\/#website","url":"https:\/\/crta.rs\/en\/","name":"CRTA","description":"Mi smo grupa aktivista i novinara koja zajedno sa gra\u0111anima uti\u010de na pove\u0107anje odgovornosti institucija i javnih funkcionera kroz pra\u0107enje i kontrolu njihovog rada.","potentialAction":[{"@type":"SearchAction","target":{"@type":"EntryPoint","urlTemplate":"https:\/\/crta.rs\/en\/?s={search_term_string}"},"query-input":{"@type":"PropertyValueSpecification","valueRequired":true,"valueName":"search_term_string"}}],"inLanguage":"en-US"},{"@type":"Person","@id":"https:\/\/crta.rs\/en\/#\/schema\/person\/0cc37dbc4cb7d35b32379de6f98e1c7f","name":"milica","url":"https:\/\/crta.rs\/en\/author\/milica\/"}]}},"_links":{"self":[{"href":"https:\/\/crta.rs\/en\/wp-json\/wp\/v2\/posts\/7214","targetHints":{"allow":["GET"]}}],"collection":[{"href":"https:\/\/crta.rs\/en\/wp-json\/wp\/v2\/posts"}],"about":[{"href":"https:\/\/crta.rs\/en\/wp-json\/wp\/v2\/types\/post"}],"author":[{"embeddable":true,"href":"https:\/\/crta.rs\/en\/wp-json\/wp\/v2\/users\/3"}],"replies":[{"embeddable":true,"href":"https:\/\/crta.rs\/en\/wp-json\/wp\/v2\/comments?post=7214"}],"version-history":[{"count":3,"href":"https:\/\/crta.rs\/en\/wp-json\/wp\/v2\/posts\/7214\/revisions"}],"predecessor-version":[{"id":19149,"href":"https:\/\/crta.rs\/en\/wp-json\/wp\/v2\/posts\/7214\/revisions\/19149"}],"wp:featuredmedia":[{"embeddable":true,"href":"https:\/\/crta.rs\/en\/wp-json\/wp\/v2\/media\/19707"}],"wp:attachment":[{"href":"https:\/\/crta.rs\/en\/wp-json\/wp\/v2\/media?parent=7214"}],"wp:term":[{"taxonomy":"category","embeddable":true,"href":"https:\/\/crta.rs\/en\/wp-json\/wp\/v2\/categories?post=7214"},{"taxonomy":"post_tag","embeddable":true,"href":"https:\/\/crta.rs\/en\/wp-json\/wp\/v2\/tags?post=7214"}],"curies":[{"name":"wp","href":"https:\/\/api.w.org\/{rel}","templated":true}]}}