{"id":6879,"date":"2018-11-30T07:25:08","date_gmt":"2018-11-30T07:25:08","guid":{"rendered":"https:\/\/crta.rs\/?p=6879"},"modified":"2020-02-05T14:53:37","modified_gmt":"2020-02-05T13:53:37","slug":"a-warning-measure-imposed-to-a-city-official-due-to-public-officials-campaigning","status":"publish","type":"post","link":"https:\/\/crta.rs\/en\/a-warning-measure-imposed-to-a-city-official-due-to-public-officials-campaigning\/","title":{"rendered":"A warning measure imposed to a city official due to public officials\u2019 campaigning"},"content":{"rendered":"<p>The <a href=\"http:\/\/www.acas.rs\/?pismo=lat\">Anti-Corruption Agency <\/a>\u00a0imposed a warning measure to Andreja Mladenovi\u0107 because he conducted a public officials\u2019 campaign and abused his position of a Deputy Mayor for promotion of the election list where he was a candidate. The Agency submitted to the competent Misdemeanour Court in Mladenovac a request for initiation of misdemeanour proceedings against Andreja Mladenovi\u0107.<\/p>\n<p>The Agency initiated proceedings following the CRTA complaint. Out of 26 complaints regarding officials\u2019 campaigning and the abuse of public resources that the organisation CRTA had filed during the 2017 and 2018 election cycles, this is the first time that the Agency has initiated proceedings and imposed a measure to a public official.<\/p>\n<p><em>\u201cAlthough the Belgrade elections have long ended and the Agency&#8217;s decision is belated, it is nevertheless an important warning to all public officials that they should not abuse this function for party promotion during the election campaign. We welcome the decision of the Agency, but we also urge it to initiate timely proceedings in the future and to impose measures during the election period and hence protect the interests of the public\u201d,\u00a0<\/em>said\u00a0<strong>Ra\u0161a Nedeljkov, the CRTA programme director.<\/strong><\/p>\n<p>While visiting the reconstruction works in the Mladenovac museum on February 12<sup>th<\/sup> 2018, Andreja Mladenovi\u0107 did not point out, although the Law obligate public officials to do so, whether he was expressing his attitudes in capacity of the Deputy Mayor or of a candidate of an electoral list. The Anti-Corruption Agency Act explicitly forbids that a public official uses public resources, gatherings they attend and meetings they engage in their capacity of public officials for promotion of political entities. For this violation of the Law, a fine of 50 to 150 thousand dinars can be envisaged, with the possibility of imposing a ban on performing certain activities for a period of up to one year.<\/p>\n<p>Incidentally, the public officials\u2019 campaign has become one of the main characteristics of election campaigns. The campaign for the Belgrade elections, although they were held at a local level, corresponded to the election atmosphere of the last national elections when it comes to mobilised resources, national media attention and public officials\u2019 engagement in the campaigning. The CRTA had assessed that in the Belgrade election campaign there was an increase in cases of abuse of public office and public resources.<\/p>\n<p>This is why the CRTA \u00a0<a href=\"https:\/\/crta.rs\/wp-content\/uploads\/2018\/08\/CRTA_BG-izbori-finalni-izvestaj.pdf\">proposed<\/a>\u00a0amendments to the Anti-Corruption Agency Act so that all public officials are forbidden to participate in public gatherings whose primary objective is to announce the commencement of works or the commissioning of facilities built from budgetary resources or public funds.<\/p>\n<p><em>You can read <\/em><a href=\"https:\/\/crta.rs\/wp-content\/uploads\/2018\/08\/CRTA_BG-izbori-finalni-izvestaj.pdf\"><em>here .<\/em><\/a><em>the complete report on the election process quality regarding the 2018 Belgrade elections. <\/em><\/p>\n","protected":false},"excerpt":{"rendered":"<p>The Anti-Corruption Agency \u00a0imposed a warning measure to Andreja Mladenovi\u0107 because he conducted a public officials\u2019 campaign and abused his position of a Deputy Mayor for promotion of the election list where he was a candidate. The Agency submitted to the competent Misdemeanour Court in Mladenovac a request for initiation of misdemeanour proceedings against Andreja Mladenovi\u0107.<\/p>\n","protected":false},"author":3,"featured_media":21027,"comment_status":"closed","ping_status":"closed","sticky":false,"template":"","format":"standard","meta":{"_acf_changed":false,"footnotes":"","_links_to":"","_links_to_target":""},"categories":[218],"tags":[],"class_list":["post-6879","post","type-post","status-publish","format-standard","has-post-thumbnail","hentry","category-latest-en","ciTrackContent"],"acf":[],"yoast_head":"<!-- This site is optimized with the Yoast SEO plugin v27.4 - https:\/\/yoast.com\/product\/yoast-seo-wordpress\/ -->\n<title>A warning measure imposed to a city official due to public officials\u2019 campaigning - CRTA<\/title>\n<meta name=\"robots\" content=\"index, follow, max-snippet:-1, max-image-preview:large, max-video-preview:-1\" \/>\n<link rel=\"canonical\" href=\"https:\/\/crta.rs\/en\/a-warning-measure-imposed-to-a-city-official-due-to-public-officials-campaigning\/\" \/>\n<meta property=\"og:locale\" content=\"en_US\" \/>\n<meta property=\"og:type\" content=\"article\" \/>\n<meta property=\"og:title\" content=\"A warning measure imposed to a city official due to public officials\u2019 campaigning - CRTA\" \/>\n<meta property=\"og:description\" content=\"The Anti-Corruption Agency \u00a0imposed a warning measure to Andreja Mladenovi\u0107 because he conducted a public officials\u2019 campaign and abused his position of a Deputy Mayor for promotion of the election list where he was a candidate. The Agency submitted to the competent Misdemeanour Court in Mladenovac a request for initiation of misdemeanour proceedings against Andreja Mladenovi\u0107.\" \/>\n<meta property=\"og:url\" content=\"https:\/\/crta.rs\/en\/a-warning-measure-imposed-to-a-city-official-due-to-public-officials-campaigning\/\" \/>\n<meta property=\"og:site_name\" content=\"CRTA\" \/>\n<meta property=\"article:publisher\" content=\"https:\/\/www.facebook.com\/CRTArs\/\" \/>\n<meta property=\"article:published_time\" content=\"2018-11-30T07:25:08+00:00\" \/>\n<meta property=\"article:modified_time\" content=\"2020-02-05T13:53:37+00:00\" \/>\n<meta property=\"og:image\" content=\"https:\/\/crta.rs\/wp-content\/uploads\/2019\/03\/CRTA-logo-1.png\" \/>\n\t<meta property=\"og:image:width\" content=\"576\" \/>\n\t<meta property=\"og:image:height\" content=\"383\" \/>\n\t<meta property=\"og:image:type\" content=\"image\/png\" \/>\n<meta name=\"author\" content=\"milica\" \/>\n<meta name=\"twitter:card\" content=\"summary_large_image\" \/>\n<meta name=\"twitter:label1\" content=\"Written by\" \/>\n\t<meta name=\"twitter:data1\" content=\"milica\" \/>\n\t<meta name=\"twitter:label2\" content=\"Est. reading time\" \/>\n\t<meta name=\"twitter:data2\" content=\"2 minutes\" \/>\n<script type=\"application\/ld+json\" class=\"yoast-schema-graph\">{\"@context\":\"https:\\\/\\\/schema.org\",\"@graph\":[{\"@type\":\"Article\",\"@id\":\"https:\\\/\\\/crta.rs\\\/en\\\/a-warning-measure-imposed-to-a-city-official-due-to-public-officials-campaigning\\\/#article\",\"isPartOf\":{\"@id\":\"https:\\\/\\\/crta.rs\\\/en\\\/a-warning-measure-imposed-to-a-city-official-due-to-public-officials-campaigning\\\/\"},\"author\":{\"name\":\"milica\",\"@id\":\"https:\\\/\\\/crta.rs\\\/en\\\/#\\\/schema\\\/person\\\/0cc37dbc4cb7d35b32379de6f98e1c7f\"},\"headline\":\"A warning measure imposed to a city official due to public officials\u2019 campaigning\",\"datePublished\":\"2018-11-30T07:25:08+00:00\",\"dateModified\":\"2020-02-05T13:53:37+00:00\",\"mainEntityOfPage\":{\"@id\":\"https:\\\/\\\/crta.rs\\\/en\\\/a-warning-measure-imposed-to-a-city-official-due-to-public-officials-campaigning\\\/\"},\"wordCount\":453,\"image\":{\"@id\":\"https:\\\/\\\/crta.rs\\\/en\\\/a-warning-measure-imposed-to-a-city-official-due-to-public-officials-campaigning\\\/#primaryimage\"},\"thumbnailUrl\":\"https:\\\/\\\/crta.rs\\\/wp-content\\\/uploads\\\/2019\\\/03\\\/CRTA-logo-1.png\",\"articleSection\":[\"Latest\"],\"inLanguage\":\"en-US\"},{\"@type\":\"WebPage\",\"@id\":\"https:\\\/\\\/crta.rs\\\/en\\\/a-warning-measure-imposed-to-a-city-official-due-to-public-officials-campaigning\\\/\",\"url\":\"https:\\\/\\\/crta.rs\\\/en\\\/a-warning-measure-imposed-to-a-city-official-due-to-public-officials-campaigning\\\/\",\"name\":\"A warning measure imposed to a city official due to public officials\u2019 campaigning - CRTA\",\"isPartOf\":{\"@id\":\"https:\\\/\\\/crta.rs\\\/en\\\/#website\"},\"primaryImageOfPage\":{\"@id\":\"https:\\\/\\\/crta.rs\\\/en\\\/a-warning-measure-imposed-to-a-city-official-due-to-public-officials-campaigning\\\/#primaryimage\"},\"image\":{\"@id\":\"https:\\\/\\\/crta.rs\\\/en\\\/a-warning-measure-imposed-to-a-city-official-due-to-public-officials-campaigning\\\/#primaryimage\"},\"thumbnailUrl\":\"https:\\\/\\\/crta.rs\\\/wp-content\\\/uploads\\\/2019\\\/03\\\/CRTA-logo-1.png\",\"datePublished\":\"2018-11-30T07:25:08+00:00\",\"dateModified\":\"2020-02-05T13:53:37+00:00\",\"author\":{\"@id\":\"https:\\\/\\\/crta.rs\\\/en\\\/#\\\/schema\\\/person\\\/0cc37dbc4cb7d35b32379de6f98e1c7f\"},\"breadcrumb\":{\"@id\":\"https:\\\/\\\/crta.rs\\\/en\\\/a-warning-measure-imposed-to-a-city-official-due-to-public-officials-campaigning\\\/#breadcrumb\"},\"inLanguage\":\"en-US\",\"potentialAction\":[{\"@type\":\"ReadAction\",\"target\":[\"https:\\\/\\\/crta.rs\\\/en\\\/a-warning-measure-imposed-to-a-city-official-due-to-public-officials-campaigning\\\/\"]}]},{\"@type\":\"ImageObject\",\"inLanguage\":\"en-US\",\"@id\":\"https:\\\/\\\/crta.rs\\\/en\\\/a-warning-measure-imposed-to-a-city-official-due-to-public-officials-campaigning\\\/#primaryimage\",\"url\":\"https:\\\/\\\/crta.rs\\\/wp-content\\\/uploads\\\/2019\\\/03\\\/CRTA-logo-1.png\",\"contentUrl\":\"https:\\\/\\\/crta.rs\\\/wp-content\\\/uploads\\\/2019\\\/03\\\/CRTA-logo-1.png\",\"width\":576,\"height\":383},{\"@type\":\"BreadcrumbList\",\"@id\":\"https:\\\/\\\/crta.rs\\\/en\\\/a-warning-measure-imposed-to-a-city-official-due-to-public-officials-campaigning\\\/#breadcrumb\",\"itemListElement\":[{\"@type\":\"ListItem\",\"position\":1,\"name\":\"Home\",\"item\":\"https:\\\/\\\/crta.rs\\\/en\\\/\"},{\"@type\":\"ListItem\",\"position\":2,\"name\":\"government\",\"item\":\"https:\\\/\\\/crta.rs\\\/en\\\/tag\\\/government\\\/\"},{\"@type\":\"ListItem\",\"position\":3,\"name\":\"A warning measure imposed to a city official due to public officials\u2019 campaigning\"}]},{\"@type\":\"WebSite\",\"@id\":\"https:\\\/\\\/crta.rs\\\/en\\\/#website\",\"url\":\"https:\\\/\\\/crta.rs\\\/en\\\/\",\"name\":\"CRTA\",\"description\":\"Mi smo grupa aktivista i novinara koja zajedno sa gra\u0111anima uti\u010de na pove\u0107anje odgovornosti institucija i javnih funkcionera kroz pra\u0107enje i kontrolu njihovog rada.\",\"potentialAction\":[{\"@type\":\"SearchAction\",\"target\":{\"@type\":\"EntryPoint\",\"urlTemplate\":\"https:\\\/\\\/crta.rs\\\/en\\\/?s={search_term_string}\"},\"query-input\":{\"@type\":\"PropertyValueSpecification\",\"valueRequired\":true,\"valueName\":\"search_term_string\"}}],\"inLanguage\":\"en-US\"},{\"@type\":\"Person\",\"@id\":\"https:\\\/\\\/crta.rs\\\/en\\\/#\\\/schema\\\/person\\\/0cc37dbc4cb7d35b32379de6f98e1c7f\",\"name\":\"milica\",\"url\":\"https:\\\/\\\/crta.rs\\\/en\\\/author\\\/milica\\\/\"}]}<\/script>\n<!-- \/ Yoast SEO plugin. -->","yoast_head_json":{"title":"A warning measure imposed to a city official due to public officials\u2019 campaigning - CRTA","robots":{"index":"index","follow":"follow","max-snippet":"max-snippet:-1","max-image-preview":"max-image-preview:large","max-video-preview":"max-video-preview:-1"},"canonical":"https:\/\/crta.rs\/en\/a-warning-measure-imposed-to-a-city-official-due-to-public-officials-campaigning\/","og_locale":"en_US","og_type":"article","og_title":"A warning measure imposed to a city official due to public officials\u2019 campaigning - CRTA","og_description":"The Anti-Corruption Agency \u00a0imposed a warning measure to Andreja Mladenovi\u0107 because he conducted a public officials\u2019 campaign and abused his position of a Deputy Mayor for promotion of the election list where he was a candidate. The Agency submitted to the competent Misdemeanour Court in Mladenovac a request for initiation of misdemeanour proceedings against Andreja Mladenovi\u0107.","og_url":"https:\/\/crta.rs\/en\/a-warning-measure-imposed-to-a-city-official-due-to-public-officials-campaigning\/","og_site_name":"CRTA","article_publisher":"https:\/\/www.facebook.com\/CRTArs\/","article_published_time":"2018-11-30T07:25:08+00:00","article_modified_time":"2020-02-05T13:53:37+00:00","og_image":[{"width":576,"height":383,"url":"https:\/\/crta.rs\/wp-content\/uploads\/2019\/03\/CRTA-logo-1.png","type":"image\/png"}],"author":"milica","twitter_card":"summary_large_image","twitter_misc":{"Written by":"milica","Est. reading time":"2 minutes"},"schema":{"@context":"https:\/\/schema.org","@graph":[{"@type":"Article","@id":"https:\/\/crta.rs\/en\/a-warning-measure-imposed-to-a-city-official-due-to-public-officials-campaigning\/#article","isPartOf":{"@id":"https:\/\/crta.rs\/en\/a-warning-measure-imposed-to-a-city-official-due-to-public-officials-campaigning\/"},"author":{"name":"milica","@id":"https:\/\/crta.rs\/en\/#\/schema\/person\/0cc37dbc4cb7d35b32379de6f98e1c7f"},"headline":"A warning measure imposed to a city official due to public officials\u2019 campaigning","datePublished":"2018-11-30T07:25:08+00:00","dateModified":"2020-02-05T13:53:37+00:00","mainEntityOfPage":{"@id":"https:\/\/crta.rs\/en\/a-warning-measure-imposed-to-a-city-official-due-to-public-officials-campaigning\/"},"wordCount":453,"image":{"@id":"https:\/\/crta.rs\/en\/a-warning-measure-imposed-to-a-city-official-due-to-public-officials-campaigning\/#primaryimage"},"thumbnailUrl":"https:\/\/crta.rs\/wp-content\/uploads\/2019\/03\/CRTA-logo-1.png","articleSection":["Latest"],"inLanguage":"en-US"},{"@type":"WebPage","@id":"https:\/\/crta.rs\/en\/a-warning-measure-imposed-to-a-city-official-due-to-public-officials-campaigning\/","url":"https:\/\/crta.rs\/en\/a-warning-measure-imposed-to-a-city-official-due-to-public-officials-campaigning\/","name":"A warning measure imposed to a city official due to public officials\u2019 campaigning - CRTA","isPartOf":{"@id":"https:\/\/crta.rs\/en\/#website"},"primaryImageOfPage":{"@id":"https:\/\/crta.rs\/en\/a-warning-measure-imposed-to-a-city-official-due-to-public-officials-campaigning\/#primaryimage"},"image":{"@id":"https:\/\/crta.rs\/en\/a-warning-measure-imposed-to-a-city-official-due-to-public-officials-campaigning\/#primaryimage"},"thumbnailUrl":"https:\/\/crta.rs\/wp-content\/uploads\/2019\/03\/CRTA-logo-1.png","datePublished":"2018-11-30T07:25:08+00:00","dateModified":"2020-02-05T13:53:37+00:00","author":{"@id":"https:\/\/crta.rs\/en\/#\/schema\/person\/0cc37dbc4cb7d35b32379de6f98e1c7f"},"breadcrumb":{"@id":"https:\/\/crta.rs\/en\/a-warning-measure-imposed-to-a-city-official-due-to-public-officials-campaigning\/#breadcrumb"},"inLanguage":"en-US","potentialAction":[{"@type":"ReadAction","target":["https:\/\/crta.rs\/en\/a-warning-measure-imposed-to-a-city-official-due-to-public-officials-campaigning\/"]}]},{"@type":"ImageObject","inLanguage":"en-US","@id":"https:\/\/crta.rs\/en\/a-warning-measure-imposed-to-a-city-official-due-to-public-officials-campaigning\/#primaryimage","url":"https:\/\/crta.rs\/wp-content\/uploads\/2019\/03\/CRTA-logo-1.png","contentUrl":"https:\/\/crta.rs\/wp-content\/uploads\/2019\/03\/CRTA-logo-1.png","width":576,"height":383},{"@type":"BreadcrumbList","@id":"https:\/\/crta.rs\/en\/a-warning-measure-imposed-to-a-city-official-due-to-public-officials-campaigning\/#breadcrumb","itemListElement":[{"@type":"ListItem","position":1,"name":"Home","item":"https:\/\/crta.rs\/en\/"},{"@type":"ListItem","position":2,"name":"government","item":"https:\/\/crta.rs\/en\/tag\/government\/"},{"@type":"ListItem","position":3,"name":"A warning measure imposed to a city official due to public officials\u2019 campaigning"}]},{"@type":"WebSite","@id":"https:\/\/crta.rs\/en\/#website","url":"https:\/\/crta.rs\/en\/","name":"CRTA","description":"Mi smo grupa aktivista i novinara koja zajedno sa gra\u0111anima uti\u010de na pove\u0107anje odgovornosti institucija i javnih funkcionera kroz pra\u0107enje i kontrolu njihovog rada.","potentialAction":[{"@type":"SearchAction","target":{"@type":"EntryPoint","urlTemplate":"https:\/\/crta.rs\/en\/?s={search_term_string}"},"query-input":{"@type":"PropertyValueSpecification","valueRequired":true,"valueName":"search_term_string"}}],"inLanguage":"en-US"},{"@type":"Person","@id":"https:\/\/crta.rs\/en\/#\/schema\/person\/0cc37dbc4cb7d35b32379de6f98e1c7f","name":"milica","url":"https:\/\/crta.rs\/en\/author\/milica\/"}]}},"_links":{"self":[{"href":"https:\/\/crta.rs\/en\/wp-json\/wp\/v2\/posts\/6879","targetHints":{"allow":["GET"]}}],"collection":[{"href":"https:\/\/crta.rs\/en\/wp-json\/wp\/v2\/posts"}],"about":[{"href":"https:\/\/crta.rs\/en\/wp-json\/wp\/v2\/types\/post"}],"author":[{"embeddable":true,"href":"https:\/\/crta.rs\/en\/wp-json\/wp\/v2\/users\/3"}],"replies":[{"embeddable":true,"href":"https:\/\/crta.rs\/en\/wp-json\/wp\/v2\/comments?post=6879"}],"version-history":[{"count":1,"href":"https:\/\/crta.rs\/en\/wp-json\/wp\/v2\/posts\/6879\/revisions"}],"predecessor-version":[{"id":19046,"href":"https:\/\/crta.rs\/en\/wp-json\/wp\/v2\/posts\/6879\/revisions\/19046"}],"wp:featuredmedia":[{"embeddable":true,"href":"https:\/\/crta.rs\/en\/wp-json\/wp\/v2\/media\/21027"}],"wp:attachment":[{"href":"https:\/\/crta.rs\/en\/wp-json\/wp\/v2\/media?parent=6879"}],"wp:term":[{"taxonomy":"category","embeddable":true,"href":"https:\/\/crta.rs\/en\/wp-json\/wp\/v2\/categories?post=6879"},{"taxonomy":"post_tag","embeddable":true,"href":"https:\/\/crta.rs\/en\/wp-json\/wp\/v2\/tags?post=6879"}],"curies":[{"name":"wp","href":"https:\/\/api.w.org\/{rel}","templated":true}]}}