{"id":6865,"date":"2019-01-16T12:58:35","date_gmt":"2019-01-16T12:58:35","guid":{"rendered":"https:\/\/crta.rs\/?p=6865"},"modified":"2020-01-13T15:44:53","modified_gmt":"2020-01-13T15:44:53","slug":"the-assembly-has-not-yet-initiated-the-procedure-of-selection-of-the-new-commissioner","status":"publish","type":"post","link":"https:\/\/crta.rs\/en\/the-assembly-has-not-yet-initiated-the-procedure-of-selection-of-the-new-commissioner\/","title":{"rendered":"The Assembly has not yet initiated the procedure of selection of the new Commissioner"},"content":{"rendered":"<p>The Committee for Culture and Information has not yet initiated the procedure of selection of the new Commissioner for Information of Public Importance and Personal Data Protection and has not received any proposals for the selection of the Commissioner, was stated in the response issued by the National Assembly upon request submitted by <a href=\"http:\/\/en.yucom.org.rs\/\">YUCOM.<\/a><\/p>\n<p>We wish to remind that the mandate of the ex-Commissioner Rodoljub \u0160abi\u0107 expired on December 22<sup>nd<\/sup> and that 70 civil society organisations, media, business, professional and scientific communities\u2019 representatives sent in November last year a public request to the competent committee for an urgent initiation of a transparent and competitive procedure of selection of the new Commissioner.<\/p>\n<p>After the Committee for Culture and Information had refused to consider the initiative for commencement of a procedure of selection of the new Commissioner, a group of organisations publicly proposed well-defined criteria for selection of candidates. The said document comprises manners of verification whether the candidates are connected to any political party, whether they have violated the law, professional rules and standards as well as whether they possess relevant professional knowledge and experience in the area of data protection and access to information of public importance.<\/p>\n<p>Previous experiences relating to delays in the selection of state authority heads, especially of heads of independent institutions, have had detrimental effects on their work, and consequently on the rights of citizens and the public interest that these institutions are supposed to protect. Therefore, the signatories of this press release once again invite the competent committee to initiate the procedure of selection of the new Commissioner as soon as possible.<\/p>\n<p class=\"LC20lb\"><a href=\"http:\/\/www.partners-serbia.org\/en\/\">Partners for Democratic Change Serbia<\/a><\/p>\n<p><a href=\"http:\/\/transparentnost.org.rs\/index.php\/en\/\">Transparency Serbia<\/a><\/p>\n<p><a href=\"https:\/\/www.sharefoundation.info\/en\/\">SHARE Foundation<\/a><\/p>\n<p><a href=\"http:\/\/www.bezbednost.org\/Bezbednost\/2001\/English.shtml\">Belgrade Centre for Security Policy (BCBP)<\/a><\/p>\n<p><a href=\"http:\/\/en.yucom.org.rs\/\">Lawyers\u2019 Committee for Human Rights (YUCOM)<\/a><\/p>\n<p><a href=\"http:\/\/www.fosserbia.org\/\">Open Society Foundation<\/a><\/p>\n<p><a href=\"https:\/\/crta.rs\/\">CRTA<\/a><\/p>\n","protected":false},"excerpt":{"rendered":"<p>The Committee for Culture and Information has not yet initiated the procedure of selection of the new Commissioner for Information of Public Importance and Personal Data Protection and has not received any proposals for the selection of the Commissioner, was stated in the response issued by the National Assembly upon request submitted by YUCOM.<\/p>\n","protected":false},"author":3,"featured_media":6866,"comment_status":"open","ping_status":"open","sticky":false,"template":"","format":"standard","meta":{"_acf_changed":false,"footnotes":"","_links_to":"","_links_to_target":""},"categories":[218],"tags":[],"class_list":["post-6865","post","type-post","status-publish","format-standard","has-post-thumbnail","hentry","category-latest-en","ciTrackContent"],"acf":[],"yoast_head":"<!-- This site is optimized with the Yoast SEO plugin v27.4 - https:\/\/yoast.com\/product\/yoast-seo-wordpress\/ -->\n<title>The Assembly has not yet initiated the procedure of selection of the new Commissioner - CRTA<\/title>\n<meta name=\"robots\" content=\"index, follow, max-snippet:-1, max-image-preview:large, max-video-preview:-1\" \/>\n<link rel=\"canonical\" href=\"https:\/\/crta.rs\/en\/the-assembly-has-not-yet-initiated-the-procedure-of-selection-of-the-new-commissioner\/\" \/>\n<meta property=\"og:locale\" content=\"en_US\" \/>\n<meta property=\"og:type\" content=\"article\" \/>\n<meta property=\"og:title\" content=\"The Assembly has not yet initiated the procedure of selection of the new Commissioner - CRTA\" \/>\n<meta property=\"og:description\" content=\"The Committee for Culture and Information has not yet initiated the procedure of selection of the new Commissioner for Information of Public Importance and Personal Data Protection and has not received any proposals for the selection of the Commissioner, was stated in the response issued by the National Assembly upon request submitted by YUCOM.\" \/>\n<meta property=\"og:url\" content=\"https:\/\/crta.rs\/en\/the-assembly-has-not-yet-initiated-the-procedure-of-selection-of-the-new-commissioner\/\" \/>\n<meta property=\"og:site_name\" content=\"CRTA\" \/>\n<meta property=\"article:publisher\" content=\"https:\/\/www.facebook.com\/CRTArs\/\" \/>\n<meta property=\"article:published_time\" content=\"2019-01-16T12:58:35+00:00\" \/>\n<meta property=\"article:modified_time\" content=\"2020-01-13T15:44:53+00:00\" \/>\n<meta property=\"og:image\" content=\"https:\/\/crta.rs\/wp-content\/uploads\/2019\/06\/sdi-image.png\" \/>\n\t<meta property=\"og:image:width\" content=\"773\" \/>\n\t<meta property=\"og:image:height\" content=\"358\" \/>\n\t<meta property=\"og:image:type\" content=\"image\/png\" \/>\n<meta name=\"author\" content=\"milica\" \/>\n<meta name=\"twitter:card\" content=\"summary_large_image\" \/>\n<meta name=\"twitter:label1\" content=\"Written by\" \/>\n\t<meta name=\"twitter:data1\" content=\"milica\" \/>\n\t<meta name=\"twitter:label2\" content=\"Est. reading time\" \/>\n\t<meta name=\"twitter:data2\" content=\"1 minute\" \/>\n<script type=\"application\/ld+json\" class=\"yoast-schema-graph\">{\"@context\":\"https:\\\/\\\/schema.org\",\"@graph\":[{\"@type\":\"Article\",\"@id\":\"https:\\\/\\\/crta.rs\\\/en\\\/the-assembly-has-not-yet-initiated-the-procedure-of-selection-of-the-new-commissioner\\\/#article\",\"isPartOf\":{\"@id\":\"https:\\\/\\\/crta.rs\\\/en\\\/the-assembly-has-not-yet-initiated-the-procedure-of-selection-of-the-new-commissioner\\\/\"},\"author\":{\"name\":\"milica\",\"@id\":\"https:\\\/\\\/crta.rs\\\/en\\\/#\\\/schema\\\/person\\\/0cc37dbc4cb7d35b32379de6f98e1c7f\"},\"headline\":\"The Assembly has not yet initiated the procedure of selection of the new Commissioner\",\"datePublished\":\"2019-01-16T12:58:35+00:00\",\"dateModified\":\"2020-01-13T15:44:53+00:00\",\"mainEntityOfPage\":{\"@id\":\"https:\\\/\\\/crta.rs\\\/en\\\/the-assembly-has-not-yet-initiated-the-procedure-of-selection-of-the-new-commissioner\\\/\"},\"wordCount\":305,\"commentCount\":0,\"image\":{\"@id\":\"https:\\\/\\\/crta.rs\\\/en\\\/the-assembly-has-not-yet-initiated-the-procedure-of-selection-of-the-new-commissioner\\\/#primaryimage\"},\"thumbnailUrl\":\"https:\\\/\\\/crta.rs\\\/wp-content\\\/uploads\\\/2019\\\/06\\\/sdi-image.png\",\"articleSection\":[\"Latest\"],\"inLanguage\":\"en-US\",\"potentialAction\":[{\"@type\":\"CommentAction\",\"name\":\"Comment\",\"target\":[\"https:\\\/\\\/crta.rs\\\/en\\\/the-assembly-has-not-yet-initiated-the-procedure-of-selection-of-the-new-commissioner\\\/#respond\"]}]},{\"@type\":\"WebPage\",\"@id\":\"https:\\\/\\\/crta.rs\\\/en\\\/the-assembly-has-not-yet-initiated-the-procedure-of-selection-of-the-new-commissioner\\\/\",\"url\":\"https:\\\/\\\/crta.rs\\\/en\\\/the-assembly-has-not-yet-initiated-the-procedure-of-selection-of-the-new-commissioner\\\/\",\"name\":\"The Assembly has not yet initiated the procedure of selection of the new Commissioner - CRTA\",\"isPartOf\":{\"@id\":\"https:\\\/\\\/crta.rs\\\/en\\\/#website\"},\"primaryImageOfPage\":{\"@id\":\"https:\\\/\\\/crta.rs\\\/en\\\/the-assembly-has-not-yet-initiated-the-procedure-of-selection-of-the-new-commissioner\\\/#primaryimage\"},\"image\":{\"@id\":\"https:\\\/\\\/crta.rs\\\/en\\\/the-assembly-has-not-yet-initiated-the-procedure-of-selection-of-the-new-commissioner\\\/#primaryimage\"},\"thumbnailUrl\":\"https:\\\/\\\/crta.rs\\\/wp-content\\\/uploads\\\/2019\\\/06\\\/sdi-image.png\",\"datePublished\":\"2019-01-16T12:58:35+00:00\",\"dateModified\":\"2020-01-13T15:44:53+00:00\",\"author\":{\"@id\":\"https:\\\/\\\/crta.rs\\\/en\\\/#\\\/schema\\\/person\\\/0cc37dbc4cb7d35b32379de6f98e1c7f\"},\"breadcrumb\":{\"@id\":\"https:\\\/\\\/crta.rs\\\/en\\\/the-assembly-has-not-yet-initiated-the-procedure-of-selection-of-the-new-commissioner\\\/#breadcrumb\"},\"inLanguage\":\"en-US\",\"potentialAction\":[{\"@type\":\"ReadAction\",\"target\":[\"https:\\\/\\\/crta.rs\\\/en\\\/the-assembly-has-not-yet-initiated-the-procedure-of-selection-of-the-new-commissioner\\\/\"]}]},{\"@type\":\"ImageObject\",\"inLanguage\":\"en-US\",\"@id\":\"https:\\\/\\\/crta.rs\\\/en\\\/the-assembly-has-not-yet-initiated-the-procedure-of-selection-of-the-new-commissioner\\\/#primaryimage\",\"url\":\"https:\\\/\\\/crta.rs\\\/wp-content\\\/uploads\\\/2019\\\/06\\\/sdi-image.png\",\"contentUrl\":\"https:\\\/\\\/crta.rs\\\/wp-content\\\/uploads\\\/2019\\\/06\\\/sdi-image.png\",\"width\":773,\"height\":358},{\"@type\":\"BreadcrumbList\",\"@id\":\"https:\\\/\\\/crta.rs\\\/en\\\/the-assembly-has-not-yet-initiated-the-procedure-of-selection-of-the-new-commissioner\\\/#breadcrumb\",\"itemListElement\":[{\"@type\":\"ListItem\",\"position\":1,\"name\":\"Home\",\"item\":\"https:\\\/\\\/crta.rs\\\/en\\\/\"},{\"@type\":\"ListItem\",\"position\":2,\"name\":\"government\",\"item\":\"https:\\\/\\\/crta.rs\\\/en\\\/tag\\\/government\\\/\"},{\"@type\":\"ListItem\",\"position\":3,\"name\":\"The Assembly has not yet initiated the procedure of selection of the new Commissioner\"}]},{\"@type\":\"WebSite\",\"@id\":\"https:\\\/\\\/crta.rs\\\/en\\\/#website\",\"url\":\"https:\\\/\\\/crta.rs\\\/en\\\/\",\"name\":\"CRTA\",\"description\":\"Mi smo grupa aktivista i novinara koja zajedno sa gra\u0111anima uti\u010de na pove\u0107anje odgovornosti institucija i javnih funkcionera kroz pra\u0107enje i kontrolu njihovog rada.\",\"potentialAction\":[{\"@type\":\"SearchAction\",\"target\":{\"@type\":\"EntryPoint\",\"urlTemplate\":\"https:\\\/\\\/crta.rs\\\/en\\\/?s={search_term_string}\"},\"query-input\":{\"@type\":\"PropertyValueSpecification\",\"valueRequired\":true,\"valueName\":\"search_term_string\"}}],\"inLanguage\":\"en-US\"},{\"@type\":\"Person\",\"@id\":\"https:\\\/\\\/crta.rs\\\/en\\\/#\\\/schema\\\/person\\\/0cc37dbc4cb7d35b32379de6f98e1c7f\",\"name\":\"milica\",\"url\":\"https:\\\/\\\/crta.rs\\\/en\\\/author\\\/milica\\\/\"}]}<\/script>\n<!-- \/ Yoast SEO plugin. -->","yoast_head_json":{"title":"The Assembly has not yet initiated the procedure of selection of the new Commissioner - CRTA","robots":{"index":"index","follow":"follow","max-snippet":"max-snippet:-1","max-image-preview":"max-image-preview:large","max-video-preview":"max-video-preview:-1"},"canonical":"https:\/\/crta.rs\/en\/the-assembly-has-not-yet-initiated-the-procedure-of-selection-of-the-new-commissioner\/","og_locale":"en_US","og_type":"article","og_title":"The Assembly has not yet initiated the procedure of selection of the new Commissioner - CRTA","og_description":"The Committee for Culture and Information has not yet initiated the procedure of selection of the new Commissioner for Information of Public Importance and Personal Data Protection and has not received any proposals for the selection of the Commissioner, was stated in the response issued by the National Assembly upon request submitted by YUCOM.","og_url":"https:\/\/crta.rs\/en\/the-assembly-has-not-yet-initiated-the-procedure-of-selection-of-the-new-commissioner\/","og_site_name":"CRTA","article_publisher":"https:\/\/www.facebook.com\/CRTArs\/","article_published_time":"2019-01-16T12:58:35+00:00","article_modified_time":"2020-01-13T15:44:53+00:00","og_image":[{"width":773,"height":358,"url":"https:\/\/crta.rs\/wp-content\/uploads\/2019\/06\/sdi-image.png","type":"image\/png"}],"author":"milica","twitter_card":"summary_large_image","twitter_misc":{"Written by":"milica","Est. reading time":"1 minute"},"schema":{"@context":"https:\/\/schema.org","@graph":[{"@type":"Article","@id":"https:\/\/crta.rs\/en\/the-assembly-has-not-yet-initiated-the-procedure-of-selection-of-the-new-commissioner\/#article","isPartOf":{"@id":"https:\/\/crta.rs\/en\/the-assembly-has-not-yet-initiated-the-procedure-of-selection-of-the-new-commissioner\/"},"author":{"name":"milica","@id":"https:\/\/crta.rs\/en\/#\/schema\/person\/0cc37dbc4cb7d35b32379de6f98e1c7f"},"headline":"The Assembly has not yet initiated the procedure of selection of the new Commissioner","datePublished":"2019-01-16T12:58:35+00:00","dateModified":"2020-01-13T15:44:53+00:00","mainEntityOfPage":{"@id":"https:\/\/crta.rs\/en\/the-assembly-has-not-yet-initiated-the-procedure-of-selection-of-the-new-commissioner\/"},"wordCount":305,"commentCount":0,"image":{"@id":"https:\/\/crta.rs\/en\/the-assembly-has-not-yet-initiated-the-procedure-of-selection-of-the-new-commissioner\/#primaryimage"},"thumbnailUrl":"https:\/\/crta.rs\/wp-content\/uploads\/2019\/06\/sdi-image.png","articleSection":["Latest"],"inLanguage":"en-US","potentialAction":[{"@type":"CommentAction","name":"Comment","target":["https:\/\/crta.rs\/en\/the-assembly-has-not-yet-initiated-the-procedure-of-selection-of-the-new-commissioner\/#respond"]}]},{"@type":"WebPage","@id":"https:\/\/crta.rs\/en\/the-assembly-has-not-yet-initiated-the-procedure-of-selection-of-the-new-commissioner\/","url":"https:\/\/crta.rs\/en\/the-assembly-has-not-yet-initiated-the-procedure-of-selection-of-the-new-commissioner\/","name":"The Assembly has not yet initiated the procedure of selection of the new Commissioner - CRTA","isPartOf":{"@id":"https:\/\/crta.rs\/en\/#website"},"primaryImageOfPage":{"@id":"https:\/\/crta.rs\/en\/the-assembly-has-not-yet-initiated-the-procedure-of-selection-of-the-new-commissioner\/#primaryimage"},"image":{"@id":"https:\/\/crta.rs\/en\/the-assembly-has-not-yet-initiated-the-procedure-of-selection-of-the-new-commissioner\/#primaryimage"},"thumbnailUrl":"https:\/\/crta.rs\/wp-content\/uploads\/2019\/06\/sdi-image.png","datePublished":"2019-01-16T12:58:35+00:00","dateModified":"2020-01-13T15:44:53+00:00","author":{"@id":"https:\/\/crta.rs\/en\/#\/schema\/person\/0cc37dbc4cb7d35b32379de6f98e1c7f"},"breadcrumb":{"@id":"https:\/\/crta.rs\/en\/the-assembly-has-not-yet-initiated-the-procedure-of-selection-of-the-new-commissioner\/#breadcrumb"},"inLanguage":"en-US","potentialAction":[{"@type":"ReadAction","target":["https:\/\/crta.rs\/en\/the-assembly-has-not-yet-initiated-the-procedure-of-selection-of-the-new-commissioner\/"]}]},{"@type":"ImageObject","inLanguage":"en-US","@id":"https:\/\/crta.rs\/en\/the-assembly-has-not-yet-initiated-the-procedure-of-selection-of-the-new-commissioner\/#primaryimage","url":"https:\/\/crta.rs\/wp-content\/uploads\/2019\/06\/sdi-image.png","contentUrl":"https:\/\/crta.rs\/wp-content\/uploads\/2019\/06\/sdi-image.png","width":773,"height":358},{"@type":"BreadcrumbList","@id":"https:\/\/crta.rs\/en\/the-assembly-has-not-yet-initiated-the-procedure-of-selection-of-the-new-commissioner\/#breadcrumb","itemListElement":[{"@type":"ListItem","position":1,"name":"Home","item":"https:\/\/crta.rs\/en\/"},{"@type":"ListItem","position":2,"name":"government","item":"https:\/\/crta.rs\/en\/tag\/government\/"},{"@type":"ListItem","position":3,"name":"The Assembly has not yet initiated the procedure of selection of the new Commissioner"}]},{"@type":"WebSite","@id":"https:\/\/crta.rs\/en\/#website","url":"https:\/\/crta.rs\/en\/","name":"CRTA","description":"Mi smo grupa aktivista i novinara koja zajedno sa gra\u0111anima uti\u010de na pove\u0107anje odgovornosti institucija i javnih funkcionera kroz pra\u0107enje i kontrolu njihovog rada.","potentialAction":[{"@type":"SearchAction","target":{"@type":"EntryPoint","urlTemplate":"https:\/\/crta.rs\/en\/?s={search_term_string}"},"query-input":{"@type":"PropertyValueSpecification","valueRequired":true,"valueName":"search_term_string"}}],"inLanguage":"en-US"},{"@type":"Person","@id":"https:\/\/crta.rs\/en\/#\/schema\/person\/0cc37dbc4cb7d35b32379de6f98e1c7f","name":"milica","url":"https:\/\/crta.rs\/en\/author\/milica\/"}]}},"_links":{"self":[{"href":"https:\/\/crta.rs\/en\/wp-json\/wp\/v2\/posts\/6865","targetHints":{"allow":["GET"]}}],"collection":[{"href":"https:\/\/crta.rs\/en\/wp-json\/wp\/v2\/posts"}],"about":[{"href":"https:\/\/crta.rs\/en\/wp-json\/wp\/v2\/types\/post"}],"author":[{"embeddable":true,"href":"https:\/\/crta.rs\/en\/wp-json\/wp\/v2\/users\/3"}],"replies":[{"embeddable":true,"href":"https:\/\/crta.rs\/en\/wp-json\/wp\/v2\/comments?post=6865"}],"version-history":[{"count":1,"href":"https:\/\/crta.rs\/en\/wp-json\/wp\/v2\/posts\/6865\/revisions"}],"predecessor-version":[{"id":19034,"href":"https:\/\/crta.rs\/en\/wp-json\/wp\/v2\/posts\/6865\/revisions\/19034"}],"wp:featuredmedia":[{"embeddable":true,"href":"https:\/\/crta.rs\/en\/wp-json\/wp\/v2\/media\/6866"}],"wp:attachment":[{"href":"https:\/\/crta.rs\/en\/wp-json\/wp\/v2\/media?parent=6865"}],"wp:term":[{"taxonomy":"category","embeddable":true,"href":"https:\/\/crta.rs\/en\/wp-json\/wp\/v2\/categories?post=6865"},{"taxonomy":"post_tag","embeddable":true,"href":"https:\/\/crta.rs\/en\/wp-json\/wp\/v2\/tags?post=6865"}],"curies":[{"name":"wp","href":"https:\/\/api.w.org\/{rel}","templated":true}]}}