{"id":6862,"date":"2018-12-13T12:01:05","date_gmt":"2018-12-13T12:01:05","guid":{"rendered":"https:\/\/crta.rs\/?p=6862"},"modified":"2020-02-05T14:53:20","modified_gmt":"2020-02-05T13:53:20","slug":"public-officials-are-campaigning-for-local-elections","status":"publish","type":"post","link":"https:\/\/crta.rs\/en\/public-officials-are-campaigning-for-local-elections\/","title":{"rendered":"Public officials are campaigning for local elections"},"content":{"rendered":"<p>The electoral atmosphere in the municipalities of Lu\u010dani, Kula, Kladovo and Doljevac, where local elections shall be held on Sunday, are characterised primarily by public officials\u2019 campaigning. In all four municipalities, an intense presence of public officials was noted &#8211; from ministers to directors of services and public companies &#8211; accompanied by the abuse of public resources. These are the main findings of the CRTA observation mission whose observers monitor the election campaign on the spot.<\/p>\n<p>\u201c<em>Although these are local elections, the campaign has in these four municipalities taken on characteristics of national elections. In the last month, ministers and public officials visited more than 20 times all four municipalities. More than one half of visits was recorded in Lu\u010dani\u201d,\u00a0<\/em>stated Ra\u0161a Nedeljkov, the head of the CRTA observation mission.<\/p>\n<p>The campaign is running without concrete programmes or messages from electoral actors. Ruling parties\u2019 lists rely on public authorities\u2019 results achieved in the previous period, thereat blurring the line between the institutions and the party. The opposition block in Lu\u010dani relies on the negative campaign against the Serbian Progressive Party and their coalition partners.<\/p>\n<p>The election campaign is marked by an atmosphere of threats and pressures on voters and electoral actors in all municipalities. Pressures and threats, however, are most pronounced in the municipality of Lu\u010dani. Two incidents have been recorded \u2013 burning of banners and an assault on a female activist of the Serbian Progressive Party, about which the public was informed through the Serbian Progressive Party announcement. The CRTA observation mission was unable to find other data about these incidents. The only source was this party\u2019s release.<\/p>\n<p><em>\u201cInstead of recording improvements of the election process between election cycles, we testify of the fact that there are no advancements whatsoever. Local electoral lists do not offer concrete programmes. Instead, renowned public officials, who are at the same time members of ruling political parties, conduct local campaigns, while the opposition messages come down to simple attacks on the ruling parties. <\/em><em>It is important that all election actors be accountable and that they refrain from creating an atmosphere of fear<\/em><em>,<\/em>\u201c assessed Ra\u0161a Nedeljkov.<\/p>\n<p>During the campaign, the municipality organised or participated in humanitarian actions (such as free medical examinations, free concerts and other cultural events), but there were indications that these were actually activities aiming to promote the ruling parties.<\/p>\n<p>So far in the campaign, the CRTA observation mission has not recorded any major deviations in the conduct of preparatory actions for the holding of elections by the local election administration.<\/p>\n<p><em>You can read the complete report about the campaign on this <\/em><em>\u00a0<\/em><a href=\"https:\/\/crta.rs\/wp-content\/uploads\/2018\/12\/Izve%C5%A1taj-o-kampanji-Lokalni-izbori-2018.pdf\"><em>link.<\/em><\/a><\/p>\n<p>&nbsp;<\/p>\n","protected":false},"excerpt":{"rendered":"<p>The electoral atmosphere in the municipalities of Lu\u010dani, Kula, Kladovo and Doljevac, where local elections shall be held on Sunday, are characterised primarily by public officials\u2019 campaigning. In all four municipalities, an intense presence of public officials was noted &#8211; from ministers to directors of services and public companies &#8211; accompanied by the abuse of public resources. These are the main findings of the CRTA observation mission whose observers monitor the election campaign on the spot.<\/p>\n","protected":false},"author":3,"featured_media":21027,"comment_status":"closed","ping_status":"closed","sticky":false,"template":"","format":"standard","meta":{"_acf_changed":false,"footnotes":"","_links_to":"","_links_to_target":""},"categories":[218,681],"tags":[],"class_list":["post-6862","post","type-post","status-publish","format-standard","has-post-thumbnail","hentry","category-latest-en","category-news","ciTrackContent"],"acf":[],"yoast_head":"<!-- This site is optimized with the Yoast SEO plugin v27.4 - https:\/\/yoast.com\/product\/yoast-seo-wordpress\/ -->\n<title>Public officials are campaigning for local elections - CRTA<\/title>\n<meta name=\"robots\" content=\"index, follow, max-snippet:-1, max-image-preview:large, max-video-preview:-1\" \/>\n<link rel=\"canonical\" href=\"https:\/\/crta.rs\/en\/public-officials-are-campaigning-for-local-elections\/\" \/>\n<meta property=\"og:locale\" content=\"en_US\" \/>\n<meta property=\"og:type\" content=\"article\" \/>\n<meta property=\"og:title\" content=\"Public officials are campaigning for local elections - CRTA\" \/>\n<meta property=\"og:description\" content=\"The electoral atmosphere in the municipalities of Lu\u010dani, Kula, Kladovo and Doljevac, where local elections shall be held on Sunday, are characterised primarily by public officials\u2019 campaigning. In all four municipalities, an intense presence of public officials was noted - from ministers to directors of services and public companies - accompanied by the abuse of public resources. These are the main findings of the CRTA observation mission whose observers monitor the election campaign on the spot.\" \/>\n<meta property=\"og:url\" content=\"https:\/\/crta.rs\/en\/public-officials-are-campaigning-for-local-elections\/\" \/>\n<meta property=\"og:site_name\" content=\"CRTA\" \/>\n<meta property=\"article:publisher\" content=\"https:\/\/www.facebook.com\/CRTArs\/\" \/>\n<meta property=\"article:published_time\" content=\"2018-12-13T12:01:05+00:00\" \/>\n<meta property=\"article:modified_time\" content=\"2020-02-05T13:53:20+00:00\" \/>\n<meta property=\"og:image\" content=\"https:\/\/crta.rs\/wp-content\/uploads\/2019\/03\/CRTA-logo-1.png\" \/>\n\t<meta property=\"og:image:width\" content=\"576\" \/>\n\t<meta property=\"og:image:height\" content=\"383\" \/>\n\t<meta property=\"og:image:type\" content=\"image\/png\" \/>\n<meta name=\"author\" content=\"milica\" \/>\n<meta name=\"twitter:card\" content=\"summary_large_image\" \/>\n<meta name=\"twitter:label1\" content=\"Written by\" \/>\n\t<meta name=\"twitter:data1\" content=\"milica\" \/>\n\t<meta name=\"twitter:label2\" content=\"Est. reading time\" \/>\n\t<meta name=\"twitter:data2\" content=\"2 minutes\" \/>\n<script type=\"application\/ld+json\" class=\"yoast-schema-graph\">{\"@context\":\"https:\\\/\\\/schema.org\",\"@graph\":[{\"@type\":\"Article\",\"@id\":\"https:\\\/\\\/crta.rs\\\/en\\\/public-officials-are-campaigning-for-local-elections\\\/#article\",\"isPartOf\":{\"@id\":\"https:\\\/\\\/crta.rs\\\/en\\\/public-officials-are-campaigning-for-local-elections\\\/\"},\"author\":{\"name\":\"milica\",\"@id\":\"https:\\\/\\\/crta.rs\\\/en\\\/#\\\/schema\\\/person\\\/0cc37dbc4cb7d35b32379de6f98e1c7f\"},\"headline\":\"Public officials are campaigning for local elections\",\"datePublished\":\"2018-12-13T12:01:05+00:00\",\"dateModified\":\"2020-02-05T13:53:20+00:00\",\"mainEntityOfPage\":{\"@id\":\"https:\\\/\\\/crta.rs\\\/en\\\/public-officials-are-campaigning-for-local-elections\\\/\"},\"wordCount\":445,\"image\":{\"@id\":\"https:\\\/\\\/crta.rs\\\/en\\\/public-officials-are-campaigning-for-local-elections\\\/#primaryimage\"},\"thumbnailUrl\":\"https:\\\/\\\/crta.rs\\\/wp-content\\\/uploads\\\/2019\\\/03\\\/CRTA-logo-1.png\",\"articleSection\":[\"Latest\",\"News\"],\"inLanguage\":\"en-US\"},{\"@type\":\"WebPage\",\"@id\":\"https:\\\/\\\/crta.rs\\\/en\\\/public-officials-are-campaigning-for-local-elections\\\/\",\"url\":\"https:\\\/\\\/crta.rs\\\/en\\\/public-officials-are-campaigning-for-local-elections\\\/\",\"name\":\"Public officials are campaigning for local elections - CRTA\",\"isPartOf\":{\"@id\":\"https:\\\/\\\/crta.rs\\\/en\\\/#website\"},\"primaryImageOfPage\":{\"@id\":\"https:\\\/\\\/crta.rs\\\/en\\\/public-officials-are-campaigning-for-local-elections\\\/#primaryimage\"},\"image\":{\"@id\":\"https:\\\/\\\/crta.rs\\\/en\\\/public-officials-are-campaigning-for-local-elections\\\/#primaryimage\"},\"thumbnailUrl\":\"https:\\\/\\\/crta.rs\\\/wp-content\\\/uploads\\\/2019\\\/03\\\/CRTA-logo-1.png\",\"datePublished\":\"2018-12-13T12:01:05+00:00\",\"dateModified\":\"2020-02-05T13:53:20+00:00\",\"author\":{\"@id\":\"https:\\\/\\\/crta.rs\\\/en\\\/#\\\/schema\\\/person\\\/0cc37dbc4cb7d35b32379de6f98e1c7f\"},\"breadcrumb\":{\"@id\":\"https:\\\/\\\/crta.rs\\\/en\\\/public-officials-are-campaigning-for-local-elections\\\/#breadcrumb\"},\"inLanguage\":\"en-US\",\"potentialAction\":[{\"@type\":\"ReadAction\",\"target\":[\"https:\\\/\\\/crta.rs\\\/en\\\/public-officials-are-campaigning-for-local-elections\\\/\"]}]},{\"@type\":\"ImageObject\",\"inLanguage\":\"en-US\",\"@id\":\"https:\\\/\\\/crta.rs\\\/en\\\/public-officials-are-campaigning-for-local-elections\\\/#primaryimage\",\"url\":\"https:\\\/\\\/crta.rs\\\/wp-content\\\/uploads\\\/2019\\\/03\\\/CRTA-logo-1.png\",\"contentUrl\":\"https:\\\/\\\/crta.rs\\\/wp-content\\\/uploads\\\/2019\\\/03\\\/CRTA-logo-1.png\",\"width\":576,\"height\":383},{\"@type\":\"BreadcrumbList\",\"@id\":\"https:\\\/\\\/crta.rs\\\/en\\\/public-officials-are-campaigning-for-local-elections\\\/#breadcrumb\",\"itemListElement\":[{\"@type\":\"ListItem\",\"position\":1,\"name\":\"Home\",\"item\":\"https:\\\/\\\/crta.rs\\\/en\\\/\"},{\"@type\":\"ListItem\",\"position\":2,\"name\":\"government\",\"item\":\"https:\\\/\\\/crta.rs\\\/en\\\/tag\\\/government\\\/\"},{\"@type\":\"ListItem\",\"position\":3,\"name\":\"Public officials are campaigning for local elections\"}]},{\"@type\":\"WebSite\",\"@id\":\"https:\\\/\\\/crta.rs\\\/en\\\/#website\",\"url\":\"https:\\\/\\\/crta.rs\\\/en\\\/\",\"name\":\"CRTA\",\"description\":\"Mi smo grupa aktivista i novinara koja zajedno sa gra\u0111anima uti\u010de na pove\u0107anje odgovornosti institucija i javnih funkcionera kroz pra\u0107enje i kontrolu njihovog rada.\",\"potentialAction\":[{\"@type\":\"SearchAction\",\"target\":{\"@type\":\"EntryPoint\",\"urlTemplate\":\"https:\\\/\\\/crta.rs\\\/en\\\/?s={search_term_string}\"},\"query-input\":{\"@type\":\"PropertyValueSpecification\",\"valueRequired\":true,\"valueName\":\"search_term_string\"}}],\"inLanguage\":\"en-US\"},{\"@type\":\"Person\",\"@id\":\"https:\\\/\\\/crta.rs\\\/en\\\/#\\\/schema\\\/person\\\/0cc37dbc4cb7d35b32379de6f98e1c7f\",\"name\":\"milica\",\"url\":\"https:\\\/\\\/crta.rs\\\/en\\\/author\\\/milica\\\/\"}]}<\/script>\n<!-- \/ Yoast SEO plugin. -->","yoast_head_json":{"title":"Public officials are campaigning for local elections - CRTA","robots":{"index":"index","follow":"follow","max-snippet":"max-snippet:-1","max-image-preview":"max-image-preview:large","max-video-preview":"max-video-preview:-1"},"canonical":"https:\/\/crta.rs\/en\/public-officials-are-campaigning-for-local-elections\/","og_locale":"en_US","og_type":"article","og_title":"Public officials are campaigning for local elections - CRTA","og_description":"The electoral atmosphere in the municipalities of Lu\u010dani, Kula, Kladovo and Doljevac, where local elections shall be held on Sunday, are characterised primarily by public officials\u2019 campaigning. In all four municipalities, an intense presence of public officials was noted - from ministers to directors of services and public companies - accompanied by the abuse of public resources. These are the main findings of the CRTA observation mission whose observers monitor the election campaign on the spot.","og_url":"https:\/\/crta.rs\/en\/public-officials-are-campaigning-for-local-elections\/","og_site_name":"CRTA","article_publisher":"https:\/\/www.facebook.com\/CRTArs\/","article_published_time":"2018-12-13T12:01:05+00:00","article_modified_time":"2020-02-05T13:53:20+00:00","og_image":[{"width":576,"height":383,"url":"https:\/\/crta.rs\/wp-content\/uploads\/2019\/03\/CRTA-logo-1.png","type":"image\/png"}],"author":"milica","twitter_card":"summary_large_image","twitter_misc":{"Written by":"milica","Est. reading time":"2 minutes"},"schema":{"@context":"https:\/\/schema.org","@graph":[{"@type":"Article","@id":"https:\/\/crta.rs\/en\/public-officials-are-campaigning-for-local-elections\/#article","isPartOf":{"@id":"https:\/\/crta.rs\/en\/public-officials-are-campaigning-for-local-elections\/"},"author":{"name":"milica","@id":"https:\/\/crta.rs\/en\/#\/schema\/person\/0cc37dbc4cb7d35b32379de6f98e1c7f"},"headline":"Public officials are campaigning for local elections","datePublished":"2018-12-13T12:01:05+00:00","dateModified":"2020-02-05T13:53:20+00:00","mainEntityOfPage":{"@id":"https:\/\/crta.rs\/en\/public-officials-are-campaigning-for-local-elections\/"},"wordCount":445,"image":{"@id":"https:\/\/crta.rs\/en\/public-officials-are-campaigning-for-local-elections\/#primaryimage"},"thumbnailUrl":"https:\/\/crta.rs\/wp-content\/uploads\/2019\/03\/CRTA-logo-1.png","articleSection":["Latest","News"],"inLanguage":"en-US"},{"@type":"WebPage","@id":"https:\/\/crta.rs\/en\/public-officials-are-campaigning-for-local-elections\/","url":"https:\/\/crta.rs\/en\/public-officials-are-campaigning-for-local-elections\/","name":"Public officials are campaigning for local elections - CRTA","isPartOf":{"@id":"https:\/\/crta.rs\/en\/#website"},"primaryImageOfPage":{"@id":"https:\/\/crta.rs\/en\/public-officials-are-campaigning-for-local-elections\/#primaryimage"},"image":{"@id":"https:\/\/crta.rs\/en\/public-officials-are-campaigning-for-local-elections\/#primaryimage"},"thumbnailUrl":"https:\/\/crta.rs\/wp-content\/uploads\/2019\/03\/CRTA-logo-1.png","datePublished":"2018-12-13T12:01:05+00:00","dateModified":"2020-02-05T13:53:20+00:00","author":{"@id":"https:\/\/crta.rs\/en\/#\/schema\/person\/0cc37dbc4cb7d35b32379de6f98e1c7f"},"breadcrumb":{"@id":"https:\/\/crta.rs\/en\/public-officials-are-campaigning-for-local-elections\/#breadcrumb"},"inLanguage":"en-US","potentialAction":[{"@type":"ReadAction","target":["https:\/\/crta.rs\/en\/public-officials-are-campaigning-for-local-elections\/"]}]},{"@type":"ImageObject","inLanguage":"en-US","@id":"https:\/\/crta.rs\/en\/public-officials-are-campaigning-for-local-elections\/#primaryimage","url":"https:\/\/crta.rs\/wp-content\/uploads\/2019\/03\/CRTA-logo-1.png","contentUrl":"https:\/\/crta.rs\/wp-content\/uploads\/2019\/03\/CRTA-logo-1.png","width":576,"height":383},{"@type":"BreadcrumbList","@id":"https:\/\/crta.rs\/en\/public-officials-are-campaigning-for-local-elections\/#breadcrumb","itemListElement":[{"@type":"ListItem","position":1,"name":"Home","item":"https:\/\/crta.rs\/en\/"},{"@type":"ListItem","position":2,"name":"government","item":"https:\/\/crta.rs\/en\/tag\/government\/"},{"@type":"ListItem","position":3,"name":"Public officials are campaigning for local elections"}]},{"@type":"WebSite","@id":"https:\/\/crta.rs\/en\/#website","url":"https:\/\/crta.rs\/en\/","name":"CRTA","description":"Mi smo grupa aktivista i novinara koja zajedno sa gra\u0111anima uti\u010de na pove\u0107anje odgovornosti institucija i javnih funkcionera kroz pra\u0107enje i kontrolu njihovog rada.","potentialAction":[{"@type":"SearchAction","target":{"@type":"EntryPoint","urlTemplate":"https:\/\/crta.rs\/en\/?s={search_term_string}"},"query-input":{"@type":"PropertyValueSpecification","valueRequired":true,"valueName":"search_term_string"}}],"inLanguage":"en-US"},{"@type":"Person","@id":"https:\/\/crta.rs\/en\/#\/schema\/person\/0cc37dbc4cb7d35b32379de6f98e1c7f","name":"milica","url":"https:\/\/crta.rs\/en\/author\/milica\/"}]}},"_links":{"self":[{"href":"https:\/\/crta.rs\/en\/wp-json\/wp\/v2\/posts\/6862","targetHints":{"allow":["GET"]}}],"collection":[{"href":"https:\/\/crta.rs\/en\/wp-json\/wp\/v2\/posts"}],"about":[{"href":"https:\/\/crta.rs\/en\/wp-json\/wp\/v2\/types\/post"}],"author":[{"embeddable":true,"href":"https:\/\/crta.rs\/en\/wp-json\/wp\/v2\/users\/3"}],"replies":[{"embeddable":true,"href":"https:\/\/crta.rs\/en\/wp-json\/wp\/v2\/comments?post=6862"}],"version-history":[{"count":1,"href":"https:\/\/crta.rs\/en\/wp-json\/wp\/v2\/posts\/6862\/revisions"}],"predecessor-version":[{"id":19043,"href":"https:\/\/crta.rs\/en\/wp-json\/wp\/v2\/posts\/6862\/revisions\/19043"}],"wp:featuredmedia":[{"embeddable":true,"href":"https:\/\/crta.rs\/en\/wp-json\/wp\/v2\/media\/21027"}],"wp:attachment":[{"href":"https:\/\/crta.rs\/en\/wp-json\/wp\/v2\/media?parent=6862"}],"wp:term":[{"taxonomy":"category","embeddable":true,"href":"https:\/\/crta.rs\/en\/wp-json\/wp\/v2\/categories?post=6862"},{"taxonomy":"post_tag","embeddable":true,"href":"https:\/\/crta.rs\/en\/wp-json\/wp\/v2\/tags?post=6862"}],"curies":[{"name":"wp","href":"https:\/\/api.w.org\/{rel}","templated":true}]}}