{"id":6746,"date":"2019-02-15T08:06:57","date_gmt":"2019-02-15T08:06:57","guid":{"rendered":"https:\/\/crta.rs\/?p=6746"},"modified":"2020-02-05T14:53:12","modified_gmt":"2020-02-05T13:53:12","slug":"crta-filed-criminal-charges-following-the-elections-in-lucani","status":"publish","type":"post","link":"https:\/\/crta.rs\/en\/crta-filed-criminal-charges-following-the-elections-in-lucani\/","title":{"rendered":"CRTA filed criminal charges following the elections in Lu\u010dani"},"content":{"rendered":"<p>The organisation CRTA filed criminal charges against accountable persons in 11 public authorities and companies from Novi Sad, Pan\u010devo, Vrbas, Vr\u0161ac, \u0160id and Ivanjica, the vehicles of which were present in Lu\u010dani during local elections held on December 18<sup>th<\/sup> 2018. The charges were filed to competent prosecutors\u2019 offices regarding the criminal offence against official duty \u2013 abuse of office of an accountable person pursuant to article 227 of the Criminal Code.<\/p>\n<p>The following public authorities and companies are concerned: District Heating Company (Toplana) Novi Sad, JKP Lisje, the City of Novi Sad, Public Utility Company Hygiene (\u010cisto\u0107a) Novi Sad, Public Company City Transport (Gradsko saobra\u0107ajno) Novi Sad, City Administration of Pan\u010devo, Public Utility Company Drugi oktobar Vr\u0161ac, Agricultural Expert Service (Poljoprivredna stru\u010dna slu\u017eba) Vrbas, Municipal Administration of the Municipality of \u0160id, Sports Association of the Municipality of \u0160id, Public Utility Company Ivanjica. As it was highly unlikely that activities of these companies and their vehicles were necessary on the Election Day in Lu\u010dani, there was a reasonable doubt that accountable persons abused public resources and inflicted material damages to these companies in an unknown amount.<\/p>\n<p><img loading=\"lazy\" decoding=\"async\" class=\"alignnone size-full wp-image-6748\" src=\"https:\/\/crta.rs\/wp-content\/uploads\/2019\/06\/NS-298-EJ.jpg\" alt=\"\" width=\"1600\" height=\"1200\" \/><\/p>\n<p>The CRTA election observation mission monitored local elections in the Municipality of Lu\u010dani in all 43 polling stations. The CRTA mobile teams monitored the atmosphere and the events outside polling stations and noted more than 200 vehicles with licence plates outside Lu\u010dani, as well as cars without licence plates. Vehicles were cruising around and stood for a while in front of nearly all polling stations, whereas unidentified persons in these vehicles communicated with voters and with polling station committees\u2019 members.<\/p>\n<p><img loading=\"lazy\" decoding=\"async\" class=\"alignnone size-full wp-image-6747\" src=\"https:\/\/crta.rs\/wp-content\/uploads\/2019\/06\/NS-018-BP.jpg\" alt=\"\" width=\"1200\" height=\"1600\" \/><\/p>\n<p>THE CRTA RECOMMENDATIONS FOR PREVENTION OF THE ABUSE OF PUBLIC RESOURCES IN THE CAMPAIGN<\/p>\n<ol>\n<li>Through amendments to the Anti-Corruption Agency Act, it is imperative to define more precisely the notion of public resources and adequate sanctions in cases of their abuse in the campaign.<\/li>\n<li>Through amendments to the Law on Public Companies, sanctions should be foreseen for political entities and accountable persons in public companies that use the property, activity, name and visual identity of a public company for political purposes.<\/li>\n<li>Through amendments to the Anti-Corruption Agency Act, forbid extraordinary attribution of budgetary and other public resources during the electoral campaign, as well as in the period of 30 days before and after the campaign.<\/li>\n<li>Through amendments to the Anti-Corruption Agency Act, it is necessary to forbid all public officials to participate in activities that might be abused for campaigning purposes.<\/li>\n<\/ol>\n<p><img loading=\"lazy\" decoding=\"async\" class=\"alignnone size-full wp-image-6749\" src=\"https:\/\/crta.rs\/wp-content\/uploads\/2019\/06\/PA-082-HZ.jpeg\" alt=\"\" width=\"1600\" height=\"1200\" \/><\/p>\n","protected":false},"excerpt":{"rendered":"<p>The organisation CRTA filed criminal charges against accountable persons in 11 public authorities and companies from Novi Sad, Pan\u010devo, Vrbas, Vr\u0161ac, \u0160id and Ivanjica, the vehicles of which were present in Lu\u010dani during local elections held on December 18th 2018. The charges were filed to competent prosecutors\u2019 offices regarding the criminal offence against official duty \u2013 abuse of office of an accountable person pursuant to article 227 of the Criminal Code.<\/p>\n","protected":false},"author":3,"featured_media":21027,"comment_status":"open","ping_status":"open","sticky":false,"template":"","format":"standard","meta":{"_acf_changed":false,"footnotes":"","_links_to":"","_links_to_target":""},"categories":[218],"tags":[164,510,168],"class_list":["post-6746","post","type-post","status-publish","format-standard","has-post-thumbnail","hentry","category-latest-en","tag-elections","tag-lucani-en","tag-observation-mission","ciTrackContent"],"acf":[],"yoast_head":"<!-- This site is optimized with the Yoast SEO plugin v27.4 - https:\/\/yoast.com\/product\/yoast-seo-wordpress\/ -->\n<title>CRTA filed criminal charges following the elections in Lu\u010dani - CRTA<\/title>\n<meta name=\"robots\" content=\"index, follow, max-snippet:-1, max-image-preview:large, max-video-preview:-1\" \/>\n<link rel=\"canonical\" href=\"https:\/\/crta.rs\/en\/crta-filed-criminal-charges-following-the-elections-in-lucani\/\" \/>\n<meta property=\"og:locale\" content=\"en_US\" \/>\n<meta property=\"og:type\" content=\"article\" \/>\n<meta property=\"og:title\" content=\"CRTA filed criminal charges following the elections in Lu\u010dani - CRTA\" \/>\n<meta property=\"og:description\" content=\"The organisation CRTA filed criminal charges against accountable persons in 11 public authorities and companies from Novi Sad, Pan\u010devo, Vrbas, Vr\u0161ac, \u0160id and Ivanjica, the vehicles of which were present in Lu\u010dani during local elections held on December 18th 2018. The charges were filed to competent prosecutors\u2019 offices regarding the criminal offence against official duty \u2013 abuse of office of an accountable person pursuant to article 227 of the Criminal Code.\" \/>\n<meta property=\"og:url\" content=\"https:\/\/crta.rs\/en\/crta-filed-criminal-charges-following-the-elections-in-lucani\/\" \/>\n<meta property=\"og:site_name\" content=\"CRTA\" \/>\n<meta property=\"article:publisher\" content=\"https:\/\/www.facebook.com\/CRTArs\/\" \/>\n<meta property=\"article:published_time\" content=\"2019-02-15T08:06:57+00:00\" \/>\n<meta property=\"article:modified_time\" content=\"2020-02-05T13:53:12+00:00\" \/>\n<meta property=\"og:image\" content=\"https:\/\/crta.rs\/wp-content\/uploads\/2019\/03\/CRTA-logo-1.png\" \/>\n\t<meta property=\"og:image:width\" content=\"576\" \/>\n\t<meta property=\"og:image:height\" content=\"383\" \/>\n\t<meta property=\"og:image:type\" content=\"image\/png\" \/>\n<meta name=\"author\" content=\"milica\" \/>\n<meta name=\"twitter:card\" content=\"summary_large_image\" \/>\n<meta name=\"twitter:label1\" content=\"Written by\" \/>\n\t<meta name=\"twitter:data1\" content=\"milica\" \/>\n\t<meta name=\"twitter:label2\" content=\"Est. reading time\" \/>\n\t<meta name=\"twitter:data2\" content=\"2 minutes\" \/>\n<script type=\"application\/ld+json\" class=\"yoast-schema-graph\">{\"@context\":\"https:\\\/\\\/schema.org\",\"@graph\":[{\"@type\":\"Article\",\"@id\":\"https:\\\/\\\/crta.rs\\\/en\\\/crta-filed-criminal-charges-following-the-elections-in-lucani\\\/#article\",\"isPartOf\":{\"@id\":\"https:\\\/\\\/crta.rs\\\/en\\\/crta-filed-criminal-charges-following-the-elections-in-lucani\\\/\"},\"author\":{\"name\":\"milica\",\"@id\":\"https:\\\/\\\/crta.rs\\\/en\\\/#\\\/schema\\\/person\\\/0cc37dbc4cb7d35b32379de6f98e1c7f\"},\"headline\":\"CRTA filed criminal charges following the elections in Lu\u010dani\",\"datePublished\":\"2019-02-15T08:06:57+00:00\",\"dateModified\":\"2020-02-05T13:53:12+00:00\",\"mainEntityOfPage\":{\"@id\":\"https:\\\/\\\/crta.rs\\\/en\\\/crta-filed-criminal-charges-following-the-elections-in-lucani\\\/\"},\"wordCount\":421,\"commentCount\":0,\"image\":{\"@id\":\"https:\\\/\\\/crta.rs\\\/en\\\/crta-filed-criminal-charges-following-the-elections-in-lucani\\\/#primaryimage\"},\"thumbnailUrl\":\"https:\\\/\\\/crta.rs\\\/wp-content\\\/uploads\\\/2019\\\/03\\\/CRTA-logo-1.png\",\"keywords\":[\"elections\",\"lucani\",\"observation mission\"],\"articleSection\":[\"Latest\"],\"inLanguage\":\"en-US\",\"potentialAction\":[{\"@type\":\"CommentAction\",\"name\":\"Comment\",\"target\":[\"https:\\\/\\\/crta.rs\\\/en\\\/crta-filed-criminal-charges-following-the-elections-in-lucani\\\/#respond\"]}]},{\"@type\":\"WebPage\",\"@id\":\"https:\\\/\\\/crta.rs\\\/en\\\/crta-filed-criminal-charges-following-the-elections-in-lucani\\\/\",\"url\":\"https:\\\/\\\/crta.rs\\\/en\\\/crta-filed-criminal-charges-following-the-elections-in-lucani\\\/\",\"name\":\"CRTA filed criminal charges following the elections in Lu\u010dani - CRTA\",\"isPartOf\":{\"@id\":\"https:\\\/\\\/crta.rs\\\/en\\\/#website\"},\"primaryImageOfPage\":{\"@id\":\"https:\\\/\\\/crta.rs\\\/en\\\/crta-filed-criminal-charges-following-the-elections-in-lucani\\\/#primaryimage\"},\"image\":{\"@id\":\"https:\\\/\\\/crta.rs\\\/en\\\/crta-filed-criminal-charges-following-the-elections-in-lucani\\\/#primaryimage\"},\"thumbnailUrl\":\"https:\\\/\\\/crta.rs\\\/wp-content\\\/uploads\\\/2019\\\/03\\\/CRTA-logo-1.png\",\"datePublished\":\"2019-02-15T08:06:57+00:00\",\"dateModified\":\"2020-02-05T13:53:12+00:00\",\"author\":{\"@id\":\"https:\\\/\\\/crta.rs\\\/en\\\/#\\\/schema\\\/person\\\/0cc37dbc4cb7d35b32379de6f98e1c7f\"},\"breadcrumb\":{\"@id\":\"https:\\\/\\\/crta.rs\\\/en\\\/crta-filed-criminal-charges-following-the-elections-in-lucani\\\/#breadcrumb\"},\"inLanguage\":\"en-US\",\"potentialAction\":[{\"@type\":\"ReadAction\",\"target\":[\"https:\\\/\\\/crta.rs\\\/en\\\/crta-filed-criminal-charges-following-the-elections-in-lucani\\\/\"]}]},{\"@type\":\"ImageObject\",\"inLanguage\":\"en-US\",\"@id\":\"https:\\\/\\\/crta.rs\\\/en\\\/crta-filed-criminal-charges-following-the-elections-in-lucani\\\/#primaryimage\",\"url\":\"https:\\\/\\\/crta.rs\\\/wp-content\\\/uploads\\\/2019\\\/03\\\/CRTA-logo-1.png\",\"contentUrl\":\"https:\\\/\\\/crta.rs\\\/wp-content\\\/uploads\\\/2019\\\/03\\\/CRTA-logo-1.png\",\"width\":576,\"height\":383},{\"@type\":\"BreadcrumbList\",\"@id\":\"https:\\\/\\\/crta.rs\\\/en\\\/crta-filed-criminal-charges-following-the-elections-in-lucani\\\/#breadcrumb\",\"itemListElement\":[{\"@type\":\"ListItem\",\"position\":1,\"name\":\"Home\",\"item\":\"https:\\\/\\\/crta.rs\\\/en\\\/\"},{\"@type\":\"ListItem\",\"position\":2,\"name\":\"government\",\"item\":\"https:\\\/\\\/crta.rs\\\/en\\\/tag\\\/government\\\/\"},{\"@type\":\"ListItem\",\"position\":3,\"name\":\"CRTA filed criminal charges following the elections in Lu\u010dani\"}]},{\"@type\":\"WebSite\",\"@id\":\"https:\\\/\\\/crta.rs\\\/en\\\/#website\",\"url\":\"https:\\\/\\\/crta.rs\\\/en\\\/\",\"name\":\"CRTA\",\"description\":\"Mi smo grupa aktivista i novinara koja zajedno sa gra\u0111anima uti\u010de na pove\u0107anje odgovornosti institucija i javnih funkcionera kroz pra\u0107enje i kontrolu njihovog rada.\",\"potentialAction\":[{\"@type\":\"SearchAction\",\"target\":{\"@type\":\"EntryPoint\",\"urlTemplate\":\"https:\\\/\\\/crta.rs\\\/en\\\/?s={search_term_string}\"},\"query-input\":{\"@type\":\"PropertyValueSpecification\",\"valueRequired\":true,\"valueName\":\"search_term_string\"}}],\"inLanguage\":\"en-US\"},{\"@type\":\"Person\",\"@id\":\"https:\\\/\\\/crta.rs\\\/en\\\/#\\\/schema\\\/person\\\/0cc37dbc4cb7d35b32379de6f98e1c7f\",\"name\":\"milica\",\"url\":\"https:\\\/\\\/crta.rs\\\/en\\\/author\\\/milica\\\/\"}]}<\/script>\n<!-- \/ Yoast SEO plugin. -->","yoast_head_json":{"title":"CRTA filed criminal charges following the elections in Lu\u010dani - CRTA","robots":{"index":"index","follow":"follow","max-snippet":"max-snippet:-1","max-image-preview":"max-image-preview:large","max-video-preview":"max-video-preview:-1"},"canonical":"https:\/\/crta.rs\/en\/crta-filed-criminal-charges-following-the-elections-in-lucani\/","og_locale":"en_US","og_type":"article","og_title":"CRTA filed criminal charges following the elections in Lu\u010dani - CRTA","og_description":"The organisation CRTA filed criminal charges against accountable persons in 11 public authorities and companies from Novi Sad, Pan\u010devo, Vrbas, Vr\u0161ac, \u0160id and Ivanjica, the vehicles of which were present in Lu\u010dani during local elections held on December 18th 2018. The charges were filed to competent prosecutors\u2019 offices regarding the criminal offence against official duty \u2013 abuse of office of an accountable person pursuant to article 227 of the Criminal Code.","og_url":"https:\/\/crta.rs\/en\/crta-filed-criminal-charges-following-the-elections-in-lucani\/","og_site_name":"CRTA","article_publisher":"https:\/\/www.facebook.com\/CRTArs\/","article_published_time":"2019-02-15T08:06:57+00:00","article_modified_time":"2020-02-05T13:53:12+00:00","og_image":[{"width":576,"height":383,"url":"https:\/\/crta.rs\/wp-content\/uploads\/2019\/03\/CRTA-logo-1.png","type":"image\/png"}],"author":"milica","twitter_card":"summary_large_image","twitter_misc":{"Written by":"milica","Est. reading time":"2 minutes"},"schema":{"@context":"https:\/\/schema.org","@graph":[{"@type":"Article","@id":"https:\/\/crta.rs\/en\/crta-filed-criminal-charges-following-the-elections-in-lucani\/#article","isPartOf":{"@id":"https:\/\/crta.rs\/en\/crta-filed-criminal-charges-following-the-elections-in-lucani\/"},"author":{"name":"milica","@id":"https:\/\/crta.rs\/en\/#\/schema\/person\/0cc37dbc4cb7d35b32379de6f98e1c7f"},"headline":"CRTA filed criminal charges following the elections in Lu\u010dani","datePublished":"2019-02-15T08:06:57+00:00","dateModified":"2020-02-05T13:53:12+00:00","mainEntityOfPage":{"@id":"https:\/\/crta.rs\/en\/crta-filed-criminal-charges-following-the-elections-in-lucani\/"},"wordCount":421,"commentCount":0,"image":{"@id":"https:\/\/crta.rs\/en\/crta-filed-criminal-charges-following-the-elections-in-lucani\/#primaryimage"},"thumbnailUrl":"https:\/\/crta.rs\/wp-content\/uploads\/2019\/03\/CRTA-logo-1.png","keywords":["elections","lucani","observation mission"],"articleSection":["Latest"],"inLanguage":"en-US","potentialAction":[{"@type":"CommentAction","name":"Comment","target":["https:\/\/crta.rs\/en\/crta-filed-criminal-charges-following-the-elections-in-lucani\/#respond"]}]},{"@type":"WebPage","@id":"https:\/\/crta.rs\/en\/crta-filed-criminal-charges-following-the-elections-in-lucani\/","url":"https:\/\/crta.rs\/en\/crta-filed-criminal-charges-following-the-elections-in-lucani\/","name":"CRTA filed criminal charges following the elections in Lu\u010dani - CRTA","isPartOf":{"@id":"https:\/\/crta.rs\/en\/#website"},"primaryImageOfPage":{"@id":"https:\/\/crta.rs\/en\/crta-filed-criminal-charges-following-the-elections-in-lucani\/#primaryimage"},"image":{"@id":"https:\/\/crta.rs\/en\/crta-filed-criminal-charges-following-the-elections-in-lucani\/#primaryimage"},"thumbnailUrl":"https:\/\/crta.rs\/wp-content\/uploads\/2019\/03\/CRTA-logo-1.png","datePublished":"2019-02-15T08:06:57+00:00","dateModified":"2020-02-05T13:53:12+00:00","author":{"@id":"https:\/\/crta.rs\/en\/#\/schema\/person\/0cc37dbc4cb7d35b32379de6f98e1c7f"},"breadcrumb":{"@id":"https:\/\/crta.rs\/en\/crta-filed-criminal-charges-following-the-elections-in-lucani\/#breadcrumb"},"inLanguage":"en-US","potentialAction":[{"@type":"ReadAction","target":["https:\/\/crta.rs\/en\/crta-filed-criminal-charges-following-the-elections-in-lucani\/"]}]},{"@type":"ImageObject","inLanguage":"en-US","@id":"https:\/\/crta.rs\/en\/crta-filed-criminal-charges-following-the-elections-in-lucani\/#primaryimage","url":"https:\/\/crta.rs\/wp-content\/uploads\/2019\/03\/CRTA-logo-1.png","contentUrl":"https:\/\/crta.rs\/wp-content\/uploads\/2019\/03\/CRTA-logo-1.png","width":576,"height":383},{"@type":"BreadcrumbList","@id":"https:\/\/crta.rs\/en\/crta-filed-criminal-charges-following-the-elections-in-lucani\/#breadcrumb","itemListElement":[{"@type":"ListItem","position":1,"name":"Home","item":"https:\/\/crta.rs\/en\/"},{"@type":"ListItem","position":2,"name":"government","item":"https:\/\/crta.rs\/en\/tag\/government\/"},{"@type":"ListItem","position":3,"name":"CRTA filed criminal charges following the elections in Lu\u010dani"}]},{"@type":"WebSite","@id":"https:\/\/crta.rs\/en\/#website","url":"https:\/\/crta.rs\/en\/","name":"CRTA","description":"Mi smo grupa aktivista i novinara koja zajedno sa gra\u0111anima uti\u010de na pove\u0107anje odgovornosti institucija i javnih funkcionera kroz pra\u0107enje i kontrolu njihovog rada.","potentialAction":[{"@type":"SearchAction","target":{"@type":"EntryPoint","urlTemplate":"https:\/\/crta.rs\/en\/?s={search_term_string}"},"query-input":{"@type":"PropertyValueSpecification","valueRequired":true,"valueName":"search_term_string"}}],"inLanguage":"en-US"},{"@type":"Person","@id":"https:\/\/crta.rs\/en\/#\/schema\/person\/0cc37dbc4cb7d35b32379de6f98e1c7f","name":"milica","url":"https:\/\/crta.rs\/en\/author\/milica\/"}]}},"_links":{"self":[{"href":"https:\/\/crta.rs\/en\/wp-json\/wp\/v2\/posts\/6746","targetHints":{"allow":["GET"]}}],"collection":[{"href":"https:\/\/crta.rs\/en\/wp-json\/wp\/v2\/posts"}],"about":[{"href":"https:\/\/crta.rs\/en\/wp-json\/wp\/v2\/types\/post"}],"author":[{"embeddable":true,"href":"https:\/\/crta.rs\/en\/wp-json\/wp\/v2\/users\/3"}],"replies":[{"embeddable":true,"href":"https:\/\/crta.rs\/en\/wp-json\/wp\/v2\/comments?post=6746"}],"version-history":[{"count":1,"href":"https:\/\/crta.rs\/en\/wp-json\/wp\/v2\/posts\/6746\/revisions"}],"predecessor-version":[{"id":19028,"href":"https:\/\/crta.rs\/en\/wp-json\/wp\/v2\/posts\/6746\/revisions\/19028"}],"wp:featuredmedia":[{"embeddable":true,"href":"https:\/\/crta.rs\/en\/wp-json\/wp\/v2\/media\/21027"}],"wp:attachment":[{"href":"https:\/\/crta.rs\/en\/wp-json\/wp\/v2\/media?parent=6746"}],"wp:term":[{"taxonomy":"category","embeddable":true,"href":"https:\/\/crta.rs\/en\/wp-json\/wp\/v2\/categories?post=6746"},{"taxonomy":"post_tag","embeddable":true,"href":"https:\/\/crta.rs\/en\/wp-json\/wp\/v2\/tags?post=6746"}],"curies":[{"name":"wp","href":"https:\/\/api.w.org\/{rel}","templated":true}]}}