{"id":6735,"date":"2019-05-11T07:45:32","date_gmt":"2019-05-11T07:45:32","guid":{"rendered":"https:\/\/crta.rs\/?p=6735"},"modified":"2020-02-18T11:18:15","modified_gmt":"2020-02-18T10:18:15","slug":"the-third-generation-of-the-academy-for-democracy-is-ready-for-dialogue-and-change","status":"publish","type":"post","link":"https:\/\/crta.rs\/en\/the-third-generation-of-the-academy-for-democracy-is-ready-for-dialogue-and-change\/","title":{"rendered":"The third generation of the Academy for Democracy is ready for dialogue and change"},"content":{"rendered":"<p>\u201cIt is necessary to open up institutions and leaders for potential dialogues with young people who are eager for change and advancements, while the growing apathy among future generations can be overcome by education and information\u201c, this is the conclusion of a panel discussion \u00a0<strong>\u201cTwo angles &#8211; is there a dialogue between us?\u201d<\/strong>\u00a0held during the final event and the diploma awarding ceremony to the\u00a0 third generation of students of the Academy for Democracy organised by the CRTA with the support of the OSCE Mission to Serbia.<\/p>\n<p>\u201cI am honoured to be part of this Academy for the third year in a row. In an environment where young people are separated from political processes, such an educational programme contributes to the emergence of future young leaders who will lead the country towards the rule of law and democratic values. I am particularly fond of the Academy because it has improved over these three years and have included different lecturers and topics. The contribution of this programme is extraordinary, because thanks to the knowledge and skills that can be gained, the new generations will be more willing to participate in the dialogue and development of democracy in Serbia.\u201d, said the <strong>ambassador Andrea Orizio, the Head of the OSCE Mission to Serbia.<\/strong><\/p>\n<div id=\"attachment_6444\" style=\"width: 1260px\" class=\"wp-caption alignnone\"><img loading=\"lazy\" decoding=\"async\" aria-describedby=\"caption-attachment-6444\" class=\"wp-image-6444 size-full\" src=\"https:\/\/crta.rs\/wp-content\/uploads\/2019\/05\/Akademija-demokratije-1.jpg\" alt=\"\" width=\"1250\" height=\"830\" \/><p id=\"caption-attachment-6444\" class=\"wp-caption-text\">Photo by: Zoran Drekalovic<\/p><\/div>\n<p><strong>The CRTA director, Vukosava Crnjanski, thanked the OSCE Mission in Serbia for its support during all the years and expressed her satisfaction with the participation of all participants of this year&#8217;s Academy.<\/strong><\/p>\n<p>\u201cDuring these eight months, you have shown a serious democratic maturity. I would like to thank all the participants of our Academy for having expressed confidence in the CRTA team and also to all of us who had the role of lecturers and had the opportunity to transfer a part of our experience in building of a democratic Serbia. You are our future and I hope that we have contributed to your energy to stay here and develop dialogue and democracy in Serbia. It is a great honour and pleasure to have all of you, young people, in such a democratic endeavour\u201c, said\u00a0<strong>Vukosava Crnjanski.<\/strong><\/p>\n<div id=\"attachment_6445\" style=\"width: 1260px\" class=\"wp-caption alignnone\"><img loading=\"lazy\" decoding=\"async\" aria-describedby=\"caption-attachment-6445\" class=\"wp-image-6445 size-full\" src=\"https:\/\/crta.rs\/wp-content\/uploads\/2019\/05\/Akademija-demokratije-2.jpg\" alt=\"\" width=\"1250\" height=\"830\" \/><p id=\"caption-attachment-6445\" class=\"wp-caption-text\">Photo by: Zoran Drekalovic<\/p><\/div>\n<p>Panellist,\u00a0<strong>Dejan Radenkovi\u0107, member of the parliament<\/strong>,\u00a0<strong>Gordana \u010comi\u0107, member of the parliament <\/strong>and this year\u2019s Academy participants<strong>\u00a0Katarina Seni\u0107 and Nikola Tamburkovski<\/strong>, agreed that it was devastating that our society despises dialogue, which is reflected not only at the political level, but also on intrapersonal relationships. The dialogue is supposed to be a voluntary process in spite of disagreements and confrontations. This is why listening and understanding are crucial for a productive dialogue.<\/p>\n<p><strong>\u00a0<\/strong>\u201cAs long as both actors are not open and determined to sit down and discuss topics and key issues for our society through dialogue, the latter cannot reach its full importance.\u00a0\u00a0 When it comes to future generations and their readiness to lead a society, my experience shows that it is getting harder for them as they are left to their own devices.\u201c<em> said<\/em><em>\u00a0<\/em><strong>Dejan Radenkovi\u0107.<\/strong>\u00a0\u00a0<strong>\u00a0<\/strong><\/p>\n<p><strong>\u201cIf you, as decision-makers and bearers of power, do not feel that it is necessary to consider whether something is moral and ethical, then you are not fit for this job<\/strong>. On should be well-studied and skilled enough to know what kind of consequences and effects a certain decision will engender. If you make a decision, you should reason it, because it can be life changing for citizens<strong>\u201c<\/strong><em>,\u00a0concluded<\/em>\u00a0<strong>Gordana \u010comi\u0107.<\/strong><\/p>\n<p>The Academy for Democracy is a one-year study programme intended for the representatives of the political youth, civil society and for young students and journalists. In the last three years, there have been more than 70 people who participated in this programme.<\/p>\n<div id=\"attachment_6447\" style=\"width: 1260px\" class=\"wp-caption alignnone\"><img loading=\"lazy\" decoding=\"async\" aria-describedby=\"caption-attachment-6447\" class=\"wp-image-6447 size-full\" src=\"https:\/\/crta.rs\/wp-content\/uploads\/2019\/05\/Akademija-demokratije-4.jpg\" alt=\"\" width=\"1250\" height=\"830\" \/><p id=\"caption-attachment-6447\" class=\"wp-caption-text\">Photo by: Zoran Drekalovic<\/p><\/div>\n<p>The entire panel discussion is available here.<\/p>\n<div class=\"fb-video\" data-href=\"https:\/\/www.facebook.com\/CRTArs\/videos\/2096739713957424\/\" data-width=\"auto\" data-show-text=\"false\">\n<blockquote class=\"fb-xfbml-parse-ignore\" cite=\"https:\/\/developers.facebook.com\/CRTArs\/videos\/2096739713957424\/\"><p>&nbsp;<\/p>\n<p>&nbsp;<\/p><\/blockquote>\n<\/div>\n","protected":false},"excerpt":{"rendered":"<p>\u201cIt is necessary to open up institutions and leaders for potential dialogues with young people who are eager for change and advancements, while the growing apathy among future generations can be overcome by education and information\u201c, this is the conclusion of a panel discussion \u00a0\u201cTwo angles &#8211; is there a dialogue between us?\u201d\u00a0held during the final event and the diploma awarding ceremony to the\u00a0 third generation of students of the Academy for Democracy organised by the CRTA with the support of the OSCE Mission to Serbia.<\/p>\n","protected":false},"author":3,"featured_media":20310,"comment_status":"open","ping_status":"open","sticky":false,"template":"","format":"standard","meta":{"_acf_changed":false,"footnotes":"","_links_to":"","_links_to_target":""},"categories":[218],"tags":[],"class_list":["post-6735","post","type-post","status-publish","format-standard","has-post-thumbnail","hentry","category-latest-en","ciTrackContent"],"acf":[],"yoast_head":"<!-- This site is optimized with the Yoast SEO plugin v27.4 - https:\/\/yoast.com\/product\/yoast-seo-wordpress\/ -->\n<title>The third generation of the Academy for Democracy is ready for dialogue and change - CRTA<\/title>\n<meta name=\"robots\" content=\"index, follow, max-snippet:-1, max-image-preview:large, max-video-preview:-1\" \/>\n<link rel=\"canonical\" href=\"https:\/\/crta.rs\/en\/the-third-generation-of-the-academy-for-democracy-is-ready-for-dialogue-and-change\/\" \/>\n<meta property=\"og:locale\" content=\"en_US\" \/>\n<meta property=\"og:type\" content=\"article\" \/>\n<meta property=\"og:title\" content=\"The third generation of the Academy for Democracy is ready for dialogue and change - CRTA\" \/>\n<meta property=\"og:description\" content=\"\u201cIt is necessary to open up institutions and leaders for potential dialogues with young people who are eager for change and advancements, while the growing apathy among future generations can be overcome by education and information\u201c, this is the conclusion of a panel discussion \u00a0\u201cTwo angles - is there a dialogue between us?\u201d\u00a0held during the final event and the diploma awarding ceremony to the\u00a0 third generation of students of the Academy for Democracy organised by the CRTA with the support of the OSCE Mission to Serbia.\" \/>\n<meta property=\"og:url\" content=\"https:\/\/crta.rs\/en\/the-third-generation-of-the-academy-for-democracy-is-ready-for-dialogue-and-change\/\" \/>\n<meta property=\"og:site_name\" content=\"CRTA\" \/>\n<meta property=\"article:publisher\" content=\"https:\/\/www.facebook.com\/CRTArs\/\" \/>\n<meta property=\"article:published_time\" content=\"2019-05-11T07:45:32+00:00\" \/>\n<meta property=\"article:modified_time\" content=\"2020-02-18T10:18:15+00:00\" \/>\n<meta property=\"og:image\" content=\"https:\/\/crta.rs\/wp-content\/uploads\/2019\/05\/ad.jpg\" \/>\n\t<meta property=\"og:image:width\" content=\"1240\" \/>\n\t<meta property=\"og:image:height\" content=\"741\" \/>\n\t<meta property=\"og:image:type\" content=\"image\/jpeg\" \/>\n<meta name=\"author\" content=\"milica\" \/>\n<meta name=\"twitter:card\" content=\"summary_large_image\" \/>\n<meta name=\"twitter:label1\" content=\"Written by\" \/>\n\t<meta name=\"twitter:data1\" content=\"milica\" \/>\n\t<meta name=\"twitter:label2\" content=\"Est. reading time\" \/>\n\t<meta name=\"twitter:data2\" content=\"3 minutes\" \/>\n<script type=\"application\/ld+json\" class=\"yoast-schema-graph\">{\"@context\":\"https:\\\/\\\/schema.org\",\"@graph\":[{\"@type\":\"Article\",\"@id\":\"https:\\\/\\\/crta.rs\\\/en\\\/the-third-generation-of-the-academy-for-democracy-is-ready-for-dialogue-and-change\\\/#article\",\"isPartOf\":{\"@id\":\"https:\\\/\\\/crta.rs\\\/en\\\/the-third-generation-of-the-academy-for-democracy-is-ready-for-dialogue-and-change\\\/\"},\"author\":{\"name\":\"milica\",\"@id\":\"https:\\\/\\\/crta.rs\\\/en\\\/#\\\/schema\\\/person\\\/0cc37dbc4cb7d35b32379de6f98e1c7f\"},\"headline\":\"The third generation of the Academy for Democracy is ready for dialogue and change\",\"datePublished\":\"2019-05-11T07:45:32+00:00\",\"dateModified\":\"2020-02-18T10:18:15+00:00\",\"mainEntityOfPage\":{\"@id\":\"https:\\\/\\\/crta.rs\\\/en\\\/the-third-generation-of-the-academy-for-democracy-is-ready-for-dialogue-and-change\\\/\"},\"wordCount\":656,\"commentCount\":0,\"image\":{\"@id\":\"https:\\\/\\\/crta.rs\\\/en\\\/the-third-generation-of-the-academy-for-democracy-is-ready-for-dialogue-and-change\\\/#primaryimage\"},\"thumbnailUrl\":\"https:\\\/\\\/crta.rs\\\/wp-content\\\/uploads\\\/2019\\\/05\\\/ad.jpg\",\"articleSection\":[\"Latest\"],\"inLanguage\":\"en-US\",\"potentialAction\":[{\"@type\":\"CommentAction\",\"name\":\"Comment\",\"target\":[\"https:\\\/\\\/crta.rs\\\/en\\\/the-third-generation-of-the-academy-for-democracy-is-ready-for-dialogue-and-change\\\/#respond\"]}]},{\"@type\":\"WebPage\",\"@id\":\"https:\\\/\\\/crta.rs\\\/en\\\/the-third-generation-of-the-academy-for-democracy-is-ready-for-dialogue-and-change\\\/\",\"url\":\"https:\\\/\\\/crta.rs\\\/en\\\/the-third-generation-of-the-academy-for-democracy-is-ready-for-dialogue-and-change\\\/\",\"name\":\"The third generation of the Academy for Democracy is ready for dialogue and change - CRTA\",\"isPartOf\":{\"@id\":\"https:\\\/\\\/crta.rs\\\/en\\\/#website\"},\"primaryImageOfPage\":{\"@id\":\"https:\\\/\\\/crta.rs\\\/en\\\/the-third-generation-of-the-academy-for-democracy-is-ready-for-dialogue-and-change\\\/#primaryimage\"},\"image\":{\"@id\":\"https:\\\/\\\/crta.rs\\\/en\\\/the-third-generation-of-the-academy-for-democracy-is-ready-for-dialogue-and-change\\\/#primaryimage\"},\"thumbnailUrl\":\"https:\\\/\\\/crta.rs\\\/wp-content\\\/uploads\\\/2019\\\/05\\\/ad.jpg\",\"datePublished\":\"2019-05-11T07:45:32+00:00\",\"dateModified\":\"2020-02-18T10:18:15+00:00\",\"author\":{\"@id\":\"https:\\\/\\\/crta.rs\\\/en\\\/#\\\/schema\\\/person\\\/0cc37dbc4cb7d35b32379de6f98e1c7f\"},\"breadcrumb\":{\"@id\":\"https:\\\/\\\/crta.rs\\\/en\\\/the-third-generation-of-the-academy-for-democracy-is-ready-for-dialogue-and-change\\\/#breadcrumb\"},\"inLanguage\":\"en-US\",\"potentialAction\":[{\"@type\":\"ReadAction\",\"target\":[\"https:\\\/\\\/crta.rs\\\/en\\\/the-third-generation-of-the-academy-for-democracy-is-ready-for-dialogue-and-change\\\/\"]}]},{\"@type\":\"ImageObject\",\"inLanguage\":\"en-US\",\"@id\":\"https:\\\/\\\/crta.rs\\\/en\\\/the-third-generation-of-the-academy-for-democracy-is-ready-for-dialogue-and-change\\\/#primaryimage\",\"url\":\"https:\\\/\\\/crta.rs\\\/wp-content\\\/uploads\\\/2019\\\/05\\\/ad.jpg\",\"contentUrl\":\"https:\\\/\\\/crta.rs\\\/wp-content\\\/uploads\\\/2019\\\/05\\\/ad.jpg\",\"width\":1240,\"height\":741,\"caption\":\"Photo by: Zoran Drekalovic\"},{\"@type\":\"BreadcrumbList\",\"@id\":\"https:\\\/\\\/crta.rs\\\/en\\\/the-third-generation-of-the-academy-for-democracy-is-ready-for-dialogue-and-change\\\/#breadcrumb\",\"itemListElement\":[{\"@type\":\"ListItem\",\"position\":1,\"name\":\"Home\",\"item\":\"https:\\\/\\\/crta.rs\\\/en\\\/\"},{\"@type\":\"ListItem\",\"position\":2,\"name\":\"government\",\"item\":\"https:\\\/\\\/crta.rs\\\/en\\\/tag\\\/government\\\/\"},{\"@type\":\"ListItem\",\"position\":3,\"name\":\"The third generation of the Academy for Democracy is ready for dialogue and change\"}]},{\"@type\":\"WebSite\",\"@id\":\"https:\\\/\\\/crta.rs\\\/en\\\/#website\",\"url\":\"https:\\\/\\\/crta.rs\\\/en\\\/\",\"name\":\"CRTA\",\"description\":\"Mi smo grupa aktivista i novinara koja zajedno sa gra\u0111anima uti\u010de na pove\u0107anje odgovornosti institucija i javnih funkcionera kroz pra\u0107enje i kontrolu njihovog rada.\",\"potentialAction\":[{\"@type\":\"SearchAction\",\"target\":{\"@type\":\"EntryPoint\",\"urlTemplate\":\"https:\\\/\\\/crta.rs\\\/en\\\/?s={search_term_string}\"},\"query-input\":{\"@type\":\"PropertyValueSpecification\",\"valueRequired\":true,\"valueName\":\"search_term_string\"}}],\"inLanguage\":\"en-US\"},{\"@type\":\"Person\",\"@id\":\"https:\\\/\\\/crta.rs\\\/en\\\/#\\\/schema\\\/person\\\/0cc37dbc4cb7d35b32379de6f98e1c7f\",\"name\":\"milica\",\"url\":\"https:\\\/\\\/crta.rs\\\/en\\\/author\\\/milica\\\/\"}]}<\/script>\n<!-- \/ Yoast SEO plugin. -->","yoast_head_json":{"title":"The third generation of the Academy for Democracy is ready for dialogue and change - CRTA","robots":{"index":"index","follow":"follow","max-snippet":"max-snippet:-1","max-image-preview":"max-image-preview:large","max-video-preview":"max-video-preview:-1"},"canonical":"https:\/\/crta.rs\/en\/the-third-generation-of-the-academy-for-democracy-is-ready-for-dialogue-and-change\/","og_locale":"en_US","og_type":"article","og_title":"The third generation of the Academy for Democracy is ready for dialogue and change - CRTA","og_description":"\u201cIt is necessary to open up institutions and leaders for potential dialogues with young people who are eager for change and advancements, while the growing apathy among future generations can be overcome by education and information\u201c, this is the conclusion of a panel discussion \u00a0\u201cTwo angles - is there a dialogue between us?\u201d\u00a0held during the final event and the diploma awarding ceremony to the\u00a0 third generation of students of the Academy for Democracy organised by the CRTA with the support of the OSCE Mission to Serbia.","og_url":"https:\/\/crta.rs\/en\/the-third-generation-of-the-academy-for-democracy-is-ready-for-dialogue-and-change\/","og_site_name":"CRTA","article_publisher":"https:\/\/www.facebook.com\/CRTArs\/","article_published_time":"2019-05-11T07:45:32+00:00","article_modified_time":"2020-02-18T10:18:15+00:00","og_image":[{"width":1240,"height":741,"url":"https:\/\/crta.rs\/wp-content\/uploads\/2019\/05\/ad.jpg","type":"image\/jpeg"}],"author":"milica","twitter_card":"summary_large_image","twitter_misc":{"Written by":"milica","Est. reading time":"3 minutes"},"schema":{"@context":"https:\/\/schema.org","@graph":[{"@type":"Article","@id":"https:\/\/crta.rs\/en\/the-third-generation-of-the-academy-for-democracy-is-ready-for-dialogue-and-change\/#article","isPartOf":{"@id":"https:\/\/crta.rs\/en\/the-third-generation-of-the-academy-for-democracy-is-ready-for-dialogue-and-change\/"},"author":{"name":"milica","@id":"https:\/\/crta.rs\/en\/#\/schema\/person\/0cc37dbc4cb7d35b32379de6f98e1c7f"},"headline":"The third generation of the Academy for Democracy is ready for dialogue and change","datePublished":"2019-05-11T07:45:32+00:00","dateModified":"2020-02-18T10:18:15+00:00","mainEntityOfPage":{"@id":"https:\/\/crta.rs\/en\/the-third-generation-of-the-academy-for-democracy-is-ready-for-dialogue-and-change\/"},"wordCount":656,"commentCount":0,"image":{"@id":"https:\/\/crta.rs\/en\/the-third-generation-of-the-academy-for-democracy-is-ready-for-dialogue-and-change\/#primaryimage"},"thumbnailUrl":"https:\/\/crta.rs\/wp-content\/uploads\/2019\/05\/ad.jpg","articleSection":["Latest"],"inLanguage":"en-US","potentialAction":[{"@type":"CommentAction","name":"Comment","target":["https:\/\/crta.rs\/en\/the-third-generation-of-the-academy-for-democracy-is-ready-for-dialogue-and-change\/#respond"]}]},{"@type":"WebPage","@id":"https:\/\/crta.rs\/en\/the-third-generation-of-the-academy-for-democracy-is-ready-for-dialogue-and-change\/","url":"https:\/\/crta.rs\/en\/the-third-generation-of-the-academy-for-democracy-is-ready-for-dialogue-and-change\/","name":"The third generation of the Academy for Democracy is ready for dialogue and change - CRTA","isPartOf":{"@id":"https:\/\/crta.rs\/en\/#website"},"primaryImageOfPage":{"@id":"https:\/\/crta.rs\/en\/the-third-generation-of-the-academy-for-democracy-is-ready-for-dialogue-and-change\/#primaryimage"},"image":{"@id":"https:\/\/crta.rs\/en\/the-third-generation-of-the-academy-for-democracy-is-ready-for-dialogue-and-change\/#primaryimage"},"thumbnailUrl":"https:\/\/crta.rs\/wp-content\/uploads\/2019\/05\/ad.jpg","datePublished":"2019-05-11T07:45:32+00:00","dateModified":"2020-02-18T10:18:15+00:00","author":{"@id":"https:\/\/crta.rs\/en\/#\/schema\/person\/0cc37dbc4cb7d35b32379de6f98e1c7f"},"breadcrumb":{"@id":"https:\/\/crta.rs\/en\/the-third-generation-of-the-academy-for-democracy-is-ready-for-dialogue-and-change\/#breadcrumb"},"inLanguage":"en-US","potentialAction":[{"@type":"ReadAction","target":["https:\/\/crta.rs\/en\/the-third-generation-of-the-academy-for-democracy-is-ready-for-dialogue-and-change\/"]}]},{"@type":"ImageObject","inLanguage":"en-US","@id":"https:\/\/crta.rs\/en\/the-third-generation-of-the-academy-for-democracy-is-ready-for-dialogue-and-change\/#primaryimage","url":"https:\/\/crta.rs\/wp-content\/uploads\/2019\/05\/ad.jpg","contentUrl":"https:\/\/crta.rs\/wp-content\/uploads\/2019\/05\/ad.jpg","width":1240,"height":741,"caption":"Photo by: Zoran Drekalovic"},{"@type":"BreadcrumbList","@id":"https:\/\/crta.rs\/en\/the-third-generation-of-the-academy-for-democracy-is-ready-for-dialogue-and-change\/#breadcrumb","itemListElement":[{"@type":"ListItem","position":1,"name":"Home","item":"https:\/\/crta.rs\/en\/"},{"@type":"ListItem","position":2,"name":"government","item":"https:\/\/crta.rs\/en\/tag\/government\/"},{"@type":"ListItem","position":3,"name":"The third generation of the Academy for Democracy is ready for dialogue and change"}]},{"@type":"WebSite","@id":"https:\/\/crta.rs\/en\/#website","url":"https:\/\/crta.rs\/en\/","name":"CRTA","description":"Mi smo grupa aktivista i novinara koja zajedno sa gra\u0111anima uti\u010de na pove\u0107anje odgovornosti institucija i javnih funkcionera kroz pra\u0107enje i kontrolu njihovog rada.","potentialAction":[{"@type":"SearchAction","target":{"@type":"EntryPoint","urlTemplate":"https:\/\/crta.rs\/en\/?s={search_term_string}"},"query-input":{"@type":"PropertyValueSpecification","valueRequired":true,"valueName":"search_term_string"}}],"inLanguage":"en-US"},{"@type":"Person","@id":"https:\/\/crta.rs\/en\/#\/schema\/person\/0cc37dbc4cb7d35b32379de6f98e1c7f","name":"milica","url":"https:\/\/crta.rs\/en\/author\/milica\/"}]}},"_links":{"self":[{"href":"https:\/\/crta.rs\/en\/wp-json\/wp\/v2\/posts\/6735","targetHints":{"allow":["GET"]}}],"collection":[{"href":"https:\/\/crta.rs\/en\/wp-json\/wp\/v2\/posts"}],"about":[{"href":"https:\/\/crta.rs\/en\/wp-json\/wp\/v2\/types\/post"}],"author":[{"embeddable":true,"href":"https:\/\/crta.rs\/en\/wp-json\/wp\/v2\/users\/3"}],"replies":[{"embeddable":true,"href":"https:\/\/crta.rs\/en\/wp-json\/wp\/v2\/comments?post=6735"}],"version-history":[{"count":3,"href":"https:\/\/crta.rs\/en\/wp-json\/wp\/v2\/posts\/6735\/revisions"}],"predecessor-version":[{"id":21983,"href":"https:\/\/crta.rs\/en\/wp-json\/wp\/v2\/posts\/6735\/revisions\/21983"}],"wp:featuredmedia":[{"embeddable":true,"href":"https:\/\/crta.rs\/en\/wp-json\/wp\/v2\/media\/20310"}],"wp:attachment":[{"href":"https:\/\/crta.rs\/en\/wp-json\/wp\/v2\/media?parent=6735"}],"wp:term":[{"taxonomy":"category","embeddable":true,"href":"https:\/\/crta.rs\/en\/wp-json\/wp\/v2\/categories?post=6735"},{"taxonomy":"post_tag","embeddable":true,"href":"https:\/\/crta.rs\/en\/wp-json\/wp\/v2\/tags?post=6735"}],"curies":[{"name":"wp","href":"https:\/\/api.w.org\/{rel}","templated":true}]}}