{"id":5967,"date":"2019-03-23T17:47:03","date_gmt":"2019-03-23T17:47:03","guid":{"rendered":"https:\/\/crta.rs\/?p=5967"},"modified":"2020-07-22T17:44:35","modified_gmt":"2020-07-22T15:44:35","slug":"equality-of-all-participants-and-equal-media-representation","status":"publish","type":"post","link":"https:\/\/crta.rs\/en\/equality-of-all-participants-and-equal-media-representation\/","title":{"rendered":"Equality of all participants and equal media representation"},"content":{"rendered":"<p>Equality of participants in the election race depends not only on the unequal resources they have, which is the topic we addressed in the first part of recommendations for the improvement of the electoral conditions, but also on the institutional advantages that the election rules give to different participants, as well as the uneven coverage of candidates or representatives of the lists in media. Rules regulating the conduct of elections should guarantee equal conditions for all electoral contestants, including their equal representation in the media.<\/p>\n","protected":false},"excerpt":{"rendered":"<p>Equality of participants in the election race depends not only on the unequal resources they have, which is the topic we addressed in the first part of recommendations for the improvement of the electoral conditions, but also on the institutional advantages that the election rules give to different participants, as well as the uneven coverage of candidates or representatives of the lists in media. Rules regulating the conduct of elections should guarantee equal conditions for all electoral contestants, including their equal representation in the media.<\/p>\n","protected":false},"author":3,"featured_media":19717,"comment_status":"open","ping_status":"open","sticky":false,"template":"","format":"standard","meta":{"_acf_changed":false,"footnotes":"","_links_to":"","_links_to_target":""},"categories":[75],"tags":[164,105],"class_list":["post-5967","post","type-post","status-publish","format-standard","has-post-thumbnail","hentry","category-publication-en","tag-elections","tag-reports-and-analysis","ciTrackContent"],"acf":[],"yoast_head":"<!-- This site is optimized with the Yoast SEO plugin v27.4 - https:\/\/yoast.com\/product\/yoast-seo-wordpress\/ -->\n<title>Equality of all participants and equal media representation - CRTA<\/title>\n<meta name=\"robots\" content=\"index, follow, max-snippet:-1, max-image-preview:large, max-video-preview:-1\" \/>\n<link rel=\"canonical\" href=\"https:\/\/crta.rs\/en\/equality-of-all-participants-and-equal-media-representation\/\" \/>\n<meta property=\"og:locale\" content=\"en_US\" \/>\n<meta property=\"og:type\" content=\"article\" \/>\n<meta property=\"og:title\" content=\"Equality of all participants and equal media representation - CRTA\" \/>\n<meta property=\"og:description\" content=\"Equality of participants in the election race depends not only on the unequal resources they have, which is the topic we addressed in the first part of recommendations for the improvement of the electoral conditions, but also on the institutional advantages that the election rules give to different participants, as well as the uneven coverage of candidates or representatives of the lists in media. Rules regulating the conduct of elections should guarantee equal conditions for all electoral contestants, including their equal representation in the media.\" \/>\n<meta property=\"og:url\" content=\"https:\/\/crta.rs\/en\/equality-of-all-participants-and-equal-media-representation\/\" \/>\n<meta property=\"og:site_name\" content=\"CRTA\" \/>\n<meta property=\"article:publisher\" content=\"https:\/\/www.facebook.com\/CRTArs\/\" \/>\n<meta property=\"article:published_time\" content=\"2019-03-23T17:47:03+00:00\" \/>\n<meta property=\"article:modified_time\" content=\"2020-07-22T15:44:35+00:00\" \/>\n<meta property=\"og:image\" content=\"https:\/\/crta.rs\/wp-content\/uploads\/2019\/03\/euqal-media-representation.png\" \/>\n\t<meta property=\"og:image:width\" content=\"611\" \/>\n\t<meta property=\"og:image:height\" content=\"863\" \/>\n\t<meta property=\"og:image:type\" content=\"image\/png\" \/>\n<meta name=\"author\" content=\"milica\" \/>\n<meta name=\"twitter:card\" content=\"summary_large_image\" \/>\n<meta name=\"twitter:label1\" content=\"Written by\" \/>\n\t<meta name=\"twitter:data1\" content=\"milica\" \/>\n<script type=\"application\/ld+json\" class=\"yoast-schema-graph\">{\"@context\":\"https:\\\/\\\/schema.org\",\"@graph\":[{\"@type\":\"Article\",\"@id\":\"https:\\\/\\\/crta.rs\\\/en\\\/equality-of-all-participants-and-equal-media-representation\\\/#article\",\"isPartOf\":{\"@id\":\"https:\\\/\\\/crta.rs\\\/en\\\/equality-of-all-participants-and-equal-media-representation\\\/\"},\"author\":{\"name\":\"milica\",\"@id\":\"https:\\\/\\\/crta.rs\\\/en\\\/#\\\/schema\\\/person\\\/0cc37dbc4cb7d35b32379de6f98e1c7f\"},\"headline\":\"Equality of all participants and equal media representation\",\"datePublished\":\"2019-03-23T17:47:03+00:00\",\"dateModified\":\"2020-07-22T15:44:35+00:00\",\"mainEntityOfPage\":{\"@id\":\"https:\\\/\\\/crta.rs\\\/en\\\/equality-of-all-participants-and-equal-media-representation\\\/\"},\"wordCount\":93,\"commentCount\":0,\"image\":{\"@id\":\"https:\\\/\\\/crta.rs\\\/en\\\/equality-of-all-participants-and-equal-media-representation\\\/#primaryimage\"},\"thumbnailUrl\":\"https:\\\/\\\/crta.rs\\\/wp-content\\\/uploads\\\/2019\\\/03\\\/euqal-media-representation.png\",\"keywords\":[\"elections\",\"reports and analysis\"],\"articleSection\":[\"Publications\"],\"inLanguage\":\"en-US\",\"potentialAction\":[{\"@type\":\"CommentAction\",\"name\":\"Comment\",\"target\":[\"https:\\\/\\\/crta.rs\\\/en\\\/equality-of-all-participants-and-equal-media-representation\\\/#respond\"]}]},{\"@type\":\"WebPage\",\"@id\":\"https:\\\/\\\/crta.rs\\\/en\\\/equality-of-all-participants-and-equal-media-representation\\\/\",\"url\":\"https:\\\/\\\/crta.rs\\\/en\\\/equality-of-all-participants-and-equal-media-representation\\\/\",\"name\":\"Equality of all participants and equal media representation - CRTA\",\"isPartOf\":{\"@id\":\"https:\\\/\\\/crta.rs\\\/en\\\/#website\"},\"primaryImageOfPage\":{\"@id\":\"https:\\\/\\\/crta.rs\\\/en\\\/equality-of-all-participants-and-equal-media-representation\\\/#primaryimage\"},\"image\":{\"@id\":\"https:\\\/\\\/crta.rs\\\/en\\\/equality-of-all-participants-and-equal-media-representation\\\/#primaryimage\"},\"thumbnailUrl\":\"https:\\\/\\\/crta.rs\\\/wp-content\\\/uploads\\\/2019\\\/03\\\/euqal-media-representation.png\",\"datePublished\":\"2019-03-23T17:47:03+00:00\",\"dateModified\":\"2020-07-22T15:44:35+00:00\",\"author\":{\"@id\":\"https:\\\/\\\/crta.rs\\\/en\\\/#\\\/schema\\\/person\\\/0cc37dbc4cb7d35b32379de6f98e1c7f\"},\"breadcrumb\":{\"@id\":\"https:\\\/\\\/crta.rs\\\/en\\\/equality-of-all-participants-and-equal-media-representation\\\/#breadcrumb\"},\"inLanguage\":\"en-US\",\"potentialAction\":[{\"@type\":\"ReadAction\",\"target\":[\"https:\\\/\\\/crta.rs\\\/en\\\/equality-of-all-participants-and-equal-media-representation\\\/\"]}]},{\"@type\":\"ImageObject\",\"inLanguage\":\"en-US\",\"@id\":\"https:\\\/\\\/crta.rs\\\/en\\\/equality-of-all-participants-and-equal-media-representation\\\/#primaryimage\",\"url\":\"https:\\\/\\\/crta.rs\\\/wp-content\\\/uploads\\\/2019\\\/03\\\/euqal-media-representation.png\",\"contentUrl\":\"https:\\\/\\\/crta.rs\\\/wp-content\\\/uploads\\\/2019\\\/03\\\/euqal-media-representation.png\",\"width\":611,\"height\":863},{\"@type\":\"BreadcrumbList\",\"@id\":\"https:\\\/\\\/crta.rs\\\/en\\\/equality-of-all-participants-and-equal-media-representation\\\/#breadcrumb\",\"itemListElement\":[{\"@type\":\"ListItem\",\"position\":1,\"name\":\"Home\",\"item\":\"https:\\\/\\\/crta.rs\\\/en\\\/\"},{\"@type\":\"ListItem\",\"position\":2,\"name\":\"Publications\",\"item\":\"https:\\\/\\\/crta.rs\\\/en\\\/category\\\/publication-en\\\/\"},{\"@type\":\"ListItem\",\"position\":3,\"name\":\"Equality of all participants and equal media representation\"}]},{\"@type\":\"WebSite\",\"@id\":\"https:\\\/\\\/crta.rs\\\/en\\\/#website\",\"url\":\"https:\\\/\\\/crta.rs\\\/en\\\/\",\"name\":\"CRTA\",\"description\":\"Mi smo grupa aktivista i novinara koja zajedno sa gra\u0111anima uti\u010de na pove\u0107anje odgovornosti institucija i javnih funkcionera kroz pra\u0107enje i kontrolu njihovog rada.\",\"potentialAction\":[{\"@type\":\"SearchAction\",\"target\":{\"@type\":\"EntryPoint\",\"urlTemplate\":\"https:\\\/\\\/crta.rs\\\/en\\\/?s={search_term_string}\"},\"query-input\":{\"@type\":\"PropertyValueSpecification\",\"valueRequired\":true,\"valueName\":\"search_term_string\"}}],\"inLanguage\":\"en-US\"},{\"@type\":\"Person\",\"@id\":\"https:\\\/\\\/crta.rs\\\/en\\\/#\\\/schema\\\/person\\\/0cc37dbc4cb7d35b32379de6f98e1c7f\",\"name\":\"milica\",\"url\":\"https:\\\/\\\/crta.rs\\\/en\\\/author\\\/milica\\\/\"}]}<\/script>\n<!-- \/ Yoast SEO plugin. -->","yoast_head_json":{"title":"Equality of all participants and equal media representation - CRTA","robots":{"index":"index","follow":"follow","max-snippet":"max-snippet:-1","max-image-preview":"max-image-preview:large","max-video-preview":"max-video-preview:-1"},"canonical":"https:\/\/crta.rs\/en\/equality-of-all-participants-and-equal-media-representation\/","og_locale":"en_US","og_type":"article","og_title":"Equality of all participants and equal media representation - CRTA","og_description":"Equality of participants in the election race depends not only on the unequal resources they have, which is the topic we addressed in the first part of recommendations for the improvement of the electoral conditions, but also on the institutional advantages that the election rules give to different participants, as well as the uneven coverage of candidates or representatives of the lists in media. Rules regulating the conduct of elections should guarantee equal conditions for all electoral contestants, including their equal representation in the media.","og_url":"https:\/\/crta.rs\/en\/equality-of-all-participants-and-equal-media-representation\/","og_site_name":"CRTA","article_publisher":"https:\/\/www.facebook.com\/CRTArs\/","article_published_time":"2019-03-23T17:47:03+00:00","article_modified_time":"2020-07-22T15:44:35+00:00","og_image":[{"width":611,"height":863,"url":"https:\/\/crta.rs\/wp-content\/uploads\/2019\/03\/euqal-media-representation.png","type":"image\/png"}],"author":"milica","twitter_card":"summary_large_image","twitter_misc":{"Written by":"milica"},"schema":{"@context":"https:\/\/schema.org","@graph":[{"@type":"Article","@id":"https:\/\/crta.rs\/en\/equality-of-all-participants-and-equal-media-representation\/#article","isPartOf":{"@id":"https:\/\/crta.rs\/en\/equality-of-all-participants-and-equal-media-representation\/"},"author":{"name":"milica","@id":"https:\/\/crta.rs\/en\/#\/schema\/person\/0cc37dbc4cb7d35b32379de6f98e1c7f"},"headline":"Equality of all participants and equal media representation","datePublished":"2019-03-23T17:47:03+00:00","dateModified":"2020-07-22T15:44:35+00:00","mainEntityOfPage":{"@id":"https:\/\/crta.rs\/en\/equality-of-all-participants-and-equal-media-representation\/"},"wordCount":93,"commentCount":0,"image":{"@id":"https:\/\/crta.rs\/en\/equality-of-all-participants-and-equal-media-representation\/#primaryimage"},"thumbnailUrl":"https:\/\/crta.rs\/wp-content\/uploads\/2019\/03\/euqal-media-representation.png","keywords":["elections","reports and analysis"],"articleSection":["Publications"],"inLanguage":"en-US","potentialAction":[{"@type":"CommentAction","name":"Comment","target":["https:\/\/crta.rs\/en\/equality-of-all-participants-and-equal-media-representation\/#respond"]}]},{"@type":"WebPage","@id":"https:\/\/crta.rs\/en\/equality-of-all-participants-and-equal-media-representation\/","url":"https:\/\/crta.rs\/en\/equality-of-all-participants-and-equal-media-representation\/","name":"Equality of all participants and equal media representation - CRTA","isPartOf":{"@id":"https:\/\/crta.rs\/en\/#website"},"primaryImageOfPage":{"@id":"https:\/\/crta.rs\/en\/equality-of-all-participants-and-equal-media-representation\/#primaryimage"},"image":{"@id":"https:\/\/crta.rs\/en\/equality-of-all-participants-and-equal-media-representation\/#primaryimage"},"thumbnailUrl":"https:\/\/crta.rs\/wp-content\/uploads\/2019\/03\/euqal-media-representation.png","datePublished":"2019-03-23T17:47:03+00:00","dateModified":"2020-07-22T15:44:35+00:00","author":{"@id":"https:\/\/crta.rs\/en\/#\/schema\/person\/0cc37dbc4cb7d35b32379de6f98e1c7f"},"breadcrumb":{"@id":"https:\/\/crta.rs\/en\/equality-of-all-participants-and-equal-media-representation\/#breadcrumb"},"inLanguage":"en-US","potentialAction":[{"@type":"ReadAction","target":["https:\/\/crta.rs\/en\/equality-of-all-participants-and-equal-media-representation\/"]}]},{"@type":"ImageObject","inLanguage":"en-US","@id":"https:\/\/crta.rs\/en\/equality-of-all-participants-and-equal-media-representation\/#primaryimage","url":"https:\/\/crta.rs\/wp-content\/uploads\/2019\/03\/euqal-media-representation.png","contentUrl":"https:\/\/crta.rs\/wp-content\/uploads\/2019\/03\/euqal-media-representation.png","width":611,"height":863},{"@type":"BreadcrumbList","@id":"https:\/\/crta.rs\/en\/equality-of-all-participants-and-equal-media-representation\/#breadcrumb","itemListElement":[{"@type":"ListItem","position":1,"name":"Home","item":"https:\/\/crta.rs\/en\/"},{"@type":"ListItem","position":2,"name":"Publications","item":"https:\/\/crta.rs\/en\/category\/publication-en\/"},{"@type":"ListItem","position":3,"name":"Equality of all participants and equal media representation"}]},{"@type":"WebSite","@id":"https:\/\/crta.rs\/en\/#website","url":"https:\/\/crta.rs\/en\/","name":"CRTA","description":"Mi smo grupa aktivista i novinara koja zajedno sa gra\u0111anima uti\u010de na pove\u0107anje odgovornosti institucija i javnih funkcionera kroz pra\u0107enje i kontrolu njihovog rada.","potentialAction":[{"@type":"SearchAction","target":{"@type":"EntryPoint","urlTemplate":"https:\/\/crta.rs\/en\/?s={search_term_string}"},"query-input":{"@type":"PropertyValueSpecification","valueRequired":true,"valueName":"search_term_string"}}],"inLanguage":"en-US"},{"@type":"Person","@id":"https:\/\/crta.rs\/en\/#\/schema\/person\/0cc37dbc4cb7d35b32379de6f98e1c7f","name":"milica","url":"https:\/\/crta.rs\/en\/author\/milica\/"}]}},"_links":{"self":[{"href":"https:\/\/crta.rs\/en\/wp-json\/wp\/v2\/posts\/5967","targetHints":{"allow":["GET"]}}],"collection":[{"href":"https:\/\/crta.rs\/en\/wp-json\/wp\/v2\/posts"}],"about":[{"href":"https:\/\/crta.rs\/en\/wp-json\/wp\/v2\/types\/post"}],"author":[{"embeddable":true,"href":"https:\/\/crta.rs\/en\/wp-json\/wp\/v2\/users\/3"}],"replies":[{"embeddable":true,"href":"https:\/\/crta.rs\/en\/wp-json\/wp\/v2\/comments?post=5967"}],"version-history":[{"count":2,"href":"https:\/\/crta.rs\/en\/wp-json\/wp\/v2\/posts\/5967\/revisions"}],"predecessor-version":[{"id":19187,"href":"https:\/\/crta.rs\/en\/wp-json\/wp\/v2\/posts\/5967\/revisions\/19187"}],"wp:featuredmedia":[{"embeddable":true,"href":"https:\/\/crta.rs\/en\/wp-json\/wp\/v2\/media\/19717"}],"wp:attachment":[{"href":"https:\/\/crta.rs\/en\/wp-json\/wp\/v2\/media?parent=5967"}],"wp:term":[{"taxonomy":"category","embeddable":true,"href":"https:\/\/crta.rs\/en\/wp-json\/wp\/v2\/categories?post=5967"},{"taxonomy":"post_tag","embeddable":true,"href":"https:\/\/crta.rs\/en\/wp-json\/wp\/v2\/tags?post=5967"}],"curies":[{"name":"wp","href":"https:\/\/api.w.org\/{rel}","templated":true}]}}