{"id":5964,"date":"2019-03-23T17:45:37","date_gmt":"2019-03-23T17:45:37","guid":{"rendered":"https:\/\/crta.rs\/?p=5964"},"modified":"2020-01-14T13:10:33","modified_gmt":"2020-01-14T13:10:33","slug":"prevention-of-the-abuse-of-public-resources","status":"publish","type":"post","link":"https:\/\/crta.rs\/en\/prevention-of-the-abuse-of-public-resources\/","title":{"rendered":"Prevention of the Abuse of Public Resources"},"content":{"rendered":"<p>The prevention of the abuse of public resources in the electoral campaign is one of the most important fields when it comes to the improvement of the electoral process in Serbia. It is indispensable that the legislative framework and the practice in the Republic of Serbia harmonise with international standards and examples of good practice. It is necessary to prevent further abuse of taxpayers\u2019 money during the electoral processes on the one hand and to exclude the possibility of public officials\u2019 campaigning on the other, in order to ensure equality of all participants in the electoral race.<\/p>\n","protected":false},"excerpt":{"rendered":"<p>The prevention of the abuse of public resources in the electoral campaign is one of the most important fields when it comes to the improvement of the electoral process in Serbia. It is indispensable that the legislative framework and the practice in the Republic of Serbia harmonise with international standards and examples of good practice. It is necessary to prevent further abuse of taxpayers\u2019 money during the electoral processes on the one hand and to exclude the possibility of public officials\u2019 campaigning on the other, in order to ensure equality of all participants in the electoral race.<\/p>\n","protected":false},"author":3,"featured_media":5981,"comment_status":"closed","ping_status":"closed","sticky":false,"template":"","format":"standard","meta":{"_acf_changed":false,"footnotes":"","_links_to":"","_links_to_target":""},"categories":[75],"tags":[],"class_list":["post-5964","post","type-post","status-publish","format-standard","has-post-thumbnail","hentry","category-publication-en","ciTrackContent"],"acf":[],"yoast_head":"<!-- This site is optimized with the Yoast SEO plugin v27.4 - https:\/\/yoast.com\/product\/yoast-seo-wordpress\/ -->\n<title>Prevention of the Abuse of Public Resources - CRTA<\/title>\n<meta name=\"robots\" content=\"index, follow, max-snippet:-1, max-image-preview:large, max-video-preview:-1\" \/>\n<link rel=\"canonical\" href=\"https:\/\/crta.rs\/en\/prevention-of-the-abuse-of-public-resources\/\" \/>\n<meta property=\"og:locale\" content=\"en_US\" \/>\n<meta property=\"og:type\" content=\"article\" \/>\n<meta property=\"og:title\" content=\"Prevention of the Abuse of Public Resources - CRTA\" \/>\n<meta property=\"og:description\" content=\"The prevention of the abuse of public resources in the electoral campaign is one of the most important fields when it comes to the improvement of the electoral process in Serbia. It is indispensable that the legislative framework and the practice in the Republic of Serbia harmonise with international standards and examples of good practice. It is necessary to prevent further abuse of taxpayers\u2019 money during the electoral processes on the one hand and to exclude the possibility of public officials\u2019 campaigning on the other, in order to ensure equality of all participants in the electoral race.\" \/>\n<meta property=\"og:url\" content=\"https:\/\/crta.rs\/en\/prevention-of-the-abuse-of-public-resources\/\" \/>\n<meta property=\"og:site_name\" content=\"CRTA\" \/>\n<meta property=\"article:publisher\" content=\"https:\/\/www.facebook.com\/CRTArs\/\" \/>\n<meta property=\"article:published_time\" content=\"2019-03-23T17:45:37+00:00\" \/>\n<meta property=\"article:modified_time\" content=\"2020-01-14T13:10:33+00:00\" \/>\n<meta property=\"og:image\" content=\"https:\/\/crta.rs\/wp-content\/uploads\/2019\/03\/1.png\" \/>\n\t<meta property=\"og:image:width\" content=\"410\" \/>\n\t<meta property=\"og:image:height\" content=\"582\" \/>\n\t<meta property=\"og:image:type\" content=\"image\/png\" \/>\n<meta name=\"author\" content=\"milica\" \/>\n<meta name=\"twitter:card\" content=\"summary_large_image\" \/>\n<meta name=\"twitter:label1\" content=\"Written by\" \/>\n\t<meta name=\"twitter:data1\" content=\"milica\" \/>\n<script type=\"application\/ld+json\" class=\"yoast-schema-graph\">{\"@context\":\"https:\\\/\\\/schema.org\",\"@graph\":[{\"@type\":\"Article\",\"@id\":\"https:\\\/\\\/crta.rs\\\/en\\\/prevention-of-the-abuse-of-public-resources\\\/#article\",\"isPartOf\":{\"@id\":\"https:\\\/\\\/crta.rs\\\/en\\\/prevention-of-the-abuse-of-public-resources\\\/\"},\"author\":{\"name\":\"milica\",\"@id\":\"https:\\\/\\\/crta.rs\\\/en\\\/#\\\/schema\\\/person\\\/0cc37dbc4cb7d35b32379de6f98e1c7f\"},\"headline\":\"Prevention of the Abuse of Public Resources\",\"datePublished\":\"2019-03-23T17:45:37+00:00\",\"dateModified\":\"2020-01-14T13:10:33+00:00\",\"mainEntityOfPage\":{\"@id\":\"https:\\\/\\\/crta.rs\\\/en\\\/prevention-of-the-abuse-of-public-resources\\\/\"},\"wordCount\":104,\"image\":{\"@id\":\"https:\\\/\\\/crta.rs\\\/en\\\/prevention-of-the-abuse-of-public-resources\\\/#primaryimage\"},\"thumbnailUrl\":\"https:\\\/\\\/crta.rs\\\/wp-content\\\/uploads\\\/2019\\\/03\\\/1.png\",\"articleSection\":[\"Publications\"],\"inLanguage\":\"en-US\"},{\"@type\":\"WebPage\",\"@id\":\"https:\\\/\\\/crta.rs\\\/en\\\/prevention-of-the-abuse-of-public-resources\\\/\",\"url\":\"https:\\\/\\\/crta.rs\\\/en\\\/prevention-of-the-abuse-of-public-resources\\\/\",\"name\":\"Prevention of the Abuse of Public Resources - CRTA\",\"isPartOf\":{\"@id\":\"https:\\\/\\\/crta.rs\\\/en\\\/#website\"},\"primaryImageOfPage\":{\"@id\":\"https:\\\/\\\/crta.rs\\\/en\\\/prevention-of-the-abuse-of-public-resources\\\/#primaryimage\"},\"image\":{\"@id\":\"https:\\\/\\\/crta.rs\\\/en\\\/prevention-of-the-abuse-of-public-resources\\\/#primaryimage\"},\"thumbnailUrl\":\"https:\\\/\\\/crta.rs\\\/wp-content\\\/uploads\\\/2019\\\/03\\\/1.png\",\"datePublished\":\"2019-03-23T17:45:37+00:00\",\"dateModified\":\"2020-01-14T13:10:33+00:00\",\"author\":{\"@id\":\"https:\\\/\\\/crta.rs\\\/en\\\/#\\\/schema\\\/person\\\/0cc37dbc4cb7d35b32379de6f98e1c7f\"},\"breadcrumb\":{\"@id\":\"https:\\\/\\\/crta.rs\\\/en\\\/prevention-of-the-abuse-of-public-resources\\\/#breadcrumb\"},\"inLanguage\":\"en-US\",\"potentialAction\":[{\"@type\":\"ReadAction\",\"target\":[\"https:\\\/\\\/crta.rs\\\/en\\\/prevention-of-the-abuse-of-public-resources\\\/\"]}]},{\"@type\":\"ImageObject\",\"inLanguage\":\"en-US\",\"@id\":\"https:\\\/\\\/crta.rs\\\/en\\\/prevention-of-the-abuse-of-public-resources\\\/#primaryimage\",\"url\":\"https:\\\/\\\/crta.rs\\\/wp-content\\\/uploads\\\/2019\\\/03\\\/1.png\",\"contentUrl\":\"https:\\\/\\\/crta.rs\\\/wp-content\\\/uploads\\\/2019\\\/03\\\/1.png\",\"width\":410,\"height\":582},{\"@type\":\"BreadcrumbList\",\"@id\":\"https:\\\/\\\/crta.rs\\\/en\\\/prevention-of-the-abuse-of-public-resources\\\/#breadcrumb\",\"itemListElement\":[{\"@type\":\"ListItem\",\"position\":1,\"name\":\"Home\",\"item\":\"https:\\\/\\\/crta.rs\\\/en\\\/\"},{\"@type\":\"ListItem\",\"position\":2,\"name\":\"Publications\",\"item\":\"https:\\\/\\\/crta.rs\\\/en\\\/category\\\/publication-en\\\/\"},{\"@type\":\"ListItem\",\"position\":3,\"name\":\"Prevention of the Abuse of Public Resources\"}]},{\"@type\":\"WebSite\",\"@id\":\"https:\\\/\\\/crta.rs\\\/en\\\/#website\",\"url\":\"https:\\\/\\\/crta.rs\\\/en\\\/\",\"name\":\"CRTA\",\"description\":\"Mi smo grupa aktivista i novinara koja zajedno sa gra\u0111anima uti\u010de na pove\u0107anje odgovornosti institucija i javnih funkcionera kroz pra\u0107enje i kontrolu njihovog rada.\",\"potentialAction\":[{\"@type\":\"SearchAction\",\"target\":{\"@type\":\"EntryPoint\",\"urlTemplate\":\"https:\\\/\\\/crta.rs\\\/en\\\/?s={search_term_string}\"},\"query-input\":{\"@type\":\"PropertyValueSpecification\",\"valueRequired\":true,\"valueName\":\"search_term_string\"}}],\"inLanguage\":\"en-US\"},{\"@type\":\"Person\",\"@id\":\"https:\\\/\\\/crta.rs\\\/en\\\/#\\\/schema\\\/person\\\/0cc37dbc4cb7d35b32379de6f98e1c7f\",\"name\":\"milica\",\"url\":\"https:\\\/\\\/crta.rs\\\/en\\\/author\\\/milica\\\/\"}]}<\/script>\n<!-- \/ Yoast SEO plugin. -->","yoast_head_json":{"title":"Prevention of the Abuse of Public Resources - CRTA","robots":{"index":"index","follow":"follow","max-snippet":"max-snippet:-1","max-image-preview":"max-image-preview:large","max-video-preview":"max-video-preview:-1"},"canonical":"https:\/\/crta.rs\/en\/prevention-of-the-abuse-of-public-resources\/","og_locale":"en_US","og_type":"article","og_title":"Prevention of the Abuse of Public Resources - CRTA","og_description":"The prevention of the abuse of public resources in the electoral campaign is one of the most important fields when it comes to the improvement of the electoral process in Serbia. It is indispensable that the legislative framework and the practice in the Republic of Serbia harmonise with international standards and examples of good practice. It is necessary to prevent further abuse of taxpayers\u2019 money during the electoral processes on the one hand and to exclude the possibility of public officials\u2019 campaigning on the other, in order to ensure equality of all participants in the electoral race.","og_url":"https:\/\/crta.rs\/en\/prevention-of-the-abuse-of-public-resources\/","og_site_name":"CRTA","article_publisher":"https:\/\/www.facebook.com\/CRTArs\/","article_published_time":"2019-03-23T17:45:37+00:00","article_modified_time":"2020-01-14T13:10:33+00:00","og_image":[{"width":410,"height":582,"url":"https:\/\/crta.rs\/wp-content\/uploads\/2019\/03\/1.png","type":"image\/png"}],"author":"milica","twitter_card":"summary_large_image","twitter_misc":{"Written by":"milica"},"schema":{"@context":"https:\/\/schema.org","@graph":[{"@type":"Article","@id":"https:\/\/crta.rs\/en\/prevention-of-the-abuse-of-public-resources\/#article","isPartOf":{"@id":"https:\/\/crta.rs\/en\/prevention-of-the-abuse-of-public-resources\/"},"author":{"name":"milica","@id":"https:\/\/crta.rs\/en\/#\/schema\/person\/0cc37dbc4cb7d35b32379de6f98e1c7f"},"headline":"Prevention of the Abuse of Public Resources","datePublished":"2019-03-23T17:45:37+00:00","dateModified":"2020-01-14T13:10:33+00:00","mainEntityOfPage":{"@id":"https:\/\/crta.rs\/en\/prevention-of-the-abuse-of-public-resources\/"},"wordCount":104,"image":{"@id":"https:\/\/crta.rs\/en\/prevention-of-the-abuse-of-public-resources\/#primaryimage"},"thumbnailUrl":"https:\/\/crta.rs\/wp-content\/uploads\/2019\/03\/1.png","articleSection":["Publications"],"inLanguage":"en-US"},{"@type":"WebPage","@id":"https:\/\/crta.rs\/en\/prevention-of-the-abuse-of-public-resources\/","url":"https:\/\/crta.rs\/en\/prevention-of-the-abuse-of-public-resources\/","name":"Prevention of the Abuse of Public Resources - CRTA","isPartOf":{"@id":"https:\/\/crta.rs\/en\/#website"},"primaryImageOfPage":{"@id":"https:\/\/crta.rs\/en\/prevention-of-the-abuse-of-public-resources\/#primaryimage"},"image":{"@id":"https:\/\/crta.rs\/en\/prevention-of-the-abuse-of-public-resources\/#primaryimage"},"thumbnailUrl":"https:\/\/crta.rs\/wp-content\/uploads\/2019\/03\/1.png","datePublished":"2019-03-23T17:45:37+00:00","dateModified":"2020-01-14T13:10:33+00:00","author":{"@id":"https:\/\/crta.rs\/en\/#\/schema\/person\/0cc37dbc4cb7d35b32379de6f98e1c7f"},"breadcrumb":{"@id":"https:\/\/crta.rs\/en\/prevention-of-the-abuse-of-public-resources\/#breadcrumb"},"inLanguage":"en-US","potentialAction":[{"@type":"ReadAction","target":["https:\/\/crta.rs\/en\/prevention-of-the-abuse-of-public-resources\/"]}]},{"@type":"ImageObject","inLanguage":"en-US","@id":"https:\/\/crta.rs\/en\/prevention-of-the-abuse-of-public-resources\/#primaryimage","url":"https:\/\/crta.rs\/wp-content\/uploads\/2019\/03\/1.png","contentUrl":"https:\/\/crta.rs\/wp-content\/uploads\/2019\/03\/1.png","width":410,"height":582},{"@type":"BreadcrumbList","@id":"https:\/\/crta.rs\/en\/prevention-of-the-abuse-of-public-resources\/#breadcrumb","itemListElement":[{"@type":"ListItem","position":1,"name":"Home","item":"https:\/\/crta.rs\/en\/"},{"@type":"ListItem","position":2,"name":"Publications","item":"https:\/\/crta.rs\/en\/category\/publication-en\/"},{"@type":"ListItem","position":3,"name":"Prevention of the Abuse of Public Resources"}]},{"@type":"WebSite","@id":"https:\/\/crta.rs\/en\/#website","url":"https:\/\/crta.rs\/en\/","name":"CRTA","description":"Mi smo grupa aktivista i novinara koja zajedno sa gra\u0111anima uti\u010de na pove\u0107anje odgovornosti institucija i javnih funkcionera kroz pra\u0107enje i kontrolu njihovog rada.","potentialAction":[{"@type":"SearchAction","target":{"@type":"EntryPoint","urlTemplate":"https:\/\/crta.rs\/en\/?s={search_term_string}"},"query-input":{"@type":"PropertyValueSpecification","valueRequired":true,"valueName":"search_term_string"}}],"inLanguage":"en-US"},{"@type":"Person","@id":"https:\/\/crta.rs\/en\/#\/schema\/person\/0cc37dbc4cb7d35b32379de6f98e1c7f","name":"milica","url":"https:\/\/crta.rs\/en\/author\/milica\/"}]}},"_links":{"self":[{"href":"https:\/\/crta.rs\/en\/wp-json\/wp\/v2\/posts\/5964","targetHints":{"allow":["GET"]}}],"collection":[{"href":"https:\/\/crta.rs\/en\/wp-json\/wp\/v2\/posts"}],"about":[{"href":"https:\/\/crta.rs\/en\/wp-json\/wp\/v2\/types\/post"}],"author":[{"embeddable":true,"href":"https:\/\/crta.rs\/en\/wp-json\/wp\/v2\/users\/3"}],"replies":[{"embeddable":true,"href":"https:\/\/crta.rs\/en\/wp-json\/wp\/v2\/comments?post=5964"}],"version-history":[{"count":2,"href":"https:\/\/crta.rs\/en\/wp-json\/wp\/v2\/posts\/5964\/revisions"}],"predecessor-version":[{"id":19190,"href":"https:\/\/crta.rs\/en\/wp-json\/wp\/v2\/posts\/5964\/revisions\/19190"}],"wp:featuredmedia":[{"embeddable":true,"href":"https:\/\/crta.rs\/en\/wp-json\/wp\/v2\/media\/5981"}],"wp:attachment":[{"href":"https:\/\/crta.rs\/en\/wp-json\/wp\/v2\/media?parent=5964"}],"wp:term":[{"taxonomy":"category","embeddable":true,"href":"https:\/\/crta.rs\/en\/wp-json\/wp\/v2\/categories?post=5964"},{"taxonomy":"post_tag","embeddable":true,"href":"https:\/\/crta.rs\/en\/wp-json\/wp\/v2\/tags?post=5964"}],"curies":[{"name":"wp","href":"https:\/\/api.w.org\/{rel}","templated":true}]}}