{"id":5824,"date":"2019-03-11T14:47:38","date_gmt":"2019-03-11T14:47:38","guid":{"rendered":"https:\/\/crta.rs\/?p=5824"},"modified":"2020-02-18T11:18:44","modified_gmt":"2020-02-18T10:18:44","slug":"union-of-informed-citizens-received-the-democracy-defender-award-for-2019","status":"publish","type":"post","link":"https:\/\/crta.rs\/en\/union-of-informed-citizens-received-the-democracy-defender-award-for-2019\/","title":{"rendered":"Union of Informed Citizens received the Democracy Defender Award for 2019"},"content":{"rendered":"<p>The <a href=\"https:\/\/uicarmenia.org\/en\/\">Union of Informed Citizens (UIC)<\/a>, an Armenian civil society organization, received the <a href=\"https:\/\/osce.usmission.gov\/on-the-2019-democracy-defender-award\/\">OSCE Democracy Defender Award for 2019<\/a>. The award ceremony took place on March 11 in Vienna, and was attended by CRTA Director Vukosava Crnjanski as a representative of the last year\u2019s Democracy Defender Award recipient.<\/p>\n<p>A total of 36 OSCE delegations presented the award to the Union of Informed Citizens for its outstanding contribution to promoting independent journalism and informed decision making, as well as to strengthening election monitoring in Armenia.<\/p>\n<p>The Democracy Defender Award was established in 2016 with an aim to honor a person or a group for exceptional contributions to the promotion of democracy and the defense of human rights in the spirit of the Helsinki Final Act and other OSCE principles and values.<\/p>\n<p>Director of CRTA as the previous Democracy Defender awardee had the honor to address the participants at the ceremony.<\/p>\n<p><em>\u201cWe see that we share similar struggles with democracy defenders across the region that is increasingly affected by crisis and threats to democracy, and shrinking space for the work of democracy advocates. This is why the recognition of civil society through the Democracy Defender Award brings enormous support and motivation to all of us committed to safeguard citizens\u2019 rights and freedoms\u201d, <\/em>said Vukosava Crnjanski.<\/p>\n<p>CRTA team congratulated the new recipient of the award through video broadcast.<\/p>\n<p>https:\/\/www.facebook.com\/CRTArs\/videos\/322017435119687\/<\/p>\n<p>&nbsp;<\/p>\n","protected":false},"excerpt":{"rendered":"<p>The Union of Informed Citizens (UIC), an Armenian civil society organization, received the OSCE Democracy Defender Award for 2019. The award ceremony took place on March 11 in Vienna, and was attended by CRTA Director Vukosava Crnjanski as a representative of the last year\u2019s Democracy Defender Award recipient.<\/p>\n","protected":false},"author":3,"featured_media":20255,"comment_status":"open","ping_status":"open","sticky":false,"template":"","format":"standard","meta":{"_acf_changed":false,"footnotes":"","_links_to":"","_links_to_target":""},"categories":[218],"tags":[373,561],"class_list":["post-5824","post","type-post","status-publish","format-standard","has-post-thumbnail","hentry","category-latest-en","tag-democracy-defender-en","tag-osce-award","ciTrackContent"],"acf":[],"yoast_head":"<!-- This site is optimized with the Yoast SEO plugin v27.4 - https:\/\/yoast.com\/product\/yoast-seo-wordpress\/ -->\n<title>Union of Informed Citizens received the Democracy Defender Award for 2019 - CRTA<\/title>\n<meta name=\"robots\" content=\"index, follow, max-snippet:-1, max-image-preview:large, max-video-preview:-1\" \/>\n<link rel=\"canonical\" href=\"https:\/\/crta.rs\/en\/union-of-informed-citizens-received-the-democracy-defender-award-for-2019\/\" \/>\n<meta property=\"og:locale\" content=\"en_US\" \/>\n<meta property=\"og:type\" content=\"article\" \/>\n<meta property=\"og:title\" content=\"Union of Informed Citizens received the Democracy Defender Award for 2019 - CRTA\" \/>\n<meta property=\"og:description\" content=\"The Union of Informed Citizens (UIC), an Armenian civil society organization, received the OSCE Democracy Defender Award for 2019. The award ceremony took place on March 11 in Vienna, and was attended by CRTA Director Vukosava Crnjanski as a representative of the last year\u2019s Democracy Defender Award recipient.\" \/>\n<meta property=\"og:url\" content=\"https:\/\/crta.rs\/en\/union-of-informed-citizens-received-the-democracy-defender-award-for-2019\/\" \/>\n<meta property=\"og:site_name\" content=\"CRTA\" \/>\n<meta property=\"article:publisher\" content=\"https:\/\/www.facebook.com\/CRTArs\/\" \/>\n<meta property=\"article:published_time\" content=\"2019-03-11T14:47:38+00:00\" \/>\n<meta property=\"article:modified_time\" content=\"2020-02-18T10:18:44+00:00\" \/>\n<meta property=\"og:image\" content=\"https:\/\/crta.rs\/wp-content\/uploads\/2019\/03\/democracy-defender-ph-7.jpg\" \/>\n\t<meta property=\"og:image:width\" content=\"767\" \/>\n\t<meta property=\"og:image:height\" content=\"485\" \/>\n\t<meta property=\"og:image:type\" content=\"image\/jpeg\" \/>\n<meta name=\"author\" content=\"milica\" \/>\n<meta name=\"twitter:card\" content=\"summary_large_image\" \/>\n<meta name=\"twitter:label1\" content=\"Written by\" \/>\n\t<meta name=\"twitter:data1\" content=\"milica\" \/>\n\t<meta name=\"twitter:label2\" content=\"Est. reading time\" \/>\n\t<meta name=\"twitter:data2\" content=\"1 minute\" \/>\n<script type=\"application\/ld+json\" class=\"yoast-schema-graph\">{\"@context\":\"https:\\\/\\\/schema.org\",\"@graph\":[{\"@type\":\"Article\",\"@id\":\"https:\\\/\\\/crta.rs\\\/en\\\/union-of-informed-citizens-received-the-democracy-defender-award-for-2019\\\/#article\",\"isPartOf\":{\"@id\":\"https:\\\/\\\/crta.rs\\\/en\\\/union-of-informed-citizens-received-the-democracy-defender-award-for-2019\\\/\"},\"author\":{\"name\":\"milica\",\"@id\":\"https:\\\/\\\/crta.rs\\\/en\\\/#\\\/schema\\\/person\\\/0cc37dbc4cb7d35b32379de6f98e1c7f\"},\"headline\":\"Union of Informed Citizens received the Democracy Defender Award for 2019\",\"datePublished\":\"2019-03-11T14:47:38+00:00\",\"dateModified\":\"2020-02-18T10:18:44+00:00\",\"mainEntityOfPage\":{\"@id\":\"https:\\\/\\\/crta.rs\\\/en\\\/union-of-informed-citizens-received-the-democracy-defender-award-for-2019\\\/\"},\"wordCount\":239,\"commentCount\":0,\"image\":{\"@id\":\"https:\\\/\\\/crta.rs\\\/en\\\/union-of-informed-citizens-received-the-democracy-defender-award-for-2019\\\/#primaryimage\"},\"thumbnailUrl\":\"https:\\\/\\\/crta.rs\\\/wp-content\\\/uploads\\\/2019\\\/03\\\/democracy-defender-ph-7.jpg\",\"keywords\":[\"Democracy Defender\",\"osce award\"],\"articleSection\":[\"Latest\"],\"inLanguage\":\"en-US\",\"potentialAction\":[{\"@type\":\"CommentAction\",\"name\":\"Comment\",\"target\":[\"https:\\\/\\\/crta.rs\\\/en\\\/union-of-informed-citizens-received-the-democracy-defender-award-for-2019\\\/#respond\"]}]},{\"@type\":\"WebPage\",\"@id\":\"https:\\\/\\\/crta.rs\\\/en\\\/union-of-informed-citizens-received-the-democracy-defender-award-for-2019\\\/\",\"url\":\"https:\\\/\\\/crta.rs\\\/en\\\/union-of-informed-citizens-received-the-democracy-defender-award-for-2019\\\/\",\"name\":\"Union of Informed Citizens received the Democracy Defender Award for 2019 - CRTA\",\"isPartOf\":{\"@id\":\"https:\\\/\\\/crta.rs\\\/en\\\/#website\"},\"primaryImageOfPage\":{\"@id\":\"https:\\\/\\\/crta.rs\\\/en\\\/union-of-informed-citizens-received-the-democracy-defender-award-for-2019\\\/#primaryimage\"},\"image\":{\"@id\":\"https:\\\/\\\/crta.rs\\\/en\\\/union-of-informed-citizens-received-the-democracy-defender-award-for-2019\\\/#primaryimage\"},\"thumbnailUrl\":\"https:\\\/\\\/crta.rs\\\/wp-content\\\/uploads\\\/2019\\\/03\\\/democracy-defender-ph-7.jpg\",\"datePublished\":\"2019-03-11T14:47:38+00:00\",\"dateModified\":\"2020-02-18T10:18:44+00:00\",\"author\":{\"@id\":\"https:\\\/\\\/crta.rs\\\/en\\\/#\\\/schema\\\/person\\\/0cc37dbc4cb7d35b32379de6f98e1c7f\"},\"breadcrumb\":{\"@id\":\"https:\\\/\\\/crta.rs\\\/en\\\/union-of-informed-citizens-received-the-democracy-defender-award-for-2019\\\/#breadcrumb\"},\"inLanguage\":\"en-US\",\"potentialAction\":[{\"@type\":\"ReadAction\",\"target\":[\"https:\\\/\\\/crta.rs\\\/en\\\/union-of-informed-citizens-received-the-democracy-defender-award-for-2019\\\/\"]}]},{\"@type\":\"ImageObject\",\"inLanguage\":\"en-US\",\"@id\":\"https:\\\/\\\/crta.rs\\\/en\\\/union-of-informed-citizens-received-the-democracy-defender-award-for-2019\\\/#primaryimage\",\"url\":\"https:\\\/\\\/crta.rs\\\/wp-content\\\/uploads\\\/2019\\\/03\\\/democracy-defender-ph-7.jpg\",\"contentUrl\":\"https:\\\/\\\/crta.rs\\\/wp-content\\\/uploads\\\/2019\\\/03\\\/democracy-defender-ph-7.jpg\",\"width\":767,\"height\":485,\"caption\":\"Photo by: CRTA\"},{\"@type\":\"BreadcrumbList\",\"@id\":\"https:\\\/\\\/crta.rs\\\/en\\\/union-of-informed-citizens-received-the-democracy-defender-award-for-2019\\\/#breadcrumb\",\"itemListElement\":[{\"@type\":\"ListItem\",\"position\":1,\"name\":\"Home\",\"item\":\"https:\\\/\\\/crta.rs\\\/en\\\/\"},{\"@type\":\"ListItem\",\"position\":2,\"name\":\"Latest\",\"item\":\"https:\\\/\\\/crta.rs\\\/en\\\/category\\\/latest-en\\\/\"},{\"@type\":\"ListItem\",\"position\":3,\"name\":\"Union of Informed Citizens received the Democracy Defender Award for 2019\"}]},{\"@type\":\"WebSite\",\"@id\":\"https:\\\/\\\/crta.rs\\\/en\\\/#website\",\"url\":\"https:\\\/\\\/crta.rs\\\/en\\\/\",\"name\":\"CRTA\",\"description\":\"Mi smo grupa aktivista i novinara koja zajedno sa gra\u0111anima uti\u010de na pove\u0107anje odgovornosti institucija i javnih funkcionera kroz pra\u0107enje i kontrolu njihovog rada.\",\"potentialAction\":[{\"@type\":\"SearchAction\",\"target\":{\"@type\":\"EntryPoint\",\"urlTemplate\":\"https:\\\/\\\/crta.rs\\\/en\\\/?s={search_term_string}\"},\"query-input\":{\"@type\":\"PropertyValueSpecification\",\"valueRequired\":true,\"valueName\":\"search_term_string\"}}],\"inLanguage\":\"en-US\"},{\"@type\":\"Person\",\"@id\":\"https:\\\/\\\/crta.rs\\\/en\\\/#\\\/schema\\\/person\\\/0cc37dbc4cb7d35b32379de6f98e1c7f\",\"name\":\"milica\",\"url\":\"https:\\\/\\\/crta.rs\\\/en\\\/author\\\/milica\\\/\"}]}<\/script>\n<!-- \/ Yoast SEO plugin. -->","yoast_head_json":{"title":"Union of Informed Citizens received the Democracy Defender Award for 2019 - CRTA","robots":{"index":"index","follow":"follow","max-snippet":"max-snippet:-1","max-image-preview":"max-image-preview:large","max-video-preview":"max-video-preview:-1"},"canonical":"https:\/\/crta.rs\/en\/union-of-informed-citizens-received-the-democracy-defender-award-for-2019\/","og_locale":"en_US","og_type":"article","og_title":"Union of Informed Citizens received the Democracy Defender Award for 2019 - CRTA","og_description":"The Union of Informed Citizens (UIC), an Armenian civil society organization, received the OSCE Democracy Defender Award for 2019. The award ceremony took place on March 11 in Vienna, and was attended by CRTA Director Vukosava Crnjanski as a representative of the last year\u2019s Democracy Defender Award recipient.","og_url":"https:\/\/crta.rs\/en\/union-of-informed-citizens-received-the-democracy-defender-award-for-2019\/","og_site_name":"CRTA","article_publisher":"https:\/\/www.facebook.com\/CRTArs\/","article_published_time":"2019-03-11T14:47:38+00:00","article_modified_time":"2020-02-18T10:18:44+00:00","og_image":[{"width":767,"height":485,"url":"https:\/\/crta.rs\/wp-content\/uploads\/2019\/03\/democracy-defender-ph-7.jpg","type":"image\/jpeg"}],"author":"milica","twitter_card":"summary_large_image","twitter_misc":{"Written by":"milica","Est. reading time":"1 minute"},"schema":{"@context":"https:\/\/schema.org","@graph":[{"@type":"Article","@id":"https:\/\/crta.rs\/en\/union-of-informed-citizens-received-the-democracy-defender-award-for-2019\/#article","isPartOf":{"@id":"https:\/\/crta.rs\/en\/union-of-informed-citizens-received-the-democracy-defender-award-for-2019\/"},"author":{"name":"milica","@id":"https:\/\/crta.rs\/en\/#\/schema\/person\/0cc37dbc4cb7d35b32379de6f98e1c7f"},"headline":"Union of Informed Citizens received the Democracy Defender Award for 2019","datePublished":"2019-03-11T14:47:38+00:00","dateModified":"2020-02-18T10:18:44+00:00","mainEntityOfPage":{"@id":"https:\/\/crta.rs\/en\/union-of-informed-citizens-received-the-democracy-defender-award-for-2019\/"},"wordCount":239,"commentCount":0,"image":{"@id":"https:\/\/crta.rs\/en\/union-of-informed-citizens-received-the-democracy-defender-award-for-2019\/#primaryimage"},"thumbnailUrl":"https:\/\/crta.rs\/wp-content\/uploads\/2019\/03\/democracy-defender-ph-7.jpg","keywords":["Democracy Defender","osce award"],"articleSection":["Latest"],"inLanguage":"en-US","potentialAction":[{"@type":"CommentAction","name":"Comment","target":["https:\/\/crta.rs\/en\/union-of-informed-citizens-received-the-democracy-defender-award-for-2019\/#respond"]}]},{"@type":"WebPage","@id":"https:\/\/crta.rs\/en\/union-of-informed-citizens-received-the-democracy-defender-award-for-2019\/","url":"https:\/\/crta.rs\/en\/union-of-informed-citizens-received-the-democracy-defender-award-for-2019\/","name":"Union of Informed Citizens received the Democracy Defender Award for 2019 - CRTA","isPartOf":{"@id":"https:\/\/crta.rs\/en\/#website"},"primaryImageOfPage":{"@id":"https:\/\/crta.rs\/en\/union-of-informed-citizens-received-the-democracy-defender-award-for-2019\/#primaryimage"},"image":{"@id":"https:\/\/crta.rs\/en\/union-of-informed-citizens-received-the-democracy-defender-award-for-2019\/#primaryimage"},"thumbnailUrl":"https:\/\/crta.rs\/wp-content\/uploads\/2019\/03\/democracy-defender-ph-7.jpg","datePublished":"2019-03-11T14:47:38+00:00","dateModified":"2020-02-18T10:18:44+00:00","author":{"@id":"https:\/\/crta.rs\/en\/#\/schema\/person\/0cc37dbc4cb7d35b32379de6f98e1c7f"},"breadcrumb":{"@id":"https:\/\/crta.rs\/en\/union-of-informed-citizens-received-the-democracy-defender-award-for-2019\/#breadcrumb"},"inLanguage":"en-US","potentialAction":[{"@type":"ReadAction","target":["https:\/\/crta.rs\/en\/union-of-informed-citizens-received-the-democracy-defender-award-for-2019\/"]}]},{"@type":"ImageObject","inLanguage":"en-US","@id":"https:\/\/crta.rs\/en\/union-of-informed-citizens-received-the-democracy-defender-award-for-2019\/#primaryimage","url":"https:\/\/crta.rs\/wp-content\/uploads\/2019\/03\/democracy-defender-ph-7.jpg","contentUrl":"https:\/\/crta.rs\/wp-content\/uploads\/2019\/03\/democracy-defender-ph-7.jpg","width":767,"height":485,"caption":"Photo by: CRTA"},{"@type":"BreadcrumbList","@id":"https:\/\/crta.rs\/en\/union-of-informed-citizens-received-the-democracy-defender-award-for-2019\/#breadcrumb","itemListElement":[{"@type":"ListItem","position":1,"name":"Home","item":"https:\/\/crta.rs\/en\/"},{"@type":"ListItem","position":2,"name":"Latest","item":"https:\/\/crta.rs\/en\/category\/latest-en\/"},{"@type":"ListItem","position":3,"name":"Union of Informed Citizens received the Democracy Defender Award for 2019"}]},{"@type":"WebSite","@id":"https:\/\/crta.rs\/en\/#website","url":"https:\/\/crta.rs\/en\/","name":"CRTA","description":"Mi smo grupa aktivista i novinara koja zajedno sa gra\u0111anima uti\u010de na pove\u0107anje odgovornosti institucija i javnih funkcionera kroz pra\u0107enje i kontrolu njihovog rada.","potentialAction":[{"@type":"SearchAction","target":{"@type":"EntryPoint","urlTemplate":"https:\/\/crta.rs\/en\/?s={search_term_string}"},"query-input":{"@type":"PropertyValueSpecification","valueRequired":true,"valueName":"search_term_string"}}],"inLanguage":"en-US"},{"@type":"Person","@id":"https:\/\/crta.rs\/en\/#\/schema\/person\/0cc37dbc4cb7d35b32379de6f98e1c7f","name":"milica","url":"https:\/\/crta.rs\/en\/author\/milica\/"}]}},"_links":{"self":[{"href":"https:\/\/crta.rs\/en\/wp-json\/wp\/v2\/posts\/5824","targetHints":{"allow":["GET"]}}],"collection":[{"href":"https:\/\/crta.rs\/en\/wp-json\/wp\/v2\/posts"}],"about":[{"href":"https:\/\/crta.rs\/en\/wp-json\/wp\/v2\/types\/post"}],"author":[{"embeddable":true,"href":"https:\/\/crta.rs\/en\/wp-json\/wp\/v2\/users\/3"}],"replies":[{"embeddable":true,"href":"https:\/\/crta.rs\/en\/wp-json\/wp\/v2\/comments?post=5824"}],"version-history":[{"count":1,"href":"https:\/\/crta.rs\/en\/wp-json\/wp\/v2\/posts\/5824\/revisions"}],"predecessor-version":[{"id":19026,"href":"https:\/\/crta.rs\/en\/wp-json\/wp\/v2\/posts\/5824\/revisions\/19026"}],"wp:featuredmedia":[{"embeddable":true,"href":"https:\/\/crta.rs\/en\/wp-json\/wp\/v2\/media\/20255"}],"wp:attachment":[{"href":"https:\/\/crta.rs\/en\/wp-json\/wp\/v2\/media?parent=5824"}],"wp:term":[{"taxonomy":"category","embeddable":true,"href":"https:\/\/crta.rs\/en\/wp-json\/wp\/v2\/categories?post=5824"},{"taxonomy":"post_tag","embeddable":true,"href":"https:\/\/crta.rs\/en\/wp-json\/wp\/v2\/tags?post=5824"}],"curies":[{"name":"wp","href":"https:\/\/api.w.org\/{rel}","templated":true}]}}