{"id":5044,"date":"2019-01-18T14:30:19","date_gmt":"2019-01-18T14:30:19","guid":{"rendered":"https:\/\/crta.rs\/?p=5044"},"modified":"2020-01-13T15:36:40","modified_gmt":"2020-01-13T15:36:40","slug":"regional-road-map-for-the-western-balkans-2017","status":"publish","type":"post","link":"https:\/\/crta.rs\/en\/regional-road-map-for-the-western-balkans-2017\/","title":{"rendered":"Regional Road Map for the Western Balkans 2017."},"content":{"rendered":"<p>ACTION SEE provides a platform for dialogue and a concrete tool for measuring the degree to which state institutions uphold principles and standards of open governance through its Index of Openness. The project aims to increase the inclusion of civic society and media organisations in decision-making processes and the creation of public opinion and policies, as well as to raise the capacity of civic societies to address sensitive issues.<\/p>\n","protected":false},"excerpt":{"rendered":"<p>ACTION SEE provides a platform for dialogue and a concrete tool for measuring the degree to which state institutions uphold principles and standards of open governance through its Index of Openness. The project aims to increase the inclusion of civic society and media organisations in decision-making processes and the creation of public opinion and policies,&#8230;<\/p>\n","protected":false},"author":3,"featured_media":5049,"comment_status":"open","ping_status":"open","sticky":false,"template":"","format":"standard","meta":{"_acf_changed":false,"footnotes":"","_links_to":"","_links_to_target":""},"categories":[75],"tags":[335,101,105,76,102],"class_list":["post-5044","post","type-post","status-publish","format-standard","has-post-thumbnail","hentry","category-publication-en","tag-institutions","tag-openness","tag-reports-and-analysis","tag-research","tag-transparency","ciTrackContent"],"acf":[],"yoast_head":"<!-- This site is optimized with the Yoast SEO plugin v27.4 - https:\/\/yoast.com\/product\/yoast-seo-wordpress\/ -->\n<title>Regional Road Map for the Western Balkans 2017. - CRTA<\/title>\n<meta name=\"robots\" content=\"index, follow, max-snippet:-1, max-image-preview:large, max-video-preview:-1\" \/>\n<link rel=\"canonical\" href=\"https:\/\/crta.rs\/en\/regional-road-map-for-the-western-balkans-2017\/\" \/>\n<meta property=\"og:locale\" content=\"en_US\" \/>\n<meta property=\"og:type\" content=\"article\" \/>\n<meta property=\"og:title\" content=\"Regional Road Map for the Western Balkans 2017. - CRTA\" \/>\n<meta property=\"og:description\" content=\"ACTION SEE provides a platform for dialogue and a concrete tool for measuring the degree to which state institutions uphold principles and standards of open governance through its Index of Openness. The project aims to increase the inclusion of civic society and media organisations in decision-making processes and the creation of public opinion and policies,...\" \/>\n<meta property=\"og:url\" content=\"https:\/\/crta.rs\/en\/regional-road-map-for-the-western-balkans-2017\/\" \/>\n<meta property=\"og:site_name\" content=\"CRTA\" \/>\n<meta property=\"article:publisher\" content=\"https:\/\/www.facebook.com\/CRTArs\/\" \/>\n<meta property=\"article:published_time\" content=\"2019-01-18T14:30:19+00:00\" \/>\n<meta property=\"article:modified_time\" content=\"2020-01-13T15:36:40+00:00\" \/>\n<meta property=\"og:image\" content=\"https:\/\/crta.rs\/wp-content\/uploads\/2019\/01\/regional-road-for-the-western-balkan-2017.png\" \/>\n\t<meta property=\"og:image:width\" content=\"595\" \/>\n\t<meta property=\"og:image:height\" content=\"842\" \/>\n\t<meta property=\"og:image:type\" content=\"image\/png\" \/>\n<meta name=\"author\" content=\"milica\" \/>\n<meta name=\"twitter:card\" content=\"summary_large_image\" \/>\n<meta name=\"twitter:label1\" content=\"Written by\" \/>\n\t<meta name=\"twitter:data1\" content=\"milica\" \/>\n<script type=\"application\/ld+json\" class=\"yoast-schema-graph\">{\"@context\":\"https:\\\/\\\/schema.org\",\"@graph\":[{\"@type\":\"Article\",\"@id\":\"https:\\\/\\\/crta.rs\\\/en\\\/regional-road-map-for-the-western-balkans-2017\\\/#article\",\"isPartOf\":{\"@id\":\"https:\\\/\\\/crta.rs\\\/en\\\/regional-road-map-for-the-western-balkans-2017\\\/\"},\"author\":{\"name\":\"milica\",\"@id\":\"https:\\\/\\\/crta.rs\\\/en\\\/#\\\/schema\\\/person\\\/0cc37dbc4cb7d35b32379de6f98e1c7f\"},\"headline\":\"Regional Road Map for the Western Balkans 2017.\",\"datePublished\":\"2019-01-18T14:30:19+00:00\",\"dateModified\":\"2020-01-13T15:36:40+00:00\",\"mainEntityOfPage\":{\"@id\":\"https:\\\/\\\/crta.rs\\\/en\\\/regional-road-map-for-the-western-balkans-2017\\\/\"},\"wordCount\":76,\"commentCount\":0,\"image\":{\"@id\":\"https:\\\/\\\/crta.rs\\\/en\\\/regional-road-map-for-the-western-balkans-2017\\\/#primaryimage\"},\"thumbnailUrl\":\"https:\\\/\\\/crta.rs\\\/wp-content\\\/uploads\\\/2019\\\/01\\\/regional-road-for-the-western-balkan-2017.png\",\"keywords\":[\"institutions\",\"openness\",\"reports and analysis\",\"research\",\"transparency\"],\"articleSection\":[\"Publications\"],\"inLanguage\":\"en-US\",\"potentialAction\":[{\"@type\":\"CommentAction\",\"name\":\"Comment\",\"target\":[\"https:\\\/\\\/crta.rs\\\/en\\\/regional-road-map-for-the-western-balkans-2017\\\/#respond\"]}]},{\"@type\":\"WebPage\",\"@id\":\"https:\\\/\\\/crta.rs\\\/en\\\/regional-road-map-for-the-western-balkans-2017\\\/\",\"url\":\"https:\\\/\\\/crta.rs\\\/en\\\/regional-road-map-for-the-western-balkans-2017\\\/\",\"name\":\"Regional Road Map for the Western Balkans 2017. - CRTA\",\"isPartOf\":{\"@id\":\"https:\\\/\\\/crta.rs\\\/en\\\/#website\"},\"primaryImageOfPage\":{\"@id\":\"https:\\\/\\\/crta.rs\\\/en\\\/regional-road-map-for-the-western-balkans-2017\\\/#primaryimage\"},\"image\":{\"@id\":\"https:\\\/\\\/crta.rs\\\/en\\\/regional-road-map-for-the-western-balkans-2017\\\/#primaryimage\"},\"thumbnailUrl\":\"https:\\\/\\\/crta.rs\\\/wp-content\\\/uploads\\\/2019\\\/01\\\/regional-road-for-the-western-balkan-2017.png\",\"datePublished\":\"2019-01-18T14:30:19+00:00\",\"dateModified\":\"2020-01-13T15:36:40+00:00\",\"author\":{\"@id\":\"https:\\\/\\\/crta.rs\\\/en\\\/#\\\/schema\\\/person\\\/0cc37dbc4cb7d35b32379de6f98e1c7f\"},\"breadcrumb\":{\"@id\":\"https:\\\/\\\/crta.rs\\\/en\\\/regional-road-map-for-the-western-balkans-2017\\\/#breadcrumb\"},\"inLanguage\":\"en-US\",\"potentialAction\":[{\"@type\":\"ReadAction\",\"target\":[\"https:\\\/\\\/crta.rs\\\/en\\\/regional-road-map-for-the-western-balkans-2017\\\/\"]}]},{\"@type\":\"ImageObject\",\"inLanguage\":\"en-US\",\"@id\":\"https:\\\/\\\/crta.rs\\\/en\\\/regional-road-map-for-the-western-balkans-2017\\\/#primaryimage\",\"url\":\"https:\\\/\\\/crta.rs\\\/wp-content\\\/uploads\\\/2019\\\/01\\\/regional-road-for-the-western-balkan-2017.png\",\"contentUrl\":\"https:\\\/\\\/crta.rs\\\/wp-content\\\/uploads\\\/2019\\\/01\\\/regional-road-for-the-western-balkan-2017.png\",\"width\":595,\"height\":842},{\"@type\":\"BreadcrumbList\",\"@id\":\"https:\\\/\\\/crta.rs\\\/en\\\/regional-road-map-for-the-western-balkans-2017\\\/#breadcrumb\",\"itemListElement\":[{\"@type\":\"ListItem\",\"position\":1,\"name\":\"Home\",\"item\":\"https:\\\/\\\/crta.rs\\\/en\\\/\"},{\"@type\":\"ListItem\",\"position\":2,\"name\":\"Publications\",\"item\":\"https:\\\/\\\/crta.rs\\\/en\\\/category\\\/publication-en\\\/\"},{\"@type\":\"ListItem\",\"position\":3,\"name\":\"Regional Road Map for the Western Balkans 2017.\"}]},{\"@type\":\"WebSite\",\"@id\":\"https:\\\/\\\/crta.rs\\\/en\\\/#website\",\"url\":\"https:\\\/\\\/crta.rs\\\/en\\\/\",\"name\":\"CRTA\",\"description\":\"Mi smo grupa aktivista i novinara koja zajedno sa gra\u0111anima uti\u010de na pove\u0107anje odgovornosti institucija i javnih funkcionera kroz pra\u0107enje i kontrolu njihovog rada.\",\"potentialAction\":[{\"@type\":\"SearchAction\",\"target\":{\"@type\":\"EntryPoint\",\"urlTemplate\":\"https:\\\/\\\/crta.rs\\\/en\\\/?s={search_term_string}\"},\"query-input\":{\"@type\":\"PropertyValueSpecification\",\"valueRequired\":true,\"valueName\":\"search_term_string\"}}],\"inLanguage\":\"en-US\"},{\"@type\":\"Person\",\"@id\":\"https:\\\/\\\/crta.rs\\\/en\\\/#\\\/schema\\\/person\\\/0cc37dbc4cb7d35b32379de6f98e1c7f\",\"name\":\"milica\",\"url\":\"https:\\\/\\\/crta.rs\\\/en\\\/author\\\/milica\\\/\"}]}<\/script>\n<!-- \/ Yoast SEO plugin. -->","yoast_head_json":{"title":"Regional Road Map for the Western Balkans 2017. - CRTA","robots":{"index":"index","follow":"follow","max-snippet":"max-snippet:-1","max-image-preview":"max-image-preview:large","max-video-preview":"max-video-preview:-1"},"canonical":"https:\/\/crta.rs\/en\/regional-road-map-for-the-western-balkans-2017\/","og_locale":"en_US","og_type":"article","og_title":"Regional Road Map for the Western Balkans 2017. - CRTA","og_description":"ACTION SEE provides a platform for dialogue and a concrete tool for measuring the degree to which state institutions uphold principles and standards of open governance through its Index of Openness. The project aims to increase the inclusion of civic society and media organisations in decision-making processes and the creation of public opinion and policies,...","og_url":"https:\/\/crta.rs\/en\/regional-road-map-for-the-western-balkans-2017\/","og_site_name":"CRTA","article_publisher":"https:\/\/www.facebook.com\/CRTArs\/","article_published_time":"2019-01-18T14:30:19+00:00","article_modified_time":"2020-01-13T15:36:40+00:00","og_image":[{"width":595,"height":842,"url":"https:\/\/crta.rs\/wp-content\/uploads\/2019\/01\/regional-road-for-the-western-balkan-2017.png","type":"image\/png"}],"author":"milica","twitter_card":"summary_large_image","twitter_misc":{"Written by":"milica"},"schema":{"@context":"https:\/\/schema.org","@graph":[{"@type":"Article","@id":"https:\/\/crta.rs\/en\/regional-road-map-for-the-western-balkans-2017\/#article","isPartOf":{"@id":"https:\/\/crta.rs\/en\/regional-road-map-for-the-western-balkans-2017\/"},"author":{"name":"milica","@id":"https:\/\/crta.rs\/en\/#\/schema\/person\/0cc37dbc4cb7d35b32379de6f98e1c7f"},"headline":"Regional Road Map for the Western Balkans 2017.","datePublished":"2019-01-18T14:30:19+00:00","dateModified":"2020-01-13T15:36:40+00:00","mainEntityOfPage":{"@id":"https:\/\/crta.rs\/en\/regional-road-map-for-the-western-balkans-2017\/"},"wordCount":76,"commentCount":0,"image":{"@id":"https:\/\/crta.rs\/en\/regional-road-map-for-the-western-balkans-2017\/#primaryimage"},"thumbnailUrl":"https:\/\/crta.rs\/wp-content\/uploads\/2019\/01\/regional-road-for-the-western-balkan-2017.png","keywords":["institutions","openness","reports and analysis","research","transparency"],"articleSection":["Publications"],"inLanguage":"en-US","potentialAction":[{"@type":"CommentAction","name":"Comment","target":["https:\/\/crta.rs\/en\/regional-road-map-for-the-western-balkans-2017\/#respond"]}]},{"@type":"WebPage","@id":"https:\/\/crta.rs\/en\/regional-road-map-for-the-western-balkans-2017\/","url":"https:\/\/crta.rs\/en\/regional-road-map-for-the-western-balkans-2017\/","name":"Regional Road Map for the Western Balkans 2017. - CRTA","isPartOf":{"@id":"https:\/\/crta.rs\/en\/#website"},"primaryImageOfPage":{"@id":"https:\/\/crta.rs\/en\/regional-road-map-for-the-western-balkans-2017\/#primaryimage"},"image":{"@id":"https:\/\/crta.rs\/en\/regional-road-map-for-the-western-balkans-2017\/#primaryimage"},"thumbnailUrl":"https:\/\/crta.rs\/wp-content\/uploads\/2019\/01\/regional-road-for-the-western-balkan-2017.png","datePublished":"2019-01-18T14:30:19+00:00","dateModified":"2020-01-13T15:36:40+00:00","author":{"@id":"https:\/\/crta.rs\/en\/#\/schema\/person\/0cc37dbc4cb7d35b32379de6f98e1c7f"},"breadcrumb":{"@id":"https:\/\/crta.rs\/en\/regional-road-map-for-the-western-balkans-2017\/#breadcrumb"},"inLanguage":"en-US","potentialAction":[{"@type":"ReadAction","target":["https:\/\/crta.rs\/en\/regional-road-map-for-the-western-balkans-2017\/"]}]},{"@type":"ImageObject","inLanguage":"en-US","@id":"https:\/\/crta.rs\/en\/regional-road-map-for-the-western-balkans-2017\/#primaryimage","url":"https:\/\/crta.rs\/wp-content\/uploads\/2019\/01\/regional-road-for-the-western-balkan-2017.png","contentUrl":"https:\/\/crta.rs\/wp-content\/uploads\/2019\/01\/regional-road-for-the-western-balkan-2017.png","width":595,"height":842},{"@type":"BreadcrumbList","@id":"https:\/\/crta.rs\/en\/regional-road-map-for-the-western-balkans-2017\/#breadcrumb","itemListElement":[{"@type":"ListItem","position":1,"name":"Home","item":"https:\/\/crta.rs\/en\/"},{"@type":"ListItem","position":2,"name":"Publications","item":"https:\/\/crta.rs\/en\/category\/publication-en\/"},{"@type":"ListItem","position":3,"name":"Regional Road Map for the Western Balkans 2017."}]},{"@type":"WebSite","@id":"https:\/\/crta.rs\/en\/#website","url":"https:\/\/crta.rs\/en\/","name":"CRTA","description":"Mi smo grupa aktivista i novinara koja zajedno sa gra\u0111anima uti\u010de na pove\u0107anje odgovornosti institucija i javnih funkcionera kroz pra\u0107enje i kontrolu njihovog rada.","potentialAction":[{"@type":"SearchAction","target":{"@type":"EntryPoint","urlTemplate":"https:\/\/crta.rs\/en\/?s={search_term_string}"},"query-input":{"@type":"PropertyValueSpecification","valueRequired":true,"valueName":"search_term_string"}}],"inLanguage":"en-US"},{"@type":"Person","@id":"https:\/\/crta.rs\/en\/#\/schema\/person\/0cc37dbc4cb7d35b32379de6f98e1c7f","name":"milica","url":"https:\/\/crta.rs\/en\/author\/milica\/"}]}},"_links":{"self":[{"href":"https:\/\/crta.rs\/en\/wp-json\/wp\/v2\/posts\/5044","targetHints":{"allow":["GET"]}}],"collection":[{"href":"https:\/\/crta.rs\/en\/wp-json\/wp\/v2\/posts"}],"about":[{"href":"https:\/\/crta.rs\/en\/wp-json\/wp\/v2\/types\/post"}],"author":[{"embeddable":true,"href":"https:\/\/crta.rs\/en\/wp-json\/wp\/v2\/users\/3"}],"replies":[{"embeddable":true,"href":"https:\/\/crta.rs\/en\/wp-json\/wp\/v2\/comments?post=5044"}],"version-history":[{"count":2,"href":"https:\/\/crta.rs\/en\/wp-json\/wp\/v2\/posts\/5044\/revisions"}],"predecessor-version":[{"id":19011,"href":"https:\/\/crta.rs\/en\/wp-json\/wp\/v2\/posts\/5044\/revisions\/19011"}],"wp:featuredmedia":[{"embeddable":true,"href":"https:\/\/crta.rs\/en\/wp-json\/wp\/v2\/media\/5049"}],"wp:attachment":[{"href":"https:\/\/crta.rs\/en\/wp-json\/wp\/v2\/media?parent=5044"}],"wp:term":[{"taxonomy":"category","embeddable":true,"href":"https:\/\/crta.rs\/en\/wp-json\/wp\/v2\/categories?post=5044"},{"taxonomy":"post_tag","embeddable":true,"href":"https:\/\/crta.rs\/en\/wp-json\/wp\/v2\/tags?post=5044"}],"curies":[{"name":"wp","href":"https:\/\/api.w.org\/{rel}","templated":true}]}}