{"id":44295,"date":"2026-02-18T15:55:42","date_gmt":"2026-02-18T14:55:42","guid":{"rendered":"https:\/\/crta.rs\/?p=44295"},"modified":"2026-04-22T14:38:35","modified_gmt":"2026-04-22T12:38:35","slug":"local-elections-in-secanj-mionica-and-negotin","status":"publish","type":"post","link":"https:\/\/crta.rs\/en\/local-elections-in-secanj-mionica-and-negotin\/","title":{"rendered":"LOCAL ELECTIONS IN SE\u010cANJ, MIONICA, AND NEGOTIN"},"content":{"rendered":"<p>On November 30, CRTA\u2019s observation mission was present among citizens, monitoring voting during the local elections in Se\u010danj, Mionica, and Negotin. <a href=\"https:\/\/crta.rs\/en\/due-to-violence-by-criminals-and-the-unlawful-conduct-by-the-police-crtas-election-observation-mission-in-mionica-has-been-suspended\/\" target=\"_blank\" rel=\"noopener\">Due to an attack on CRTA\u2019s observers, the mission in Mionica was suspended<\/a>.<\/p>\n","protected":false},"excerpt":{"rendered":"<p>On November 30, CRTA\u2019s observation mission was present among citizens, monitoring voting during the local elections in Se\u010danj, Mionica, and Negotin. Due to an attack on CRTA\u2019s observers, the mission in Mionica was suspended.<\/p>\n","protected":false},"author":1496,"featured_media":0,"comment_status":"closed","ping_status":"open","sticky":false,"template":"","format":"standard","meta":{"_acf_changed":false,"footnotes":"","_links_to":"","_links_to_target":""},"categories":[390],"tags":[],"class_list":["post-44295","post","type-post","status-publish","format-standard","hentry","category-history-en","ciTrackContent"],"acf":[],"yoast_head":"<!-- This site is optimized with the Yoast SEO plugin v27.4 - https:\/\/yoast.com\/product\/yoast-seo-wordpress\/ -->\n<title>LOCAL ELECTIONS IN SE\u010cANJ, MIONICA, AND NEGOTIN - CRTA<\/title>\n<meta name=\"robots\" content=\"index, follow, max-snippet:-1, max-image-preview:large, max-video-preview:-1\" \/>\n<link rel=\"canonical\" href=\"https:\/\/crta.rs\/en\/local-elections-in-secanj-mionica-and-negotin\/\" \/>\n<meta property=\"og:locale\" content=\"en_US\" \/>\n<meta property=\"og:type\" content=\"article\" \/>\n<meta property=\"og:title\" content=\"LOCAL ELECTIONS IN SE\u010cANJ, MIONICA, AND NEGOTIN - CRTA\" \/>\n<meta property=\"og:description\" content=\"On November 30, CRTA\u2019s observation mission was present among citizens, monitoring voting during the local elections in Se\u010danj, Mionica, and Negotin. Due to an attack on CRTA\u2019s observers, the mission in Mionica was suspended.\" \/>\n<meta property=\"og:url\" content=\"https:\/\/crta.rs\/en\/local-elections-in-secanj-mionica-and-negotin\/\" \/>\n<meta property=\"og:site_name\" content=\"CRTA\" \/>\n<meta property=\"article:publisher\" content=\"https:\/\/www.facebook.com\/CRTArs\/\" \/>\n<meta property=\"article:published_time\" content=\"2026-02-18T14:55:42+00:00\" \/>\n<meta property=\"article:modified_time\" content=\"2026-04-22T12:38:35+00:00\" \/>\n<meta property=\"og:image\" content=\"https:\/\/crta.rs\/wp-content\/uploads\/2019\/03\/CRTA-logo.jpg\" \/>\n\t<meta property=\"og:image:width\" content=\"2400\" \/>\n\t<meta property=\"og:image:height\" content=\"1596\" \/>\n\t<meta property=\"og:image:type\" content=\"image\/jpeg\" \/>\n<meta name=\"author\" content=\"\u0110ur\u0111a Atanackovi\u0107\" \/>\n<meta name=\"twitter:card\" content=\"summary_large_image\" \/>\n<meta name=\"twitter:label1\" content=\"Written by\" \/>\n\t<meta name=\"twitter:data1\" content=\"\u0110ur\u0111a Atanackovi\u0107\" \/>\n\t<meta name=\"twitter:label2\" content=\"Est. reading time\" \/>\n\t<meta name=\"twitter:data2\" content=\"1 minute\" \/>\n<script type=\"application\/ld+json\" class=\"yoast-schema-graph\">{\"@context\":\"https:\\\/\\\/schema.org\",\"@graph\":[{\"@type\":\"Article\",\"@id\":\"https:\\\/\\\/crta.rs\\\/en\\\/local-elections-in-secanj-mionica-and-negotin\\\/#article\",\"isPartOf\":{\"@id\":\"https:\\\/\\\/crta.rs\\\/en\\\/local-elections-in-secanj-mionica-and-negotin\\\/\"},\"author\":{\"name\":\"\u0110ur\u0111a Atanackovi\u0107\",\"@id\":\"https:\\\/\\\/crta.rs\\\/en\\\/#\\\/schema\\\/person\\\/a35e878bfa74bc9245d7167e4a1de7f0\"},\"headline\":\"LOCAL ELECTIONS IN SE\u010cANJ, MIONICA, AND NEGOTIN\",\"datePublished\":\"2026-02-18T14:55:42+00:00\",\"dateModified\":\"2026-04-22T12:38:35+00:00\",\"mainEntityOfPage\":{\"@id\":\"https:\\\/\\\/crta.rs\\\/en\\\/local-elections-in-secanj-mionica-and-negotin\\\/\"},\"wordCount\":44,\"articleSection\":[\"History English\"],\"inLanguage\":\"en-US\"},{\"@type\":\"WebPage\",\"@id\":\"https:\\\/\\\/crta.rs\\\/en\\\/local-elections-in-secanj-mionica-and-negotin\\\/\",\"url\":\"https:\\\/\\\/crta.rs\\\/en\\\/local-elections-in-secanj-mionica-and-negotin\\\/\",\"name\":\"LOCAL ELECTIONS IN SE\u010cANJ, MIONICA, AND NEGOTIN - CRTA\",\"isPartOf\":{\"@id\":\"https:\\\/\\\/crta.rs\\\/en\\\/#website\"},\"datePublished\":\"2026-02-18T14:55:42+00:00\",\"dateModified\":\"2026-04-22T12:38:35+00:00\",\"author\":{\"@id\":\"https:\\\/\\\/crta.rs\\\/en\\\/#\\\/schema\\\/person\\\/a35e878bfa74bc9245d7167e4a1de7f0\"},\"breadcrumb\":{\"@id\":\"https:\\\/\\\/crta.rs\\\/en\\\/local-elections-in-secanj-mionica-and-negotin\\\/#breadcrumb\"},\"inLanguage\":\"en-US\",\"potentialAction\":[{\"@type\":\"ReadAction\",\"target\":[\"https:\\\/\\\/crta.rs\\\/en\\\/local-elections-in-secanj-mionica-and-negotin\\\/\"]}]},{\"@type\":\"BreadcrumbList\",\"@id\":\"https:\\\/\\\/crta.rs\\\/en\\\/local-elections-in-secanj-mionica-and-negotin\\\/#breadcrumb\",\"itemListElement\":[{\"@type\":\"ListItem\",\"position\":1,\"name\":\"Home\",\"item\":\"https:\\\/\\\/crta.rs\\\/en\\\/\"},{\"@type\":\"ListItem\",\"position\":2,\"name\":\"History English\",\"item\":\"https:\\\/\\\/crta.rs\\\/en\\\/category\\\/history-en\\\/\"},{\"@type\":\"ListItem\",\"position\":3,\"name\":\"LOCAL ELECTIONS IN SE\u010cANJ, MIONICA, AND NEGOTIN\"}]},{\"@type\":\"WebSite\",\"@id\":\"https:\\\/\\\/crta.rs\\\/en\\\/#website\",\"url\":\"https:\\\/\\\/crta.rs\\\/en\\\/\",\"name\":\"CRTA\",\"description\":\"Mi smo grupa aktivista i novinara koja zajedno sa gra\u0111anima uti\u010de na pove\u0107anje odgovornosti institucija i javnih funkcionera kroz pra\u0107enje i kontrolu njihovog rada.\",\"potentialAction\":[{\"@type\":\"SearchAction\",\"target\":{\"@type\":\"EntryPoint\",\"urlTemplate\":\"https:\\\/\\\/crta.rs\\\/en\\\/?s={search_term_string}\"},\"query-input\":{\"@type\":\"PropertyValueSpecification\",\"valueRequired\":true,\"valueName\":\"search_term_string\"}}],\"inLanguage\":\"en-US\"},{\"@type\":\"Person\",\"@id\":\"https:\\\/\\\/crta.rs\\\/en\\\/#\\\/schema\\\/person\\\/a35e878bfa74bc9245d7167e4a1de7f0\",\"name\":\"\u0110ur\u0111a Atanackovi\u0107\",\"url\":\"https:\\\/\\\/crta.rs\\\/en\\\/author\\\/djurdja\\\/\"}]}<\/script>\n<!-- \/ Yoast SEO plugin. -->","yoast_head_json":{"title":"LOCAL ELECTIONS IN SE\u010cANJ, MIONICA, AND NEGOTIN - CRTA","robots":{"index":"index","follow":"follow","max-snippet":"max-snippet:-1","max-image-preview":"max-image-preview:large","max-video-preview":"max-video-preview:-1"},"canonical":"https:\/\/crta.rs\/en\/local-elections-in-secanj-mionica-and-negotin\/","og_locale":"en_US","og_type":"article","og_title":"LOCAL ELECTIONS IN SE\u010cANJ, MIONICA, AND NEGOTIN - CRTA","og_description":"On November 30, CRTA\u2019s observation mission was present among citizens, monitoring voting during the local elections in Se\u010danj, Mionica, and Negotin. Due to an attack on CRTA\u2019s observers, the mission in Mionica was suspended.","og_url":"https:\/\/crta.rs\/en\/local-elections-in-secanj-mionica-and-negotin\/","og_site_name":"CRTA","article_publisher":"https:\/\/www.facebook.com\/CRTArs\/","article_published_time":"2026-02-18T14:55:42+00:00","article_modified_time":"2026-04-22T12:38:35+00:00","og_image":[{"width":2400,"height":1596,"url":"https:\/\/crta.rs\/wp-content\/uploads\/2019\/03\/CRTA-logo.jpg","type":"image\/jpeg"}],"author":"\u0110ur\u0111a Atanackovi\u0107","twitter_card":"summary_large_image","twitter_misc":{"Written by":"\u0110ur\u0111a Atanackovi\u0107","Est. reading time":"1 minute"},"schema":{"@context":"https:\/\/schema.org","@graph":[{"@type":"Article","@id":"https:\/\/crta.rs\/en\/local-elections-in-secanj-mionica-and-negotin\/#article","isPartOf":{"@id":"https:\/\/crta.rs\/en\/local-elections-in-secanj-mionica-and-negotin\/"},"author":{"name":"\u0110ur\u0111a Atanackovi\u0107","@id":"https:\/\/crta.rs\/en\/#\/schema\/person\/a35e878bfa74bc9245d7167e4a1de7f0"},"headline":"LOCAL ELECTIONS IN SE\u010cANJ, MIONICA, AND NEGOTIN","datePublished":"2026-02-18T14:55:42+00:00","dateModified":"2026-04-22T12:38:35+00:00","mainEntityOfPage":{"@id":"https:\/\/crta.rs\/en\/local-elections-in-secanj-mionica-and-negotin\/"},"wordCount":44,"articleSection":["History English"],"inLanguage":"en-US"},{"@type":"WebPage","@id":"https:\/\/crta.rs\/en\/local-elections-in-secanj-mionica-and-negotin\/","url":"https:\/\/crta.rs\/en\/local-elections-in-secanj-mionica-and-negotin\/","name":"LOCAL ELECTIONS IN SE\u010cANJ, MIONICA, AND NEGOTIN - CRTA","isPartOf":{"@id":"https:\/\/crta.rs\/en\/#website"},"datePublished":"2026-02-18T14:55:42+00:00","dateModified":"2026-04-22T12:38:35+00:00","author":{"@id":"https:\/\/crta.rs\/en\/#\/schema\/person\/a35e878bfa74bc9245d7167e4a1de7f0"},"breadcrumb":{"@id":"https:\/\/crta.rs\/en\/local-elections-in-secanj-mionica-and-negotin\/#breadcrumb"},"inLanguage":"en-US","potentialAction":[{"@type":"ReadAction","target":["https:\/\/crta.rs\/en\/local-elections-in-secanj-mionica-and-negotin\/"]}]},{"@type":"BreadcrumbList","@id":"https:\/\/crta.rs\/en\/local-elections-in-secanj-mionica-and-negotin\/#breadcrumb","itemListElement":[{"@type":"ListItem","position":1,"name":"Home","item":"https:\/\/crta.rs\/en\/"},{"@type":"ListItem","position":2,"name":"History English","item":"https:\/\/crta.rs\/en\/category\/history-en\/"},{"@type":"ListItem","position":3,"name":"LOCAL ELECTIONS IN SE\u010cANJ, MIONICA, AND NEGOTIN"}]},{"@type":"WebSite","@id":"https:\/\/crta.rs\/en\/#website","url":"https:\/\/crta.rs\/en\/","name":"CRTA","description":"Mi smo grupa aktivista i novinara koja zajedno sa gra\u0111anima uti\u010de na pove\u0107anje odgovornosti institucija i javnih funkcionera kroz pra\u0107enje i kontrolu njihovog rada.","potentialAction":[{"@type":"SearchAction","target":{"@type":"EntryPoint","urlTemplate":"https:\/\/crta.rs\/en\/?s={search_term_string}"},"query-input":{"@type":"PropertyValueSpecification","valueRequired":true,"valueName":"search_term_string"}}],"inLanguage":"en-US"},{"@type":"Person","@id":"https:\/\/crta.rs\/en\/#\/schema\/person\/a35e878bfa74bc9245d7167e4a1de7f0","name":"\u0110ur\u0111a Atanackovi\u0107","url":"https:\/\/crta.rs\/en\/author\/djurdja\/"}]}},"_links":{"self":[{"href":"https:\/\/crta.rs\/en\/wp-json\/wp\/v2\/posts\/44295","targetHints":{"allow":["GET"]}}],"collection":[{"href":"https:\/\/crta.rs\/en\/wp-json\/wp\/v2\/posts"}],"about":[{"href":"https:\/\/crta.rs\/en\/wp-json\/wp\/v2\/types\/post"}],"author":[{"embeddable":true,"href":"https:\/\/crta.rs\/en\/wp-json\/wp\/v2\/users\/1496"}],"replies":[{"embeddable":true,"href":"https:\/\/crta.rs\/en\/wp-json\/wp\/v2\/comments?post=44295"}],"version-history":[{"count":2,"href":"https:\/\/crta.rs\/en\/wp-json\/wp\/v2\/posts\/44295\/revisions"}],"predecessor-version":[{"id":44623,"href":"https:\/\/crta.rs\/en\/wp-json\/wp\/v2\/posts\/44295\/revisions\/44623"}],"wp:attachment":[{"href":"https:\/\/crta.rs\/en\/wp-json\/wp\/v2\/media?parent=44295"}],"wp:term":[{"taxonomy":"category","embeddable":true,"href":"https:\/\/crta.rs\/en\/wp-json\/wp\/v2\/categories?post=44295"},{"taxonomy":"post_tag","embeddable":true,"href":"https:\/\/crta.rs\/en\/wp-json\/wp\/v2\/tags?post=44295"}],"curies":[{"name":"wp","href":"https:\/\/api.w.org\/{rel}","templated":true}]}}