{"id":44293,"date":"2026-02-18T15:52:53","date_gmt":"2026-02-18T14:52:53","guid":{"rendered":"https:\/\/crta.rs\/?p=44293"},"modified":"2026-02-18T15:52:53","modified_gmt":"2026-02-18T14:52:53","slug":"elections-etc","status":"publish","type":"post","link":"https:\/\/crta.rs\/en\/elections-etc\/","title":{"rendered":"ELECTIONS ETC."},"content":{"rendered":"<p>In anticipation of the calling of early parliamentary elections, as well as a year marked by several local votes, CRTA and Istinomer have launched a new news magazine, <em data-start=\"190\" data-end=\"206\">Elections Etc. <\/em>Through reports, analyses, and personal stories of electoral stakeholders, the magazine conveys to the public the atmosphere of a \u201cpre-campaign\u201d that is already well underway.<\/p>\n","protected":false},"excerpt":{"rendered":"<p>In anticipation of the calling of early parliamentary elections, as well as a year marked by several local votes, CRTA and Istinomer have launched a new news magazine, Elections Etc. Through reports, analyses, and personal stories of electoral stakeholders, the magazine conveys to the public the atmosphere of a \u201cpre-campaign\u201d that is already well underway.<\/p>\n","protected":false},"author":1496,"featured_media":0,"comment_status":"closed","ping_status":"open","sticky":false,"template":"","format":"standard","meta":{"_acf_changed":false,"footnotes":"","_links_to":"","_links_to_target":""},"categories":[390],"tags":[],"class_list":["post-44293","post","type-post","status-publish","format-standard","hentry","category-history-en","ciTrackContent"],"acf":[],"yoast_head":"<!-- This site is optimized with the Yoast SEO plugin v27.4 - https:\/\/yoast.com\/product\/yoast-seo-wordpress\/ -->\n<title>ELECTIONS ETC. - CRTA<\/title>\n<meta name=\"robots\" content=\"index, follow, max-snippet:-1, max-image-preview:large, max-video-preview:-1\" \/>\n<link rel=\"canonical\" href=\"https:\/\/crta.rs\/en\/elections-etc\/\" \/>\n<meta property=\"og:locale\" content=\"en_US\" \/>\n<meta property=\"og:type\" content=\"article\" \/>\n<meta property=\"og:title\" content=\"ELECTIONS ETC. - CRTA\" \/>\n<meta property=\"og:description\" content=\"In anticipation of the calling of early parliamentary elections, as well as a year marked by several local votes, CRTA and Istinomer have launched a new news magazine, Elections Etc. Through reports, analyses, and personal stories of electoral stakeholders, the magazine conveys to the public the atmosphere of a \u201cpre-campaign\u201d that is already well underway.\" \/>\n<meta property=\"og:url\" content=\"https:\/\/crta.rs\/en\/elections-etc\/\" \/>\n<meta property=\"og:site_name\" content=\"CRTA\" \/>\n<meta property=\"article:publisher\" content=\"https:\/\/www.facebook.com\/CRTArs\/\" \/>\n<meta property=\"article:published_time\" content=\"2026-02-18T14:52:53+00:00\" \/>\n<meta property=\"og:image\" content=\"https:\/\/crta.rs\/wp-content\/uploads\/2019\/03\/CRTA-logo.jpg\" \/>\n\t<meta property=\"og:image:width\" content=\"2400\" \/>\n\t<meta property=\"og:image:height\" content=\"1596\" \/>\n\t<meta property=\"og:image:type\" content=\"image\/jpeg\" \/>\n<meta name=\"author\" content=\"\u0110ur\u0111a Atanackovi\u0107\" \/>\n<meta name=\"twitter:card\" content=\"summary_large_image\" \/>\n<meta name=\"twitter:label1\" content=\"Written by\" \/>\n\t<meta name=\"twitter:data1\" content=\"\u0110ur\u0111a Atanackovi\u0107\" \/>\n<script type=\"application\/ld+json\" class=\"yoast-schema-graph\">{\"@context\":\"https:\\\/\\\/schema.org\",\"@graph\":[{\"@type\":\"Article\",\"@id\":\"https:\\\/\\\/crta.rs\\\/en\\\/elections-etc\\\/#article\",\"isPartOf\":{\"@id\":\"https:\\\/\\\/crta.rs\\\/en\\\/elections-etc\\\/\"},\"author\":{\"name\":\"\u0110ur\u0111a Atanackovi\u0107\",\"@id\":\"https:\\\/\\\/crta.rs\\\/en\\\/#\\\/schema\\\/person\\\/a35e878bfa74bc9245d7167e4a1de7f0\"},\"headline\":\"ELECTIONS ETC.\",\"datePublished\":\"2026-02-18T14:52:53+00:00\",\"mainEntityOfPage\":{\"@id\":\"https:\\\/\\\/crta.rs\\\/en\\\/elections-etc\\\/\"},\"wordCount\":57,\"articleSection\":[\"History English\"],\"inLanguage\":\"en-US\"},{\"@type\":\"WebPage\",\"@id\":\"https:\\\/\\\/crta.rs\\\/en\\\/elections-etc\\\/\",\"url\":\"https:\\\/\\\/crta.rs\\\/en\\\/elections-etc\\\/\",\"name\":\"ELECTIONS ETC. - CRTA\",\"isPartOf\":{\"@id\":\"https:\\\/\\\/crta.rs\\\/en\\\/#website\"},\"datePublished\":\"2026-02-18T14:52:53+00:00\",\"author\":{\"@id\":\"https:\\\/\\\/crta.rs\\\/en\\\/#\\\/schema\\\/person\\\/a35e878bfa74bc9245d7167e4a1de7f0\"},\"breadcrumb\":{\"@id\":\"https:\\\/\\\/crta.rs\\\/en\\\/elections-etc\\\/#breadcrumb\"},\"inLanguage\":\"en-US\",\"potentialAction\":[{\"@type\":\"ReadAction\",\"target\":[\"https:\\\/\\\/crta.rs\\\/en\\\/elections-etc\\\/\"]}]},{\"@type\":\"BreadcrumbList\",\"@id\":\"https:\\\/\\\/crta.rs\\\/en\\\/elections-etc\\\/#breadcrumb\",\"itemListElement\":[{\"@type\":\"ListItem\",\"position\":1,\"name\":\"Home\",\"item\":\"https:\\\/\\\/crta.rs\\\/en\\\/\"},{\"@type\":\"ListItem\",\"position\":2,\"name\":\"History English\",\"item\":\"https:\\\/\\\/crta.rs\\\/en\\\/category\\\/history-en\\\/\"},{\"@type\":\"ListItem\",\"position\":3,\"name\":\"ELECTIONS ETC.\"}]},{\"@type\":\"WebSite\",\"@id\":\"https:\\\/\\\/crta.rs\\\/en\\\/#website\",\"url\":\"https:\\\/\\\/crta.rs\\\/en\\\/\",\"name\":\"CRTA\",\"description\":\"Mi smo grupa aktivista i novinara koja zajedno sa gra\u0111anima uti\u010de na pove\u0107anje odgovornosti institucija i javnih funkcionera kroz pra\u0107enje i kontrolu njihovog rada.\",\"potentialAction\":[{\"@type\":\"SearchAction\",\"target\":{\"@type\":\"EntryPoint\",\"urlTemplate\":\"https:\\\/\\\/crta.rs\\\/en\\\/?s={search_term_string}\"},\"query-input\":{\"@type\":\"PropertyValueSpecification\",\"valueRequired\":true,\"valueName\":\"search_term_string\"}}],\"inLanguage\":\"en-US\"},{\"@type\":\"Person\",\"@id\":\"https:\\\/\\\/crta.rs\\\/en\\\/#\\\/schema\\\/person\\\/a35e878bfa74bc9245d7167e4a1de7f0\",\"name\":\"\u0110ur\u0111a Atanackovi\u0107\",\"url\":\"https:\\\/\\\/crta.rs\\\/en\\\/author\\\/djurdja\\\/\"}]}<\/script>\n<!-- \/ Yoast SEO plugin. -->","yoast_head_json":{"title":"ELECTIONS ETC. - CRTA","robots":{"index":"index","follow":"follow","max-snippet":"max-snippet:-1","max-image-preview":"max-image-preview:large","max-video-preview":"max-video-preview:-1"},"canonical":"https:\/\/crta.rs\/en\/elections-etc\/","og_locale":"en_US","og_type":"article","og_title":"ELECTIONS ETC. - CRTA","og_description":"In anticipation of the calling of early parliamentary elections, as well as a year marked by several local votes, CRTA and Istinomer have launched a new news magazine, Elections Etc. Through reports, analyses, and personal stories of electoral stakeholders, the magazine conveys to the public the atmosphere of a \u201cpre-campaign\u201d that is already well underway.","og_url":"https:\/\/crta.rs\/en\/elections-etc\/","og_site_name":"CRTA","article_publisher":"https:\/\/www.facebook.com\/CRTArs\/","article_published_time":"2026-02-18T14:52:53+00:00","og_image":[{"width":2400,"height":1596,"url":"https:\/\/crta.rs\/wp-content\/uploads\/2019\/03\/CRTA-logo.jpg","type":"image\/jpeg"}],"author":"\u0110ur\u0111a Atanackovi\u0107","twitter_card":"summary_large_image","twitter_misc":{"Written by":"\u0110ur\u0111a Atanackovi\u0107"},"schema":{"@context":"https:\/\/schema.org","@graph":[{"@type":"Article","@id":"https:\/\/crta.rs\/en\/elections-etc\/#article","isPartOf":{"@id":"https:\/\/crta.rs\/en\/elections-etc\/"},"author":{"name":"\u0110ur\u0111a Atanackovi\u0107","@id":"https:\/\/crta.rs\/en\/#\/schema\/person\/a35e878bfa74bc9245d7167e4a1de7f0"},"headline":"ELECTIONS ETC.","datePublished":"2026-02-18T14:52:53+00:00","mainEntityOfPage":{"@id":"https:\/\/crta.rs\/en\/elections-etc\/"},"wordCount":57,"articleSection":["History English"],"inLanguage":"en-US"},{"@type":"WebPage","@id":"https:\/\/crta.rs\/en\/elections-etc\/","url":"https:\/\/crta.rs\/en\/elections-etc\/","name":"ELECTIONS ETC. - CRTA","isPartOf":{"@id":"https:\/\/crta.rs\/en\/#website"},"datePublished":"2026-02-18T14:52:53+00:00","author":{"@id":"https:\/\/crta.rs\/en\/#\/schema\/person\/a35e878bfa74bc9245d7167e4a1de7f0"},"breadcrumb":{"@id":"https:\/\/crta.rs\/en\/elections-etc\/#breadcrumb"},"inLanguage":"en-US","potentialAction":[{"@type":"ReadAction","target":["https:\/\/crta.rs\/en\/elections-etc\/"]}]},{"@type":"BreadcrumbList","@id":"https:\/\/crta.rs\/en\/elections-etc\/#breadcrumb","itemListElement":[{"@type":"ListItem","position":1,"name":"Home","item":"https:\/\/crta.rs\/en\/"},{"@type":"ListItem","position":2,"name":"History English","item":"https:\/\/crta.rs\/en\/category\/history-en\/"},{"@type":"ListItem","position":3,"name":"ELECTIONS ETC."}]},{"@type":"WebSite","@id":"https:\/\/crta.rs\/en\/#website","url":"https:\/\/crta.rs\/en\/","name":"CRTA","description":"Mi smo grupa aktivista i novinara koja zajedno sa gra\u0111anima uti\u010de na pove\u0107anje odgovornosti institucija i javnih funkcionera kroz pra\u0107enje i kontrolu njihovog rada.","potentialAction":[{"@type":"SearchAction","target":{"@type":"EntryPoint","urlTemplate":"https:\/\/crta.rs\/en\/?s={search_term_string}"},"query-input":{"@type":"PropertyValueSpecification","valueRequired":true,"valueName":"search_term_string"}}],"inLanguage":"en-US"},{"@type":"Person","@id":"https:\/\/crta.rs\/en\/#\/schema\/person\/a35e878bfa74bc9245d7167e4a1de7f0","name":"\u0110ur\u0111a Atanackovi\u0107","url":"https:\/\/crta.rs\/en\/author\/djurdja\/"}]}},"_links":{"self":[{"href":"https:\/\/crta.rs\/en\/wp-json\/wp\/v2\/posts\/44293","targetHints":{"allow":["GET"]}}],"collection":[{"href":"https:\/\/crta.rs\/en\/wp-json\/wp\/v2\/posts"}],"about":[{"href":"https:\/\/crta.rs\/en\/wp-json\/wp\/v2\/types\/post"}],"author":[{"embeddable":true,"href":"https:\/\/crta.rs\/en\/wp-json\/wp\/v2\/users\/1496"}],"replies":[{"embeddable":true,"href":"https:\/\/crta.rs\/en\/wp-json\/wp\/v2\/comments?post=44293"}],"version-history":[{"count":1,"href":"https:\/\/crta.rs\/en\/wp-json\/wp\/v2\/posts\/44293\/revisions"}],"predecessor-version":[{"id":44294,"href":"https:\/\/crta.rs\/en\/wp-json\/wp\/v2\/posts\/44293\/revisions\/44294"}],"wp:attachment":[{"href":"https:\/\/crta.rs\/en\/wp-json\/wp\/v2\/media?parent=44293"}],"wp:term":[{"taxonomy":"category","embeddable":true,"href":"https:\/\/crta.rs\/en\/wp-json\/wp\/v2\/categories?post=44293"},{"taxonomy":"post_tag","embeddable":true,"href":"https:\/\/crta.rs\/en\/wp-json\/wp\/v2\/tags?post=44293"}],"curies":[{"name":"wp","href":"https:\/\/api.w.org\/{rel}","templated":true}]}}