{"id":44289,"date":"2026-02-18T15:49:30","date_gmt":"2026-02-18T14:49:30","guid":{"rendered":"https:\/\/crta.rs\/?p=44289"},"modified":"2026-02-18T15:49:30","modified_gmt":"2026-02-18T14:49:30","slug":"crta-s-proposal-for-the-audit-of-the-unified-voter-register","status":"publish","type":"post","link":"https:\/\/crta.rs\/en\/crta-s-proposal-for-the-audit-of-the-unified-voter-register\/","title":{"rendered":"CRTA\u2019s proposal for the audit of the Unified Voter Register"},"content":{"rendered":"<p>Following a broad consultative process involving political actors, civil society, and the expert community, and taking into account the recommendations of ODIHR, CRTA <a href=\"https:\/\/crta.rs\/en\/crtas-proposal-for-the-audit-of-the-unified-voter-register\/\" target=\"_blank\" rel=\"noopener\">finalized the Proposal Law on the Unified Voter Register<\/a>. The draft was largely reflected in the legal text adopted by the National Assembly of the Republic of Serbia.<\/p>\n","protected":false},"excerpt":{"rendered":"<p>Following a broad consultative process involving political actors, civil society, and the expert community, and taking into account the recommendations of ODIHR, CRTA finalized the Proposal Law on the Unified Voter Register. The draft was largely reflected in the legal text adopted by the National Assembly of the Republic of Serbia.<\/p>\n","protected":false},"author":1496,"featured_media":0,"comment_status":"closed","ping_status":"open","sticky":false,"template":"","format":"standard","meta":{"_acf_changed":false,"footnotes":"","_links_to":"","_links_to_target":""},"categories":[390],"tags":[],"class_list":["post-44289","post","type-post","status-publish","format-standard","hentry","category-history-en","ciTrackContent"],"acf":[],"yoast_head":"<!-- This site is optimized with the Yoast SEO plugin v27.4 - https:\/\/yoast.com\/product\/yoast-seo-wordpress\/ -->\n<title>CRTA\u2019s proposal for the audit of the Unified Voter Register - CRTA<\/title>\n<meta name=\"robots\" content=\"index, follow, max-snippet:-1, max-image-preview:large, max-video-preview:-1\" \/>\n<link rel=\"canonical\" href=\"https:\/\/crta.rs\/en\/crta-s-proposal-for-the-audit-of-the-unified-voter-register\/\" \/>\n<meta property=\"og:locale\" content=\"en_US\" \/>\n<meta property=\"og:type\" content=\"article\" \/>\n<meta property=\"og:title\" content=\"CRTA\u2019s proposal for the audit of the Unified Voter Register - CRTA\" \/>\n<meta property=\"og:description\" content=\"Following a broad consultative process involving political actors, civil society, and the expert community, and taking into account the recommendations of ODIHR, CRTA finalized the Proposal Law on the Unified Voter Register. The draft was largely reflected in the legal text adopted by the National Assembly of the Republic of Serbia.\" \/>\n<meta property=\"og:url\" content=\"https:\/\/crta.rs\/en\/crta-s-proposal-for-the-audit-of-the-unified-voter-register\/\" \/>\n<meta property=\"og:site_name\" content=\"CRTA\" \/>\n<meta property=\"article:publisher\" content=\"https:\/\/www.facebook.com\/CRTArs\/\" \/>\n<meta property=\"article:published_time\" content=\"2026-02-18T14:49:30+00:00\" \/>\n<meta property=\"og:image\" content=\"https:\/\/crta.rs\/wp-content\/uploads\/2019\/03\/CRTA-logo.jpg\" \/>\n\t<meta property=\"og:image:width\" content=\"2400\" \/>\n\t<meta property=\"og:image:height\" content=\"1596\" \/>\n\t<meta property=\"og:image:type\" content=\"image\/jpeg\" \/>\n<meta name=\"author\" content=\"\u0110ur\u0111a Atanackovi\u0107\" \/>\n<meta name=\"twitter:card\" content=\"summary_large_image\" \/>\n<meta name=\"twitter:label1\" content=\"Written by\" \/>\n\t<meta name=\"twitter:data1\" content=\"\u0110ur\u0111a Atanackovi\u0107\" \/>\n\t<meta name=\"twitter:label2\" content=\"Est. reading time\" \/>\n\t<meta name=\"twitter:data2\" content=\"1 minute\" \/>\n<script type=\"application\/ld+json\" class=\"yoast-schema-graph\">{\"@context\":\"https:\\\/\\\/schema.org\",\"@graph\":[{\"@type\":\"Article\",\"@id\":\"https:\\\/\\\/crta.rs\\\/en\\\/crta-s-proposal-for-the-audit-of-the-unified-voter-register\\\/#article\",\"isPartOf\":{\"@id\":\"https:\\\/\\\/crta.rs\\\/en\\\/crta-s-proposal-for-the-audit-of-the-unified-voter-register\\\/\"},\"author\":{\"name\":\"\u0110ur\u0111a Atanackovi\u0107\",\"@id\":\"https:\\\/\\\/crta.rs\\\/en\\\/#\\\/schema\\\/person\\\/a35e878bfa74bc9245d7167e4a1de7f0\"},\"headline\":\"CRTA\u2019s proposal for the audit of the Unified Voter Register\",\"datePublished\":\"2026-02-18T14:49:30+00:00\",\"mainEntityOfPage\":{\"@id\":\"https:\\\/\\\/crta.rs\\\/en\\\/crta-s-proposal-for-the-audit-of-the-unified-voter-register\\\/\"},\"wordCount\":62,\"articleSection\":[\"History English\"],\"inLanguage\":\"en-US\"},{\"@type\":\"WebPage\",\"@id\":\"https:\\\/\\\/crta.rs\\\/en\\\/crta-s-proposal-for-the-audit-of-the-unified-voter-register\\\/\",\"url\":\"https:\\\/\\\/crta.rs\\\/en\\\/crta-s-proposal-for-the-audit-of-the-unified-voter-register\\\/\",\"name\":\"CRTA\u2019s proposal for the audit of the Unified Voter Register - CRTA\",\"isPartOf\":{\"@id\":\"https:\\\/\\\/crta.rs\\\/en\\\/#website\"},\"datePublished\":\"2026-02-18T14:49:30+00:00\",\"author\":{\"@id\":\"https:\\\/\\\/crta.rs\\\/en\\\/#\\\/schema\\\/person\\\/a35e878bfa74bc9245d7167e4a1de7f0\"},\"breadcrumb\":{\"@id\":\"https:\\\/\\\/crta.rs\\\/en\\\/crta-s-proposal-for-the-audit-of-the-unified-voter-register\\\/#breadcrumb\"},\"inLanguage\":\"en-US\",\"potentialAction\":[{\"@type\":\"ReadAction\",\"target\":[\"https:\\\/\\\/crta.rs\\\/en\\\/crta-s-proposal-for-the-audit-of-the-unified-voter-register\\\/\"]}]},{\"@type\":\"BreadcrumbList\",\"@id\":\"https:\\\/\\\/crta.rs\\\/en\\\/crta-s-proposal-for-the-audit-of-the-unified-voter-register\\\/#breadcrumb\",\"itemListElement\":[{\"@type\":\"ListItem\",\"position\":1,\"name\":\"Home\",\"item\":\"https:\\\/\\\/crta.rs\\\/en\\\/\"},{\"@type\":\"ListItem\",\"position\":2,\"name\":\"History English\",\"item\":\"https:\\\/\\\/crta.rs\\\/en\\\/category\\\/history-en\\\/\"},{\"@type\":\"ListItem\",\"position\":3,\"name\":\"CRTA\u2019s proposal for the audit of the Unified Voter Register\"}]},{\"@type\":\"WebSite\",\"@id\":\"https:\\\/\\\/crta.rs\\\/en\\\/#website\",\"url\":\"https:\\\/\\\/crta.rs\\\/en\\\/\",\"name\":\"CRTA\",\"description\":\"Mi smo grupa aktivista i novinara koja zajedno sa gra\u0111anima uti\u010de na pove\u0107anje odgovornosti institucija i javnih funkcionera kroz pra\u0107enje i kontrolu njihovog rada.\",\"potentialAction\":[{\"@type\":\"SearchAction\",\"target\":{\"@type\":\"EntryPoint\",\"urlTemplate\":\"https:\\\/\\\/crta.rs\\\/en\\\/?s={search_term_string}\"},\"query-input\":{\"@type\":\"PropertyValueSpecification\",\"valueRequired\":true,\"valueName\":\"search_term_string\"}}],\"inLanguage\":\"en-US\"},{\"@type\":\"Person\",\"@id\":\"https:\\\/\\\/crta.rs\\\/en\\\/#\\\/schema\\\/person\\\/a35e878bfa74bc9245d7167e4a1de7f0\",\"name\":\"\u0110ur\u0111a Atanackovi\u0107\",\"url\":\"https:\\\/\\\/crta.rs\\\/en\\\/author\\\/djurdja\\\/\"}]}<\/script>\n<!-- \/ Yoast SEO plugin. -->","yoast_head_json":{"title":"CRTA\u2019s proposal for the audit of the Unified Voter Register - CRTA","robots":{"index":"index","follow":"follow","max-snippet":"max-snippet:-1","max-image-preview":"max-image-preview:large","max-video-preview":"max-video-preview:-1"},"canonical":"https:\/\/crta.rs\/en\/crta-s-proposal-for-the-audit-of-the-unified-voter-register\/","og_locale":"en_US","og_type":"article","og_title":"CRTA\u2019s proposal for the audit of the Unified Voter Register - CRTA","og_description":"Following a broad consultative process involving political actors, civil society, and the expert community, and taking into account the recommendations of ODIHR, CRTA finalized the Proposal Law on the Unified Voter Register. The draft was largely reflected in the legal text adopted by the National Assembly of the Republic of Serbia.","og_url":"https:\/\/crta.rs\/en\/crta-s-proposal-for-the-audit-of-the-unified-voter-register\/","og_site_name":"CRTA","article_publisher":"https:\/\/www.facebook.com\/CRTArs\/","article_published_time":"2026-02-18T14:49:30+00:00","og_image":[{"width":2400,"height":1596,"url":"https:\/\/crta.rs\/wp-content\/uploads\/2019\/03\/CRTA-logo.jpg","type":"image\/jpeg"}],"author":"\u0110ur\u0111a Atanackovi\u0107","twitter_card":"summary_large_image","twitter_misc":{"Written by":"\u0110ur\u0111a Atanackovi\u0107","Est. reading time":"1 minute"},"schema":{"@context":"https:\/\/schema.org","@graph":[{"@type":"Article","@id":"https:\/\/crta.rs\/en\/crta-s-proposal-for-the-audit-of-the-unified-voter-register\/#article","isPartOf":{"@id":"https:\/\/crta.rs\/en\/crta-s-proposal-for-the-audit-of-the-unified-voter-register\/"},"author":{"name":"\u0110ur\u0111a Atanackovi\u0107","@id":"https:\/\/crta.rs\/en\/#\/schema\/person\/a35e878bfa74bc9245d7167e4a1de7f0"},"headline":"CRTA\u2019s proposal for the audit of the Unified Voter Register","datePublished":"2026-02-18T14:49:30+00:00","mainEntityOfPage":{"@id":"https:\/\/crta.rs\/en\/crta-s-proposal-for-the-audit-of-the-unified-voter-register\/"},"wordCount":62,"articleSection":["History English"],"inLanguage":"en-US"},{"@type":"WebPage","@id":"https:\/\/crta.rs\/en\/crta-s-proposal-for-the-audit-of-the-unified-voter-register\/","url":"https:\/\/crta.rs\/en\/crta-s-proposal-for-the-audit-of-the-unified-voter-register\/","name":"CRTA\u2019s proposal for the audit of the Unified Voter Register - CRTA","isPartOf":{"@id":"https:\/\/crta.rs\/en\/#website"},"datePublished":"2026-02-18T14:49:30+00:00","author":{"@id":"https:\/\/crta.rs\/en\/#\/schema\/person\/a35e878bfa74bc9245d7167e4a1de7f0"},"breadcrumb":{"@id":"https:\/\/crta.rs\/en\/crta-s-proposal-for-the-audit-of-the-unified-voter-register\/#breadcrumb"},"inLanguage":"en-US","potentialAction":[{"@type":"ReadAction","target":["https:\/\/crta.rs\/en\/crta-s-proposal-for-the-audit-of-the-unified-voter-register\/"]}]},{"@type":"BreadcrumbList","@id":"https:\/\/crta.rs\/en\/crta-s-proposal-for-the-audit-of-the-unified-voter-register\/#breadcrumb","itemListElement":[{"@type":"ListItem","position":1,"name":"Home","item":"https:\/\/crta.rs\/en\/"},{"@type":"ListItem","position":2,"name":"History English","item":"https:\/\/crta.rs\/en\/category\/history-en\/"},{"@type":"ListItem","position":3,"name":"CRTA\u2019s proposal for the audit of the Unified Voter Register"}]},{"@type":"WebSite","@id":"https:\/\/crta.rs\/en\/#website","url":"https:\/\/crta.rs\/en\/","name":"CRTA","description":"Mi smo grupa aktivista i novinara koja zajedno sa gra\u0111anima uti\u010de na pove\u0107anje odgovornosti institucija i javnih funkcionera kroz pra\u0107enje i kontrolu njihovog rada.","potentialAction":[{"@type":"SearchAction","target":{"@type":"EntryPoint","urlTemplate":"https:\/\/crta.rs\/en\/?s={search_term_string}"},"query-input":{"@type":"PropertyValueSpecification","valueRequired":true,"valueName":"search_term_string"}}],"inLanguage":"en-US"},{"@type":"Person","@id":"https:\/\/crta.rs\/en\/#\/schema\/person\/a35e878bfa74bc9245d7167e4a1de7f0","name":"\u0110ur\u0111a Atanackovi\u0107","url":"https:\/\/crta.rs\/en\/author\/djurdja\/"}]}},"_links":{"self":[{"href":"https:\/\/crta.rs\/en\/wp-json\/wp\/v2\/posts\/44289","targetHints":{"allow":["GET"]}}],"collection":[{"href":"https:\/\/crta.rs\/en\/wp-json\/wp\/v2\/posts"}],"about":[{"href":"https:\/\/crta.rs\/en\/wp-json\/wp\/v2\/types\/post"}],"author":[{"embeddable":true,"href":"https:\/\/crta.rs\/en\/wp-json\/wp\/v2\/users\/1496"}],"replies":[{"embeddable":true,"href":"https:\/\/crta.rs\/en\/wp-json\/wp\/v2\/comments?post=44289"}],"version-history":[{"count":1,"href":"https:\/\/crta.rs\/en\/wp-json\/wp\/v2\/posts\/44289\/revisions"}],"predecessor-version":[{"id":44290,"href":"https:\/\/crta.rs\/en\/wp-json\/wp\/v2\/posts\/44289\/revisions\/44290"}],"wp:attachment":[{"href":"https:\/\/crta.rs\/en\/wp-json\/wp\/v2\/media?parent=44289"}],"wp:term":[{"taxonomy":"category","embeddable":true,"href":"https:\/\/crta.rs\/en\/wp-json\/wp\/v2\/categories?post=44289"},{"taxonomy":"post_tag","embeddable":true,"href":"https:\/\/crta.rs\/en\/wp-json\/wp\/v2\/tags?post=44289"}],"curies":[{"name":"wp","href":"https:\/\/api.w.org\/{rel}","templated":true}]}}