{"id":44287,"date":"2026-02-18T15:46:27","date_gmt":"2026-02-18T14:46:27","guid":{"rendered":"https:\/\/crta.rs\/?p=44287"},"modified":"2026-02-18T15:46:27","modified_gmt":"2026-02-18T14:46:27","slug":"reaction-of-the-european-court-of-human-rights-to-the-sonic-attack","status":"publish","type":"post","link":"https:\/\/crta.rs\/en\/reaction-of-the-european-court-of-human-rights-to-the-sonic-attack\/","title":{"rendered":"REACTION OF THE EUROPEAN COURT OF HUMAN RIGHTS TO THE SONIC ATTACK"},"content":{"rendered":"<p>On April 25, 2025, the European Court of Human Rights issued an interim measure requiring the Government of Serbia to prevent the use of sonic devices against citizens. This decision followed after several civil society organizations, including CRTA, collected more than 3,000 testimonies from demonstrators who were exposed to a sonic attack in Belgrade on March 15, while they were observing a moment of silence to honor the victims of the Novi Sad railway station canopy collapse. At CRTA\u2019s initiative, Earshot, an expert organization specializing in audio forensics, analyzed audio recordings and testimonies from victims and eyewitnesses. The findings of the analysis conclude that there is a high probability that a directed acoustic weapon was used against peaceful citizens.<\/p>\n","protected":false},"excerpt":{"rendered":"<p>On April 25, 2025, the European Court of Human Rights issued an interim measure requiring the Government of Serbia to prevent the use of sonic devices against citizens. This decision followed after several civil society organizations, including CRTA, collected more than 3,000 testimonies from demonstrators who were exposed to a sonic attack in Belgrade on&#8230;<\/p>\n","protected":false},"author":1496,"featured_media":0,"comment_status":"closed","ping_status":"open","sticky":false,"template":"","format":"standard","meta":{"_acf_changed":false,"footnotes":"","_links_to":"","_links_to_target":""},"categories":[390],"tags":[],"class_list":["post-44287","post","type-post","status-publish","format-standard","hentry","category-history-en","ciTrackContent"],"acf":[],"yoast_head":"<!-- This site is optimized with the Yoast SEO plugin v27.4 - https:\/\/yoast.com\/product\/yoast-seo-wordpress\/ -->\n<title>REACTION OF THE EUROPEAN COURT OF HUMAN RIGHTS TO THE SONIC ATTACK - CRTA<\/title>\n<meta name=\"robots\" content=\"index, follow, max-snippet:-1, max-image-preview:large, max-video-preview:-1\" \/>\n<link rel=\"canonical\" href=\"https:\/\/crta.rs\/en\/reaction-of-the-european-court-of-human-rights-to-the-sonic-attack\/\" \/>\n<meta property=\"og:locale\" content=\"en_US\" \/>\n<meta property=\"og:type\" content=\"article\" \/>\n<meta property=\"og:title\" content=\"REACTION OF THE EUROPEAN COURT OF HUMAN RIGHTS TO THE SONIC ATTACK - CRTA\" \/>\n<meta property=\"og:description\" content=\"On April 25, 2025, the European Court of Human Rights issued an interim measure requiring the Government of Serbia to prevent the use of sonic devices against citizens. This decision followed after several civil society organizations, including CRTA, collected more than 3,000 testimonies from demonstrators who were exposed to a sonic attack in Belgrade on...\" \/>\n<meta property=\"og:url\" content=\"https:\/\/crta.rs\/en\/reaction-of-the-european-court-of-human-rights-to-the-sonic-attack\/\" \/>\n<meta property=\"og:site_name\" content=\"CRTA\" \/>\n<meta property=\"article:publisher\" content=\"https:\/\/www.facebook.com\/CRTArs\/\" \/>\n<meta property=\"article:published_time\" content=\"2026-02-18T14:46:27+00:00\" \/>\n<meta property=\"og:image\" content=\"https:\/\/crta.rs\/wp-content\/uploads\/2019\/03\/CRTA-logo.jpg\" \/>\n\t<meta property=\"og:image:width\" content=\"2400\" \/>\n\t<meta property=\"og:image:height\" content=\"1596\" \/>\n\t<meta property=\"og:image:type\" content=\"image\/jpeg\" \/>\n<meta name=\"author\" content=\"\u0110ur\u0111a Atanackovi\u0107\" \/>\n<meta name=\"twitter:card\" content=\"summary_large_image\" \/>\n<meta name=\"twitter:label1\" content=\"Written by\" \/>\n\t<meta name=\"twitter:data1\" content=\"\u0110ur\u0111a Atanackovi\u0107\" \/>\n\t<meta name=\"twitter:label2\" content=\"Est. reading time\" \/>\n\t<meta name=\"twitter:data2\" content=\"1 minute\" \/>\n<script type=\"application\/ld+json\" class=\"yoast-schema-graph\">{\"@context\":\"https:\\\/\\\/schema.org\",\"@graph\":[{\"@type\":\"Article\",\"@id\":\"https:\\\/\\\/crta.rs\\\/en\\\/reaction-of-the-european-court-of-human-rights-to-the-sonic-attack\\\/#article\",\"isPartOf\":{\"@id\":\"https:\\\/\\\/crta.rs\\\/en\\\/reaction-of-the-european-court-of-human-rights-to-the-sonic-attack\\\/\"},\"author\":{\"name\":\"\u0110ur\u0111a Atanackovi\u0107\",\"@id\":\"https:\\\/\\\/crta.rs\\\/en\\\/#\\\/schema\\\/person\\\/a35e878bfa74bc9245d7167e4a1de7f0\"},\"headline\":\"REACTION OF THE EUROPEAN COURT OF HUMAN RIGHTS TO THE SONIC ATTACK\",\"datePublished\":\"2026-02-18T14:46:27+00:00\",\"mainEntityOfPage\":{\"@id\":\"https:\\\/\\\/crta.rs\\\/en\\\/reaction-of-the-european-court-of-human-rights-to-the-sonic-attack\\\/\"},\"wordCount\":128,\"articleSection\":[\"History English\"],\"inLanguage\":\"en-US\"},{\"@type\":\"WebPage\",\"@id\":\"https:\\\/\\\/crta.rs\\\/en\\\/reaction-of-the-european-court-of-human-rights-to-the-sonic-attack\\\/\",\"url\":\"https:\\\/\\\/crta.rs\\\/en\\\/reaction-of-the-european-court-of-human-rights-to-the-sonic-attack\\\/\",\"name\":\"REACTION OF THE EUROPEAN COURT OF HUMAN RIGHTS TO THE SONIC ATTACK - CRTA\",\"isPartOf\":{\"@id\":\"https:\\\/\\\/crta.rs\\\/en\\\/#website\"},\"datePublished\":\"2026-02-18T14:46:27+00:00\",\"author\":{\"@id\":\"https:\\\/\\\/crta.rs\\\/en\\\/#\\\/schema\\\/person\\\/a35e878bfa74bc9245d7167e4a1de7f0\"},\"breadcrumb\":{\"@id\":\"https:\\\/\\\/crta.rs\\\/en\\\/reaction-of-the-european-court-of-human-rights-to-the-sonic-attack\\\/#breadcrumb\"},\"inLanguage\":\"en-US\",\"potentialAction\":[{\"@type\":\"ReadAction\",\"target\":[\"https:\\\/\\\/crta.rs\\\/en\\\/reaction-of-the-european-court-of-human-rights-to-the-sonic-attack\\\/\"]}]},{\"@type\":\"BreadcrumbList\",\"@id\":\"https:\\\/\\\/crta.rs\\\/en\\\/reaction-of-the-european-court-of-human-rights-to-the-sonic-attack\\\/#breadcrumb\",\"itemListElement\":[{\"@type\":\"ListItem\",\"position\":1,\"name\":\"Home\",\"item\":\"https:\\\/\\\/crta.rs\\\/en\\\/\"},{\"@type\":\"ListItem\",\"position\":2,\"name\":\"History English\",\"item\":\"https:\\\/\\\/crta.rs\\\/en\\\/category\\\/history-en\\\/\"},{\"@type\":\"ListItem\",\"position\":3,\"name\":\"REACTION OF THE EUROPEAN COURT OF HUMAN RIGHTS TO THE SONIC ATTACK\"}]},{\"@type\":\"WebSite\",\"@id\":\"https:\\\/\\\/crta.rs\\\/en\\\/#website\",\"url\":\"https:\\\/\\\/crta.rs\\\/en\\\/\",\"name\":\"CRTA\",\"description\":\"Mi smo grupa aktivista i novinara koja zajedno sa gra\u0111anima uti\u010de na pove\u0107anje odgovornosti institucija i javnih funkcionera kroz pra\u0107enje i kontrolu njihovog rada.\",\"potentialAction\":[{\"@type\":\"SearchAction\",\"target\":{\"@type\":\"EntryPoint\",\"urlTemplate\":\"https:\\\/\\\/crta.rs\\\/en\\\/?s={search_term_string}\"},\"query-input\":{\"@type\":\"PropertyValueSpecification\",\"valueRequired\":true,\"valueName\":\"search_term_string\"}}],\"inLanguage\":\"en-US\"},{\"@type\":\"Person\",\"@id\":\"https:\\\/\\\/crta.rs\\\/en\\\/#\\\/schema\\\/person\\\/a35e878bfa74bc9245d7167e4a1de7f0\",\"name\":\"\u0110ur\u0111a Atanackovi\u0107\",\"url\":\"https:\\\/\\\/crta.rs\\\/en\\\/author\\\/djurdja\\\/\"}]}<\/script>\n<!-- \/ Yoast SEO plugin. -->","yoast_head_json":{"title":"REACTION OF THE EUROPEAN COURT OF HUMAN RIGHTS TO THE SONIC ATTACK - CRTA","robots":{"index":"index","follow":"follow","max-snippet":"max-snippet:-1","max-image-preview":"max-image-preview:large","max-video-preview":"max-video-preview:-1"},"canonical":"https:\/\/crta.rs\/en\/reaction-of-the-european-court-of-human-rights-to-the-sonic-attack\/","og_locale":"en_US","og_type":"article","og_title":"REACTION OF THE EUROPEAN COURT OF HUMAN RIGHTS TO THE SONIC ATTACK - CRTA","og_description":"On April 25, 2025, the European Court of Human Rights issued an interim measure requiring the Government of Serbia to prevent the use of sonic devices against citizens. This decision followed after several civil society organizations, including CRTA, collected more than 3,000 testimonies from demonstrators who were exposed to a sonic attack in Belgrade on...","og_url":"https:\/\/crta.rs\/en\/reaction-of-the-european-court-of-human-rights-to-the-sonic-attack\/","og_site_name":"CRTA","article_publisher":"https:\/\/www.facebook.com\/CRTArs\/","article_published_time":"2026-02-18T14:46:27+00:00","og_image":[{"width":2400,"height":1596,"url":"https:\/\/crta.rs\/wp-content\/uploads\/2019\/03\/CRTA-logo.jpg","type":"image\/jpeg"}],"author":"\u0110ur\u0111a Atanackovi\u0107","twitter_card":"summary_large_image","twitter_misc":{"Written by":"\u0110ur\u0111a Atanackovi\u0107","Est. reading time":"1 minute"},"schema":{"@context":"https:\/\/schema.org","@graph":[{"@type":"Article","@id":"https:\/\/crta.rs\/en\/reaction-of-the-european-court-of-human-rights-to-the-sonic-attack\/#article","isPartOf":{"@id":"https:\/\/crta.rs\/en\/reaction-of-the-european-court-of-human-rights-to-the-sonic-attack\/"},"author":{"name":"\u0110ur\u0111a Atanackovi\u0107","@id":"https:\/\/crta.rs\/en\/#\/schema\/person\/a35e878bfa74bc9245d7167e4a1de7f0"},"headline":"REACTION OF THE EUROPEAN COURT OF HUMAN RIGHTS TO THE SONIC ATTACK","datePublished":"2026-02-18T14:46:27+00:00","mainEntityOfPage":{"@id":"https:\/\/crta.rs\/en\/reaction-of-the-european-court-of-human-rights-to-the-sonic-attack\/"},"wordCount":128,"articleSection":["History English"],"inLanguage":"en-US"},{"@type":"WebPage","@id":"https:\/\/crta.rs\/en\/reaction-of-the-european-court-of-human-rights-to-the-sonic-attack\/","url":"https:\/\/crta.rs\/en\/reaction-of-the-european-court-of-human-rights-to-the-sonic-attack\/","name":"REACTION OF THE EUROPEAN COURT OF HUMAN RIGHTS TO THE SONIC ATTACK - CRTA","isPartOf":{"@id":"https:\/\/crta.rs\/en\/#website"},"datePublished":"2026-02-18T14:46:27+00:00","author":{"@id":"https:\/\/crta.rs\/en\/#\/schema\/person\/a35e878bfa74bc9245d7167e4a1de7f0"},"breadcrumb":{"@id":"https:\/\/crta.rs\/en\/reaction-of-the-european-court-of-human-rights-to-the-sonic-attack\/#breadcrumb"},"inLanguage":"en-US","potentialAction":[{"@type":"ReadAction","target":["https:\/\/crta.rs\/en\/reaction-of-the-european-court-of-human-rights-to-the-sonic-attack\/"]}]},{"@type":"BreadcrumbList","@id":"https:\/\/crta.rs\/en\/reaction-of-the-european-court-of-human-rights-to-the-sonic-attack\/#breadcrumb","itemListElement":[{"@type":"ListItem","position":1,"name":"Home","item":"https:\/\/crta.rs\/en\/"},{"@type":"ListItem","position":2,"name":"History English","item":"https:\/\/crta.rs\/en\/category\/history-en\/"},{"@type":"ListItem","position":3,"name":"REACTION OF THE EUROPEAN COURT OF HUMAN RIGHTS TO THE SONIC ATTACK"}]},{"@type":"WebSite","@id":"https:\/\/crta.rs\/en\/#website","url":"https:\/\/crta.rs\/en\/","name":"CRTA","description":"Mi smo grupa aktivista i novinara koja zajedno sa gra\u0111anima uti\u010de na pove\u0107anje odgovornosti institucija i javnih funkcionera kroz pra\u0107enje i kontrolu njihovog rada.","potentialAction":[{"@type":"SearchAction","target":{"@type":"EntryPoint","urlTemplate":"https:\/\/crta.rs\/en\/?s={search_term_string}"},"query-input":{"@type":"PropertyValueSpecification","valueRequired":true,"valueName":"search_term_string"}}],"inLanguage":"en-US"},{"@type":"Person","@id":"https:\/\/crta.rs\/en\/#\/schema\/person\/a35e878bfa74bc9245d7167e4a1de7f0","name":"\u0110ur\u0111a Atanackovi\u0107","url":"https:\/\/crta.rs\/en\/author\/djurdja\/"}]}},"_links":{"self":[{"href":"https:\/\/crta.rs\/en\/wp-json\/wp\/v2\/posts\/44287","targetHints":{"allow":["GET"]}}],"collection":[{"href":"https:\/\/crta.rs\/en\/wp-json\/wp\/v2\/posts"}],"about":[{"href":"https:\/\/crta.rs\/en\/wp-json\/wp\/v2\/types\/post"}],"author":[{"embeddable":true,"href":"https:\/\/crta.rs\/en\/wp-json\/wp\/v2\/users\/1496"}],"replies":[{"embeddable":true,"href":"https:\/\/crta.rs\/en\/wp-json\/wp\/v2\/comments?post=44287"}],"version-history":[{"count":1,"href":"https:\/\/crta.rs\/en\/wp-json\/wp\/v2\/posts\/44287\/revisions"}],"predecessor-version":[{"id":44288,"href":"https:\/\/crta.rs\/en\/wp-json\/wp\/v2\/posts\/44287\/revisions\/44288"}],"wp:attachment":[{"href":"https:\/\/crta.rs\/en\/wp-json\/wp\/v2\/media?parent=44287"}],"wp:term":[{"taxonomy":"category","embeddable":true,"href":"https:\/\/crta.rs\/en\/wp-json\/wp\/v2\/categories?post=44287"},{"taxonomy":"post_tag","embeddable":true,"href":"https:\/\/crta.rs\/en\/wp-json\/wp\/v2\/tags?post=44287"}],"curies":[{"name":"wp","href":"https:\/\/api.w.org\/{rel}","templated":true}]}}