{"id":44284,"date":"2026-02-18T15:44:28","date_gmt":"2026-02-18T14:44:28","guid":{"rendered":"https:\/\/crta.rs\/?p=44284"},"modified":"2026-03-03T10:26:16","modified_gmt":"2026-03-03T09:26:16","slug":"initiative-for-the-review-of-the-constitutionality-court-2","status":"publish","type":"post","link":"https:\/\/crta.rs\/en\/initiative-for-the-review-of-the-constitutionality-court-2\/","title":{"rendered":"INITIATIVE FOR THE REVIEW OF THE CONSTITUTIONALITY COURT"},"content":{"rendered":"<p data-start=\"66\" data-end=\"226\">CRTA has submitted an initiative to the Constitutional Court of Serbia to <a href=\"https:\/\/crta.rs\/en\/crta-s-initiative-before-the-constitutional-court\/\" target=\"_blank\" rel=\"noopener\">review the constitutionality of 54 laws<\/a> adopted with numerous procedural violations. The contested laws were passed without adequate debate, which is an essential and fundamental element of the legislative process.<\/p>\n","protected":false},"excerpt":{"rendered":"<p>CRTA has submitted an initiative to the Constitutional Court of Serbia to review the constitutionality of 54 laws adopted with numerous procedural violations. The contested laws were passed without adequate debate, which is an essential and fundamental element of the legislative process.<\/p>\n","protected":false},"author":1496,"featured_media":0,"comment_status":"closed","ping_status":"open","sticky":false,"template":"","format":"standard","meta":{"_acf_changed":false,"footnotes":"","_links_to":"","_links_to_target":""},"categories":[390],"tags":[],"class_list":["post-44284","post","type-post","status-publish","format-standard","hentry","category-history-en","ciTrackContent"],"acf":[],"yoast_head":"<!-- This site is optimized with the Yoast SEO plugin v27.4 - https:\/\/yoast.com\/product\/yoast-seo-wordpress\/ -->\n<title>INITIATIVE FOR THE REVIEW OF THE CONSTITUTIONALITY COURT - CRTA<\/title>\n<meta name=\"robots\" content=\"index, follow, max-snippet:-1, max-image-preview:large, max-video-preview:-1\" \/>\n<link rel=\"canonical\" href=\"https:\/\/crta.rs\/en\/initiative-for-the-review-of-the-constitutionality-court-2\/\" \/>\n<meta property=\"og:locale\" content=\"en_US\" \/>\n<meta property=\"og:type\" content=\"article\" \/>\n<meta property=\"og:title\" content=\"INITIATIVE FOR THE REVIEW OF THE CONSTITUTIONALITY COURT - CRTA\" \/>\n<meta property=\"og:description\" content=\"CRTA has submitted an initiative to the Constitutional Court of Serbia to review the constitutionality of 54 laws adopted with numerous procedural violations. The contested laws were passed without adequate debate, which is an essential and fundamental element of the legislative process.\" \/>\n<meta property=\"og:url\" content=\"https:\/\/crta.rs\/en\/initiative-for-the-review-of-the-constitutionality-court-2\/\" \/>\n<meta property=\"og:site_name\" content=\"CRTA\" \/>\n<meta property=\"article:publisher\" content=\"https:\/\/www.facebook.com\/CRTArs\/\" \/>\n<meta property=\"article:published_time\" content=\"2026-02-18T14:44:28+00:00\" \/>\n<meta property=\"article:modified_time\" content=\"2026-03-03T09:26:16+00:00\" \/>\n<meta property=\"og:image\" content=\"https:\/\/crta.rs\/wp-content\/uploads\/2019\/03\/CRTA-logo.jpg\" \/>\n\t<meta property=\"og:image:width\" content=\"2400\" \/>\n\t<meta property=\"og:image:height\" content=\"1596\" \/>\n\t<meta property=\"og:image:type\" content=\"image\/jpeg\" \/>\n<meta name=\"author\" content=\"\u0110ur\u0111a Atanackovi\u0107\" \/>\n<meta name=\"twitter:card\" content=\"summary_large_image\" \/>\n<meta name=\"twitter:label1\" content=\"Written by\" \/>\n\t<meta name=\"twitter:data1\" content=\"\u0110ur\u0111a Atanackovi\u0107\" \/>\n\t<meta name=\"twitter:label2\" content=\"Est. reading time\" \/>\n\t<meta name=\"twitter:data2\" content=\"1 minute\" \/>\n<script type=\"application\/ld+json\" class=\"yoast-schema-graph\">{\"@context\":\"https:\\\/\\\/schema.org\",\"@graph\":[{\"@type\":\"Article\",\"@id\":\"https:\\\/\\\/crta.rs\\\/en\\\/initiative-for-the-review-of-the-constitutionality-court-2\\\/#article\",\"isPartOf\":{\"@id\":\"https:\\\/\\\/crta.rs\\\/en\\\/initiative-for-the-review-of-the-constitutionality-court-2\\\/\"},\"author\":{\"name\":\"\u0110ur\u0111a Atanackovi\u0107\",\"@id\":\"https:\\\/\\\/crta.rs\\\/en\\\/#\\\/schema\\\/person\\\/a35e878bfa74bc9245d7167e4a1de7f0\"},\"headline\":\"INITIATIVE FOR THE REVIEW OF THE CONSTITUTIONALITY COURT\",\"datePublished\":\"2026-02-18T14:44:28+00:00\",\"dateModified\":\"2026-03-03T09:26:16+00:00\",\"mainEntityOfPage\":{\"@id\":\"https:\\\/\\\/crta.rs\\\/en\\\/initiative-for-the-review-of-the-constitutionality-court-2\\\/\"},\"wordCount\":49,\"articleSection\":[\"History English\"],\"inLanguage\":\"en-US\"},{\"@type\":\"WebPage\",\"@id\":\"https:\\\/\\\/crta.rs\\\/en\\\/initiative-for-the-review-of-the-constitutionality-court-2\\\/\",\"url\":\"https:\\\/\\\/crta.rs\\\/en\\\/initiative-for-the-review-of-the-constitutionality-court-2\\\/\",\"name\":\"INITIATIVE FOR THE REVIEW OF THE CONSTITUTIONALITY COURT - CRTA\",\"isPartOf\":{\"@id\":\"https:\\\/\\\/crta.rs\\\/en\\\/#website\"},\"datePublished\":\"2026-02-18T14:44:28+00:00\",\"dateModified\":\"2026-03-03T09:26:16+00:00\",\"author\":{\"@id\":\"https:\\\/\\\/crta.rs\\\/en\\\/#\\\/schema\\\/person\\\/a35e878bfa74bc9245d7167e4a1de7f0\"},\"breadcrumb\":{\"@id\":\"https:\\\/\\\/crta.rs\\\/en\\\/initiative-for-the-review-of-the-constitutionality-court-2\\\/#breadcrumb\"},\"inLanguage\":\"en-US\",\"potentialAction\":[{\"@type\":\"ReadAction\",\"target\":[\"https:\\\/\\\/crta.rs\\\/en\\\/initiative-for-the-review-of-the-constitutionality-court-2\\\/\"]}]},{\"@type\":\"BreadcrumbList\",\"@id\":\"https:\\\/\\\/crta.rs\\\/en\\\/initiative-for-the-review-of-the-constitutionality-court-2\\\/#breadcrumb\",\"itemListElement\":[{\"@type\":\"ListItem\",\"position\":1,\"name\":\"Home\",\"item\":\"https:\\\/\\\/crta.rs\\\/en\\\/\"},{\"@type\":\"ListItem\",\"position\":2,\"name\":\"History English\",\"item\":\"https:\\\/\\\/crta.rs\\\/en\\\/category\\\/history-en\\\/\"},{\"@type\":\"ListItem\",\"position\":3,\"name\":\"INITIATIVE FOR THE REVIEW OF THE CONSTITUTIONALITY COURT\"}]},{\"@type\":\"WebSite\",\"@id\":\"https:\\\/\\\/crta.rs\\\/en\\\/#website\",\"url\":\"https:\\\/\\\/crta.rs\\\/en\\\/\",\"name\":\"CRTA\",\"description\":\"Mi smo grupa aktivista i novinara koja zajedno sa gra\u0111anima uti\u010de na pove\u0107anje odgovornosti institucija i javnih funkcionera kroz pra\u0107enje i kontrolu njihovog rada.\",\"potentialAction\":[{\"@type\":\"SearchAction\",\"target\":{\"@type\":\"EntryPoint\",\"urlTemplate\":\"https:\\\/\\\/crta.rs\\\/en\\\/?s={search_term_string}\"},\"query-input\":{\"@type\":\"PropertyValueSpecification\",\"valueRequired\":true,\"valueName\":\"search_term_string\"}}],\"inLanguage\":\"en-US\"},{\"@type\":\"Person\",\"@id\":\"https:\\\/\\\/crta.rs\\\/en\\\/#\\\/schema\\\/person\\\/a35e878bfa74bc9245d7167e4a1de7f0\",\"name\":\"\u0110ur\u0111a Atanackovi\u0107\",\"url\":\"https:\\\/\\\/crta.rs\\\/en\\\/author\\\/djurdja\\\/\"}]}<\/script>\n<!-- \/ Yoast SEO plugin. -->","yoast_head_json":{"title":"INITIATIVE FOR THE REVIEW OF THE CONSTITUTIONALITY COURT - CRTA","robots":{"index":"index","follow":"follow","max-snippet":"max-snippet:-1","max-image-preview":"max-image-preview:large","max-video-preview":"max-video-preview:-1"},"canonical":"https:\/\/crta.rs\/en\/initiative-for-the-review-of-the-constitutionality-court-2\/","og_locale":"en_US","og_type":"article","og_title":"INITIATIVE FOR THE REVIEW OF THE CONSTITUTIONALITY COURT - CRTA","og_description":"CRTA has submitted an initiative to the Constitutional Court of Serbia to review the constitutionality of 54 laws adopted with numerous procedural violations. The contested laws were passed without adequate debate, which is an essential and fundamental element of the legislative process.","og_url":"https:\/\/crta.rs\/en\/initiative-for-the-review-of-the-constitutionality-court-2\/","og_site_name":"CRTA","article_publisher":"https:\/\/www.facebook.com\/CRTArs\/","article_published_time":"2026-02-18T14:44:28+00:00","article_modified_time":"2026-03-03T09:26:16+00:00","og_image":[{"width":2400,"height":1596,"url":"https:\/\/crta.rs\/wp-content\/uploads\/2019\/03\/CRTA-logo.jpg","type":"image\/jpeg"}],"author":"\u0110ur\u0111a Atanackovi\u0107","twitter_card":"summary_large_image","twitter_misc":{"Written by":"\u0110ur\u0111a Atanackovi\u0107","Est. reading time":"1 minute"},"schema":{"@context":"https:\/\/schema.org","@graph":[{"@type":"Article","@id":"https:\/\/crta.rs\/en\/initiative-for-the-review-of-the-constitutionality-court-2\/#article","isPartOf":{"@id":"https:\/\/crta.rs\/en\/initiative-for-the-review-of-the-constitutionality-court-2\/"},"author":{"name":"\u0110ur\u0111a Atanackovi\u0107","@id":"https:\/\/crta.rs\/en\/#\/schema\/person\/a35e878bfa74bc9245d7167e4a1de7f0"},"headline":"INITIATIVE FOR THE REVIEW OF THE CONSTITUTIONALITY COURT","datePublished":"2026-02-18T14:44:28+00:00","dateModified":"2026-03-03T09:26:16+00:00","mainEntityOfPage":{"@id":"https:\/\/crta.rs\/en\/initiative-for-the-review-of-the-constitutionality-court-2\/"},"wordCount":49,"articleSection":["History English"],"inLanguage":"en-US"},{"@type":"WebPage","@id":"https:\/\/crta.rs\/en\/initiative-for-the-review-of-the-constitutionality-court-2\/","url":"https:\/\/crta.rs\/en\/initiative-for-the-review-of-the-constitutionality-court-2\/","name":"INITIATIVE FOR THE REVIEW OF THE CONSTITUTIONALITY COURT - CRTA","isPartOf":{"@id":"https:\/\/crta.rs\/en\/#website"},"datePublished":"2026-02-18T14:44:28+00:00","dateModified":"2026-03-03T09:26:16+00:00","author":{"@id":"https:\/\/crta.rs\/en\/#\/schema\/person\/a35e878bfa74bc9245d7167e4a1de7f0"},"breadcrumb":{"@id":"https:\/\/crta.rs\/en\/initiative-for-the-review-of-the-constitutionality-court-2\/#breadcrumb"},"inLanguage":"en-US","potentialAction":[{"@type":"ReadAction","target":["https:\/\/crta.rs\/en\/initiative-for-the-review-of-the-constitutionality-court-2\/"]}]},{"@type":"BreadcrumbList","@id":"https:\/\/crta.rs\/en\/initiative-for-the-review-of-the-constitutionality-court-2\/#breadcrumb","itemListElement":[{"@type":"ListItem","position":1,"name":"Home","item":"https:\/\/crta.rs\/en\/"},{"@type":"ListItem","position":2,"name":"History English","item":"https:\/\/crta.rs\/en\/category\/history-en\/"},{"@type":"ListItem","position":3,"name":"INITIATIVE FOR THE REVIEW OF THE CONSTITUTIONALITY COURT"}]},{"@type":"WebSite","@id":"https:\/\/crta.rs\/en\/#website","url":"https:\/\/crta.rs\/en\/","name":"CRTA","description":"Mi smo grupa aktivista i novinara koja zajedno sa gra\u0111anima uti\u010de na pove\u0107anje odgovornosti institucija i javnih funkcionera kroz pra\u0107enje i kontrolu njihovog rada.","potentialAction":[{"@type":"SearchAction","target":{"@type":"EntryPoint","urlTemplate":"https:\/\/crta.rs\/en\/?s={search_term_string}"},"query-input":{"@type":"PropertyValueSpecification","valueRequired":true,"valueName":"search_term_string"}}],"inLanguage":"en-US"},{"@type":"Person","@id":"https:\/\/crta.rs\/en\/#\/schema\/person\/a35e878bfa74bc9245d7167e4a1de7f0","name":"\u0110ur\u0111a Atanackovi\u0107","url":"https:\/\/crta.rs\/en\/author\/djurdja\/"}]}},"_links":{"self":[{"href":"https:\/\/crta.rs\/en\/wp-json\/wp\/v2\/posts\/44284","targetHints":{"allow":["GET"]}}],"collection":[{"href":"https:\/\/crta.rs\/en\/wp-json\/wp\/v2\/posts"}],"about":[{"href":"https:\/\/crta.rs\/en\/wp-json\/wp\/v2\/types\/post"}],"author":[{"embeddable":true,"href":"https:\/\/crta.rs\/en\/wp-json\/wp\/v2\/users\/1496"}],"replies":[{"embeddable":true,"href":"https:\/\/crta.rs\/en\/wp-json\/wp\/v2\/comments?post=44284"}],"version-history":[{"count":3,"href":"https:\/\/crta.rs\/en\/wp-json\/wp\/v2\/posts\/44284\/revisions"}],"predecessor-version":[{"id":44304,"href":"https:\/\/crta.rs\/en\/wp-json\/wp\/v2\/posts\/44284\/revisions\/44304"}],"wp:attachment":[{"href":"https:\/\/crta.rs\/en\/wp-json\/wp\/v2\/media?parent=44284"}],"wp:term":[{"taxonomy":"category","embeddable":true,"href":"https:\/\/crta.rs\/en\/wp-json\/wp\/v2\/categories?post=44284"},{"taxonomy":"post_tag","embeddable":true,"href":"https:\/\/crta.rs\/en\/wp-json\/wp\/v2\/tags?post=44284"}],"curies":[{"name":"wp","href":"https:\/\/api.w.org\/{rel}","templated":true}]}}