{"id":44157,"date":"2025-12-02T10:11:38","date_gmt":"2025-12-02T09:11:38","guid":{"rendered":"https:\/\/crta.rs\/?p=44157"},"modified":"2025-12-15T10:20:12","modified_gmt":"2025-12-15T09:20:12","slug":"crtas-address-at-the-joint-hearing-of-the-european-parliaments-special-committee-on-the-european-democracy-shield-and-the-committee-on-foreign-affairs","status":"publish","type":"post","link":"https:\/\/crta.rs\/en\/crtas-address-at-the-joint-hearing-of-the-european-parliaments-special-committee-on-the-european-democracy-shield-and-the-committee-on-foreign-affairs\/","title":{"rendered":"CRTA\u2019s address at the joint hearing of the European Parliament\u2019s Special Committee on the European Democracy Shield and the Committee on Foreign Affairs"},"content":{"rendered":"<p><span style=\"font-weight: 400;\">Serbia today is increasingly described by citizens as <\/span><i><span style=\"font-weight: 400;\">\u0106aciland<\/span><\/i><span style=\"font-weight: 400;\">. What is \u0106aciland &#8211; this impossible-to-translate word? It refers to the space between the Presidency and the National Assembly, in the very centre of the capital, where individuals with serious criminal records, including war crimes, camp and operate openly. They physically and verbally attack journalists, activists, MPs and ordinary citizens. They act as an informal enforcement structure aligned with those in power, <\/span><b>while police officers stand by passively, effectively protecting them<\/b><span style=\"font-weight: 400;\">.<\/span><\/p>\n<p><span style=\"font-weight: 400;\">Most strikingly, the same individuals operating in \u0106aciland now appear as part of para-observer missions linked to political parties and GONGOs. \u0106aciland has become a symbol of <\/span><b>institutional power overtaken by a criminal cartel<\/b><span style=\"font-weight: 400;\">.<\/span><\/p>\n<p><span style=\"font-weight: 400;\">At the same time, Serbia\u2019s political-media ecosystem produces an unprecedented volume of propaganda. This propaganda of the government-controlled media generates deep public distrust, undermines confidence in Western democracies, and normalises narratives that delegitimise the EU, independent institutions and civic movements, mirroring Kremlin messaging, including claims that democratic change in Serbia is a foreign-engineered \u201ccolour revolution\u201d.<\/span><\/p>\n<p><span style=\"font-weight: 400;\">What unfolded this past Sunday in three municipalities cannot be described as an election. CRTA\u2019s Election Observation Mission was forced to withdraw from one municipality after two young female observers were surrounded, trapped in their car and violently attacked by regime-affiliated groups of criminals. Police were metres away and did nothing. This is the <\/span><b>third time<\/b><span style=\"font-weight: 400;\"> CRTA has had to abort its mission due to safety threats.<\/span><\/p>\n<p><span style=\"font-weight: 400;\">This is no longer about irregularities. It is about the <\/span><b>criminalisation of the electoral framework<\/b><span style=\"font-weight: 400;\">. Instead of democratic competition, elections are dominated by organised violence and actors who operate entirely above the law.<\/span><\/p>\n<p><span style=\"font-weight: 400;\">For more than a decade, the ruling SNS has fused state and party so completely that real electoral competition has been dismantled. ODIHR\u2019s findings on the December 2023 elections confirmed what citizens already knew: the electoral environment is fundamentally distorted through systemic abuse of public resources, coercion of public-sector employees, domination of the media landscape, and targeted voter-migration practices. <\/span><b>This is not a system <\/b><b><i>with<\/i><\/b><b> irregularities, it is a system <\/b><b><i>built on<\/i><\/b><b> irregularities.<\/b><\/p>\n<p><span style=\"font-weight: 400;\">The EU cannot wait for another flawed election to react. Under current conditions, <\/span><b>Serbia\u2019s next elections will not be free or fair<\/b><span style=\"font-weight: 400;\"> and might initiate violence on a wider scale.<\/span><\/p>\n<p><span style=\"font-weight: 400;\">The effectiveness of the Unified Voter Register law update depends entirely on political will,\u00a0 which is totally absent.<\/span><\/p>\n<p><span style=\"font-weight: 400;\">What we are asking for is clear and practical:<\/span><\/p>\n<h3><b>1. Early, continuous and long-term monitoring<\/b><\/h3>\n<p><span style=\"font-weight: 400;\">Not only election-day observation. We need robust and continuous monitoring that deters the misuse of state resources, <\/span><span style=\"font-weight: 400;\">capture<\/span><span style=\"font-weight: 400;\">d<\/span><span style=\"font-weight: 400;\"> media, and the suppression of fair competition.<\/span><\/p>\n<p><span style=\"font-weight: 400;\">Such measures must be directed at political actors responsible for abuses, not at the citizens who already bear the consequences.<\/span><\/p>\n<h3><b>2. Enforced protection of independent domestic observers<\/b><\/h3>\n<p><span style=\"font-weight: 400;\">Attacks on observers must carry consequences.<\/span><span style=\"font-weight: 400;\"><br \/>\n<\/span><span style=\"font-weight: 400;\">The EU must openly address the phenomenon of \u201cparallel observers\u201d linked to ruling parties, who legitimise fraudulent elections.<\/span><\/p>\n<h3><b>3. Direct communication with citizens<\/b><\/h3>\n<p><span style=\"font-weight: 400;\">Communication not only with elites. Citizens are exposed to relentless anti-EU, anti-West propaganda from both domestic and foreign actors. The EU must engage directly to counter these narratives.<\/span><\/p>\n<h3><b>4. Stronger support for civil society<\/b><\/h3>\n<p><span style=\"font-weight: 400;\">Civil society is the backbone of democratic resilience, a safety net when institutions collapse. Support must be strategic, long-term, and directed at breaking the culture of impunity.<\/span><\/p>\n<p><span style=\"font-weight: 400;\">These are not ambitious demands.<\/span><span style=\"font-weight: 400;\"><br \/>\n<\/span><span style=\"font-weight: 400;\">They are the <\/span><b>minimum necessary<\/b><span style=\"font-weight: 400;\"> to prevent irreversible damage to trust in elections and democratic institutions.<\/span><\/p>\n<p><span style=\"font-weight: 400;\">For more than two decades, CRTA has been on the front line of the fight for democracy in Serbia &#8211; fact-checking public narratives, countering disinformation, documenting election abuses, defending civic space, and exposing the systematic dismantling of democratic institutions.\u00a0<\/span><\/p>\n<p><span style=\"font-weight: 400;\">Yet today, Serbia confronts a far more dangerous phase, where criminalised institutions, systemic electoral manipulation and a weaponised information ecosystem reinforce each other. The country increasingly mirrors Russian disinformation tactics, where the main threat is not just foreign (FIMI) but domestic information manipulation and interference (DIMI).<\/span><\/p>\n<p><span style=\"font-weight: 400;\">One of the central ideas in this playbook hints that democratic changes in Serbia are depicted as part of a broader foreign agenda. This serves to normalise Kremlin-aligned narratives.<\/span><\/p>\n<p><span style=\"font-weight: 400;\">We have seen that the disinformation generated within Serbia\u2019s political-media ecosystem spreads across the Western Balkans, fuelling polarisation and weakening democracies. Investigations by independent journalists reveal that <\/span><b>204 Russian nationals<\/b><span style=\"font-weight: 400;\">, including individuals tied to the FSB, sanctioned oligarchs and war profiteers, were granted Serbian citizenship under opaque \u201cnational-interest\u201d decrees, effectively turning Serbia into a gateway for circumventing EU sanctions.<\/span><\/p>\n<p><span style=\"font-weight: 400;\">Meanwhile, destabilising actions connected to Serbia raise <\/span><b>serious concerns for European security<\/b><span style=\"font-weight: 400;\">: the unresolved 2023 Banjska attack in Kosovo; media reports of Russian-linked groups using a resort in western Serbia to train individuals to incite unrest ahead of Moldova\u2019s elections; and Serbian citizens arrested for hate-motivated crimes in Paris and Berlin. These are not isolated episodes. They fit a pattern of hybrid interference that stretches far beyond Serbia\u2019s borders.<\/span><\/p>\n<p><b>Bearing all of this all in mind, it remains clear that the future of democracy in the Western Balkans cannot be safeguarded through declarations alone.\u00a0<\/b><\/p>\n<p><span style=\"font-weight: 400;\">It requires clarity, consistency and courage.<\/span><\/p>\n<p><span style=\"font-weight: 400;\">The European Union must recognise that what is unfolding in Serbia is not an isolated case of democratic backsliding, but a systemic challenge with direct implications for European stability and security.\u00a0<\/span><\/p>\n<p><span style=\"font-weight: 400;\">When electoral processes are criminalised, when institutions are captured, and when disinformation is weaponised, <\/span><b>the cost of inaction becomes far greater than the cost of engagement.<\/b><\/p>\n<p><b>We ask you not to leave Serbia\u2019s citizens to face this alone. Serbia urgently needs principled allies committed to defending democratic integrity.<\/b><span style=\"font-weight: 400;\"> An empowered civil society and engaged citizens remain the last line of defence against democratic erosion.<\/span><\/p>\n","protected":false},"excerpt":{"rendered":"<p>Serbia today is increasingly described by citizens as \u0106aciland. What is \u0106aciland &#8211; this impossible-to-translate word? It refers to the space between the Presidency and the National Assembly, in the very centre of the capital, where individuals with serious criminal records, including war crimes, camp and operate openly. They physically and verbally attack journalists, activists,&#8230;<\/p>\n","protected":false},"author":7,"featured_media":44101,"comment_status":"closed","ping_status":"open","sticky":false,"template":"","format":"standard","meta":{"_acf_changed":false,"footnotes":"","_links_to":"","_links_to_target":""},"categories":[218],"tags":[],"class_list":["post-44157","post","type-post","status-publish","format-standard","has-post-thumbnail","hentry","category-latest-en","ciTrackContent"],"acf":[],"yoast_head":"<!-- This site is optimized with the Yoast SEO plugin v27.4 - https:\/\/yoast.com\/product\/yoast-seo-wordpress\/ -->\n<title>CRTA\u2019s address at the joint hearing of the European Parliament\u2019s Special Committee on the European Democracy Shield and the Committee on Foreign Affairs - CRTA<\/title>\n<meta name=\"robots\" content=\"index, follow, max-snippet:-1, max-image-preview:large, max-video-preview:-1\" \/>\n<link rel=\"canonical\" href=\"https:\/\/crta.rs\/en\/crtas-address-at-the-joint-hearing-of-the-european-parliaments-special-committee-on-the-european-democracy-shield-and-the-committee-on-foreign-affairs\/\" \/>\n<meta property=\"og:locale\" content=\"en_US\" \/>\n<meta property=\"og:type\" content=\"article\" \/>\n<meta property=\"og:title\" content=\"CRTA\u2019s address at the joint hearing of the European Parliament\u2019s Special Committee on the European Democracy Shield and the Committee on Foreign Affairs - CRTA\" \/>\n<meta property=\"og:description\" content=\"Serbia today is increasingly described by citizens as \u0106aciland. What is \u0106aciland &#8211; this impossible-to-translate word? It refers to the space between the Presidency and the National Assembly, in the very centre of the capital, where individuals with serious criminal records, including war crimes, camp and operate openly. They physically and verbally attack journalists, activists,...\" \/>\n<meta property=\"og:url\" content=\"https:\/\/crta.rs\/en\/crtas-address-at-the-joint-hearing-of-the-european-parliaments-special-committee-on-the-european-democracy-shield-and-the-committee-on-foreign-affairs\/\" \/>\n<meta property=\"og:site_name\" content=\"CRTA\" \/>\n<meta property=\"article:publisher\" content=\"https:\/\/www.facebook.com\/CRTArs\/\" \/>\n<meta property=\"article:published_time\" content=\"2025-12-02T09:11:38+00:00\" \/>\n<meta property=\"article:modified_time\" content=\"2025-12-15T09:20:12+00:00\" \/>\n<meta property=\"og:image\" content=\"https:\/\/crta.rs\/wp-content\/uploads\/2025\/12\/Photo-Canva.png\" \/>\n\t<meta property=\"og:image:width\" content=\"940\" \/>\n\t<meta property=\"og:image:height\" content=\"469\" \/>\n\t<meta property=\"og:image:type\" content=\"image\/png\" \/>\n<meta name=\"author\" content=\"ivana\" \/>\n<meta name=\"twitter:card\" content=\"summary_large_image\" \/>\n<meta name=\"twitter:label1\" content=\"Written by\" \/>\n\t<meta name=\"twitter:data1\" content=\"ivana\" \/>\n\t<meta name=\"twitter:label2\" content=\"Est. reading time\" \/>\n\t<meta name=\"twitter:data2\" content=\"5 minutes\" \/>\n<script type=\"application\/ld+json\" class=\"yoast-schema-graph\">{\"@context\":\"https:\\\/\\\/schema.org\",\"@graph\":[{\"@type\":\"Article\",\"@id\":\"https:\\\/\\\/crta.rs\\\/en\\\/crtas-address-at-the-joint-hearing-of-the-european-parliaments-special-committee-on-the-european-democracy-shield-and-the-committee-on-foreign-affairs\\\/#article\",\"isPartOf\":{\"@id\":\"https:\\\/\\\/crta.rs\\\/en\\\/crtas-address-at-the-joint-hearing-of-the-european-parliaments-special-committee-on-the-european-democracy-shield-and-the-committee-on-foreign-affairs\\\/\"},\"author\":{\"name\":\"ivana\",\"@id\":\"https:\\\/\\\/crta.rs\\\/en\\\/#\\\/schema\\\/person\\\/18f7126b92949f8242e7b65ece92db4c\"},\"headline\":\"CRTA\u2019s address at the joint hearing of the European Parliament\u2019s Special Committee on the European Democracy Shield and the Committee on Foreign Affairs\",\"datePublished\":\"2025-12-02T09:11:38+00:00\",\"dateModified\":\"2025-12-15T09:20:12+00:00\",\"mainEntityOfPage\":{\"@id\":\"https:\\\/\\\/crta.rs\\\/en\\\/crtas-address-at-the-joint-hearing-of-the-european-parliaments-special-committee-on-the-european-democracy-shield-and-the-committee-on-foreign-affairs\\\/\"},\"wordCount\":963,\"image\":{\"@id\":\"https:\\\/\\\/crta.rs\\\/en\\\/crtas-address-at-the-joint-hearing-of-the-european-parliaments-special-committee-on-the-european-democracy-shield-and-the-committee-on-foreign-affairs\\\/#primaryimage\"},\"thumbnailUrl\":\"https:\\\/\\\/crta.rs\\\/wp-content\\\/uploads\\\/2025\\\/12\\\/Photo-Canva.png\",\"articleSection\":[\"Latest\"],\"inLanguage\":\"en-US\"},{\"@type\":\"WebPage\",\"@id\":\"https:\\\/\\\/crta.rs\\\/en\\\/crtas-address-at-the-joint-hearing-of-the-european-parliaments-special-committee-on-the-european-democracy-shield-and-the-committee-on-foreign-affairs\\\/\",\"url\":\"https:\\\/\\\/crta.rs\\\/en\\\/crtas-address-at-the-joint-hearing-of-the-european-parliaments-special-committee-on-the-european-democracy-shield-and-the-committee-on-foreign-affairs\\\/\",\"name\":\"CRTA\u2019s address at the joint hearing of the European Parliament\u2019s Special Committee on the European Democracy Shield and the Committee on Foreign Affairs - CRTA\",\"isPartOf\":{\"@id\":\"https:\\\/\\\/crta.rs\\\/en\\\/#website\"},\"primaryImageOfPage\":{\"@id\":\"https:\\\/\\\/crta.rs\\\/en\\\/crtas-address-at-the-joint-hearing-of-the-european-parliaments-special-committee-on-the-european-democracy-shield-and-the-committee-on-foreign-affairs\\\/#primaryimage\"},\"image\":{\"@id\":\"https:\\\/\\\/crta.rs\\\/en\\\/crtas-address-at-the-joint-hearing-of-the-european-parliaments-special-committee-on-the-european-democracy-shield-and-the-committee-on-foreign-affairs\\\/#primaryimage\"},\"thumbnailUrl\":\"https:\\\/\\\/crta.rs\\\/wp-content\\\/uploads\\\/2025\\\/12\\\/Photo-Canva.png\",\"datePublished\":\"2025-12-02T09:11:38+00:00\",\"dateModified\":\"2025-12-15T09:20:12+00:00\",\"author\":{\"@id\":\"https:\\\/\\\/crta.rs\\\/en\\\/#\\\/schema\\\/person\\\/18f7126b92949f8242e7b65ece92db4c\"},\"breadcrumb\":{\"@id\":\"https:\\\/\\\/crta.rs\\\/en\\\/crtas-address-at-the-joint-hearing-of-the-european-parliaments-special-committee-on-the-european-democracy-shield-and-the-committee-on-foreign-affairs\\\/#breadcrumb\"},\"inLanguage\":\"en-US\",\"potentialAction\":[{\"@type\":\"ReadAction\",\"target\":[\"https:\\\/\\\/crta.rs\\\/en\\\/crtas-address-at-the-joint-hearing-of-the-european-parliaments-special-committee-on-the-european-democracy-shield-and-the-committee-on-foreign-affairs\\\/\"]}]},{\"@type\":\"ImageObject\",\"inLanguage\":\"en-US\",\"@id\":\"https:\\\/\\\/crta.rs\\\/en\\\/crtas-address-at-the-joint-hearing-of-the-european-parliaments-special-committee-on-the-european-democracy-shield-and-the-committee-on-foreign-affairs\\\/#primaryimage\",\"url\":\"https:\\\/\\\/crta.rs\\\/wp-content\\\/uploads\\\/2025\\\/12\\\/Photo-Canva.png\",\"contentUrl\":\"https:\\\/\\\/crta.rs\\\/wp-content\\\/uploads\\\/2025\\\/12\\\/Photo-Canva.png\",\"width\":940,\"height\":469,\"caption\":\"European Parlament \\\/ Photo - Canva\"},{\"@type\":\"BreadcrumbList\",\"@id\":\"https:\\\/\\\/crta.rs\\\/en\\\/crtas-address-at-the-joint-hearing-of-the-european-parliaments-special-committee-on-the-european-democracy-shield-and-the-committee-on-foreign-affairs\\\/#breadcrumb\",\"itemListElement\":[{\"@type\":\"ListItem\",\"position\":1,\"name\":\"Home\",\"item\":\"https:\\\/\\\/crta.rs\\\/en\\\/\"},{\"@type\":\"ListItem\",\"position\":2,\"name\":\"Latest\",\"item\":\"https:\\\/\\\/crta.rs\\\/en\\\/category\\\/latest-en\\\/\"},{\"@type\":\"ListItem\",\"position\":3,\"name\":\"CRTA\u2019s address at the joint hearing of the European Parliament\u2019s Special Committee on the European Democracy Shield and the Committee on Foreign Affairs\"}]},{\"@type\":\"WebSite\",\"@id\":\"https:\\\/\\\/crta.rs\\\/en\\\/#website\",\"url\":\"https:\\\/\\\/crta.rs\\\/en\\\/\",\"name\":\"CRTA\",\"description\":\"Mi smo grupa aktivista i novinara koja zajedno sa gra\u0111anima uti\u010de na pove\u0107anje odgovornosti institucija i javnih funkcionera kroz pra\u0107enje i kontrolu njihovog rada.\",\"potentialAction\":[{\"@type\":\"SearchAction\",\"target\":{\"@type\":\"EntryPoint\",\"urlTemplate\":\"https:\\\/\\\/crta.rs\\\/en\\\/?s={search_term_string}\"},\"query-input\":{\"@type\":\"PropertyValueSpecification\",\"valueRequired\":true,\"valueName\":\"search_term_string\"}}],\"inLanguage\":\"en-US\"},{\"@type\":\"Person\",\"@id\":\"https:\\\/\\\/crta.rs\\\/en\\\/#\\\/schema\\\/person\\\/18f7126b92949f8242e7b65ece92db4c\",\"name\":\"ivana\",\"url\":\"https:\\\/\\\/crta.rs\\\/en\\\/author\\\/ivana\\\/\"}]}<\/script>\n<!-- \/ Yoast SEO plugin. -->","yoast_head_json":{"title":"CRTA\u2019s address at the joint hearing of the European Parliament\u2019s Special Committee on the European Democracy Shield and the Committee on Foreign Affairs - CRTA","robots":{"index":"index","follow":"follow","max-snippet":"max-snippet:-1","max-image-preview":"max-image-preview:large","max-video-preview":"max-video-preview:-1"},"canonical":"https:\/\/crta.rs\/en\/crtas-address-at-the-joint-hearing-of-the-european-parliaments-special-committee-on-the-european-democracy-shield-and-the-committee-on-foreign-affairs\/","og_locale":"en_US","og_type":"article","og_title":"CRTA\u2019s address at the joint hearing of the European Parliament\u2019s Special Committee on the European Democracy Shield and the Committee on Foreign Affairs - CRTA","og_description":"Serbia today is increasingly described by citizens as \u0106aciland. What is \u0106aciland &#8211; this impossible-to-translate word? It refers to the space between the Presidency and the National Assembly, in the very centre of the capital, where individuals with serious criminal records, including war crimes, camp and operate openly. They physically and verbally attack journalists, activists,...","og_url":"https:\/\/crta.rs\/en\/crtas-address-at-the-joint-hearing-of-the-european-parliaments-special-committee-on-the-european-democracy-shield-and-the-committee-on-foreign-affairs\/","og_site_name":"CRTA","article_publisher":"https:\/\/www.facebook.com\/CRTArs\/","article_published_time":"2025-12-02T09:11:38+00:00","article_modified_time":"2025-12-15T09:20:12+00:00","og_image":[{"width":940,"height":469,"url":"https:\/\/crta.rs\/wp-content\/uploads\/2025\/12\/Photo-Canva.png","type":"image\/png"}],"author":"ivana","twitter_card":"summary_large_image","twitter_misc":{"Written by":"ivana","Est. reading time":"5 minutes"},"schema":{"@context":"https:\/\/schema.org","@graph":[{"@type":"Article","@id":"https:\/\/crta.rs\/en\/crtas-address-at-the-joint-hearing-of-the-european-parliaments-special-committee-on-the-european-democracy-shield-and-the-committee-on-foreign-affairs\/#article","isPartOf":{"@id":"https:\/\/crta.rs\/en\/crtas-address-at-the-joint-hearing-of-the-european-parliaments-special-committee-on-the-european-democracy-shield-and-the-committee-on-foreign-affairs\/"},"author":{"name":"ivana","@id":"https:\/\/crta.rs\/en\/#\/schema\/person\/18f7126b92949f8242e7b65ece92db4c"},"headline":"CRTA\u2019s address at the joint hearing of the European Parliament\u2019s Special Committee on the European Democracy Shield and the Committee on Foreign Affairs","datePublished":"2025-12-02T09:11:38+00:00","dateModified":"2025-12-15T09:20:12+00:00","mainEntityOfPage":{"@id":"https:\/\/crta.rs\/en\/crtas-address-at-the-joint-hearing-of-the-european-parliaments-special-committee-on-the-european-democracy-shield-and-the-committee-on-foreign-affairs\/"},"wordCount":963,"image":{"@id":"https:\/\/crta.rs\/en\/crtas-address-at-the-joint-hearing-of-the-european-parliaments-special-committee-on-the-european-democracy-shield-and-the-committee-on-foreign-affairs\/#primaryimage"},"thumbnailUrl":"https:\/\/crta.rs\/wp-content\/uploads\/2025\/12\/Photo-Canva.png","articleSection":["Latest"],"inLanguage":"en-US"},{"@type":"WebPage","@id":"https:\/\/crta.rs\/en\/crtas-address-at-the-joint-hearing-of-the-european-parliaments-special-committee-on-the-european-democracy-shield-and-the-committee-on-foreign-affairs\/","url":"https:\/\/crta.rs\/en\/crtas-address-at-the-joint-hearing-of-the-european-parliaments-special-committee-on-the-european-democracy-shield-and-the-committee-on-foreign-affairs\/","name":"CRTA\u2019s address at the joint hearing of the European Parliament\u2019s Special Committee on the European Democracy Shield and the Committee on Foreign Affairs - CRTA","isPartOf":{"@id":"https:\/\/crta.rs\/en\/#website"},"primaryImageOfPage":{"@id":"https:\/\/crta.rs\/en\/crtas-address-at-the-joint-hearing-of-the-european-parliaments-special-committee-on-the-european-democracy-shield-and-the-committee-on-foreign-affairs\/#primaryimage"},"image":{"@id":"https:\/\/crta.rs\/en\/crtas-address-at-the-joint-hearing-of-the-european-parliaments-special-committee-on-the-european-democracy-shield-and-the-committee-on-foreign-affairs\/#primaryimage"},"thumbnailUrl":"https:\/\/crta.rs\/wp-content\/uploads\/2025\/12\/Photo-Canva.png","datePublished":"2025-12-02T09:11:38+00:00","dateModified":"2025-12-15T09:20:12+00:00","author":{"@id":"https:\/\/crta.rs\/en\/#\/schema\/person\/18f7126b92949f8242e7b65ece92db4c"},"breadcrumb":{"@id":"https:\/\/crta.rs\/en\/crtas-address-at-the-joint-hearing-of-the-european-parliaments-special-committee-on-the-european-democracy-shield-and-the-committee-on-foreign-affairs\/#breadcrumb"},"inLanguage":"en-US","potentialAction":[{"@type":"ReadAction","target":["https:\/\/crta.rs\/en\/crtas-address-at-the-joint-hearing-of-the-european-parliaments-special-committee-on-the-european-democracy-shield-and-the-committee-on-foreign-affairs\/"]}]},{"@type":"ImageObject","inLanguage":"en-US","@id":"https:\/\/crta.rs\/en\/crtas-address-at-the-joint-hearing-of-the-european-parliaments-special-committee-on-the-european-democracy-shield-and-the-committee-on-foreign-affairs\/#primaryimage","url":"https:\/\/crta.rs\/wp-content\/uploads\/2025\/12\/Photo-Canva.png","contentUrl":"https:\/\/crta.rs\/wp-content\/uploads\/2025\/12\/Photo-Canva.png","width":940,"height":469,"caption":"European Parlament \/ Photo - Canva"},{"@type":"BreadcrumbList","@id":"https:\/\/crta.rs\/en\/crtas-address-at-the-joint-hearing-of-the-european-parliaments-special-committee-on-the-european-democracy-shield-and-the-committee-on-foreign-affairs\/#breadcrumb","itemListElement":[{"@type":"ListItem","position":1,"name":"Home","item":"https:\/\/crta.rs\/en\/"},{"@type":"ListItem","position":2,"name":"Latest","item":"https:\/\/crta.rs\/en\/category\/latest-en\/"},{"@type":"ListItem","position":3,"name":"CRTA\u2019s address at the joint hearing of the European Parliament\u2019s Special Committee on the European Democracy Shield and the Committee on Foreign Affairs"}]},{"@type":"WebSite","@id":"https:\/\/crta.rs\/en\/#website","url":"https:\/\/crta.rs\/en\/","name":"CRTA","description":"Mi smo grupa aktivista i novinara koja zajedno sa gra\u0111anima uti\u010de na pove\u0107anje odgovornosti institucija i javnih funkcionera kroz pra\u0107enje i kontrolu njihovog rada.","potentialAction":[{"@type":"SearchAction","target":{"@type":"EntryPoint","urlTemplate":"https:\/\/crta.rs\/en\/?s={search_term_string}"},"query-input":{"@type":"PropertyValueSpecification","valueRequired":true,"valueName":"search_term_string"}}],"inLanguage":"en-US"},{"@type":"Person","@id":"https:\/\/crta.rs\/en\/#\/schema\/person\/18f7126b92949f8242e7b65ece92db4c","name":"ivana","url":"https:\/\/crta.rs\/en\/author\/ivana\/"}]}},"_links":{"self":[{"href":"https:\/\/crta.rs\/en\/wp-json\/wp\/v2\/posts\/44157","targetHints":{"allow":["GET"]}}],"collection":[{"href":"https:\/\/crta.rs\/en\/wp-json\/wp\/v2\/posts"}],"about":[{"href":"https:\/\/crta.rs\/en\/wp-json\/wp\/v2\/types\/post"}],"author":[{"embeddable":true,"href":"https:\/\/crta.rs\/en\/wp-json\/wp\/v2\/users\/7"}],"replies":[{"embeddable":true,"href":"https:\/\/crta.rs\/en\/wp-json\/wp\/v2\/comments?post=44157"}],"version-history":[{"count":1,"href":"https:\/\/crta.rs\/en\/wp-json\/wp\/v2\/posts\/44157\/revisions"}],"predecessor-version":[{"id":44158,"href":"https:\/\/crta.rs\/en\/wp-json\/wp\/v2\/posts\/44157\/revisions\/44158"}],"wp:featuredmedia":[{"embeddable":true,"href":"https:\/\/crta.rs\/en\/wp-json\/wp\/v2\/media\/44101"}],"wp:attachment":[{"href":"https:\/\/crta.rs\/en\/wp-json\/wp\/v2\/media?parent=44157"}],"wp:term":[{"taxonomy":"category","embeddable":true,"href":"https:\/\/crta.rs\/en\/wp-json\/wp\/v2\/categories?post=44157"},{"taxonomy":"post_tag","embeddable":true,"href":"https:\/\/crta.rs\/en\/wp-json\/wp\/v2\/tags?post=44157"}],"curies":[{"name":"wp","href":"https:\/\/api.w.org\/{rel}","templated":true}]}}