{"id":44140,"date":"2025-10-13T09:56:37","date_gmt":"2025-10-13T07:56:37","guid":{"rendered":"https:\/\/crta.rs\/?p=44140"},"modified":"2026-03-03T14:06:07","modified_gmt":"2026-03-03T13:06:07","slug":"majority-for-elections-majority-for-change","status":"publish","type":"post","link":"https:\/\/crta.rs\/en\/majority-for-elections-majority-for-change\/","title":{"rendered":"Majority for Elections, Majority for Change"},"content":{"rendered":"<p><span style=\"font-weight: 400;\"><strong>Almost two thirds of citizens think that the calling of early elections would be a way out of the crisis.<\/strong> Nearly one in three voters of the ruling parties also believe elections should be held according to the public opinion poll conducted by CRTA between September 13 and 27.<\/span><\/p>\n<p><span style=\"font-weight: 400;\">If elections were to be held right now, they would take place in a referendum-like atmosphere\u00a0 an alomst black-and-white division between those who support President Aleksandar Vu\u010di\u0107 and those who support the students, that is, change. <strong>At this moment, when it is still unknown when the elections will be called, 44 percent of citizens support the student list, while the bloc led by Aleksandar Vu\u010di\u0107 has 32 percent support.<\/strong><\/span><\/p>\n<p><span style=\"font-weight: 400;\">For 43 percent of citizens it doesn\u2019t matter who comes to power instead of Aleksandar Vu\u010di\u0107, while 39 percent believe things would be worse without him which clearly illustrates the referendum atmosphere and the polarization of society.<\/span><\/p>\n<p><strong>The share of citizens with moderate or undecided attitudes toward the protests against the government is shrinking 58 percent support them, 39 percent do not.<\/strong><\/p>\n<p><span style=\"font-weight: 400;\">The society\u2019s readiness for change is also reflected in the finding that more than half of citizens believe the country is heading in the wrong direction, compared to one third who believe Serbia is on the right track. Results were almost identical at the beginning of the student protests, back in December 2024. Citizens who think the country is moving in the wrong direction are mostly those who support the protests and who cite anger, frustration, and concern as their predominant emotions.<\/span><\/p>\n<p><span style=\"font-weight: 400;\"><strong>Polarization is evident in what people see as Serbia\u2019s biggest problems for 26 percent of citizens, it is systemic corruption, and for 20 percent it is the students and the blockades.<\/strong> Citizens also list the government itself and their own economic difficulties as key sources of concern.<\/span><\/p>\n<p><span style=\"font-weight: 400;\">Among those who support Vu\u010di\u0107 and see the students as the biggest problem, the majority are older citizens, people with lower levels of education, and those who rely primarily on pro-government media as their main source of information.<\/span><\/p>\n<p><b>Read the full survey<\/b> <b><a href=\"https:\/\/crta.rs\/wp-content\/uploads\/2025\/12\/JMI-September-2025_ENG-.pdf\" target=\"_blank\" rel=\"noopener\">here<\/a>.<\/b><\/p>\n<p>&nbsp;<\/p>\n<p><em><span style=\"font-weight: 400;\">The survey was conducted by telephone, on a nationally representative sample of 2,020 respondents.<\/span><\/em><\/p>\n<p>&nbsp;<\/p>\n","protected":false},"excerpt":{"rendered":"<p>Almost two thirds of citizens think that the calling of early elections would be a way out of the crisis. Nearly one in three voters of the ruling parties also believe elections should be held according to the public opinion poll conducted by CRTA between September 13 and 27. If elections were to be held&#8230;<\/p>\n","protected":false},"author":7,"featured_media":44141,"comment_status":"closed","ping_status":"open","sticky":false,"template":"","format":"standard","meta":{"_acf_changed":false,"footnotes":"","_links_to":"","_links_to_target":""},"categories":[218,75],"tags":[],"class_list":["post-44140","post","type-post","status-publish","format-standard","has-post-thumbnail","hentry","category-latest-en","category-publication-en","ciTrackContent"],"acf":[],"yoast_head":"<!-- This site is optimized with the Yoast SEO plugin v27.4 - https:\/\/yoast.com\/product\/yoast-seo-wordpress\/ -->\n<title>Majority for Elections, Majority for Change - CRTA<\/title>\n<meta name=\"robots\" content=\"index, follow, max-snippet:-1, max-image-preview:large, max-video-preview:-1\" \/>\n<link rel=\"canonical\" href=\"https:\/\/crta.rs\/en\/majority-for-elections-majority-for-change\/\" \/>\n<meta property=\"og:locale\" content=\"en_US\" \/>\n<meta property=\"og:type\" content=\"article\" \/>\n<meta property=\"og:title\" content=\"Majority for Elections, Majority for Change - CRTA\" \/>\n<meta property=\"og:description\" content=\"Almost two thirds of citizens think that the calling of early elections would be a way out of the crisis. Nearly one in three voters of the ruling parties also believe elections should be held according to the public opinion poll conducted by CRTA between September 13 and 27. If elections were to be held...\" \/>\n<meta property=\"og:url\" content=\"https:\/\/crta.rs\/en\/majority-for-elections-majority-for-change\/\" \/>\n<meta property=\"og:site_name\" content=\"CRTA\" \/>\n<meta property=\"article:publisher\" content=\"https:\/\/www.facebook.com\/CRTArs\/\" \/>\n<meta property=\"article:published_time\" content=\"2025-10-13T07:56:37+00:00\" \/>\n<meta property=\"article:modified_time\" content=\"2026-03-03T13:06:07+00:00\" \/>\n<meta property=\"og:image\" content=\"https:\/\/crta.rs\/wp-content\/uploads\/2025\/12\/JM25-Aktuelno-EN.png\" \/>\n\t<meta property=\"og:image:width\" content=\"727\" \/>\n\t<meta property=\"og:image:height\" content=\"363\" \/>\n\t<meta property=\"og:image:type\" content=\"image\/png\" \/>\n<meta name=\"author\" content=\"ivana\" \/>\n<meta name=\"twitter:card\" content=\"summary_large_image\" \/>\n<meta name=\"twitter:label1\" content=\"Written by\" \/>\n\t<meta name=\"twitter:data1\" content=\"ivana\" \/>\n\t<meta name=\"twitter:label2\" content=\"Est. reading time\" \/>\n\t<meta name=\"twitter:data2\" content=\"2 minutes\" \/>\n<script type=\"application\/ld+json\" class=\"yoast-schema-graph\">{\"@context\":\"https:\\\/\\\/schema.org\",\"@graph\":[{\"@type\":\"Article\",\"@id\":\"https:\\\/\\\/crta.rs\\\/en\\\/majority-for-elections-majority-for-change\\\/#article\",\"isPartOf\":{\"@id\":\"https:\\\/\\\/crta.rs\\\/en\\\/majority-for-elections-majority-for-change\\\/\"},\"author\":{\"name\":\"ivana\",\"@id\":\"https:\\\/\\\/crta.rs\\\/en\\\/#\\\/schema\\\/person\\\/18f7126b92949f8242e7b65ece92db4c\"},\"headline\":\"Majority for Elections, Majority for Change\",\"datePublished\":\"2025-10-13T07:56:37+00:00\",\"dateModified\":\"2026-03-03T13:06:07+00:00\",\"mainEntityOfPage\":{\"@id\":\"https:\\\/\\\/crta.rs\\\/en\\\/majority-for-elections-majority-for-change\\\/\"},\"wordCount\":369,\"image\":{\"@id\":\"https:\\\/\\\/crta.rs\\\/en\\\/majority-for-elections-majority-for-change\\\/#primaryimage\"},\"thumbnailUrl\":\"https:\\\/\\\/crta.rs\\\/wp-content\\\/uploads\\\/2025\\\/12\\\/JM25-Aktuelno-EN.png\",\"articleSection\":[\"Latest\",\"Publications\"],\"inLanguage\":\"en-US\"},{\"@type\":\"WebPage\",\"@id\":\"https:\\\/\\\/crta.rs\\\/en\\\/majority-for-elections-majority-for-change\\\/\",\"url\":\"https:\\\/\\\/crta.rs\\\/en\\\/majority-for-elections-majority-for-change\\\/\",\"name\":\"Majority for Elections, Majority for Change - CRTA\",\"isPartOf\":{\"@id\":\"https:\\\/\\\/crta.rs\\\/en\\\/#website\"},\"primaryImageOfPage\":{\"@id\":\"https:\\\/\\\/crta.rs\\\/en\\\/majority-for-elections-majority-for-change\\\/#primaryimage\"},\"image\":{\"@id\":\"https:\\\/\\\/crta.rs\\\/en\\\/majority-for-elections-majority-for-change\\\/#primaryimage\"},\"thumbnailUrl\":\"https:\\\/\\\/crta.rs\\\/wp-content\\\/uploads\\\/2025\\\/12\\\/JM25-Aktuelno-EN.png\",\"datePublished\":\"2025-10-13T07:56:37+00:00\",\"dateModified\":\"2026-03-03T13:06:07+00:00\",\"author\":{\"@id\":\"https:\\\/\\\/crta.rs\\\/en\\\/#\\\/schema\\\/person\\\/18f7126b92949f8242e7b65ece92db4c\"},\"breadcrumb\":{\"@id\":\"https:\\\/\\\/crta.rs\\\/en\\\/majority-for-elections-majority-for-change\\\/#breadcrumb\"},\"inLanguage\":\"en-US\",\"potentialAction\":[{\"@type\":\"ReadAction\",\"target\":[\"https:\\\/\\\/crta.rs\\\/en\\\/majority-for-elections-majority-for-change\\\/\"]}]},{\"@type\":\"ImageObject\",\"inLanguage\":\"en-US\",\"@id\":\"https:\\\/\\\/crta.rs\\\/en\\\/majority-for-elections-majority-for-change\\\/#primaryimage\",\"url\":\"https:\\\/\\\/crta.rs\\\/wp-content\\\/uploads\\\/2025\\\/12\\\/JM25-Aktuelno-EN.png\",\"contentUrl\":\"https:\\\/\\\/crta.rs\\\/wp-content\\\/uploads\\\/2025\\\/12\\\/JM25-Aktuelno-EN.png\",\"width\":727,\"height\":363},{\"@type\":\"BreadcrumbList\",\"@id\":\"https:\\\/\\\/crta.rs\\\/en\\\/majority-for-elections-majority-for-change\\\/#breadcrumb\",\"itemListElement\":[{\"@type\":\"ListItem\",\"position\":1,\"name\":\"Home\",\"item\":\"https:\\\/\\\/crta.rs\\\/en\\\/\"},{\"@type\":\"ListItem\",\"position\":2,\"name\":\"Latest\",\"item\":\"https:\\\/\\\/crta.rs\\\/en\\\/category\\\/latest-en\\\/\"},{\"@type\":\"ListItem\",\"position\":3,\"name\":\"Majority for Elections, Majority for Change\"}]},{\"@type\":\"WebSite\",\"@id\":\"https:\\\/\\\/crta.rs\\\/en\\\/#website\",\"url\":\"https:\\\/\\\/crta.rs\\\/en\\\/\",\"name\":\"CRTA\",\"description\":\"Mi smo grupa aktivista i novinara koja zajedno sa gra\u0111anima uti\u010de na pove\u0107anje odgovornosti institucija i javnih funkcionera kroz pra\u0107enje i kontrolu njihovog rada.\",\"potentialAction\":[{\"@type\":\"SearchAction\",\"target\":{\"@type\":\"EntryPoint\",\"urlTemplate\":\"https:\\\/\\\/crta.rs\\\/en\\\/?s={search_term_string}\"},\"query-input\":{\"@type\":\"PropertyValueSpecification\",\"valueRequired\":true,\"valueName\":\"search_term_string\"}}],\"inLanguage\":\"en-US\"},{\"@type\":\"Person\",\"@id\":\"https:\\\/\\\/crta.rs\\\/en\\\/#\\\/schema\\\/person\\\/18f7126b92949f8242e7b65ece92db4c\",\"name\":\"ivana\",\"url\":\"https:\\\/\\\/crta.rs\\\/en\\\/author\\\/ivana\\\/\"}]}<\/script>\n<!-- \/ Yoast SEO plugin. -->","yoast_head_json":{"title":"Majority for Elections, Majority for Change - CRTA","robots":{"index":"index","follow":"follow","max-snippet":"max-snippet:-1","max-image-preview":"max-image-preview:large","max-video-preview":"max-video-preview:-1"},"canonical":"https:\/\/crta.rs\/en\/majority-for-elections-majority-for-change\/","og_locale":"en_US","og_type":"article","og_title":"Majority for Elections, Majority for Change - CRTA","og_description":"Almost two thirds of citizens think that the calling of early elections would be a way out of the crisis. Nearly one in three voters of the ruling parties also believe elections should be held according to the public opinion poll conducted by CRTA between September 13 and 27. If elections were to be held...","og_url":"https:\/\/crta.rs\/en\/majority-for-elections-majority-for-change\/","og_site_name":"CRTA","article_publisher":"https:\/\/www.facebook.com\/CRTArs\/","article_published_time":"2025-10-13T07:56:37+00:00","article_modified_time":"2026-03-03T13:06:07+00:00","og_image":[{"width":727,"height":363,"url":"https:\/\/crta.rs\/wp-content\/uploads\/2025\/12\/JM25-Aktuelno-EN.png","type":"image\/png"}],"author":"ivana","twitter_card":"summary_large_image","twitter_misc":{"Written by":"ivana","Est. reading time":"2 minutes"},"schema":{"@context":"https:\/\/schema.org","@graph":[{"@type":"Article","@id":"https:\/\/crta.rs\/en\/majority-for-elections-majority-for-change\/#article","isPartOf":{"@id":"https:\/\/crta.rs\/en\/majority-for-elections-majority-for-change\/"},"author":{"name":"ivana","@id":"https:\/\/crta.rs\/en\/#\/schema\/person\/18f7126b92949f8242e7b65ece92db4c"},"headline":"Majority for Elections, Majority for Change","datePublished":"2025-10-13T07:56:37+00:00","dateModified":"2026-03-03T13:06:07+00:00","mainEntityOfPage":{"@id":"https:\/\/crta.rs\/en\/majority-for-elections-majority-for-change\/"},"wordCount":369,"image":{"@id":"https:\/\/crta.rs\/en\/majority-for-elections-majority-for-change\/#primaryimage"},"thumbnailUrl":"https:\/\/crta.rs\/wp-content\/uploads\/2025\/12\/JM25-Aktuelno-EN.png","articleSection":["Latest","Publications"],"inLanguage":"en-US"},{"@type":"WebPage","@id":"https:\/\/crta.rs\/en\/majority-for-elections-majority-for-change\/","url":"https:\/\/crta.rs\/en\/majority-for-elections-majority-for-change\/","name":"Majority for Elections, Majority for Change - CRTA","isPartOf":{"@id":"https:\/\/crta.rs\/en\/#website"},"primaryImageOfPage":{"@id":"https:\/\/crta.rs\/en\/majority-for-elections-majority-for-change\/#primaryimage"},"image":{"@id":"https:\/\/crta.rs\/en\/majority-for-elections-majority-for-change\/#primaryimage"},"thumbnailUrl":"https:\/\/crta.rs\/wp-content\/uploads\/2025\/12\/JM25-Aktuelno-EN.png","datePublished":"2025-10-13T07:56:37+00:00","dateModified":"2026-03-03T13:06:07+00:00","author":{"@id":"https:\/\/crta.rs\/en\/#\/schema\/person\/18f7126b92949f8242e7b65ece92db4c"},"breadcrumb":{"@id":"https:\/\/crta.rs\/en\/majority-for-elections-majority-for-change\/#breadcrumb"},"inLanguage":"en-US","potentialAction":[{"@type":"ReadAction","target":["https:\/\/crta.rs\/en\/majority-for-elections-majority-for-change\/"]}]},{"@type":"ImageObject","inLanguage":"en-US","@id":"https:\/\/crta.rs\/en\/majority-for-elections-majority-for-change\/#primaryimage","url":"https:\/\/crta.rs\/wp-content\/uploads\/2025\/12\/JM25-Aktuelno-EN.png","contentUrl":"https:\/\/crta.rs\/wp-content\/uploads\/2025\/12\/JM25-Aktuelno-EN.png","width":727,"height":363},{"@type":"BreadcrumbList","@id":"https:\/\/crta.rs\/en\/majority-for-elections-majority-for-change\/#breadcrumb","itemListElement":[{"@type":"ListItem","position":1,"name":"Home","item":"https:\/\/crta.rs\/en\/"},{"@type":"ListItem","position":2,"name":"Latest","item":"https:\/\/crta.rs\/en\/category\/latest-en\/"},{"@type":"ListItem","position":3,"name":"Majority for Elections, Majority for Change"}]},{"@type":"WebSite","@id":"https:\/\/crta.rs\/en\/#website","url":"https:\/\/crta.rs\/en\/","name":"CRTA","description":"Mi smo grupa aktivista i novinara koja zajedno sa gra\u0111anima uti\u010de na pove\u0107anje odgovornosti institucija i javnih funkcionera kroz pra\u0107enje i kontrolu njihovog rada.","potentialAction":[{"@type":"SearchAction","target":{"@type":"EntryPoint","urlTemplate":"https:\/\/crta.rs\/en\/?s={search_term_string}"},"query-input":{"@type":"PropertyValueSpecification","valueRequired":true,"valueName":"search_term_string"}}],"inLanguage":"en-US"},{"@type":"Person","@id":"https:\/\/crta.rs\/en\/#\/schema\/person\/18f7126b92949f8242e7b65ece92db4c","name":"ivana","url":"https:\/\/crta.rs\/en\/author\/ivana\/"}]}},"_links":{"self":[{"href":"https:\/\/crta.rs\/en\/wp-json\/wp\/v2\/posts\/44140","targetHints":{"allow":["GET"]}}],"collection":[{"href":"https:\/\/crta.rs\/en\/wp-json\/wp\/v2\/posts"}],"about":[{"href":"https:\/\/crta.rs\/en\/wp-json\/wp\/v2\/types\/post"}],"author":[{"embeddable":true,"href":"https:\/\/crta.rs\/en\/wp-json\/wp\/v2\/users\/7"}],"replies":[{"embeddable":true,"href":"https:\/\/crta.rs\/en\/wp-json\/wp\/v2\/comments?post=44140"}],"version-history":[{"count":3,"href":"https:\/\/crta.rs\/en\/wp-json\/wp\/v2\/posts\/44140\/revisions"}],"predecessor-version":[{"id":44350,"href":"https:\/\/crta.rs\/en\/wp-json\/wp\/v2\/posts\/44140\/revisions\/44350"}],"wp:featuredmedia":[{"embeddable":true,"href":"https:\/\/crta.rs\/en\/wp-json\/wp\/v2\/media\/44141"}],"wp:attachment":[{"href":"https:\/\/crta.rs\/en\/wp-json\/wp\/v2\/media?parent=44140"}],"wp:term":[{"taxonomy":"category","embeddable":true,"href":"https:\/\/crta.rs\/en\/wp-json\/wp\/v2\/categories?post=44140"},{"taxonomy":"post_tag","embeddable":true,"href":"https:\/\/crta.rs\/en\/wp-json\/wp\/v2\/tags?post=44140"}],"curies":[{"name":"wp","href":"https:\/\/api.w.org\/{rel}","templated":true}]}}