{"id":44134,"date":"2025-09-23T09:40:28","date_gmt":"2025-09-23T07:40:28","guid":{"rendered":"https:\/\/crta.rs\/?p=44134"},"modified":"2025-12-15T09:41:38","modified_gmt":"2025-12-15T08:41:38","slug":"crtas-proposal-for-the-audit-of-the-unified-voter-register","status":"publish","type":"post","link":"https:\/\/crta.rs\/en\/crtas-proposal-for-the-audit-of-the-unified-voter-register\/","title":{"rendered":"CRTA\u2019s proposal for the audit of the Unified Voter Register"},"content":{"rendered":"<p><span style=\"font-weight: 400;\">Following a broad and public consultative process that involved representatives of both parliamentary and non-parliamentary parties, civil society, the academic community, citizens&#8217; assemblies, and other interested stakeholders, CRTA, taking into account ODIHR\u2019s recommendations, <strong>finalized its proposal for the audit of the Unified Voter Register<\/strong>, which could serve as a foundation for revision and as a prerequisite for beginning to restore public trust in the official voter register.\u00a0<\/span><\/p>\n","protected":false},"excerpt":{"rendered":"<p>Following a broad and public consultative process that involved representatives of both parliamentary and non-parliamentary parties, civil society, the academic community, citizens&#8217; assemblies, and other interested stakeholders, CRTA, taking into account ODIHR\u2019s recommendations, finalized its proposal for the audit of the Unified Voter Register, which could serve as a foundation for revision and as a&#8230;<\/p>\n","protected":false},"author":7,"featured_media":43608,"comment_status":"closed","ping_status":"open","sticky":false,"template":"","format":"standard","meta":{"_acf_changed":false,"footnotes":"","_links_to":"","_links_to_target":""},"categories":[218,75],"tags":[],"class_list":["post-44134","post","type-post","status-publish","format-standard","has-post-thumbnail","hentry","category-latest-en","category-publication-en","ciTrackContent"],"acf":[],"yoast_head":"<!-- This site is optimized with the Yoast SEO plugin v27.4 - https:\/\/yoast.com\/product\/yoast-seo-wordpress\/ -->\n<title>CRTA\u2019s proposal for the audit of the Unified Voter Register - CRTA<\/title>\n<meta name=\"robots\" content=\"index, follow, max-snippet:-1, max-image-preview:large, max-video-preview:-1\" \/>\n<link rel=\"canonical\" href=\"https:\/\/crta.rs\/en\/crtas-proposal-for-the-audit-of-the-unified-voter-register\/\" \/>\n<meta property=\"og:locale\" content=\"en_US\" \/>\n<meta property=\"og:type\" content=\"article\" \/>\n<meta property=\"og:title\" content=\"CRTA\u2019s proposal for the audit of the Unified Voter Register - CRTA\" \/>\n<meta property=\"og:description\" content=\"Following a broad and public consultative process that involved representatives of both parliamentary and non-parliamentary parties, civil society, the academic community, citizens&#8217; assemblies, and other interested stakeholders, CRTA, taking into account ODIHR\u2019s recommendations, finalized its proposal for the audit of the Unified Voter Register, which could serve as a foundation for revision and as a...\" \/>\n<meta property=\"og:url\" content=\"https:\/\/crta.rs\/en\/crtas-proposal-for-the-audit-of-the-unified-voter-register\/\" \/>\n<meta property=\"og:site_name\" content=\"CRTA\" \/>\n<meta property=\"article:publisher\" content=\"https:\/\/www.facebook.com\/CRTArs\/\" \/>\n<meta property=\"article:published_time\" content=\"2025-09-23T07:40:28+00:00\" \/>\n<meta property=\"article:modified_time\" content=\"2025-12-15T08:41:38+00:00\" \/>\n<meta property=\"og:image\" content=\"https:\/\/crta.rs\/wp-content\/uploads\/2025\/07\/Crta-zakon-biracki-spisak-Aktuelno.png\" \/>\n\t<meta property=\"og:image:width\" content=\"940\" \/>\n\t<meta property=\"og:image:height\" content=\"469\" \/>\n\t<meta property=\"og:image:type\" content=\"image\/png\" \/>\n<meta name=\"author\" content=\"ivana\" \/>\n<meta name=\"twitter:card\" content=\"summary_large_image\" \/>\n<meta name=\"twitter:label1\" content=\"Written by\" \/>\n\t<meta name=\"twitter:data1\" content=\"ivana\" \/>\n\t<meta name=\"twitter:label2\" content=\"Est. reading time\" \/>\n\t<meta name=\"twitter:data2\" content=\"1 minute\" \/>\n<script type=\"application\/ld+json\" class=\"yoast-schema-graph\">{\"@context\":\"https:\\\/\\\/schema.org\",\"@graph\":[{\"@type\":\"Article\",\"@id\":\"https:\\\/\\\/crta.rs\\\/en\\\/crtas-proposal-for-the-audit-of-the-unified-voter-register\\\/#article\",\"isPartOf\":{\"@id\":\"https:\\\/\\\/crta.rs\\\/en\\\/crtas-proposal-for-the-audit-of-the-unified-voter-register\\\/\"},\"author\":{\"name\":\"ivana\",\"@id\":\"https:\\\/\\\/crta.rs\\\/en\\\/#\\\/schema\\\/person\\\/18f7126b92949f8242e7b65ece92db4c\"},\"headline\":\"CRTA\u2019s proposal for the audit of the Unified Voter Register\",\"datePublished\":\"2025-09-23T07:40:28+00:00\",\"dateModified\":\"2025-12-15T08:41:38+00:00\",\"mainEntityOfPage\":{\"@id\":\"https:\\\/\\\/crta.rs\\\/en\\\/crtas-proposal-for-the-audit-of-the-unified-voter-register\\\/\"},\"wordCount\":79,\"image\":{\"@id\":\"https:\\\/\\\/crta.rs\\\/en\\\/crtas-proposal-for-the-audit-of-the-unified-voter-register\\\/#primaryimage\"},\"thumbnailUrl\":\"https:\\\/\\\/crta.rs\\\/wp-content\\\/uploads\\\/2025\\\/07\\\/Crta-zakon-biracki-spisak-Aktuelno.png\",\"articleSection\":[\"Latest\",\"Publications\"],\"inLanguage\":\"en-US\"},{\"@type\":\"WebPage\",\"@id\":\"https:\\\/\\\/crta.rs\\\/en\\\/crtas-proposal-for-the-audit-of-the-unified-voter-register\\\/\",\"url\":\"https:\\\/\\\/crta.rs\\\/en\\\/crtas-proposal-for-the-audit-of-the-unified-voter-register\\\/\",\"name\":\"CRTA\u2019s proposal for the audit of the Unified Voter Register - CRTA\",\"isPartOf\":{\"@id\":\"https:\\\/\\\/crta.rs\\\/en\\\/#website\"},\"primaryImageOfPage\":{\"@id\":\"https:\\\/\\\/crta.rs\\\/en\\\/crtas-proposal-for-the-audit-of-the-unified-voter-register\\\/#primaryimage\"},\"image\":{\"@id\":\"https:\\\/\\\/crta.rs\\\/en\\\/crtas-proposal-for-the-audit-of-the-unified-voter-register\\\/#primaryimage\"},\"thumbnailUrl\":\"https:\\\/\\\/crta.rs\\\/wp-content\\\/uploads\\\/2025\\\/07\\\/Crta-zakon-biracki-spisak-Aktuelno.png\",\"datePublished\":\"2025-09-23T07:40:28+00:00\",\"dateModified\":\"2025-12-15T08:41:38+00:00\",\"author\":{\"@id\":\"https:\\\/\\\/crta.rs\\\/en\\\/#\\\/schema\\\/person\\\/18f7126b92949f8242e7b65ece92db4c\"},\"breadcrumb\":{\"@id\":\"https:\\\/\\\/crta.rs\\\/en\\\/crtas-proposal-for-the-audit-of-the-unified-voter-register\\\/#breadcrumb\"},\"inLanguage\":\"en-US\",\"potentialAction\":[{\"@type\":\"ReadAction\",\"target\":[\"https:\\\/\\\/crta.rs\\\/en\\\/crtas-proposal-for-the-audit-of-the-unified-voter-register\\\/\"]}]},{\"@type\":\"ImageObject\",\"inLanguage\":\"en-US\",\"@id\":\"https:\\\/\\\/crta.rs\\\/en\\\/crtas-proposal-for-the-audit-of-the-unified-voter-register\\\/#primaryimage\",\"url\":\"https:\\\/\\\/crta.rs\\\/wp-content\\\/uploads\\\/2025\\\/07\\\/Crta-zakon-biracki-spisak-Aktuelno.png\",\"contentUrl\":\"https:\\\/\\\/crta.rs\\\/wp-content\\\/uploads\\\/2025\\\/07\\\/Crta-zakon-biracki-spisak-Aktuelno.png\",\"width\":940,\"height\":469},{\"@type\":\"BreadcrumbList\",\"@id\":\"https:\\\/\\\/crta.rs\\\/en\\\/crtas-proposal-for-the-audit-of-the-unified-voter-register\\\/#breadcrumb\",\"itemListElement\":[{\"@type\":\"ListItem\",\"position\":1,\"name\":\"Home\",\"item\":\"https:\\\/\\\/crta.rs\\\/en\\\/\"},{\"@type\":\"ListItem\",\"position\":2,\"name\":\"Latest\",\"item\":\"https:\\\/\\\/crta.rs\\\/en\\\/category\\\/latest-en\\\/\"},{\"@type\":\"ListItem\",\"position\":3,\"name\":\"CRTA\u2019s proposal for the audit of the Unified Voter Register\"}]},{\"@type\":\"WebSite\",\"@id\":\"https:\\\/\\\/crta.rs\\\/en\\\/#website\",\"url\":\"https:\\\/\\\/crta.rs\\\/en\\\/\",\"name\":\"CRTA\",\"description\":\"Mi smo grupa aktivista i novinara koja zajedno sa gra\u0111anima uti\u010de na pove\u0107anje odgovornosti institucija i javnih funkcionera kroz pra\u0107enje i kontrolu njihovog rada.\",\"potentialAction\":[{\"@type\":\"SearchAction\",\"target\":{\"@type\":\"EntryPoint\",\"urlTemplate\":\"https:\\\/\\\/crta.rs\\\/en\\\/?s={search_term_string}\"},\"query-input\":{\"@type\":\"PropertyValueSpecification\",\"valueRequired\":true,\"valueName\":\"search_term_string\"}}],\"inLanguage\":\"en-US\"},{\"@type\":\"Person\",\"@id\":\"https:\\\/\\\/crta.rs\\\/en\\\/#\\\/schema\\\/person\\\/18f7126b92949f8242e7b65ece92db4c\",\"name\":\"ivana\",\"url\":\"https:\\\/\\\/crta.rs\\\/en\\\/author\\\/ivana\\\/\"}]}<\/script>\n<!-- \/ Yoast SEO plugin. -->","yoast_head_json":{"title":"CRTA\u2019s proposal for the audit of the Unified Voter Register - CRTA","robots":{"index":"index","follow":"follow","max-snippet":"max-snippet:-1","max-image-preview":"max-image-preview:large","max-video-preview":"max-video-preview:-1"},"canonical":"https:\/\/crta.rs\/en\/crtas-proposal-for-the-audit-of-the-unified-voter-register\/","og_locale":"en_US","og_type":"article","og_title":"CRTA\u2019s proposal for the audit of the Unified Voter Register - CRTA","og_description":"Following a broad and public consultative process that involved representatives of both parliamentary and non-parliamentary parties, civil society, the academic community, citizens&#8217; assemblies, and other interested stakeholders, CRTA, taking into account ODIHR\u2019s recommendations, finalized its proposal for the audit of the Unified Voter Register, which could serve as a foundation for revision and as a...","og_url":"https:\/\/crta.rs\/en\/crtas-proposal-for-the-audit-of-the-unified-voter-register\/","og_site_name":"CRTA","article_publisher":"https:\/\/www.facebook.com\/CRTArs\/","article_published_time":"2025-09-23T07:40:28+00:00","article_modified_time":"2025-12-15T08:41:38+00:00","og_image":[{"width":940,"height":469,"url":"https:\/\/crta.rs\/wp-content\/uploads\/2025\/07\/Crta-zakon-biracki-spisak-Aktuelno.png","type":"image\/png"}],"author":"ivana","twitter_card":"summary_large_image","twitter_misc":{"Written by":"ivana","Est. reading time":"1 minute"},"schema":{"@context":"https:\/\/schema.org","@graph":[{"@type":"Article","@id":"https:\/\/crta.rs\/en\/crtas-proposal-for-the-audit-of-the-unified-voter-register\/#article","isPartOf":{"@id":"https:\/\/crta.rs\/en\/crtas-proposal-for-the-audit-of-the-unified-voter-register\/"},"author":{"name":"ivana","@id":"https:\/\/crta.rs\/en\/#\/schema\/person\/18f7126b92949f8242e7b65ece92db4c"},"headline":"CRTA\u2019s proposal for the audit of the Unified Voter Register","datePublished":"2025-09-23T07:40:28+00:00","dateModified":"2025-12-15T08:41:38+00:00","mainEntityOfPage":{"@id":"https:\/\/crta.rs\/en\/crtas-proposal-for-the-audit-of-the-unified-voter-register\/"},"wordCount":79,"image":{"@id":"https:\/\/crta.rs\/en\/crtas-proposal-for-the-audit-of-the-unified-voter-register\/#primaryimage"},"thumbnailUrl":"https:\/\/crta.rs\/wp-content\/uploads\/2025\/07\/Crta-zakon-biracki-spisak-Aktuelno.png","articleSection":["Latest","Publications"],"inLanguage":"en-US"},{"@type":"WebPage","@id":"https:\/\/crta.rs\/en\/crtas-proposal-for-the-audit-of-the-unified-voter-register\/","url":"https:\/\/crta.rs\/en\/crtas-proposal-for-the-audit-of-the-unified-voter-register\/","name":"CRTA\u2019s proposal for the audit of the Unified Voter Register - CRTA","isPartOf":{"@id":"https:\/\/crta.rs\/en\/#website"},"primaryImageOfPage":{"@id":"https:\/\/crta.rs\/en\/crtas-proposal-for-the-audit-of-the-unified-voter-register\/#primaryimage"},"image":{"@id":"https:\/\/crta.rs\/en\/crtas-proposal-for-the-audit-of-the-unified-voter-register\/#primaryimage"},"thumbnailUrl":"https:\/\/crta.rs\/wp-content\/uploads\/2025\/07\/Crta-zakon-biracki-spisak-Aktuelno.png","datePublished":"2025-09-23T07:40:28+00:00","dateModified":"2025-12-15T08:41:38+00:00","author":{"@id":"https:\/\/crta.rs\/en\/#\/schema\/person\/18f7126b92949f8242e7b65ece92db4c"},"breadcrumb":{"@id":"https:\/\/crta.rs\/en\/crtas-proposal-for-the-audit-of-the-unified-voter-register\/#breadcrumb"},"inLanguage":"en-US","potentialAction":[{"@type":"ReadAction","target":["https:\/\/crta.rs\/en\/crtas-proposal-for-the-audit-of-the-unified-voter-register\/"]}]},{"@type":"ImageObject","inLanguage":"en-US","@id":"https:\/\/crta.rs\/en\/crtas-proposal-for-the-audit-of-the-unified-voter-register\/#primaryimage","url":"https:\/\/crta.rs\/wp-content\/uploads\/2025\/07\/Crta-zakon-biracki-spisak-Aktuelno.png","contentUrl":"https:\/\/crta.rs\/wp-content\/uploads\/2025\/07\/Crta-zakon-biracki-spisak-Aktuelno.png","width":940,"height":469},{"@type":"BreadcrumbList","@id":"https:\/\/crta.rs\/en\/crtas-proposal-for-the-audit-of-the-unified-voter-register\/#breadcrumb","itemListElement":[{"@type":"ListItem","position":1,"name":"Home","item":"https:\/\/crta.rs\/en\/"},{"@type":"ListItem","position":2,"name":"Latest","item":"https:\/\/crta.rs\/en\/category\/latest-en\/"},{"@type":"ListItem","position":3,"name":"CRTA\u2019s proposal for the audit of the Unified Voter Register"}]},{"@type":"WebSite","@id":"https:\/\/crta.rs\/en\/#website","url":"https:\/\/crta.rs\/en\/","name":"CRTA","description":"Mi smo grupa aktivista i novinara koja zajedno sa gra\u0111anima uti\u010de na pove\u0107anje odgovornosti institucija i javnih funkcionera kroz pra\u0107enje i kontrolu njihovog rada.","potentialAction":[{"@type":"SearchAction","target":{"@type":"EntryPoint","urlTemplate":"https:\/\/crta.rs\/en\/?s={search_term_string}"},"query-input":{"@type":"PropertyValueSpecification","valueRequired":true,"valueName":"search_term_string"}}],"inLanguage":"en-US"},{"@type":"Person","@id":"https:\/\/crta.rs\/en\/#\/schema\/person\/18f7126b92949f8242e7b65ece92db4c","name":"ivana","url":"https:\/\/crta.rs\/en\/author\/ivana\/"}]}},"_links":{"self":[{"href":"https:\/\/crta.rs\/en\/wp-json\/wp\/v2\/posts\/44134","targetHints":{"allow":["GET"]}}],"collection":[{"href":"https:\/\/crta.rs\/en\/wp-json\/wp\/v2\/posts"}],"about":[{"href":"https:\/\/crta.rs\/en\/wp-json\/wp\/v2\/types\/post"}],"author":[{"embeddable":true,"href":"https:\/\/crta.rs\/en\/wp-json\/wp\/v2\/users\/7"}],"replies":[{"embeddable":true,"href":"https:\/\/crta.rs\/en\/wp-json\/wp\/v2\/comments?post=44134"}],"version-history":[{"count":3,"href":"https:\/\/crta.rs\/en\/wp-json\/wp\/v2\/posts\/44134\/revisions"}],"predecessor-version":[{"id":44137,"href":"https:\/\/crta.rs\/en\/wp-json\/wp\/v2\/posts\/44134\/revisions\/44137"}],"wp:featuredmedia":[{"embeddable":true,"href":"https:\/\/crta.rs\/en\/wp-json\/wp\/v2\/media\/43608"}],"wp:attachment":[{"href":"https:\/\/crta.rs\/en\/wp-json\/wp\/v2\/media?parent=44134"}],"wp:term":[{"taxonomy":"category","embeddable":true,"href":"https:\/\/crta.rs\/en\/wp-json\/wp\/v2\/categories?post=44134"},{"taxonomy":"post_tag","embeddable":true,"href":"https:\/\/crta.rs\/en\/wp-json\/wp\/v2\/tags?post=44134"}],"curies":[{"name":"wp","href":"https:\/\/api.w.org\/{rel}","templated":true}]}}