{"id":44103,"date":"2025-09-23T14:01:16","date_gmt":"2025-09-23T12:01:16","guid":{"rendered":"https:\/\/crta.rs\/?p=44103"},"modified":"2025-12-12T14:05:29","modified_gmt":"2025-12-12T13:05:29","slug":"an-audit-of-the-voter-register-is-possible-but-not-under-the-conditions-imposed-by-the-government","status":"publish","type":"post","link":"https:\/\/crta.rs\/en\/an-audit-of-the-voter-register-is-possible-but-not-under-the-conditions-imposed-by-the-government\/","title":{"rendered":"An audit of the Voter Register is possible, but not under the conditions imposed by the government"},"content":{"rendered":"<p><span style=\"font-weight: 400;\">Following a broad and public consultative process that involved representatives of both parliamentary and non-parliamentary parties, civil society, the academic community, citizens&#8217; assemblies, and other interested stakeholders, CRTA, taking into account ODIHR\u2019s recommendations, <strong>finalized its proposal for the audit of the Unified Voter Register<\/strong>, which could serve as a foundation for revision and as a prerequisite for beginning to restore public trust in the official voter register.<\/span><\/p>\n<p><span style=\"font-weight: 400;\">At the same time, the government continues to impose its own legal solution, which, even after nine rounds of revisions in response to ODIHR\u2019s comments, <strong>still fails to address the essential need for the independence and integrity of the commission that would carry out the voter register audit.<\/strong><\/span><\/p>\n<p><span style=\"font-weight: 400;\">The government refuses to relinquish its intention to maintain control over the audit process, once again demonstrating that party interests are more important to it than the well-being of society as a whole. This prolonged exhaustion of the domestic public and international actors through superficial amendments risks leading the country into the next elections not only without a valid voter register, but with a legally sanctioned illusion that the problem has been solved and that electoral manipulation has been prevented.<\/span><\/p>\n<p><span style=\"font-weight: 400;\">The experience of the recent elections in Zaje\u010dar confirms the legitimacy of public distrust in a government that continues to deny the problems with the voter register as it was found that the register included deceased persons, internally displaced individuals, and citizens without registered residence necessary to vote in local elections, yet these findings failed to trigger the necessary institutional response.<\/span><\/p>\n<p><span style=\"font-weight: 400;\"><strong>The essence of CRTA\u2019s proposal for the audit of the Unified Voter Register lies in the establishment of a professional nine-member commission with executive powers,<\/strong> with three members each nominated by the ruling majority, the parliamentary opposition, and civil society organizations, reflecting ODIHR\u2019s emphasis on inclusivity and balance. <strong>Decision-making would require a majority of six votes, including at least two from each group, thus encouraging consensus in the public interest and preventing the dominance of any single side.<\/strong> The government refuses to acknowledge these essential requirements, firmly protecting its power to impose majority rule.<\/span><\/p>\n<p><span style=\"font-weight: 400;\">In the current context of eroding rule of law in Serbia, it is important to emphasize that not even the best law, including CRTA\u2019s proposal, can guarantee the desired changes on its own. New legislation is necessary, but insufficient as long as there is no institutional framework ready to implement the solutions outlined on paper. The government obstructs the resolution of the voter register issue even at this crucial first step.<\/span><\/p>\n<p><strong>You can read the full proposed law <a href=\"https:\/\/crta.rs\/wp-content\/uploads\/2025\/12\/CRTAs-proposal-for-the-audit-of-the-UVR-September-2025.docx-1-1.pdf\" target=\"_blank\" rel=\"noopener\">here<\/a><\/strong><\/p>\n","protected":false},"excerpt":{"rendered":"<p>Following a broad and public consultative process that involved representatives of both parliamentary and non-parliamentary parties, civil society, the academic community, citizens&#8217; assemblies, and other interested stakeholders, CRTA, taking into account ODIHR\u2019s recommendations, finalized its proposal for the audit of the Unified Voter Register, which could serve as a foundation for revision and as a&#8230;<\/p>\n","protected":false},"author":7,"featured_media":42808,"comment_status":"closed","ping_status":"open","sticky":false,"template":"","format":"standard","meta":{"_acf_changed":false,"footnotes":"","_links_to":"","_links_to_target":""},"categories":[218,681],"tags":[],"class_list":["post-44103","post","type-post","status-publish","format-standard","has-post-thumbnail","hentry","category-latest-en","category-news","ciTrackContent"],"acf":[],"yoast_head":"<!-- This site is optimized with the Yoast SEO plugin v27.4 - https:\/\/yoast.com\/product\/yoast-seo-wordpress\/ -->\n<title>An audit of the Voter Register is possible, but not under the conditions imposed by the government - CRTA<\/title>\n<meta name=\"robots\" content=\"index, follow, max-snippet:-1, max-image-preview:large, max-video-preview:-1\" \/>\n<link rel=\"canonical\" href=\"https:\/\/crta.rs\/en\/an-audit-of-the-voter-register-is-possible-but-not-under-the-conditions-imposed-by-the-government\/\" \/>\n<meta property=\"og:locale\" content=\"en_US\" \/>\n<meta property=\"og:type\" content=\"article\" \/>\n<meta property=\"og:title\" content=\"An audit of the Voter Register is possible, but not under the conditions imposed by the government - CRTA\" \/>\n<meta property=\"og:description\" content=\"Following a broad and public consultative process that involved representatives of both parliamentary and non-parliamentary parties, civil society, the academic community, citizens&#8217; assemblies, and other interested stakeholders, CRTA, taking into account ODIHR\u2019s recommendations, finalized its proposal for the audit of the Unified Voter Register, which could serve as a foundation for revision and as a...\" \/>\n<meta property=\"og:url\" content=\"https:\/\/crta.rs\/en\/an-audit-of-the-voter-register-is-possible-but-not-under-the-conditions-imposed-by-the-government\/\" \/>\n<meta property=\"og:site_name\" content=\"CRTA\" \/>\n<meta property=\"article:publisher\" content=\"https:\/\/www.facebook.com\/CRTArs\/\" \/>\n<meta property=\"article:published_time\" content=\"2025-09-23T12:01:16+00:00\" \/>\n<meta property=\"article:modified_time\" content=\"2025-12-12T13:05:29+00:00\" \/>\n<meta property=\"og:image\" content=\"https:\/\/crta.rs\/wp-content\/uploads\/2025\/05\/Crta-Aktuelno-PressRelease-4.png\" \/>\n\t<meta property=\"og:image:width\" content=\"940\" \/>\n\t<meta property=\"og:image:height\" content=\"469\" \/>\n\t<meta property=\"og:image:type\" content=\"image\/png\" \/>\n<meta name=\"author\" content=\"ivana\" \/>\n<meta name=\"twitter:card\" content=\"summary_large_image\" \/>\n<meta name=\"twitter:label1\" content=\"Written by\" \/>\n\t<meta name=\"twitter:data1\" content=\"ivana\" \/>\n\t<meta name=\"twitter:label2\" content=\"Est. reading time\" \/>\n\t<meta name=\"twitter:data2\" content=\"3 minutes\" \/>\n<script type=\"application\/ld+json\" class=\"yoast-schema-graph\">{\"@context\":\"https:\\\/\\\/schema.org\",\"@graph\":[{\"@type\":\"Article\",\"@id\":\"https:\\\/\\\/crta.rs\\\/en\\\/an-audit-of-the-voter-register-is-possible-but-not-under-the-conditions-imposed-by-the-government\\\/#article\",\"isPartOf\":{\"@id\":\"https:\\\/\\\/crta.rs\\\/en\\\/an-audit-of-the-voter-register-is-possible-but-not-under-the-conditions-imposed-by-the-government\\\/\"},\"author\":{\"name\":\"ivana\",\"@id\":\"https:\\\/\\\/crta.rs\\\/en\\\/#\\\/schema\\\/person\\\/18f7126b92949f8242e7b65ece92db4c\"},\"headline\":\"An audit of the Voter Register is possible, but not under the conditions imposed by the government\",\"datePublished\":\"2025-09-23T12:01:16+00:00\",\"dateModified\":\"2025-12-12T13:05:29+00:00\",\"mainEntityOfPage\":{\"@id\":\"https:\\\/\\\/crta.rs\\\/en\\\/an-audit-of-the-voter-register-is-possible-but-not-under-the-conditions-imposed-by-the-government\\\/\"},\"wordCount\":452,\"image\":{\"@id\":\"https:\\\/\\\/crta.rs\\\/en\\\/an-audit-of-the-voter-register-is-possible-but-not-under-the-conditions-imposed-by-the-government\\\/#primaryimage\"},\"thumbnailUrl\":\"https:\\\/\\\/crta.rs\\\/wp-content\\\/uploads\\\/2025\\\/05\\\/Crta-Aktuelno-PressRelease-4.png\",\"articleSection\":[\"Latest\",\"News\"],\"inLanguage\":\"en-US\"},{\"@type\":\"WebPage\",\"@id\":\"https:\\\/\\\/crta.rs\\\/en\\\/an-audit-of-the-voter-register-is-possible-but-not-under-the-conditions-imposed-by-the-government\\\/\",\"url\":\"https:\\\/\\\/crta.rs\\\/en\\\/an-audit-of-the-voter-register-is-possible-but-not-under-the-conditions-imposed-by-the-government\\\/\",\"name\":\"An audit of the Voter Register is possible, but not under the conditions imposed by the government - CRTA\",\"isPartOf\":{\"@id\":\"https:\\\/\\\/crta.rs\\\/en\\\/#website\"},\"primaryImageOfPage\":{\"@id\":\"https:\\\/\\\/crta.rs\\\/en\\\/an-audit-of-the-voter-register-is-possible-but-not-under-the-conditions-imposed-by-the-government\\\/#primaryimage\"},\"image\":{\"@id\":\"https:\\\/\\\/crta.rs\\\/en\\\/an-audit-of-the-voter-register-is-possible-but-not-under-the-conditions-imposed-by-the-government\\\/#primaryimage\"},\"thumbnailUrl\":\"https:\\\/\\\/crta.rs\\\/wp-content\\\/uploads\\\/2025\\\/05\\\/Crta-Aktuelno-PressRelease-4.png\",\"datePublished\":\"2025-09-23T12:01:16+00:00\",\"dateModified\":\"2025-12-12T13:05:29+00:00\",\"author\":{\"@id\":\"https:\\\/\\\/crta.rs\\\/en\\\/#\\\/schema\\\/person\\\/18f7126b92949f8242e7b65ece92db4c\"},\"breadcrumb\":{\"@id\":\"https:\\\/\\\/crta.rs\\\/en\\\/an-audit-of-the-voter-register-is-possible-but-not-under-the-conditions-imposed-by-the-government\\\/#breadcrumb\"},\"inLanguage\":\"en-US\",\"potentialAction\":[{\"@type\":\"ReadAction\",\"target\":[\"https:\\\/\\\/crta.rs\\\/en\\\/an-audit-of-the-voter-register-is-possible-but-not-under-the-conditions-imposed-by-the-government\\\/\"]}]},{\"@type\":\"ImageObject\",\"inLanguage\":\"en-US\",\"@id\":\"https:\\\/\\\/crta.rs\\\/en\\\/an-audit-of-the-voter-register-is-possible-but-not-under-the-conditions-imposed-by-the-government\\\/#primaryimage\",\"url\":\"https:\\\/\\\/crta.rs\\\/wp-content\\\/uploads\\\/2025\\\/05\\\/Crta-Aktuelno-PressRelease-4.png\",\"contentUrl\":\"https:\\\/\\\/crta.rs\\\/wp-content\\\/uploads\\\/2025\\\/05\\\/Crta-Aktuelno-PressRelease-4.png\",\"width\":940,\"height\":469},{\"@type\":\"BreadcrumbList\",\"@id\":\"https:\\\/\\\/crta.rs\\\/en\\\/an-audit-of-the-voter-register-is-possible-but-not-under-the-conditions-imposed-by-the-government\\\/#breadcrumb\",\"itemListElement\":[{\"@type\":\"ListItem\",\"position\":1,\"name\":\"Home\",\"item\":\"https:\\\/\\\/crta.rs\\\/en\\\/\"},{\"@type\":\"ListItem\",\"position\":2,\"name\":\"Latest\",\"item\":\"https:\\\/\\\/crta.rs\\\/en\\\/category\\\/latest-en\\\/\"},{\"@type\":\"ListItem\",\"position\":3,\"name\":\"An audit of the Voter Register is possible, but not under the conditions imposed by the government\"}]},{\"@type\":\"WebSite\",\"@id\":\"https:\\\/\\\/crta.rs\\\/en\\\/#website\",\"url\":\"https:\\\/\\\/crta.rs\\\/en\\\/\",\"name\":\"CRTA\",\"description\":\"Mi smo grupa aktivista i novinara koja zajedno sa gra\u0111anima uti\u010de na pove\u0107anje odgovornosti institucija i javnih funkcionera kroz pra\u0107enje i kontrolu njihovog rada.\",\"potentialAction\":[{\"@type\":\"SearchAction\",\"target\":{\"@type\":\"EntryPoint\",\"urlTemplate\":\"https:\\\/\\\/crta.rs\\\/en\\\/?s={search_term_string}\"},\"query-input\":{\"@type\":\"PropertyValueSpecification\",\"valueRequired\":true,\"valueName\":\"search_term_string\"}}],\"inLanguage\":\"en-US\"},{\"@type\":\"Person\",\"@id\":\"https:\\\/\\\/crta.rs\\\/en\\\/#\\\/schema\\\/person\\\/18f7126b92949f8242e7b65ece92db4c\",\"name\":\"ivana\",\"url\":\"https:\\\/\\\/crta.rs\\\/en\\\/author\\\/ivana\\\/\"}]}<\/script>\n<!-- \/ Yoast SEO plugin. -->","yoast_head_json":{"title":"An audit of the Voter Register is possible, but not under the conditions imposed by the government - CRTA","robots":{"index":"index","follow":"follow","max-snippet":"max-snippet:-1","max-image-preview":"max-image-preview:large","max-video-preview":"max-video-preview:-1"},"canonical":"https:\/\/crta.rs\/en\/an-audit-of-the-voter-register-is-possible-but-not-under-the-conditions-imposed-by-the-government\/","og_locale":"en_US","og_type":"article","og_title":"An audit of the Voter Register is possible, but not under the conditions imposed by the government - CRTA","og_description":"Following a broad and public consultative process that involved representatives of both parliamentary and non-parliamentary parties, civil society, the academic community, citizens&#8217; assemblies, and other interested stakeholders, CRTA, taking into account ODIHR\u2019s recommendations, finalized its proposal for the audit of the Unified Voter Register, which could serve as a foundation for revision and as a...","og_url":"https:\/\/crta.rs\/en\/an-audit-of-the-voter-register-is-possible-but-not-under-the-conditions-imposed-by-the-government\/","og_site_name":"CRTA","article_publisher":"https:\/\/www.facebook.com\/CRTArs\/","article_published_time":"2025-09-23T12:01:16+00:00","article_modified_time":"2025-12-12T13:05:29+00:00","og_image":[{"width":940,"height":469,"url":"https:\/\/crta.rs\/wp-content\/uploads\/2025\/05\/Crta-Aktuelno-PressRelease-4.png","type":"image\/png"}],"author":"ivana","twitter_card":"summary_large_image","twitter_misc":{"Written by":"ivana","Est. reading time":"3 minutes"},"schema":{"@context":"https:\/\/schema.org","@graph":[{"@type":"Article","@id":"https:\/\/crta.rs\/en\/an-audit-of-the-voter-register-is-possible-but-not-under-the-conditions-imposed-by-the-government\/#article","isPartOf":{"@id":"https:\/\/crta.rs\/en\/an-audit-of-the-voter-register-is-possible-but-not-under-the-conditions-imposed-by-the-government\/"},"author":{"name":"ivana","@id":"https:\/\/crta.rs\/en\/#\/schema\/person\/18f7126b92949f8242e7b65ece92db4c"},"headline":"An audit of the Voter Register is possible, but not under the conditions imposed by the government","datePublished":"2025-09-23T12:01:16+00:00","dateModified":"2025-12-12T13:05:29+00:00","mainEntityOfPage":{"@id":"https:\/\/crta.rs\/en\/an-audit-of-the-voter-register-is-possible-but-not-under-the-conditions-imposed-by-the-government\/"},"wordCount":452,"image":{"@id":"https:\/\/crta.rs\/en\/an-audit-of-the-voter-register-is-possible-but-not-under-the-conditions-imposed-by-the-government\/#primaryimage"},"thumbnailUrl":"https:\/\/crta.rs\/wp-content\/uploads\/2025\/05\/Crta-Aktuelno-PressRelease-4.png","articleSection":["Latest","News"],"inLanguage":"en-US"},{"@type":"WebPage","@id":"https:\/\/crta.rs\/en\/an-audit-of-the-voter-register-is-possible-but-not-under-the-conditions-imposed-by-the-government\/","url":"https:\/\/crta.rs\/en\/an-audit-of-the-voter-register-is-possible-but-not-under-the-conditions-imposed-by-the-government\/","name":"An audit of the Voter Register is possible, but not under the conditions imposed by the government - CRTA","isPartOf":{"@id":"https:\/\/crta.rs\/en\/#website"},"primaryImageOfPage":{"@id":"https:\/\/crta.rs\/en\/an-audit-of-the-voter-register-is-possible-but-not-under-the-conditions-imposed-by-the-government\/#primaryimage"},"image":{"@id":"https:\/\/crta.rs\/en\/an-audit-of-the-voter-register-is-possible-but-not-under-the-conditions-imposed-by-the-government\/#primaryimage"},"thumbnailUrl":"https:\/\/crta.rs\/wp-content\/uploads\/2025\/05\/Crta-Aktuelno-PressRelease-4.png","datePublished":"2025-09-23T12:01:16+00:00","dateModified":"2025-12-12T13:05:29+00:00","author":{"@id":"https:\/\/crta.rs\/en\/#\/schema\/person\/18f7126b92949f8242e7b65ece92db4c"},"breadcrumb":{"@id":"https:\/\/crta.rs\/en\/an-audit-of-the-voter-register-is-possible-but-not-under-the-conditions-imposed-by-the-government\/#breadcrumb"},"inLanguage":"en-US","potentialAction":[{"@type":"ReadAction","target":["https:\/\/crta.rs\/en\/an-audit-of-the-voter-register-is-possible-but-not-under-the-conditions-imposed-by-the-government\/"]}]},{"@type":"ImageObject","inLanguage":"en-US","@id":"https:\/\/crta.rs\/en\/an-audit-of-the-voter-register-is-possible-but-not-under-the-conditions-imposed-by-the-government\/#primaryimage","url":"https:\/\/crta.rs\/wp-content\/uploads\/2025\/05\/Crta-Aktuelno-PressRelease-4.png","contentUrl":"https:\/\/crta.rs\/wp-content\/uploads\/2025\/05\/Crta-Aktuelno-PressRelease-4.png","width":940,"height":469},{"@type":"BreadcrumbList","@id":"https:\/\/crta.rs\/en\/an-audit-of-the-voter-register-is-possible-but-not-under-the-conditions-imposed-by-the-government\/#breadcrumb","itemListElement":[{"@type":"ListItem","position":1,"name":"Home","item":"https:\/\/crta.rs\/en\/"},{"@type":"ListItem","position":2,"name":"Latest","item":"https:\/\/crta.rs\/en\/category\/latest-en\/"},{"@type":"ListItem","position":3,"name":"An audit of the Voter Register is possible, but not under the conditions imposed by the government"}]},{"@type":"WebSite","@id":"https:\/\/crta.rs\/en\/#website","url":"https:\/\/crta.rs\/en\/","name":"CRTA","description":"Mi smo grupa aktivista i novinara koja zajedno sa gra\u0111anima uti\u010de na pove\u0107anje odgovornosti institucija i javnih funkcionera kroz pra\u0107enje i kontrolu njihovog rada.","potentialAction":[{"@type":"SearchAction","target":{"@type":"EntryPoint","urlTemplate":"https:\/\/crta.rs\/en\/?s={search_term_string}"},"query-input":{"@type":"PropertyValueSpecification","valueRequired":true,"valueName":"search_term_string"}}],"inLanguage":"en-US"},{"@type":"Person","@id":"https:\/\/crta.rs\/en\/#\/schema\/person\/18f7126b92949f8242e7b65ece92db4c","name":"ivana","url":"https:\/\/crta.rs\/en\/author\/ivana\/"}]}},"_links":{"self":[{"href":"https:\/\/crta.rs\/en\/wp-json\/wp\/v2\/posts\/44103","targetHints":{"allow":["GET"]}}],"collection":[{"href":"https:\/\/crta.rs\/en\/wp-json\/wp\/v2\/posts"}],"about":[{"href":"https:\/\/crta.rs\/en\/wp-json\/wp\/v2\/types\/post"}],"author":[{"embeddable":true,"href":"https:\/\/crta.rs\/en\/wp-json\/wp\/v2\/users\/7"}],"replies":[{"embeddable":true,"href":"https:\/\/crta.rs\/en\/wp-json\/wp\/v2\/comments?post=44103"}],"version-history":[{"count":2,"href":"https:\/\/crta.rs\/en\/wp-json\/wp\/v2\/posts\/44103\/revisions"}],"predecessor-version":[{"id":44107,"href":"https:\/\/crta.rs\/en\/wp-json\/wp\/v2\/posts\/44103\/revisions\/44107"}],"wp:featuredmedia":[{"embeddable":true,"href":"https:\/\/crta.rs\/en\/wp-json\/wp\/v2\/media\/42808"}],"wp:attachment":[{"href":"https:\/\/crta.rs\/en\/wp-json\/wp\/v2\/media?parent=44103"}],"wp:term":[{"taxonomy":"category","embeddable":true,"href":"https:\/\/crta.rs\/en\/wp-json\/wp\/v2\/categories?post=44103"},{"taxonomy":"post_tag","embeddable":true,"href":"https:\/\/crta.rs\/en\/wp-json\/wp\/v2\/tags?post=44103"}],"curies":[{"name":"wp","href":"https:\/\/api.w.org\/{rel}","templated":true}]}}