{"id":4395,"date":"2018-11-02T15:06:26","date_gmt":"2018-11-02T15:06:26","guid":{"rendered":"https:\/\/crta.rs\/?p=4395"},"modified":"2020-12-28T15:21:20","modified_gmt":"2020-12-28T14:21:20","slug":"parliament-openness-in-serbia-2017","status":"publish","type":"post","link":"https:\/\/crta.rs\/en\/parliament-openness-in-serbia-2017\/","title":{"rendered":"Parliament openness in Serbia 2017."},"content":{"rendered":"<p>In cooperation with partners from the regional network &#8220;ActionSEE&#8221;, the CRTA has prepared a proposal of practical policies in which levels of transparency, openness and accountability of the legislative power in the West Balkans region were analysed. The proposal is a result of a comprehensive research, based on methodology, undertaken by the members\u00a0of the network ActionSEE in previous months in all West Balkans countries.<\/p>\n","protected":false},"excerpt":{"rendered":"<p>In cooperation with partners from the regional network &#8220;ActionSEE&#8221;, the CRTA has prepared a proposal of practical policies in which levels of transparency, openness and accountability of the legislative power in the West Balkans region were analysed. The proposal is a result of a comprehensive research, based on methodology, undertaken by the members\u00a0of the network&#8230;<\/p>\n","protected":false},"author":3,"featured_media":4396,"comment_status":"closed","ping_status":"closed","sticky":false,"template":"","format":"standard","meta":{"_acf_changed":false,"footnotes":"","_links_to":"","_links_to_target":""},"categories":[75],"tags":[],"class_list":["post-4395","post","type-post","status-publish","format-standard","has-post-thumbnail","hentry","category-publication-en","ciTrackContent"],"acf":[],"yoast_head":"<!-- This site is optimized with the Yoast SEO plugin v27.4 - https:\/\/yoast.com\/product\/yoast-seo-wordpress\/ -->\n<title>Parliament openness in Serbia 2017. - CRTA<\/title>\n<meta name=\"robots\" content=\"index, follow, max-snippet:-1, max-image-preview:large, max-video-preview:-1\" \/>\n<link rel=\"canonical\" href=\"https:\/\/crta.rs\/en\/parliament-openness-in-serbia-2017\/\" \/>\n<meta property=\"og:locale\" content=\"en_US\" \/>\n<meta property=\"og:type\" content=\"article\" \/>\n<meta property=\"og:title\" content=\"Parliament openness in Serbia 2017. - CRTA\" \/>\n<meta property=\"og:description\" content=\"In cooperation with partners from the regional network &#8220;ActionSEE&#8221;, the CRTA has prepared a proposal of practical policies in which levels of transparency, openness and accountability of the legislative power in the West Balkans region were analysed. The proposal is a result of a comprehensive research, based on methodology, undertaken by the members\u00a0of the network...\" \/>\n<meta property=\"og:url\" content=\"https:\/\/crta.rs\/en\/parliament-openness-in-serbia-2017\/\" \/>\n<meta property=\"og:site_name\" content=\"CRTA\" \/>\n<meta property=\"article:publisher\" content=\"https:\/\/www.facebook.com\/CRTArs\/\" \/>\n<meta property=\"article:published_time\" content=\"2018-11-02T15:06:26+00:00\" \/>\n<meta property=\"article:modified_time\" content=\"2020-12-28T14:21:20+00:00\" \/>\n<meta property=\"og:image\" content=\"https:\/\/crta.rs\/wp-content\/uploads\/2018\/11\/Parliament-openness-in-Serbia-2017-scaled.jpg\" \/>\n\t<meta property=\"og:image:width\" content=\"1810\" \/>\n\t<meta property=\"og:image:height\" content=\"2560\" \/>\n\t<meta property=\"og:image:type\" content=\"image\/jpeg\" \/>\n<meta name=\"author\" content=\"milica\" \/>\n<meta name=\"twitter:card\" content=\"summary_large_image\" \/>\n<meta name=\"twitter:label1\" content=\"Written by\" \/>\n\t<meta name=\"twitter:data1\" content=\"milica\" \/>\n<script type=\"application\/ld+json\" class=\"yoast-schema-graph\">{\"@context\":\"https:\\\/\\\/schema.org\",\"@graph\":[{\"@type\":\"Article\",\"@id\":\"https:\\\/\\\/crta.rs\\\/en\\\/parliament-openness-in-serbia-2017\\\/#article\",\"isPartOf\":{\"@id\":\"https:\\\/\\\/crta.rs\\\/en\\\/parliament-openness-in-serbia-2017\\\/\"},\"author\":{\"name\":\"milica\",\"@id\":\"https:\\\/\\\/crta.rs\\\/en\\\/#\\\/schema\\\/person\\\/0cc37dbc4cb7d35b32379de6f98e1c7f\"},\"headline\":\"Parliament openness in Serbia 2017.\",\"datePublished\":\"2018-11-02T15:06:26+00:00\",\"dateModified\":\"2020-12-28T14:21:20+00:00\",\"mainEntityOfPage\":{\"@id\":\"https:\\\/\\\/crta.rs\\\/en\\\/parliament-openness-in-serbia-2017\\\/\"},\"wordCount\":69,\"image\":{\"@id\":\"https:\\\/\\\/crta.rs\\\/en\\\/parliament-openness-in-serbia-2017\\\/#primaryimage\"},\"thumbnailUrl\":\"https:\\\/\\\/crta.rs\\\/wp-content\\\/uploads\\\/2018\\\/11\\\/Parliament-openness-in-Serbia-2017-scaled.jpg\",\"articleSection\":[\"Publications\"],\"inLanguage\":\"en-US\"},{\"@type\":\"WebPage\",\"@id\":\"https:\\\/\\\/crta.rs\\\/en\\\/parliament-openness-in-serbia-2017\\\/\",\"url\":\"https:\\\/\\\/crta.rs\\\/en\\\/parliament-openness-in-serbia-2017\\\/\",\"name\":\"Parliament openness in Serbia 2017. - CRTA\",\"isPartOf\":{\"@id\":\"https:\\\/\\\/crta.rs\\\/en\\\/#website\"},\"primaryImageOfPage\":{\"@id\":\"https:\\\/\\\/crta.rs\\\/en\\\/parliament-openness-in-serbia-2017\\\/#primaryimage\"},\"image\":{\"@id\":\"https:\\\/\\\/crta.rs\\\/en\\\/parliament-openness-in-serbia-2017\\\/#primaryimage\"},\"thumbnailUrl\":\"https:\\\/\\\/crta.rs\\\/wp-content\\\/uploads\\\/2018\\\/11\\\/Parliament-openness-in-Serbia-2017-scaled.jpg\",\"datePublished\":\"2018-11-02T15:06:26+00:00\",\"dateModified\":\"2020-12-28T14:21:20+00:00\",\"author\":{\"@id\":\"https:\\\/\\\/crta.rs\\\/en\\\/#\\\/schema\\\/person\\\/0cc37dbc4cb7d35b32379de6f98e1c7f\"},\"breadcrumb\":{\"@id\":\"https:\\\/\\\/crta.rs\\\/en\\\/parliament-openness-in-serbia-2017\\\/#breadcrumb\"},\"inLanguage\":\"en-US\",\"potentialAction\":[{\"@type\":\"ReadAction\",\"target\":[\"https:\\\/\\\/crta.rs\\\/en\\\/parliament-openness-in-serbia-2017\\\/\"]}]},{\"@type\":\"ImageObject\",\"inLanguage\":\"en-US\",\"@id\":\"https:\\\/\\\/crta.rs\\\/en\\\/parliament-openness-in-serbia-2017\\\/#primaryimage\",\"url\":\"https:\\\/\\\/crta.rs\\\/wp-content\\\/uploads\\\/2018\\\/11\\\/Parliament-openness-in-Serbia-2017-scaled.jpg\",\"contentUrl\":\"https:\\\/\\\/crta.rs\\\/wp-content\\\/uploads\\\/2018\\\/11\\\/Parliament-openness-in-Serbia-2017-scaled.jpg\",\"width\":1810,\"height\":2560},{\"@type\":\"BreadcrumbList\",\"@id\":\"https:\\\/\\\/crta.rs\\\/en\\\/parliament-openness-in-serbia-2017\\\/#breadcrumb\",\"itemListElement\":[{\"@type\":\"ListItem\",\"position\":1,\"name\":\"Home\",\"item\":\"https:\\\/\\\/crta.rs\\\/en\\\/\"},{\"@type\":\"ListItem\",\"position\":2,\"name\":\"Publications\",\"item\":\"https:\\\/\\\/crta.rs\\\/en\\\/category\\\/publication-en\\\/\"},{\"@type\":\"ListItem\",\"position\":3,\"name\":\"Parliament openness in Serbia 2017.\"}]},{\"@type\":\"WebSite\",\"@id\":\"https:\\\/\\\/crta.rs\\\/en\\\/#website\",\"url\":\"https:\\\/\\\/crta.rs\\\/en\\\/\",\"name\":\"CRTA\",\"description\":\"Mi smo grupa aktivista i novinara koja zajedno sa gra\u0111anima uti\u010de na pove\u0107anje odgovornosti institucija i javnih funkcionera kroz pra\u0107enje i kontrolu njihovog rada.\",\"potentialAction\":[{\"@type\":\"SearchAction\",\"target\":{\"@type\":\"EntryPoint\",\"urlTemplate\":\"https:\\\/\\\/crta.rs\\\/en\\\/?s={search_term_string}\"},\"query-input\":{\"@type\":\"PropertyValueSpecification\",\"valueRequired\":true,\"valueName\":\"search_term_string\"}}],\"inLanguage\":\"en-US\"},{\"@type\":\"Person\",\"@id\":\"https:\\\/\\\/crta.rs\\\/en\\\/#\\\/schema\\\/person\\\/0cc37dbc4cb7d35b32379de6f98e1c7f\",\"name\":\"milica\",\"url\":\"https:\\\/\\\/crta.rs\\\/en\\\/author\\\/milica\\\/\"}]}<\/script>\n<!-- \/ Yoast SEO plugin. -->","yoast_head_json":{"title":"Parliament openness in Serbia 2017. - CRTA","robots":{"index":"index","follow":"follow","max-snippet":"max-snippet:-1","max-image-preview":"max-image-preview:large","max-video-preview":"max-video-preview:-1"},"canonical":"https:\/\/crta.rs\/en\/parliament-openness-in-serbia-2017\/","og_locale":"en_US","og_type":"article","og_title":"Parliament openness in Serbia 2017. - CRTA","og_description":"In cooperation with partners from the regional network &#8220;ActionSEE&#8221;, the CRTA has prepared a proposal of practical policies in which levels of transparency, openness and accountability of the legislative power in the West Balkans region were analysed. The proposal is a result of a comprehensive research, based on methodology, undertaken by the members\u00a0of the network...","og_url":"https:\/\/crta.rs\/en\/parliament-openness-in-serbia-2017\/","og_site_name":"CRTA","article_publisher":"https:\/\/www.facebook.com\/CRTArs\/","article_published_time":"2018-11-02T15:06:26+00:00","article_modified_time":"2020-12-28T14:21:20+00:00","og_image":[{"width":1810,"height":2560,"url":"https:\/\/crta.rs\/wp-content\/uploads\/2018\/11\/Parliament-openness-in-Serbia-2017-scaled.jpg","type":"image\/jpeg"}],"author":"milica","twitter_card":"summary_large_image","twitter_misc":{"Written by":"milica"},"schema":{"@context":"https:\/\/schema.org","@graph":[{"@type":"Article","@id":"https:\/\/crta.rs\/en\/parliament-openness-in-serbia-2017\/#article","isPartOf":{"@id":"https:\/\/crta.rs\/en\/parliament-openness-in-serbia-2017\/"},"author":{"name":"milica","@id":"https:\/\/crta.rs\/en\/#\/schema\/person\/0cc37dbc4cb7d35b32379de6f98e1c7f"},"headline":"Parliament openness in Serbia 2017.","datePublished":"2018-11-02T15:06:26+00:00","dateModified":"2020-12-28T14:21:20+00:00","mainEntityOfPage":{"@id":"https:\/\/crta.rs\/en\/parliament-openness-in-serbia-2017\/"},"wordCount":69,"image":{"@id":"https:\/\/crta.rs\/en\/parliament-openness-in-serbia-2017\/#primaryimage"},"thumbnailUrl":"https:\/\/crta.rs\/wp-content\/uploads\/2018\/11\/Parliament-openness-in-Serbia-2017-scaled.jpg","articleSection":["Publications"],"inLanguage":"en-US"},{"@type":"WebPage","@id":"https:\/\/crta.rs\/en\/parliament-openness-in-serbia-2017\/","url":"https:\/\/crta.rs\/en\/parliament-openness-in-serbia-2017\/","name":"Parliament openness in Serbia 2017. - CRTA","isPartOf":{"@id":"https:\/\/crta.rs\/en\/#website"},"primaryImageOfPage":{"@id":"https:\/\/crta.rs\/en\/parliament-openness-in-serbia-2017\/#primaryimage"},"image":{"@id":"https:\/\/crta.rs\/en\/parliament-openness-in-serbia-2017\/#primaryimage"},"thumbnailUrl":"https:\/\/crta.rs\/wp-content\/uploads\/2018\/11\/Parliament-openness-in-Serbia-2017-scaled.jpg","datePublished":"2018-11-02T15:06:26+00:00","dateModified":"2020-12-28T14:21:20+00:00","author":{"@id":"https:\/\/crta.rs\/en\/#\/schema\/person\/0cc37dbc4cb7d35b32379de6f98e1c7f"},"breadcrumb":{"@id":"https:\/\/crta.rs\/en\/parliament-openness-in-serbia-2017\/#breadcrumb"},"inLanguage":"en-US","potentialAction":[{"@type":"ReadAction","target":["https:\/\/crta.rs\/en\/parliament-openness-in-serbia-2017\/"]}]},{"@type":"ImageObject","inLanguage":"en-US","@id":"https:\/\/crta.rs\/en\/parliament-openness-in-serbia-2017\/#primaryimage","url":"https:\/\/crta.rs\/wp-content\/uploads\/2018\/11\/Parliament-openness-in-Serbia-2017-scaled.jpg","contentUrl":"https:\/\/crta.rs\/wp-content\/uploads\/2018\/11\/Parliament-openness-in-Serbia-2017-scaled.jpg","width":1810,"height":2560},{"@type":"BreadcrumbList","@id":"https:\/\/crta.rs\/en\/parliament-openness-in-serbia-2017\/#breadcrumb","itemListElement":[{"@type":"ListItem","position":1,"name":"Home","item":"https:\/\/crta.rs\/en\/"},{"@type":"ListItem","position":2,"name":"Publications","item":"https:\/\/crta.rs\/en\/category\/publication-en\/"},{"@type":"ListItem","position":3,"name":"Parliament openness in Serbia 2017."}]},{"@type":"WebSite","@id":"https:\/\/crta.rs\/en\/#website","url":"https:\/\/crta.rs\/en\/","name":"CRTA","description":"Mi smo grupa aktivista i novinara koja zajedno sa gra\u0111anima uti\u010de na pove\u0107anje odgovornosti institucija i javnih funkcionera kroz pra\u0107enje i kontrolu njihovog rada.","potentialAction":[{"@type":"SearchAction","target":{"@type":"EntryPoint","urlTemplate":"https:\/\/crta.rs\/en\/?s={search_term_string}"},"query-input":{"@type":"PropertyValueSpecification","valueRequired":true,"valueName":"search_term_string"}}],"inLanguage":"en-US"},{"@type":"Person","@id":"https:\/\/crta.rs\/en\/#\/schema\/person\/0cc37dbc4cb7d35b32379de6f98e1c7f","name":"milica","url":"https:\/\/crta.rs\/en\/author\/milica\/"}]}},"_links":{"self":[{"href":"https:\/\/crta.rs\/en\/wp-json\/wp\/v2\/posts\/4395","targetHints":{"allow":["GET"]}}],"collection":[{"href":"https:\/\/crta.rs\/en\/wp-json\/wp\/v2\/posts"}],"about":[{"href":"https:\/\/crta.rs\/en\/wp-json\/wp\/v2\/types\/post"}],"author":[{"embeddable":true,"href":"https:\/\/crta.rs\/en\/wp-json\/wp\/v2\/users\/3"}],"replies":[{"embeddable":true,"href":"https:\/\/crta.rs\/en\/wp-json\/wp\/v2\/comments?post=4395"}],"version-history":[{"count":2,"href":"https:\/\/crta.rs\/en\/wp-json\/wp\/v2\/posts\/4395\/revisions"}],"predecessor-version":[{"id":19048,"href":"https:\/\/crta.rs\/en\/wp-json\/wp\/v2\/posts\/4395\/revisions\/19048"}],"wp:featuredmedia":[{"embeddable":true,"href":"https:\/\/crta.rs\/en\/wp-json\/wp\/v2\/media\/4396"}],"wp:attachment":[{"href":"https:\/\/crta.rs\/en\/wp-json\/wp\/v2\/media?parent=4395"}],"wp:term":[{"taxonomy":"category","embeddable":true,"href":"https:\/\/crta.rs\/en\/wp-json\/wp\/v2\/categories?post=4395"},{"taxonomy":"post_tag","embeddable":true,"href":"https:\/\/crta.rs\/en\/wp-json\/wp\/v2\/tags?post=4395"}],"curies":[{"name":"wp","href":"https:\/\/api.w.org\/{rel}","templated":true}]}}