{"id":43729,"date":"2025-07-30T17:06:45","date_gmt":"2025-07-30T15:06:45","guid":{"rendered":"https:\/\/crta.rs\/?p=43729"},"modified":"2025-09-03T17:30:08","modified_gmt":"2025-09-03T15:30:08","slug":"the-next-elections-will-be-held-without-the-necessary-audit-of-the-voter-registry","status":"publish","type":"post","link":"https:\/\/crta.rs\/en\/the-next-elections-will-be-held-without-the-necessary-audit-of-the-voter-registry\/","title":{"rendered":"The Next Elections Will Be Held Without the Necessary Audit of the Voter Registry"},"content":{"rendered":"<p><span style=\"font-weight: 400;\">Everything the authorities have done so far indicates that an independent, effective audit of the voter registry will not be carried out before the next elections. The task will remain necessary to complete under different political circumstances \u2013 this was one of the messages from today\u2019s public discussion on problems with the voter registry, held in Belgrade and organized by CRTA.<\/span><\/p>\n<p><span style=\"font-weight: 400;\">\u201cThere is an absolutely clear public and state interest for Serbia to have an accurate voter registry, protected from abuse, and that interest must be placed above all particular, party interests. The intention of any party to secure control over the process of auditing the voter registry for itself is not legitimate and does not demonstrate a genuine will to reach a comprehensive solution,\u201d said Pavle Dimitrijevi\u0107, head of CRTA\u2019s legal team.<\/span><\/p>\n<p><span style=\"font-weight: 400;\">The ongoing electoral reform processes are merely a simulation through which the authorities are trying to gain political points with international actors. The draft legal amendments being imposed by the authorities \u2014 which, in six versions, have been brought close to CRTA\u2019s proposal \u2014 still fail to provide the necessary independence and integrity of the commission for the audit of the voter registry, nor do they define all the specific powers that would ensure its work delivers results.<\/span><\/p>\n<p><span style=\"font-weight: 400;\">By contrast, CRTA\u2019s draft law, based on the depth of the problem that was most visibly exposed during the December 2023 elections, prescribes extremely strict criteria for validating the voter registry.<\/span><\/p>\n<p><span style=\"font-weight: 400;\">The audit commission must be independent in its work, composed of experts of unquestionable integrity, and equipped with broad powers and access to state data \u2014 from access to civil registries and other relevant databases, to the ability to verify the security of the software, initiate field checks and supervise their implementation, and even to launch proceedings against those who commit unlawful acts related to the voter registry.<\/span><\/p>\n<p><span style=\"font-weight: 400;\">The commission\u2019s work would also have to be transparent. CRTA\u2019s proposal is that it be composed of three members each nominated by the authorities, the opposition, and civil society, with decisions made by a two-thirds majority and with at least two votes required from each group \u2014 nearly consensus.<\/span><\/p>\n<div id=\"attachment_43731\" style=\"width: 950px\" class=\"wp-caption alignnone\"><a href=\"https:\/\/crta.rs\/wp-content\/uploads\/2025\/09\/2.png\"><img loading=\"lazy\" decoding=\"async\" aria-describedby=\"caption-attachment-43731\" class=\"size-full wp-image-43731\" src=\"https:\/\/crta.rs\/wp-content\/uploads\/2025\/09\/2.png\" alt=\"\" width=\"940\" height=\"469\" srcset=\"https:\/\/crta.rs\/wp-content\/uploads\/2025\/09\/2.png 940w, https:\/\/crta.rs\/wp-content\/uploads\/2025\/09\/2-300x150.png 300w, https:\/\/crta.rs\/wp-content\/uploads\/2025\/09\/2-768x383.png 768w, https:\/\/crta.rs\/wp-content\/uploads\/2025\/09\/2-500x249.png 500w\" sizes=\"auto, (max-width: 940px) 100vw, 940px\" \/><\/a><p id=\"caption-attachment-43731\" class=\"wp-caption-text\">Public discussion on audit of the voter registry<\/p><\/div>\n<p><span style=\"font-weight: 400;\">The discussion also addressed abuses of the voter registry recorded in earlier election cycles, such as manipulation of voter identities and status, fictitious residences and dual citizenships, manipulations within the software itself, and more.<\/span><\/p>\n<p><span style=\"font-weight: 400;\">Given the likelihood that, once the flawed Law on Amendments to the Unified Voter Registry is adopted, the authorities will attempt to manipulate the public with some sort of cosmetic audit, it is essential that problems and solutions related to the voter registry be the subject of dialogue among democratic forces in society.<\/span><\/p>\n<p><span style=\"font-weight: 400;\">Today\u2019s event was attended by representatives of civil society, political parties, the academic community, students, citizens\u2019 assemblies, and the media.<\/span><\/p>\n<p><span style=\"font-weight: 400;\">A recording of the event can be viewed here.<\/span><\/p>\n<div class=\"video-holder\"><iframe loading=\"lazy\" width=\"560\" height=\"315\" frameborder=\"0\" src=\"https:\/\/www.youtube.com\/embed\/P5bK-NJ2Pws?si=5YQyRZDOFSWSau9C\" title=\"YouTube video player\"><\/iframe><\/div>\n<p><span style=\"font-weight: 400;\">We believe that only together can we contribute to the civic struggle for a better tomorrow. You can read our Draft Law proposal and leave your comments and suggestions by clicking<a href=\"https:\/\/docs.google.com\/document\/d\/1zp4a5BMVc1n5TaTrwr_jdGT8-PPbIkih\/edit\" target=\"_blank\" rel=\"noopener\"> here.<\/a><\/span><\/p>\n","protected":false},"excerpt":{"rendered":"<p>Everything the authorities have done so far indicates that an independent, effective audit of the voter registry will not be carried out before the next elections. The task will remain necessary to complete under different political circumstances \u2013 this was one of the messages from today\u2019s public discussion on problems with the voter registry, held&#8230;<\/p>\n","protected":false},"author":7,"featured_media":43632,"comment_status":"closed","ping_status":"open","sticky":false,"template":"","format":"standard","meta":{"_acf_changed":false,"footnotes":"","_links_to":"","_links_to_target":""},"categories":[218,681],"tags":[],"class_list":["post-43729","post","type-post","status-publish","format-standard","has-post-thumbnail","hentry","category-latest-en","category-news","ciTrackContent"],"acf":[],"yoast_head":"<!-- This site is optimized with the Yoast SEO plugin v27.4 - https:\/\/yoast.com\/product\/yoast-seo-wordpress\/ -->\n<title>The Next Elections Will Be Held Without the Necessary Audit of the Voter Registry - CRTA<\/title>\n<meta name=\"robots\" content=\"index, follow, max-snippet:-1, max-image-preview:large, max-video-preview:-1\" \/>\n<link rel=\"canonical\" href=\"https:\/\/crta.rs\/en\/the-next-elections-will-be-held-without-the-necessary-audit-of-the-voter-registry\/\" \/>\n<meta property=\"og:locale\" content=\"en_US\" \/>\n<meta property=\"og:type\" content=\"article\" \/>\n<meta property=\"og:title\" content=\"The Next Elections Will Be Held Without the Necessary Audit of the Voter Registry - CRTA\" \/>\n<meta property=\"og:description\" content=\"Everything the authorities have done so far indicates that an independent, effective audit of the voter registry will not be carried out before the next elections. The task will remain necessary to complete under different political circumstances \u2013 this was one of the messages from today\u2019s public discussion on problems with the voter registry, held...\" \/>\n<meta property=\"og:url\" content=\"https:\/\/crta.rs\/en\/the-next-elections-will-be-held-without-the-necessary-audit-of-the-voter-registry\/\" \/>\n<meta property=\"og:site_name\" content=\"CRTA\" \/>\n<meta property=\"article:publisher\" content=\"https:\/\/www.facebook.com\/CRTArs\/\" \/>\n<meta property=\"article:published_time\" content=\"2025-07-30T15:06:45+00:00\" \/>\n<meta property=\"article:modified_time\" content=\"2025-09-03T15:30:08+00:00\" \/>\n<meta property=\"og:image\" content=\"https:\/\/crta.rs\/wp-content\/uploads\/2025\/07\/1.png\" \/>\n\t<meta property=\"og:image:width\" content=\"940\" \/>\n\t<meta property=\"og:image:height\" content=\"469\" \/>\n\t<meta property=\"og:image:type\" content=\"image\/png\" \/>\n<meta name=\"author\" content=\"ivana\" \/>\n<meta name=\"twitter:card\" content=\"summary_large_image\" \/>\n<meta name=\"twitter:label1\" content=\"Written by\" \/>\n\t<meta name=\"twitter:data1\" content=\"ivana\" \/>\n\t<meta name=\"twitter:label2\" content=\"Est. reading time\" \/>\n\t<meta name=\"twitter:data2\" content=\"3 minutes\" \/>\n<script type=\"application\/ld+json\" class=\"yoast-schema-graph\">{\"@context\":\"https:\\\/\\\/schema.org\",\"@graph\":[{\"@type\":\"Article\",\"@id\":\"https:\\\/\\\/crta.rs\\\/en\\\/the-next-elections-will-be-held-without-the-necessary-audit-of-the-voter-registry\\\/#article\",\"isPartOf\":{\"@id\":\"https:\\\/\\\/crta.rs\\\/en\\\/the-next-elections-will-be-held-without-the-necessary-audit-of-the-voter-registry\\\/\"},\"author\":{\"name\":\"ivana\",\"@id\":\"https:\\\/\\\/crta.rs\\\/en\\\/#\\\/schema\\\/person\\\/18f7126b92949f8242e7b65ece92db4c\"},\"headline\":\"The Next Elections Will Be Held Without the Necessary Audit of the Voter Registry\",\"datePublished\":\"2025-07-30T15:06:45+00:00\",\"dateModified\":\"2025-09-03T15:30:08+00:00\",\"mainEntityOfPage\":{\"@id\":\"https:\\\/\\\/crta.rs\\\/en\\\/the-next-elections-will-be-held-without-the-necessary-audit-of-the-voter-registry\\\/\"},\"wordCount\":537,\"image\":{\"@id\":\"https:\\\/\\\/crta.rs\\\/en\\\/the-next-elections-will-be-held-without-the-necessary-audit-of-the-voter-registry\\\/#primaryimage\"},\"thumbnailUrl\":\"https:\\\/\\\/crta.rs\\\/wp-content\\\/uploads\\\/2025\\\/07\\\/1.png\",\"articleSection\":[\"Latest\",\"News\"],\"inLanguage\":\"en-US\"},{\"@type\":\"WebPage\",\"@id\":\"https:\\\/\\\/crta.rs\\\/en\\\/the-next-elections-will-be-held-without-the-necessary-audit-of-the-voter-registry\\\/\",\"url\":\"https:\\\/\\\/crta.rs\\\/en\\\/the-next-elections-will-be-held-without-the-necessary-audit-of-the-voter-registry\\\/\",\"name\":\"The Next Elections Will Be Held Without the Necessary Audit of the Voter Registry - CRTA\",\"isPartOf\":{\"@id\":\"https:\\\/\\\/crta.rs\\\/en\\\/#website\"},\"primaryImageOfPage\":{\"@id\":\"https:\\\/\\\/crta.rs\\\/en\\\/the-next-elections-will-be-held-without-the-necessary-audit-of-the-voter-registry\\\/#primaryimage\"},\"image\":{\"@id\":\"https:\\\/\\\/crta.rs\\\/en\\\/the-next-elections-will-be-held-without-the-necessary-audit-of-the-voter-registry\\\/#primaryimage\"},\"thumbnailUrl\":\"https:\\\/\\\/crta.rs\\\/wp-content\\\/uploads\\\/2025\\\/07\\\/1.png\",\"datePublished\":\"2025-07-30T15:06:45+00:00\",\"dateModified\":\"2025-09-03T15:30:08+00:00\",\"author\":{\"@id\":\"https:\\\/\\\/crta.rs\\\/en\\\/#\\\/schema\\\/person\\\/18f7126b92949f8242e7b65ece92db4c\"},\"breadcrumb\":{\"@id\":\"https:\\\/\\\/crta.rs\\\/en\\\/the-next-elections-will-be-held-without-the-necessary-audit-of-the-voter-registry\\\/#breadcrumb\"},\"inLanguage\":\"en-US\",\"potentialAction\":[{\"@type\":\"ReadAction\",\"target\":[\"https:\\\/\\\/crta.rs\\\/en\\\/the-next-elections-will-be-held-without-the-necessary-audit-of-the-voter-registry\\\/\"]}]},{\"@type\":\"ImageObject\",\"inLanguage\":\"en-US\",\"@id\":\"https:\\\/\\\/crta.rs\\\/en\\\/the-next-elections-will-be-held-without-the-necessary-audit-of-the-voter-registry\\\/#primaryimage\",\"url\":\"https:\\\/\\\/crta.rs\\\/wp-content\\\/uploads\\\/2025\\\/07\\\/1.png\",\"contentUrl\":\"https:\\\/\\\/crta.rs\\\/wp-content\\\/uploads\\\/2025\\\/07\\\/1.png\",\"width\":940,\"height\":469},{\"@type\":\"BreadcrumbList\",\"@id\":\"https:\\\/\\\/crta.rs\\\/en\\\/the-next-elections-will-be-held-without-the-necessary-audit-of-the-voter-registry\\\/#breadcrumb\",\"itemListElement\":[{\"@type\":\"ListItem\",\"position\":1,\"name\":\"Home\",\"item\":\"https:\\\/\\\/crta.rs\\\/en\\\/\"},{\"@type\":\"ListItem\",\"position\":2,\"name\":\"Latest\",\"item\":\"https:\\\/\\\/crta.rs\\\/en\\\/category\\\/latest-en\\\/\"},{\"@type\":\"ListItem\",\"position\":3,\"name\":\"The Next Elections Will Be Held Without the Necessary Audit of the Voter Registry\"}]},{\"@type\":\"WebSite\",\"@id\":\"https:\\\/\\\/crta.rs\\\/en\\\/#website\",\"url\":\"https:\\\/\\\/crta.rs\\\/en\\\/\",\"name\":\"CRTA\",\"description\":\"Mi smo grupa aktivista i novinara koja zajedno sa gra\u0111anima uti\u010de na pove\u0107anje odgovornosti institucija i javnih funkcionera kroz pra\u0107enje i kontrolu njihovog rada.\",\"potentialAction\":[{\"@type\":\"SearchAction\",\"target\":{\"@type\":\"EntryPoint\",\"urlTemplate\":\"https:\\\/\\\/crta.rs\\\/en\\\/?s={search_term_string}\"},\"query-input\":{\"@type\":\"PropertyValueSpecification\",\"valueRequired\":true,\"valueName\":\"search_term_string\"}}],\"inLanguage\":\"en-US\"},{\"@type\":\"Person\",\"@id\":\"https:\\\/\\\/crta.rs\\\/en\\\/#\\\/schema\\\/person\\\/18f7126b92949f8242e7b65ece92db4c\",\"name\":\"ivana\",\"url\":\"https:\\\/\\\/crta.rs\\\/en\\\/author\\\/ivana\\\/\"}]}<\/script>\n<!-- \/ Yoast SEO plugin. -->","yoast_head_json":{"title":"The Next Elections Will Be Held Without the Necessary Audit of the Voter Registry - CRTA","robots":{"index":"index","follow":"follow","max-snippet":"max-snippet:-1","max-image-preview":"max-image-preview:large","max-video-preview":"max-video-preview:-1"},"canonical":"https:\/\/crta.rs\/en\/the-next-elections-will-be-held-without-the-necessary-audit-of-the-voter-registry\/","og_locale":"en_US","og_type":"article","og_title":"The Next Elections Will Be Held Without the Necessary Audit of the Voter Registry - CRTA","og_description":"Everything the authorities have done so far indicates that an independent, effective audit of the voter registry will not be carried out before the next elections. The task will remain necessary to complete under different political circumstances \u2013 this was one of the messages from today\u2019s public discussion on problems with the voter registry, held...","og_url":"https:\/\/crta.rs\/en\/the-next-elections-will-be-held-without-the-necessary-audit-of-the-voter-registry\/","og_site_name":"CRTA","article_publisher":"https:\/\/www.facebook.com\/CRTArs\/","article_published_time":"2025-07-30T15:06:45+00:00","article_modified_time":"2025-09-03T15:30:08+00:00","og_image":[{"width":940,"height":469,"url":"https:\/\/crta.rs\/wp-content\/uploads\/2025\/07\/1.png","type":"image\/png"}],"author":"ivana","twitter_card":"summary_large_image","twitter_misc":{"Written by":"ivana","Est. reading time":"3 minutes"},"schema":{"@context":"https:\/\/schema.org","@graph":[{"@type":"Article","@id":"https:\/\/crta.rs\/en\/the-next-elections-will-be-held-without-the-necessary-audit-of-the-voter-registry\/#article","isPartOf":{"@id":"https:\/\/crta.rs\/en\/the-next-elections-will-be-held-without-the-necessary-audit-of-the-voter-registry\/"},"author":{"name":"ivana","@id":"https:\/\/crta.rs\/en\/#\/schema\/person\/18f7126b92949f8242e7b65ece92db4c"},"headline":"The Next Elections Will Be Held Without the Necessary Audit of the Voter Registry","datePublished":"2025-07-30T15:06:45+00:00","dateModified":"2025-09-03T15:30:08+00:00","mainEntityOfPage":{"@id":"https:\/\/crta.rs\/en\/the-next-elections-will-be-held-without-the-necessary-audit-of-the-voter-registry\/"},"wordCount":537,"image":{"@id":"https:\/\/crta.rs\/en\/the-next-elections-will-be-held-without-the-necessary-audit-of-the-voter-registry\/#primaryimage"},"thumbnailUrl":"https:\/\/crta.rs\/wp-content\/uploads\/2025\/07\/1.png","articleSection":["Latest","News"],"inLanguage":"en-US"},{"@type":"WebPage","@id":"https:\/\/crta.rs\/en\/the-next-elections-will-be-held-without-the-necessary-audit-of-the-voter-registry\/","url":"https:\/\/crta.rs\/en\/the-next-elections-will-be-held-without-the-necessary-audit-of-the-voter-registry\/","name":"The Next Elections Will Be Held Without the Necessary Audit of the Voter Registry - CRTA","isPartOf":{"@id":"https:\/\/crta.rs\/en\/#website"},"primaryImageOfPage":{"@id":"https:\/\/crta.rs\/en\/the-next-elections-will-be-held-without-the-necessary-audit-of-the-voter-registry\/#primaryimage"},"image":{"@id":"https:\/\/crta.rs\/en\/the-next-elections-will-be-held-without-the-necessary-audit-of-the-voter-registry\/#primaryimage"},"thumbnailUrl":"https:\/\/crta.rs\/wp-content\/uploads\/2025\/07\/1.png","datePublished":"2025-07-30T15:06:45+00:00","dateModified":"2025-09-03T15:30:08+00:00","author":{"@id":"https:\/\/crta.rs\/en\/#\/schema\/person\/18f7126b92949f8242e7b65ece92db4c"},"breadcrumb":{"@id":"https:\/\/crta.rs\/en\/the-next-elections-will-be-held-without-the-necessary-audit-of-the-voter-registry\/#breadcrumb"},"inLanguage":"en-US","potentialAction":[{"@type":"ReadAction","target":["https:\/\/crta.rs\/en\/the-next-elections-will-be-held-without-the-necessary-audit-of-the-voter-registry\/"]}]},{"@type":"ImageObject","inLanguage":"en-US","@id":"https:\/\/crta.rs\/en\/the-next-elections-will-be-held-without-the-necessary-audit-of-the-voter-registry\/#primaryimage","url":"https:\/\/crta.rs\/wp-content\/uploads\/2025\/07\/1.png","contentUrl":"https:\/\/crta.rs\/wp-content\/uploads\/2025\/07\/1.png","width":940,"height":469},{"@type":"BreadcrumbList","@id":"https:\/\/crta.rs\/en\/the-next-elections-will-be-held-without-the-necessary-audit-of-the-voter-registry\/#breadcrumb","itemListElement":[{"@type":"ListItem","position":1,"name":"Home","item":"https:\/\/crta.rs\/en\/"},{"@type":"ListItem","position":2,"name":"Latest","item":"https:\/\/crta.rs\/en\/category\/latest-en\/"},{"@type":"ListItem","position":3,"name":"The Next Elections Will Be Held Without the Necessary Audit of the Voter Registry"}]},{"@type":"WebSite","@id":"https:\/\/crta.rs\/en\/#website","url":"https:\/\/crta.rs\/en\/","name":"CRTA","description":"Mi smo grupa aktivista i novinara koja zajedno sa gra\u0111anima uti\u010de na pove\u0107anje odgovornosti institucija i javnih funkcionera kroz pra\u0107enje i kontrolu njihovog rada.","potentialAction":[{"@type":"SearchAction","target":{"@type":"EntryPoint","urlTemplate":"https:\/\/crta.rs\/en\/?s={search_term_string}"},"query-input":{"@type":"PropertyValueSpecification","valueRequired":true,"valueName":"search_term_string"}}],"inLanguage":"en-US"},{"@type":"Person","@id":"https:\/\/crta.rs\/en\/#\/schema\/person\/18f7126b92949f8242e7b65ece92db4c","name":"ivana","url":"https:\/\/crta.rs\/en\/author\/ivana\/"}]}},"_links":{"self":[{"href":"https:\/\/crta.rs\/en\/wp-json\/wp\/v2\/posts\/43729","targetHints":{"allow":["GET"]}}],"collection":[{"href":"https:\/\/crta.rs\/en\/wp-json\/wp\/v2\/posts"}],"about":[{"href":"https:\/\/crta.rs\/en\/wp-json\/wp\/v2\/types\/post"}],"author":[{"embeddable":true,"href":"https:\/\/crta.rs\/en\/wp-json\/wp\/v2\/users\/7"}],"replies":[{"embeddable":true,"href":"https:\/\/crta.rs\/en\/wp-json\/wp\/v2\/comments?post=43729"}],"version-history":[{"count":5,"href":"https:\/\/crta.rs\/en\/wp-json\/wp\/v2\/posts\/43729\/revisions"}],"predecessor-version":[{"id":43737,"href":"https:\/\/crta.rs\/en\/wp-json\/wp\/v2\/posts\/43729\/revisions\/43737"}],"wp:featuredmedia":[{"embeddable":true,"href":"https:\/\/crta.rs\/en\/wp-json\/wp\/v2\/media\/43632"}],"wp:attachment":[{"href":"https:\/\/crta.rs\/en\/wp-json\/wp\/v2\/media?parent=43729"}],"wp:term":[{"taxonomy":"category","embeddable":true,"href":"https:\/\/crta.rs\/en\/wp-json\/wp\/v2\/categories?post=43729"},{"taxonomy":"post_tag","embeddable":true,"href":"https:\/\/crta.rs\/en\/wp-json\/wp\/v2\/tags?post=43729"}],"curies":[{"name":"wp","href":"https:\/\/api.w.org\/{rel}","templated":true}]}}