{"id":43476,"date":"2025-06-19T13:18:39","date_gmt":"2025-06-19T11:18:39","guid":{"rendered":"https:\/\/crta.rs\/?p=43476"},"modified":"2026-04-22T14:39:57","modified_gmt":"2026-04-22T12:39:57","slug":"local-elections-in-kosjeric-and-zajecar","status":"publish","type":"post","link":"https:\/\/crta.rs\/en\/local-elections-in-kosjeric-and-zajecar\/","title":{"rendered":"Local Elections in Kosjeri\u0107 and Zaje\u010dar"},"content":{"rendered":"<p>CRTA\u2019s election observation mission, which as a domestic organization observes elections in line with international standards, monitored the local elections in Kosjeri\u0107 and Zaje\u010dar on June 8. Read the preliminary assessment of the electoral process in Kosjeri\u0107 and Zaje\u010dar <a href=\"https:\/\/crta.rs\/en\/preliminary-assessment-of-the-electoral-process-in-kosjeric-and-zajecar-election-day-neither-free-nor-fair\/\">here<\/a>.<\/p>\n","protected":false},"excerpt":{"rendered":"<p>CRTA\u2019s election observation mission, which as a domestic organization observes elections in line with international standards, monitored the local elections in Kosjeri\u0107 and Zaje\u010dar on June 8. Read the preliminary assessment of the electoral process in Kosjeri\u0107 and Zaje\u010dar here.<\/p>\n","protected":false},"author":709,"featured_media":0,"comment_status":"closed","ping_status":"open","sticky":false,"template":"","format":"standard","meta":{"_acf_changed":false,"footnotes":"","_links_to":"","_links_to_target":""},"categories":[390],"tags":[],"class_list":["post-43476","post","type-post","status-publish","format-standard","hentry","category-history-en","ciTrackContent"],"acf":[],"yoast_head":"<!-- This site is optimized with the Yoast SEO plugin v27.4 - https:\/\/yoast.com\/product\/yoast-seo-wordpress\/ -->\n<title>Local Elections in Kosjeri\u0107 and Zaje\u010dar - CRTA<\/title>\n<meta name=\"robots\" content=\"index, follow, max-snippet:-1, max-image-preview:large, max-video-preview:-1\" \/>\n<link rel=\"canonical\" href=\"https:\/\/crta.rs\/en\/local-elections-in-kosjeric-and-zajecar\/\" \/>\n<meta property=\"og:locale\" content=\"en_US\" \/>\n<meta property=\"og:type\" content=\"article\" \/>\n<meta property=\"og:title\" content=\"Local Elections in Kosjeri\u0107 and Zaje\u010dar - CRTA\" \/>\n<meta property=\"og:description\" content=\"CRTA\u2019s election observation mission, which as a domestic organization observes elections in line with international standards, monitored the local elections in Kosjeri\u0107 and Zaje\u010dar on June 8. Read the preliminary assessment of the electoral process in Kosjeri\u0107 and Zaje\u010dar here.\" \/>\n<meta property=\"og:url\" content=\"https:\/\/crta.rs\/en\/local-elections-in-kosjeric-and-zajecar\/\" \/>\n<meta property=\"og:site_name\" content=\"CRTA\" \/>\n<meta property=\"article:publisher\" content=\"https:\/\/www.facebook.com\/CRTArs\/\" \/>\n<meta property=\"article:published_time\" content=\"2025-06-19T11:18:39+00:00\" \/>\n<meta property=\"article:modified_time\" content=\"2026-04-22T12:39:57+00:00\" \/>\n<meta property=\"og:image\" content=\"https:\/\/crta.rs\/wp-content\/uploads\/2019\/03\/CRTA-logo.jpg\" \/>\n\t<meta property=\"og:image:width\" content=\"2400\" \/>\n\t<meta property=\"og:image:height\" content=\"1596\" \/>\n\t<meta property=\"og:image:type\" content=\"image\/jpeg\" \/>\n<meta name=\"author\" content=\"Mila Stankovic\" \/>\n<meta name=\"twitter:card\" content=\"summary_large_image\" \/>\n<meta name=\"twitter:label1\" content=\"Written by\" \/>\n\t<meta name=\"twitter:data1\" content=\"Mila Stankovic\" \/>\n\t<meta name=\"twitter:label2\" content=\"Est. reading time\" \/>\n\t<meta name=\"twitter:data2\" content=\"1 minute\" \/>\n<script type=\"application\/ld+json\" class=\"yoast-schema-graph\">{\"@context\":\"https:\\\/\\\/schema.org\",\"@graph\":[{\"@type\":\"Article\",\"@id\":\"https:\\\/\\\/crta.rs\\\/en\\\/local-elections-in-kosjeric-and-zajecar\\\/#article\",\"isPartOf\":{\"@id\":\"https:\\\/\\\/crta.rs\\\/en\\\/local-elections-in-kosjeric-and-zajecar\\\/\"},\"author\":{\"name\":\"Mila Stankovic\",\"@id\":\"https:\\\/\\\/crta.rs\\\/en\\\/#\\\/schema\\\/person\\\/6831a3cbdcff21e0c2a512f9333a8a91\"},\"headline\":\"Local Elections in Kosjeri\u0107 and Zaje\u010dar\",\"datePublished\":\"2025-06-19T11:18:39+00:00\",\"dateModified\":\"2026-04-22T12:39:57+00:00\",\"mainEntityOfPage\":{\"@id\":\"https:\\\/\\\/crta.rs\\\/en\\\/local-elections-in-kosjeric-and-zajecar\\\/\"},\"wordCount\":49,\"articleSection\":[\"History English\"],\"inLanguage\":\"en-US\"},{\"@type\":\"WebPage\",\"@id\":\"https:\\\/\\\/crta.rs\\\/en\\\/local-elections-in-kosjeric-and-zajecar\\\/\",\"url\":\"https:\\\/\\\/crta.rs\\\/en\\\/local-elections-in-kosjeric-and-zajecar\\\/\",\"name\":\"Local Elections in Kosjeri\u0107 and Zaje\u010dar - CRTA\",\"isPartOf\":{\"@id\":\"https:\\\/\\\/crta.rs\\\/en\\\/#website\"},\"datePublished\":\"2025-06-19T11:18:39+00:00\",\"dateModified\":\"2026-04-22T12:39:57+00:00\",\"author\":{\"@id\":\"https:\\\/\\\/crta.rs\\\/en\\\/#\\\/schema\\\/person\\\/6831a3cbdcff21e0c2a512f9333a8a91\"},\"breadcrumb\":{\"@id\":\"https:\\\/\\\/crta.rs\\\/en\\\/local-elections-in-kosjeric-and-zajecar\\\/#breadcrumb\"},\"inLanguage\":\"en-US\",\"potentialAction\":[{\"@type\":\"ReadAction\",\"target\":[\"https:\\\/\\\/crta.rs\\\/en\\\/local-elections-in-kosjeric-and-zajecar\\\/\"]}]},{\"@type\":\"BreadcrumbList\",\"@id\":\"https:\\\/\\\/crta.rs\\\/en\\\/local-elections-in-kosjeric-and-zajecar\\\/#breadcrumb\",\"itemListElement\":[{\"@type\":\"ListItem\",\"position\":1,\"name\":\"Home\",\"item\":\"https:\\\/\\\/crta.rs\\\/en\\\/\"},{\"@type\":\"ListItem\",\"position\":2,\"name\":\"History English\",\"item\":\"https:\\\/\\\/crta.rs\\\/en\\\/category\\\/history-en\\\/\"},{\"@type\":\"ListItem\",\"position\":3,\"name\":\"Local Elections in Kosjeri\u0107 and Zaje\u010dar\"}]},{\"@type\":\"WebSite\",\"@id\":\"https:\\\/\\\/crta.rs\\\/en\\\/#website\",\"url\":\"https:\\\/\\\/crta.rs\\\/en\\\/\",\"name\":\"CRTA\",\"description\":\"Mi smo grupa aktivista i novinara koja zajedno sa gra\u0111anima uti\u010de na pove\u0107anje odgovornosti institucija i javnih funkcionera kroz pra\u0107enje i kontrolu njihovog rada.\",\"potentialAction\":[{\"@type\":\"SearchAction\",\"target\":{\"@type\":\"EntryPoint\",\"urlTemplate\":\"https:\\\/\\\/crta.rs\\\/en\\\/?s={search_term_string}\"},\"query-input\":{\"@type\":\"PropertyValueSpecification\",\"valueRequired\":true,\"valueName\":\"search_term_string\"}}],\"inLanguage\":\"en-US\"},{\"@type\":\"Person\",\"@id\":\"https:\\\/\\\/crta.rs\\\/en\\\/#\\\/schema\\\/person\\\/6831a3cbdcff21e0c2a512f9333a8a91\",\"name\":\"Mila Stankovic\",\"url\":\"https:\\\/\\\/crta.rs\\\/en\\\/author\\\/mila\\\/\"}]}<\/script>\n<!-- \/ Yoast SEO plugin. -->","yoast_head_json":{"title":"Local Elections in Kosjeri\u0107 and Zaje\u010dar - CRTA","robots":{"index":"index","follow":"follow","max-snippet":"max-snippet:-1","max-image-preview":"max-image-preview:large","max-video-preview":"max-video-preview:-1"},"canonical":"https:\/\/crta.rs\/en\/local-elections-in-kosjeric-and-zajecar\/","og_locale":"en_US","og_type":"article","og_title":"Local Elections in Kosjeri\u0107 and Zaje\u010dar - CRTA","og_description":"CRTA\u2019s election observation mission, which as a domestic organization observes elections in line with international standards, monitored the local elections in Kosjeri\u0107 and Zaje\u010dar on June 8. Read the preliminary assessment of the electoral process in Kosjeri\u0107 and Zaje\u010dar here.","og_url":"https:\/\/crta.rs\/en\/local-elections-in-kosjeric-and-zajecar\/","og_site_name":"CRTA","article_publisher":"https:\/\/www.facebook.com\/CRTArs\/","article_published_time":"2025-06-19T11:18:39+00:00","article_modified_time":"2026-04-22T12:39:57+00:00","og_image":[{"width":2400,"height":1596,"url":"https:\/\/crta.rs\/wp-content\/uploads\/2019\/03\/CRTA-logo.jpg","type":"image\/jpeg"}],"author":"Mila Stankovic","twitter_card":"summary_large_image","twitter_misc":{"Written by":"Mila Stankovic","Est. reading time":"1 minute"},"schema":{"@context":"https:\/\/schema.org","@graph":[{"@type":"Article","@id":"https:\/\/crta.rs\/en\/local-elections-in-kosjeric-and-zajecar\/#article","isPartOf":{"@id":"https:\/\/crta.rs\/en\/local-elections-in-kosjeric-and-zajecar\/"},"author":{"name":"Mila Stankovic","@id":"https:\/\/crta.rs\/en\/#\/schema\/person\/6831a3cbdcff21e0c2a512f9333a8a91"},"headline":"Local Elections in Kosjeri\u0107 and Zaje\u010dar","datePublished":"2025-06-19T11:18:39+00:00","dateModified":"2026-04-22T12:39:57+00:00","mainEntityOfPage":{"@id":"https:\/\/crta.rs\/en\/local-elections-in-kosjeric-and-zajecar\/"},"wordCount":49,"articleSection":["History English"],"inLanguage":"en-US"},{"@type":"WebPage","@id":"https:\/\/crta.rs\/en\/local-elections-in-kosjeric-and-zajecar\/","url":"https:\/\/crta.rs\/en\/local-elections-in-kosjeric-and-zajecar\/","name":"Local Elections in Kosjeri\u0107 and Zaje\u010dar - CRTA","isPartOf":{"@id":"https:\/\/crta.rs\/en\/#website"},"datePublished":"2025-06-19T11:18:39+00:00","dateModified":"2026-04-22T12:39:57+00:00","author":{"@id":"https:\/\/crta.rs\/en\/#\/schema\/person\/6831a3cbdcff21e0c2a512f9333a8a91"},"breadcrumb":{"@id":"https:\/\/crta.rs\/en\/local-elections-in-kosjeric-and-zajecar\/#breadcrumb"},"inLanguage":"en-US","potentialAction":[{"@type":"ReadAction","target":["https:\/\/crta.rs\/en\/local-elections-in-kosjeric-and-zajecar\/"]}]},{"@type":"BreadcrumbList","@id":"https:\/\/crta.rs\/en\/local-elections-in-kosjeric-and-zajecar\/#breadcrumb","itemListElement":[{"@type":"ListItem","position":1,"name":"Home","item":"https:\/\/crta.rs\/en\/"},{"@type":"ListItem","position":2,"name":"History English","item":"https:\/\/crta.rs\/en\/category\/history-en\/"},{"@type":"ListItem","position":3,"name":"Local Elections in Kosjeri\u0107 and Zaje\u010dar"}]},{"@type":"WebSite","@id":"https:\/\/crta.rs\/en\/#website","url":"https:\/\/crta.rs\/en\/","name":"CRTA","description":"Mi smo grupa aktivista i novinara koja zajedno sa gra\u0111anima uti\u010de na pove\u0107anje odgovornosti institucija i javnih funkcionera kroz pra\u0107enje i kontrolu njihovog rada.","potentialAction":[{"@type":"SearchAction","target":{"@type":"EntryPoint","urlTemplate":"https:\/\/crta.rs\/en\/?s={search_term_string}"},"query-input":{"@type":"PropertyValueSpecification","valueRequired":true,"valueName":"search_term_string"}}],"inLanguage":"en-US"},{"@type":"Person","@id":"https:\/\/crta.rs\/en\/#\/schema\/person\/6831a3cbdcff21e0c2a512f9333a8a91","name":"Mila Stankovic","url":"https:\/\/crta.rs\/en\/author\/mila\/"}]}},"_links":{"self":[{"href":"https:\/\/crta.rs\/en\/wp-json\/wp\/v2\/posts\/43476","targetHints":{"allow":["GET"]}}],"collection":[{"href":"https:\/\/crta.rs\/en\/wp-json\/wp\/v2\/posts"}],"about":[{"href":"https:\/\/crta.rs\/en\/wp-json\/wp\/v2\/types\/post"}],"author":[{"embeddable":true,"href":"https:\/\/crta.rs\/en\/wp-json\/wp\/v2\/users\/709"}],"replies":[{"embeddable":true,"href":"https:\/\/crta.rs\/en\/wp-json\/wp\/v2\/comments?post=43476"}],"version-history":[{"count":2,"href":"https:\/\/crta.rs\/en\/wp-json\/wp\/v2\/posts\/43476\/revisions"}],"predecessor-version":[{"id":44624,"href":"https:\/\/crta.rs\/en\/wp-json\/wp\/v2\/posts\/43476\/revisions\/44624"}],"wp:attachment":[{"href":"https:\/\/crta.rs\/en\/wp-json\/wp\/v2\/media?parent=43476"}],"wp:term":[{"taxonomy":"category","embeddable":true,"href":"https:\/\/crta.rs\/en\/wp-json\/wp\/v2\/categories?post=43476"},{"taxonomy":"post_tag","embeddable":true,"href":"https:\/\/crta.rs\/en\/wp-json\/wp\/v2\/tags?post=43476"}],"curies":[{"name":"wp","href":"https:\/\/api.w.org\/{rel}","templated":true}]}}