{"id":42919,"date":"2025-05-14T18:47:25","date_gmt":"2025-05-14T16:47:25","guid":{"rendered":"https:\/\/crta.rs\/?p=42919"},"modified":"2025-05-17T16:58:30","modified_gmt":"2025-05-17T14:58:30","slug":"crta-european-parliament-growing-repression-in-serbia","status":"publish","type":"post","link":"https:\/\/crta.rs\/en\/crta-european-parliament-growing-repression-in-serbia\/","title":{"rendered":"CRTA addressed the European Parliament Subcommittee on Human Rights regarding growing repression in Serbia"},"content":{"rendered":"<p><span style=\"font-weight: 400;\">CRTA addressed the state of the rule of law and human rights in Serbia, raising serious concerns regarding growing repression against students, activists and citizen voices, in front of the European Parliament Subcommittee on Human Rights on Wednesday, May 14, 2025.\u00a0<\/span><\/p>\n<p>Read the full address below &#8211;<\/p>\n<hr \/>\n<p><span style=\"font-weight: 400;\">Esteemed members of the European Parliament,<\/span><\/p>\n<p><span style=\"font-weight: 400;\">It is my great honor to address you and share with you our insights into the current situation in Serbia.\u00a0<\/span><\/p>\n<p><b>Unfortunately, Serbia is once again in need of an international response for the protection of human rights.<\/b><\/p>\n<p><span style=\"font-weight: 400;\">Serbia is a country where <\/span><b>lives are lost under the weight of corruption<\/b><span style=\"font-weight: 400;\">, as it happened when the canopy collapsed in Novi Sad &#8211; leaving 16 victims and sparking a historic and persistent peaceful citizen outcry for the rule of law, separation of powers, and protection of human rights. <\/span><b>Around 80% of citizens support students\u2019 demands.<\/b><\/p>\n<p><b>What is the government\u2019s response? Political imprisonments and exiles, mass surveillance, raids of civil society offices, expulsion of both domestic and foreign nationals, etc.<\/b><\/p>\n<p><b>On March 15, at the largest-ever citizen gathering, thousands were attacked and injured by an unknown device while silently commemorating victims of the Novi Sad tragedy.<\/b><\/p>\n<p><span style=\"font-weight: 400;\">At present, there is an interim measure in place by the European Court of Human Rights, ordering Serbia to refrain from the use of illegal sonic weapons.<\/span><\/p>\n<p><span style=\"font-weight: 400;\">This case was brought before the Court in Strasbourg by civil society organizations &#8211; who collected <\/span><b>4,000 testimonies from victims<\/b><span style=\"font-weight: 400;\">. Most describe a deafening roar, like a low-flying airplane or a fast-approaching train. Some also felt a wave of heat. Within seconds, a crowd of thousands split in a stampede to either side of the central Belgrade street.<\/span><\/p>\n<p><span style=\"font-weight: 400;\">We cannot yet claim with certainty that this was an LRAD sonic cannon, nor a vortex gun, but we know that something was used.<\/span><\/p>\n<p><span style=\"font-weight: 400;\">Our government denies everything. To support their claims, they invited Russia\u2019s FSB intelligence service to investigate. Predictably, the FSB concluded that nothing had happened and that the entire event was staged.\u00a0<\/span><\/p>\n<p><span style=\"font-weight: 400;\">The President of Serbia used these FSB \u201cfindings\u201d to further the dominant propaganda narrative about <\/span><b>the<\/b> <b>color revolution.<\/b><\/p>\n<p><span style=\"font-weight: 400;\">The day after the protest, the Higher Public Prosecutor&#8217;s Office in Belgrade launched an investigation \u2014 not into the use of illegal force, but <\/span><b>against those spreading &#8220;disinformation&#8221; about the sonic weapon.<\/b><b><br \/>\n<\/b><\/p>\n<p><span style=\"font-weight: 400;\">Another major case, which has unfortunately not received much international attention, is that of 12 activists from Novi Sad \u2014 <\/span><b>politically persecuted individuals, mostly young people and students.<\/b><\/p>\n<p><span style=\"font-weight: 400;\">Six of them have been in detention for two months now, while the other six happened to be out of the country at the time of the arrests, and are now in political exile in Croatia. The Serbian prosecution demands their trial in absentia.<\/span><\/p>\n<p><span style=\"font-weight: 400;\">Orders for their arrests came amid the government&#8217;s massive campaign of intimidation in days preceding the March 15 protest &#8211; foreseeing chaos and violence, and announcing the state\u2019s repressive measures. Conversations of these 12 individuals discussing protest action were <\/span><b>illegally surveilled <\/b><span style=\"font-weight: 400;\">and immediately broadcast on pro-government media. The prosecution accuses them of \u201cPlotting of Offences against the Constitutional Order and Security of Serbia\u00a0 in complicity\u201d, in connection with the criminal offenses of \u201cAttack on the constitutional order\u201d and \u201cInciting violent change of the constitutional order.\u201d<\/span><span style=\"font-weight: 400;\">When you hear these charges, you might think of a terrorist organization or a rogue military unit attempting a coup, like in the Banjska case.<\/span><\/p>\n<p><span style=\"font-weight: 400;\">But no \u2014 these are a high school teacher, anti-fascist activists, students, and young members of a liberal political party and civic groups.<\/span><\/p>\n<p><span style=\"font-weight: 400;\">The situation is alarming, as professor Marija Vasi\u0107, one of the accused, began a hunger and thirst strike yesterday after their detention was extended for the third time, for another 30 days.<\/span><\/p>\n<p><b>The media, security services, and prosecution are all captured by the ruling party, serving to counter critical voices.\u00a0<\/b><\/p>\n<p><span style=\"font-weight: 400;\">We also saw that in the case of the police raids on civil society.<\/span><\/p>\n<p><span style=\"font-weight: 400;\">For weeks, the campaign against USAID as a criminal organization, echoing narratives of color revolution, was used to legitimize the prosecution\u2019s order to send armed police to storm our offices with undue force.<\/span><\/p>\n<p><span style=\"font-weight: 400;\">There are other methods of repression and intimidation as well.<\/span><\/p>\n<p><b>Mass surveillance of activists and journalists has been documented and proven, including by Amnesty International.<\/b><span style=\"font-weight: 400;\"> The evidence was so compelling that the Israeli company Cellebrite publicly terminated its cooperation with \u201cclients in Serbia\u201d.<\/span><\/p>\n<p><b>More than 20 foreign nationals have been deported from Serbia<\/b><span style=\"font-weight: 400;\"> \u2014 the exact number is unknown. The common factor for all publicly known cases is their support for protests in Serbia.<\/span><\/p>\n<p><b>Anti-money laundering and counter-terrorism regulations are being misused<\/b><span style=\"font-weight: 400;\"> to comb through the private bank accounts of civil society activists.<\/span><\/p>\n<p><span style=\"font-weight: 400;\">As the civic resistance remains persistent, repression grows. It is clear that Serbia is in a deep political and social crisis.<\/span><\/p>\n<p><span style=\"font-weight: 400;\">In a democratic society, the way out of a political crisis is through elections &#8211; especially when the majority of citizens are dissatisfied with the government&#8217;s performance in all areas, do not trust institutions to resolve pressing issues, consider student demands to be unmet, and recognize systemic corruption as the number one problem in the country.<\/span><\/p>\n<p><span style=\"font-weight: 400;\">However, we remain skeptical even about that electoral path, knowing that a series of previous elections were neither free nor fair. <\/span><b>For criminal deeds against the Voter Registry, freedom of vote, and election observers &#8211; no one has been held accountable.<\/b><span style=\"font-weight: 400;\"> ODIHR recommendations remain unfulfilled. Promised and agreed electoral reforms are ignored and actively sabotaged by the government.<\/span><\/p>\n<p><span style=\"font-weight: 400;\">If you ask us what Europe can do for us:<\/span><span style=\"font-weight: 400;\"><br \/>\n<\/span><\/p>\n<p><span style=\"font-weight: 400;\">We urgently need immediate, targeted action to release political prisoners and halt politically motivated prosecutions.<\/span><\/p>\n<p><span style=\"font-weight: 400;\">In the short term, we need support to stop the repression of critical voices and to intensify European efforts for real electoral reform in Serbia.<\/span><span style=\"font-weight: 400;\"><br \/>\n<\/span><\/p>\n<p><span style=\"font-weight: 400;\">EU officials often speak of electoral reform \u2014 it&#8217;s one of the key points of the Reform Plan \u2014 but what Serbian citizens desperately need is for that reform to be real, not cosmetic.<\/span><span style=\"font-weight: 400;\"><br \/>\n<\/span><\/p>\n<p><span style=\"font-weight: 400;\">This repression has reached such proportions that it can no longer go unnoticed, hidden behind diplomatic courtesies, or overshadowed by other current mass human rights violations around the world.<\/span><\/p>\n<p><strong>The majority of the citizens of Serbia place their hopes on Europe.<\/strong><\/p>\n<p>&nbsp;<\/p>\n<p><a href=\"https:\/\/multimedia.europarl.europa.eu\/en\/webstreaming\/subcommittee-on-human-rights-ordinary-meeting_20250514-1500-COMMITTEE-DROI\" target=\"_blank\" rel=\"noopener\">Watch: Exchange of views on the human rights situation in Serbia in the context of students-led protests (starts 17:22.)<\/a><\/p>\n","protected":false},"excerpt":{"rendered":"<p>CRTA addressed the state of the rule of law and human rights in Serbia, raising serious concerns regarding growing repression against students, activists and citizen voices, in front of the European Parliament Subcommittee on Human Rights on Wednesday, May 14, 2025.\u00a0 Read the full address below &#8211; Esteemed members of the European Parliament, It is&#8230;<\/p>\n","protected":false},"author":709,"featured_media":42920,"comment_status":"closed","ping_status":"open","sticky":false,"template":"","format":"standard","meta":{"_acf_changed":false,"footnotes":"","_links_to":"","_links_to_target":""},"categories":[218],"tags":[],"class_list":["post-42919","post","type-post","status-publish","format-standard","has-post-thumbnail","hentry","category-latest-en","ciTrackContent"],"acf":[],"yoast_head":"<!-- This site is optimized with the Yoast SEO plugin v27.4 - https:\/\/yoast.com\/product\/yoast-seo-wordpress\/ -->\n<title>CRTA addressed the European Parliament Subcommittee on Human Rights regarding growing repression in Serbia - CRTA<\/title>\n<meta name=\"description\" content=\"Read the CRTA full address at the European Parliament Subcommittee on Human Rights regarding growing repression in Serbia.\" \/>\n<meta name=\"robots\" content=\"index, follow, max-snippet:-1, max-image-preview:large, max-video-preview:-1\" \/>\n<link rel=\"canonical\" href=\"https:\/\/crta.rs\/en\/crta-european-parliament-growing-repression-in-serbia\/\" \/>\n<meta property=\"og:locale\" content=\"en_US\" \/>\n<meta property=\"og:type\" content=\"article\" \/>\n<meta property=\"og:title\" content=\"CRTA addressed the European Parliament Subcommittee on Human Rights regarding growing repression in Serbia - CRTA\" \/>\n<meta property=\"og:description\" content=\"Read the CRTA full address at the European Parliament Subcommittee on Human Rights regarding growing repression in Serbia.\" \/>\n<meta property=\"og:url\" content=\"https:\/\/crta.rs\/en\/crta-european-parliament-growing-repression-in-serbia\/\" \/>\n<meta property=\"og:site_name\" content=\"CRTA\" \/>\n<meta property=\"article:publisher\" content=\"https:\/\/www.facebook.com\/CRTArs\/\" \/>\n<meta property=\"article:published_time\" content=\"2025-05-14T16:47:25+00:00\" \/>\n<meta property=\"article:modified_time\" content=\"2025-05-17T14:58:30+00:00\" \/>\n<meta property=\"og:image\" content=\"https:\/\/crta.rs\/wp-content\/uploads\/2025\/05\/european-parlament-crta.png\" \/>\n\t<meta property=\"og:image:width\" content=\"940\" \/>\n\t<meta property=\"og:image:height\" content=\"469\" \/>\n\t<meta property=\"og:image:type\" content=\"image\/png\" \/>\n<meta name=\"author\" content=\"Mila Stankovic\" \/>\n<meta name=\"twitter:card\" content=\"summary_large_image\" \/>\n<meta name=\"twitter:label1\" content=\"Written by\" \/>\n\t<meta name=\"twitter:data1\" content=\"Mila Stankovic\" \/>\n\t<meta name=\"twitter:label2\" content=\"Est. reading time\" \/>\n\t<meta name=\"twitter:data2\" content=\"5 minutes\" \/>\n<script type=\"application\/ld+json\" class=\"yoast-schema-graph\">{\"@context\":\"https:\\\/\\\/schema.org\",\"@graph\":[{\"@type\":\"Article\",\"@id\":\"https:\\\/\\\/crta.rs\\\/en\\\/crta-european-parliament-growing-repression-in-serbia\\\/#article\",\"isPartOf\":{\"@id\":\"https:\\\/\\\/crta.rs\\\/en\\\/crta-european-parliament-growing-repression-in-serbia\\\/\"},\"author\":{\"name\":\"Mila Stankovic\",\"@id\":\"https:\\\/\\\/crta.rs\\\/en\\\/#\\\/schema\\\/person\\\/6831a3cbdcff21e0c2a512f9333a8a91\"},\"headline\":\"CRTA addressed the European Parliament Subcommittee on Human Rights regarding growing repression in Serbia\",\"datePublished\":\"2025-05-14T16:47:25+00:00\",\"dateModified\":\"2025-05-17T14:58:30+00:00\",\"mainEntityOfPage\":{\"@id\":\"https:\\\/\\\/crta.rs\\\/en\\\/crta-european-parliament-growing-repression-in-serbia\\\/\"},\"wordCount\":1065,\"image\":{\"@id\":\"https:\\\/\\\/crta.rs\\\/en\\\/crta-european-parliament-growing-repression-in-serbia\\\/#primaryimage\"},\"thumbnailUrl\":\"https:\\\/\\\/crta.rs\\\/wp-content\\\/uploads\\\/2025\\\/05\\\/european-parlament-crta.png\",\"articleSection\":[\"Latest\"],\"inLanguage\":\"en-US\"},{\"@type\":\"WebPage\",\"@id\":\"https:\\\/\\\/crta.rs\\\/en\\\/crta-european-parliament-growing-repression-in-serbia\\\/\",\"url\":\"https:\\\/\\\/crta.rs\\\/en\\\/crta-european-parliament-growing-repression-in-serbia\\\/\",\"name\":\"CRTA addressed the European Parliament Subcommittee on Human Rights regarding growing repression in Serbia - CRTA\",\"isPartOf\":{\"@id\":\"https:\\\/\\\/crta.rs\\\/en\\\/#website\"},\"primaryImageOfPage\":{\"@id\":\"https:\\\/\\\/crta.rs\\\/en\\\/crta-european-parliament-growing-repression-in-serbia\\\/#primaryimage\"},\"image\":{\"@id\":\"https:\\\/\\\/crta.rs\\\/en\\\/crta-european-parliament-growing-repression-in-serbia\\\/#primaryimage\"},\"thumbnailUrl\":\"https:\\\/\\\/crta.rs\\\/wp-content\\\/uploads\\\/2025\\\/05\\\/european-parlament-crta.png\",\"datePublished\":\"2025-05-14T16:47:25+00:00\",\"dateModified\":\"2025-05-17T14:58:30+00:00\",\"author\":{\"@id\":\"https:\\\/\\\/crta.rs\\\/en\\\/#\\\/schema\\\/person\\\/6831a3cbdcff21e0c2a512f9333a8a91\"},\"description\":\"Read the CRTA full address at the European Parliament Subcommittee on Human Rights regarding growing repression in Serbia.\",\"breadcrumb\":{\"@id\":\"https:\\\/\\\/crta.rs\\\/en\\\/crta-european-parliament-growing-repression-in-serbia\\\/#breadcrumb\"},\"inLanguage\":\"en-US\",\"potentialAction\":[{\"@type\":\"ReadAction\",\"target\":[\"https:\\\/\\\/crta.rs\\\/en\\\/crta-european-parliament-growing-repression-in-serbia\\\/\"]}]},{\"@type\":\"ImageObject\",\"inLanguage\":\"en-US\",\"@id\":\"https:\\\/\\\/crta.rs\\\/en\\\/crta-european-parliament-growing-repression-in-serbia\\\/#primaryimage\",\"url\":\"https:\\\/\\\/crta.rs\\\/wp-content\\\/uploads\\\/2025\\\/05\\\/european-parlament-crta.png\",\"contentUrl\":\"https:\\\/\\\/crta.rs\\\/wp-content\\\/uploads\\\/2025\\\/05\\\/european-parlament-crta.png\",\"width\":940,\"height\":469,\"caption\":\"European parlament \\\/ Foto - Canva\"},{\"@type\":\"BreadcrumbList\",\"@id\":\"https:\\\/\\\/crta.rs\\\/en\\\/crta-european-parliament-growing-repression-in-serbia\\\/#breadcrumb\",\"itemListElement\":[{\"@type\":\"ListItem\",\"position\":1,\"name\":\"Home\",\"item\":\"https:\\\/\\\/crta.rs\\\/en\\\/\"},{\"@type\":\"ListItem\",\"position\":2,\"name\":\"Latest\",\"item\":\"https:\\\/\\\/crta.rs\\\/en\\\/category\\\/latest-en\\\/\"},{\"@type\":\"ListItem\",\"position\":3,\"name\":\"CRTA addressed the European Parliament Subcommittee on Human Rights regarding growing repression in Serbia\"}]},{\"@type\":\"WebSite\",\"@id\":\"https:\\\/\\\/crta.rs\\\/en\\\/#website\",\"url\":\"https:\\\/\\\/crta.rs\\\/en\\\/\",\"name\":\"CRTA\",\"description\":\"Mi smo grupa aktivista i novinara koja zajedno sa gra\u0111anima uti\u010de na pove\u0107anje odgovornosti institucija i javnih funkcionera kroz pra\u0107enje i kontrolu njihovog rada.\",\"potentialAction\":[{\"@type\":\"SearchAction\",\"target\":{\"@type\":\"EntryPoint\",\"urlTemplate\":\"https:\\\/\\\/crta.rs\\\/en\\\/?s={search_term_string}\"},\"query-input\":{\"@type\":\"PropertyValueSpecification\",\"valueRequired\":true,\"valueName\":\"search_term_string\"}}],\"inLanguage\":\"en-US\"},{\"@type\":\"Person\",\"@id\":\"https:\\\/\\\/crta.rs\\\/en\\\/#\\\/schema\\\/person\\\/6831a3cbdcff21e0c2a512f9333a8a91\",\"name\":\"Mila Stankovic\",\"url\":\"https:\\\/\\\/crta.rs\\\/en\\\/author\\\/mila\\\/\"}]}<\/script>\n<!-- \/ Yoast SEO plugin. -->","yoast_head_json":{"title":"CRTA addressed the European Parliament Subcommittee on Human Rights regarding growing repression in Serbia - CRTA","description":"Read the CRTA full address at the European Parliament Subcommittee on Human Rights regarding growing repression in Serbia.","robots":{"index":"index","follow":"follow","max-snippet":"max-snippet:-1","max-image-preview":"max-image-preview:large","max-video-preview":"max-video-preview:-1"},"canonical":"https:\/\/crta.rs\/en\/crta-european-parliament-growing-repression-in-serbia\/","og_locale":"en_US","og_type":"article","og_title":"CRTA addressed the European Parliament Subcommittee on Human Rights regarding growing repression in Serbia - CRTA","og_description":"Read the CRTA full address at the European Parliament Subcommittee on Human Rights regarding growing repression in Serbia.","og_url":"https:\/\/crta.rs\/en\/crta-european-parliament-growing-repression-in-serbia\/","og_site_name":"CRTA","article_publisher":"https:\/\/www.facebook.com\/CRTArs\/","article_published_time":"2025-05-14T16:47:25+00:00","article_modified_time":"2025-05-17T14:58:30+00:00","og_image":[{"width":940,"height":469,"url":"https:\/\/crta.rs\/wp-content\/uploads\/2025\/05\/european-parlament-crta.png","type":"image\/png"}],"author":"Mila Stankovic","twitter_card":"summary_large_image","twitter_misc":{"Written by":"Mila Stankovic","Est. reading time":"5 minutes"},"schema":{"@context":"https:\/\/schema.org","@graph":[{"@type":"Article","@id":"https:\/\/crta.rs\/en\/crta-european-parliament-growing-repression-in-serbia\/#article","isPartOf":{"@id":"https:\/\/crta.rs\/en\/crta-european-parliament-growing-repression-in-serbia\/"},"author":{"name":"Mila Stankovic","@id":"https:\/\/crta.rs\/en\/#\/schema\/person\/6831a3cbdcff21e0c2a512f9333a8a91"},"headline":"CRTA addressed the European Parliament Subcommittee on Human Rights regarding growing repression in Serbia","datePublished":"2025-05-14T16:47:25+00:00","dateModified":"2025-05-17T14:58:30+00:00","mainEntityOfPage":{"@id":"https:\/\/crta.rs\/en\/crta-european-parliament-growing-repression-in-serbia\/"},"wordCount":1065,"image":{"@id":"https:\/\/crta.rs\/en\/crta-european-parliament-growing-repression-in-serbia\/#primaryimage"},"thumbnailUrl":"https:\/\/crta.rs\/wp-content\/uploads\/2025\/05\/european-parlament-crta.png","articleSection":["Latest"],"inLanguage":"en-US"},{"@type":"WebPage","@id":"https:\/\/crta.rs\/en\/crta-european-parliament-growing-repression-in-serbia\/","url":"https:\/\/crta.rs\/en\/crta-european-parliament-growing-repression-in-serbia\/","name":"CRTA addressed the European Parliament Subcommittee on Human Rights regarding growing repression in Serbia - CRTA","isPartOf":{"@id":"https:\/\/crta.rs\/en\/#website"},"primaryImageOfPage":{"@id":"https:\/\/crta.rs\/en\/crta-european-parliament-growing-repression-in-serbia\/#primaryimage"},"image":{"@id":"https:\/\/crta.rs\/en\/crta-european-parliament-growing-repression-in-serbia\/#primaryimage"},"thumbnailUrl":"https:\/\/crta.rs\/wp-content\/uploads\/2025\/05\/european-parlament-crta.png","datePublished":"2025-05-14T16:47:25+00:00","dateModified":"2025-05-17T14:58:30+00:00","author":{"@id":"https:\/\/crta.rs\/en\/#\/schema\/person\/6831a3cbdcff21e0c2a512f9333a8a91"},"description":"Read the CRTA full address at the European Parliament Subcommittee on Human Rights regarding growing repression in Serbia.","breadcrumb":{"@id":"https:\/\/crta.rs\/en\/crta-european-parliament-growing-repression-in-serbia\/#breadcrumb"},"inLanguage":"en-US","potentialAction":[{"@type":"ReadAction","target":["https:\/\/crta.rs\/en\/crta-european-parliament-growing-repression-in-serbia\/"]}]},{"@type":"ImageObject","inLanguage":"en-US","@id":"https:\/\/crta.rs\/en\/crta-european-parliament-growing-repression-in-serbia\/#primaryimage","url":"https:\/\/crta.rs\/wp-content\/uploads\/2025\/05\/european-parlament-crta.png","contentUrl":"https:\/\/crta.rs\/wp-content\/uploads\/2025\/05\/european-parlament-crta.png","width":940,"height":469,"caption":"European parlament \/ Foto - Canva"},{"@type":"BreadcrumbList","@id":"https:\/\/crta.rs\/en\/crta-european-parliament-growing-repression-in-serbia\/#breadcrumb","itemListElement":[{"@type":"ListItem","position":1,"name":"Home","item":"https:\/\/crta.rs\/en\/"},{"@type":"ListItem","position":2,"name":"Latest","item":"https:\/\/crta.rs\/en\/category\/latest-en\/"},{"@type":"ListItem","position":3,"name":"CRTA addressed the European Parliament Subcommittee on Human Rights regarding growing repression in Serbia"}]},{"@type":"WebSite","@id":"https:\/\/crta.rs\/en\/#website","url":"https:\/\/crta.rs\/en\/","name":"CRTA","description":"Mi smo grupa aktivista i novinara koja zajedno sa gra\u0111anima uti\u010de na pove\u0107anje odgovornosti institucija i javnih funkcionera kroz pra\u0107enje i kontrolu njihovog rada.","potentialAction":[{"@type":"SearchAction","target":{"@type":"EntryPoint","urlTemplate":"https:\/\/crta.rs\/en\/?s={search_term_string}"},"query-input":{"@type":"PropertyValueSpecification","valueRequired":true,"valueName":"search_term_string"}}],"inLanguage":"en-US"},{"@type":"Person","@id":"https:\/\/crta.rs\/en\/#\/schema\/person\/6831a3cbdcff21e0c2a512f9333a8a91","name":"Mila Stankovic","url":"https:\/\/crta.rs\/en\/author\/mila\/"}]}},"_links":{"self":[{"href":"https:\/\/crta.rs\/en\/wp-json\/wp\/v2\/posts\/42919","targetHints":{"allow":["GET"]}}],"collection":[{"href":"https:\/\/crta.rs\/en\/wp-json\/wp\/v2\/posts"}],"about":[{"href":"https:\/\/crta.rs\/en\/wp-json\/wp\/v2\/types\/post"}],"author":[{"embeddable":true,"href":"https:\/\/crta.rs\/en\/wp-json\/wp\/v2\/users\/709"}],"replies":[{"embeddable":true,"href":"https:\/\/crta.rs\/en\/wp-json\/wp\/v2\/comments?post=42919"}],"version-history":[{"count":5,"href":"https:\/\/crta.rs\/en\/wp-json\/wp\/v2\/posts\/42919\/revisions"}],"predecessor-version":[{"id":42955,"href":"https:\/\/crta.rs\/en\/wp-json\/wp\/v2\/posts\/42919\/revisions\/42955"}],"wp:featuredmedia":[{"embeddable":true,"href":"https:\/\/crta.rs\/en\/wp-json\/wp\/v2\/media\/42920"}],"wp:attachment":[{"href":"https:\/\/crta.rs\/en\/wp-json\/wp\/v2\/media?parent=42919"}],"wp:term":[{"taxonomy":"category","embeddable":true,"href":"https:\/\/crta.rs\/en\/wp-json\/wp\/v2\/categories?post=42919"},{"taxonomy":"post_tag","embeddable":true,"href":"https:\/\/crta.rs\/en\/wp-json\/wp\/v2\/tags?post=42919"}],"curies":[{"name":"wp","href":"https:\/\/api.w.org\/{rel}","templated":true}]}}