{"id":42088,"date":"2025-02-19T12:55:21","date_gmt":"2025-02-19T11:55:21","guid":{"rendered":"https:\/\/crta.rs\/?p=42088"},"modified":"2025-04-16T16:36:57","modified_gmt":"2025-04-16T14:36:57","slug":"massive-support-for-serbian-students-demands-protests","status":"publish","type":"post","link":"https:\/\/crta.rs\/en\/massive-support-for-serbian-students-demands-protests\/","title":{"rendered":"Serbian citizens\u2019 massive support for students\u2019 demands and protests"},"content":{"rendered":"<p><span style=\"font-weight: 400;\"><strong>Students\u2019 protests have become a key driver of political and social change in Serbia, with the potential for further expansion and growing support<\/strong>, according to a new public opinion survey conducted by CRTA.<\/span><\/p>\n<p><span style=\"font-weight: 400;\">Even after nearly three months, students\u2019 protests are not fading \u2014 actually, they are gaining stronger support. Around 80% of Serbian citizens back most of the students&#8217; demands, and a third of the population reports that they have participated in the ongoing protests.<\/span><\/p>\n<p><span style=\"font-weight: 400;\">Rather than anger, fear, or concern, hope and optimism now prevail among citizens\u2014thanks to the protests and the students. Student protests are supported by 64% of citizens, with the most significant increase in support over the past month coming from those who generally support the ruling parties. Currently, one in five citizens who lean toward the ruling parties supports the protests \u2014 the percentage has doubled since late December.<\/span><\/p>\n<p><span style=\"font-weight: 400;\">Citizens believe the protests can bring about positive change \u2014 46% think the country is heading in the right direction, compared to 38% who disagree. The rise in optimism about Serbia&#8217;s future, as the survey data shows, stems clearly from the energy of the students\u2019 protests rather than from trust in the Government policies or the state of the economy.<\/span><\/p>\n<p><span style=\"font-weight: 400;\">Nearly 60% of citizens trust the students, and the same percentage believes that the President of the Republic is not in charge\u00a0 of responding to students\u2019 demands.<\/span><\/p>\n<p><span style=\"font-weight: 400;\">More than half of citizens (52%) share the view that student demands have not been met, asserting that only students and university representatives are qualified to assess whether the demands have been fulfilled.<\/span><\/p>\n<p><span style=\"font-weight: 400;\">The majority of citizens do not believe the media and political attempts to discredit the students. For 72% of citizens, the protests are a consequence of government neglect and corruption, and not an attempt at a &#8220;color revolution&#8221; or &#8220;Vojvodina separatism.&#8221; Moreover, corruption is predominantly seen as the biggest issue in Serbia.<\/span><\/p>\n<p><b>Read the full survey <a href=\"https:\/\/crta.rs\/wp-content\/uploads\/2025\/02\/CRTA-Public-Opinion-Polling-Serbia-February-2025.pdf\">here<\/a><\/b><b>.<\/b><\/p>\n<p><span style=\"font-weight: 400; font-size: 8pt;\">*CRTA conducted a telephone survey of Serbian citizens&#8217; opinions using a random-digit-dialing (RDD) method on a nationally representative sample of 1,065 respondents between February 8 and 13, 2025.<\/span><\/p>\n","protected":false},"excerpt":{"rendered":"<p>Students\u2019 protests have become a key driver of political and social change in Serbia, with the potential for further expansion and growing support, according to a new public opinion survey conducted by CRTA. Even after nearly three months, students\u2019 protests are not fading \u2014 actually, they are gaining stronger support. Around 80% of Serbian citizens&#8230;<\/p>\n","protected":false},"author":709,"featured_media":42076,"comment_status":"closed","ping_status":"open","sticky":false,"template":"","format":"standard","meta":{"_acf_changed":false,"footnotes":"","_links_to":"","_links_to_target":""},"categories":[218,75],"tags":[73,164],"class_list":["post-42088","post","type-post","status-publish","format-standard","has-post-thumbnail","hentry","category-latest-en","category-publication-en","tag-citizen-engagement","tag-elections","ciTrackContent"],"acf":[],"yoast_head":"<!-- This site is optimized with the Yoast SEO plugin v27.4 - https:\/\/yoast.com\/product\/yoast-seo-wordpress\/ -->\n<title>Serbian citizens\u2019 massive support for students\u2019 demands and protests<\/title>\n<meta name=\"description\" content=\"Students\u2019 protests have become a key driver of political and social change in Serbia, according to CRTAs new public opinion survey.\" \/>\n<meta name=\"robots\" content=\"index, follow, max-snippet:-1, max-image-preview:large, max-video-preview:-1\" \/>\n<link rel=\"canonical\" href=\"https:\/\/crta.rs\/en\/massive-support-for-serbian-students-demands-protests\/\" \/>\n<meta property=\"og:locale\" content=\"en_US\" \/>\n<meta property=\"og:type\" content=\"article\" \/>\n<meta property=\"og:title\" content=\"Serbian citizens\u2019 massive support for students\u2019 demands and protests\" \/>\n<meta property=\"og:description\" content=\"Students\u2019 protests have become a key driver of political and social change in Serbia, according to CRTAs new public opinion survey.\" \/>\n<meta property=\"og:url\" content=\"https:\/\/crta.rs\/en\/massive-support-for-serbian-students-demands-protests\/\" \/>\n<meta property=\"og:site_name\" content=\"CRTA\" \/>\n<meta property=\"article:publisher\" content=\"https:\/\/www.facebook.com\/CRTArs\/\" \/>\n<meta property=\"article:published_time\" content=\"2025-02-19T11:55:21+00:00\" \/>\n<meta property=\"article:modified_time\" content=\"2025-04-16T14:36:57+00:00\" \/>\n<meta property=\"og:image\" content=\"https:\/\/crta.rs\/wp-content\/uploads\/2025\/02\/Fotografija-Blokada-Autokomande-27.1.png\" \/>\n\t<meta property=\"og:image:width\" content=\"940\" \/>\n\t<meta property=\"og:image:height\" content=\"469\" \/>\n\t<meta property=\"og:image:type\" content=\"image\/png\" \/>\n<meta name=\"author\" content=\"Mila Stankovic\" \/>\n<meta name=\"twitter:card\" content=\"summary_large_image\" \/>\n<meta name=\"twitter:label1\" content=\"Written by\" \/>\n\t<meta name=\"twitter:data1\" content=\"Mila Stankovic\" \/>\n\t<meta name=\"twitter:label2\" content=\"Est. reading time\" \/>\n\t<meta name=\"twitter:data2\" content=\"3 minutes\" \/>\n<script type=\"application\/ld+json\" class=\"yoast-schema-graph\">{\"@context\":\"https:\\\/\\\/schema.org\",\"@graph\":[{\"@type\":\"Article\",\"@id\":\"https:\\\/\\\/crta.rs\\\/en\\\/massive-support-for-serbian-students-demands-protests\\\/#article\",\"isPartOf\":{\"@id\":\"https:\\\/\\\/crta.rs\\\/en\\\/massive-support-for-serbian-students-demands-protests\\\/\"},\"author\":{\"name\":\"Mila Stankovic\",\"@id\":\"https:\\\/\\\/crta.rs\\\/en\\\/#\\\/schema\\\/person\\\/6831a3cbdcff21e0c2a512f9333a8a91\"},\"headline\":\"Serbian citizens\u2019 massive support for students\u2019 demands and protests\",\"datePublished\":\"2025-02-19T11:55:21+00:00\",\"dateModified\":\"2025-04-16T14:36:57+00:00\",\"mainEntityOfPage\":{\"@id\":\"https:\\\/\\\/crta.rs\\\/en\\\/massive-support-for-serbian-students-demands-protests\\\/\"},\"wordCount\":347,\"image\":{\"@id\":\"https:\\\/\\\/crta.rs\\\/en\\\/massive-support-for-serbian-students-demands-protests\\\/#primaryimage\"},\"thumbnailUrl\":\"https:\\\/\\\/crta.rs\\\/wp-content\\\/uploads\\\/2025\\\/02\\\/Fotografija-Blokada-Autokomande-27.1.png\",\"keywords\":[\"citizen engagement\",\"elections\"],\"articleSection\":[\"Latest\",\"Publications\"],\"inLanguage\":\"en-US\"},{\"@type\":\"WebPage\",\"@id\":\"https:\\\/\\\/crta.rs\\\/en\\\/massive-support-for-serbian-students-demands-protests\\\/\",\"url\":\"https:\\\/\\\/crta.rs\\\/en\\\/massive-support-for-serbian-students-demands-protests\\\/\",\"name\":\"Serbian citizens\u2019 massive support for students\u2019 demands and protests\",\"isPartOf\":{\"@id\":\"https:\\\/\\\/crta.rs\\\/en\\\/#website\"},\"primaryImageOfPage\":{\"@id\":\"https:\\\/\\\/crta.rs\\\/en\\\/massive-support-for-serbian-students-demands-protests\\\/#primaryimage\"},\"image\":{\"@id\":\"https:\\\/\\\/crta.rs\\\/en\\\/massive-support-for-serbian-students-demands-protests\\\/#primaryimage\"},\"thumbnailUrl\":\"https:\\\/\\\/crta.rs\\\/wp-content\\\/uploads\\\/2025\\\/02\\\/Fotografija-Blokada-Autokomande-27.1.png\",\"datePublished\":\"2025-02-19T11:55:21+00:00\",\"dateModified\":\"2025-04-16T14:36:57+00:00\",\"author\":{\"@id\":\"https:\\\/\\\/crta.rs\\\/en\\\/#\\\/schema\\\/person\\\/6831a3cbdcff21e0c2a512f9333a8a91\"},\"description\":\"Students\u2019 protests have become a key driver of political and social change in Serbia, according to CRTAs new public opinion survey.\",\"breadcrumb\":{\"@id\":\"https:\\\/\\\/crta.rs\\\/en\\\/massive-support-for-serbian-students-demands-protests\\\/#breadcrumb\"},\"inLanguage\":\"en-US\",\"potentialAction\":[{\"@type\":\"ReadAction\",\"target\":[\"https:\\\/\\\/crta.rs\\\/en\\\/massive-support-for-serbian-students-demands-protests\\\/\"]}]},{\"@type\":\"ImageObject\",\"inLanguage\":\"en-US\",\"@id\":\"https:\\\/\\\/crta.rs\\\/en\\\/massive-support-for-serbian-students-demands-protests\\\/#primaryimage\",\"url\":\"https:\\\/\\\/crta.rs\\\/wp-content\\\/uploads\\\/2025\\\/02\\\/Fotografija-Blokada-Autokomande-27.1.png\",\"contentUrl\":\"https:\\\/\\\/crta.rs\\\/wp-content\\\/uploads\\\/2025\\\/02\\\/Fotografija-Blokada-Autokomande-27.1.png\",\"width\":940,\"height\":469,\"caption\":\"Foto - CRTA\"},{\"@type\":\"BreadcrumbList\",\"@id\":\"https:\\\/\\\/crta.rs\\\/en\\\/massive-support-for-serbian-students-demands-protests\\\/#breadcrumb\",\"itemListElement\":[{\"@type\":\"ListItem\",\"position\":1,\"name\":\"Home\",\"item\":\"https:\\\/\\\/crta.rs\\\/en\\\/\"},{\"@type\":\"ListItem\",\"position\":2,\"name\":\"Latest\",\"item\":\"https:\\\/\\\/crta.rs\\\/en\\\/category\\\/latest-en\\\/\"},{\"@type\":\"ListItem\",\"position\":3,\"name\":\"Serbian citizens\u2019 massive support for students\u2019 demands and protests\"}]},{\"@type\":\"WebSite\",\"@id\":\"https:\\\/\\\/crta.rs\\\/en\\\/#website\",\"url\":\"https:\\\/\\\/crta.rs\\\/en\\\/\",\"name\":\"CRTA\",\"description\":\"Mi smo grupa aktivista i novinara koja zajedno sa gra\u0111anima uti\u010de na pove\u0107anje odgovornosti institucija i javnih funkcionera kroz pra\u0107enje i kontrolu njihovog rada.\",\"potentialAction\":[{\"@type\":\"SearchAction\",\"target\":{\"@type\":\"EntryPoint\",\"urlTemplate\":\"https:\\\/\\\/crta.rs\\\/en\\\/?s={search_term_string}\"},\"query-input\":{\"@type\":\"PropertyValueSpecification\",\"valueRequired\":true,\"valueName\":\"search_term_string\"}}],\"inLanguage\":\"en-US\"},{\"@type\":\"Person\",\"@id\":\"https:\\\/\\\/crta.rs\\\/en\\\/#\\\/schema\\\/person\\\/6831a3cbdcff21e0c2a512f9333a8a91\",\"name\":\"Mila Stankovic\",\"url\":\"https:\\\/\\\/crta.rs\\\/en\\\/author\\\/mila\\\/\"}]}<\/script>\n<!-- \/ Yoast SEO plugin. -->","yoast_head_json":{"title":"Serbian citizens\u2019 massive support for students\u2019 demands and protests","description":"Students\u2019 protests have become a key driver of political and social change in Serbia, according to CRTAs new public opinion survey.","robots":{"index":"index","follow":"follow","max-snippet":"max-snippet:-1","max-image-preview":"max-image-preview:large","max-video-preview":"max-video-preview:-1"},"canonical":"https:\/\/crta.rs\/en\/massive-support-for-serbian-students-demands-protests\/","og_locale":"en_US","og_type":"article","og_title":"Serbian citizens\u2019 massive support for students\u2019 demands and protests","og_description":"Students\u2019 protests have become a key driver of political and social change in Serbia, according to CRTAs new public opinion survey.","og_url":"https:\/\/crta.rs\/en\/massive-support-for-serbian-students-demands-protests\/","og_site_name":"CRTA","article_publisher":"https:\/\/www.facebook.com\/CRTArs\/","article_published_time":"2025-02-19T11:55:21+00:00","article_modified_time":"2025-04-16T14:36:57+00:00","og_image":[{"width":940,"height":469,"url":"https:\/\/crta.rs\/wp-content\/uploads\/2025\/02\/Fotografija-Blokada-Autokomande-27.1.png","type":"image\/png"}],"author":"Mila Stankovic","twitter_card":"summary_large_image","twitter_misc":{"Written by":"Mila Stankovic","Est. reading time":"3 minutes"},"schema":{"@context":"https:\/\/schema.org","@graph":[{"@type":"Article","@id":"https:\/\/crta.rs\/en\/massive-support-for-serbian-students-demands-protests\/#article","isPartOf":{"@id":"https:\/\/crta.rs\/en\/massive-support-for-serbian-students-demands-protests\/"},"author":{"name":"Mila Stankovic","@id":"https:\/\/crta.rs\/en\/#\/schema\/person\/6831a3cbdcff21e0c2a512f9333a8a91"},"headline":"Serbian citizens\u2019 massive support for students\u2019 demands and protests","datePublished":"2025-02-19T11:55:21+00:00","dateModified":"2025-04-16T14:36:57+00:00","mainEntityOfPage":{"@id":"https:\/\/crta.rs\/en\/massive-support-for-serbian-students-demands-protests\/"},"wordCount":347,"image":{"@id":"https:\/\/crta.rs\/en\/massive-support-for-serbian-students-demands-protests\/#primaryimage"},"thumbnailUrl":"https:\/\/crta.rs\/wp-content\/uploads\/2025\/02\/Fotografija-Blokada-Autokomande-27.1.png","keywords":["citizen engagement","elections"],"articleSection":["Latest","Publications"],"inLanguage":"en-US"},{"@type":"WebPage","@id":"https:\/\/crta.rs\/en\/massive-support-for-serbian-students-demands-protests\/","url":"https:\/\/crta.rs\/en\/massive-support-for-serbian-students-demands-protests\/","name":"Serbian citizens\u2019 massive support for students\u2019 demands and protests","isPartOf":{"@id":"https:\/\/crta.rs\/en\/#website"},"primaryImageOfPage":{"@id":"https:\/\/crta.rs\/en\/massive-support-for-serbian-students-demands-protests\/#primaryimage"},"image":{"@id":"https:\/\/crta.rs\/en\/massive-support-for-serbian-students-demands-protests\/#primaryimage"},"thumbnailUrl":"https:\/\/crta.rs\/wp-content\/uploads\/2025\/02\/Fotografija-Blokada-Autokomande-27.1.png","datePublished":"2025-02-19T11:55:21+00:00","dateModified":"2025-04-16T14:36:57+00:00","author":{"@id":"https:\/\/crta.rs\/en\/#\/schema\/person\/6831a3cbdcff21e0c2a512f9333a8a91"},"description":"Students\u2019 protests have become a key driver of political and social change in Serbia, according to CRTAs new public opinion survey.","breadcrumb":{"@id":"https:\/\/crta.rs\/en\/massive-support-for-serbian-students-demands-protests\/#breadcrumb"},"inLanguage":"en-US","potentialAction":[{"@type":"ReadAction","target":["https:\/\/crta.rs\/en\/massive-support-for-serbian-students-demands-protests\/"]}]},{"@type":"ImageObject","inLanguage":"en-US","@id":"https:\/\/crta.rs\/en\/massive-support-for-serbian-students-demands-protests\/#primaryimage","url":"https:\/\/crta.rs\/wp-content\/uploads\/2025\/02\/Fotografija-Blokada-Autokomande-27.1.png","contentUrl":"https:\/\/crta.rs\/wp-content\/uploads\/2025\/02\/Fotografija-Blokada-Autokomande-27.1.png","width":940,"height":469,"caption":"Foto - CRTA"},{"@type":"BreadcrumbList","@id":"https:\/\/crta.rs\/en\/massive-support-for-serbian-students-demands-protests\/#breadcrumb","itemListElement":[{"@type":"ListItem","position":1,"name":"Home","item":"https:\/\/crta.rs\/en\/"},{"@type":"ListItem","position":2,"name":"Latest","item":"https:\/\/crta.rs\/en\/category\/latest-en\/"},{"@type":"ListItem","position":3,"name":"Serbian citizens\u2019 massive support for students\u2019 demands and protests"}]},{"@type":"WebSite","@id":"https:\/\/crta.rs\/en\/#website","url":"https:\/\/crta.rs\/en\/","name":"CRTA","description":"Mi smo grupa aktivista i novinara koja zajedno sa gra\u0111anima uti\u010de na pove\u0107anje odgovornosti institucija i javnih funkcionera kroz pra\u0107enje i kontrolu njihovog rada.","potentialAction":[{"@type":"SearchAction","target":{"@type":"EntryPoint","urlTemplate":"https:\/\/crta.rs\/en\/?s={search_term_string}"},"query-input":{"@type":"PropertyValueSpecification","valueRequired":true,"valueName":"search_term_string"}}],"inLanguage":"en-US"},{"@type":"Person","@id":"https:\/\/crta.rs\/en\/#\/schema\/person\/6831a3cbdcff21e0c2a512f9333a8a91","name":"Mila Stankovic","url":"https:\/\/crta.rs\/en\/author\/mila\/"}]}},"_links":{"self":[{"href":"https:\/\/crta.rs\/en\/wp-json\/wp\/v2\/posts\/42088","targetHints":{"allow":["GET"]}}],"collection":[{"href":"https:\/\/crta.rs\/en\/wp-json\/wp\/v2\/posts"}],"about":[{"href":"https:\/\/crta.rs\/en\/wp-json\/wp\/v2\/types\/post"}],"author":[{"embeddable":true,"href":"https:\/\/crta.rs\/en\/wp-json\/wp\/v2\/users\/709"}],"replies":[{"embeddable":true,"href":"https:\/\/crta.rs\/en\/wp-json\/wp\/v2\/comments?post=42088"}],"version-history":[{"count":3,"href":"https:\/\/crta.rs\/en\/wp-json\/wp\/v2\/posts\/42088\/revisions"}],"predecessor-version":[{"id":42103,"href":"https:\/\/crta.rs\/en\/wp-json\/wp\/v2\/posts\/42088\/revisions\/42103"}],"wp:featuredmedia":[{"embeddable":true,"href":"https:\/\/crta.rs\/en\/wp-json\/wp\/v2\/media\/42076"}],"wp:attachment":[{"href":"https:\/\/crta.rs\/en\/wp-json\/wp\/v2\/media?parent=42088"}],"wp:term":[{"taxonomy":"category","embeddable":true,"href":"https:\/\/crta.rs\/en\/wp-json\/wp\/v2\/categories?post=42088"},{"taxonomy":"post_tag","embeddable":true,"href":"https:\/\/crta.rs\/en\/wp-json\/wp\/v2\/tags?post=42088"}],"curies":[{"name":"wp","href":"https:\/\/api.w.org\/{rel}","templated":true}]}}