{"id":41885,"date":"2024-12-15T20:14:03","date_gmt":"2024-12-15T19:14:03","guid":{"rendered":"https:\/\/crta.rs\/?p=41885"},"modified":"2024-12-15T20:16:05","modified_gmt":"2024-12-15T19:16:05","slug":"studying-liberty-and-responsibility","status":"publish","type":"post","link":"https:\/\/crta.rs\/en\/studying-liberty-and-responsibility\/","title":{"rendered":"Studying liberty and responsibility"},"content":{"rendered":"<p><i><span style=\"font-weight: 400;\">Ongoing massive students\u2019 protests across Serbia are the most articulated political demand regarding the snoozed Serbian EU agenda in a long time. They are precisely pointing to the crucial defects in the accession process \u2013 the rule of law, meaning institutions undermined by the power of President Vu\u010di\u0107 and his party. It would be of great importance if the EU and member states would publicly and clearly recognize that fact, even if the Serbian officials would surely use it to put more \u201cforeign mercenaries\u201d labels on students, strengthening the \u201chostile West\u201d narrative.\u00a0<\/span><\/i><\/p>\n<p><span style=\"font-weight: 400;\">Even during Milosevic\u2019s era, the students\u2019 protests have never included this number of faculties of all public universities. This decentralized rebellion was accelerated by the violence of SNS (ruling party) provocateurs against the students of Belgrade Faculty of Drama Arts, who were paying respect to the victims of the Novi Sad tragedy.\u00a0<\/span><\/p>\n<p><span style=\"font-weight: 400;\">The Serbian public was surprised by Gen Z&#8217;s political maturity, since it was perceived as a clich\u00e9 of total indolence toward social reality. Students demand<\/span> <span style=\"font-weight: 400;\">institutions. Not a single request is addressed to President Vu\u010di\u0107<\/span><span style=\"font-weight: 400;\">,<\/span><span style=\"font-weight: 400;\"> as students<\/span> <span style=\"font-weight: 400;\">see through his long-standing disrespect of the Constitution and<\/span> <span style=\"font-weight: 400;\">separation of power. They do not want to negotiate with him, which disrupts Serbia&#8217;s political logic.<\/span><span style=\"font-weight: 400;\">\u00a0<\/span><\/p>\n<p><span style=\"font-weight: 400;\">President Vu\u010di\u0107 himself seems to be puzzled by such an attitude. Within various attempts to discredit students, there is a manipulative narrative that all their demands are fulfilled. So, it \u201chas to be the politics they\u2019re involved in\u201d. For many years, Serbian citizens were being passivized by a mantra that everything political is dirty and allowed only politicians to deal with. \u201cImplementation should not depend on anyone\u2019s will, but on the legal and institutional system of the Republic of Serbia\u201d, students respond.\u00a0<\/span><\/p>\n<p><span style=\"font-weight: 400;\">On the contrary, with his endless press conferences, the President once again posed as a superior authority, demonstrating his possession of information that should be handled only by the government, legislative or judicial branches, and stepping into their decision-making.<\/span><\/p>\n<p><a href=\"https:\/\/www.instagram.com\/p\/DDDLv_VgrSo\/?img_index=1\"><span style=\"font-weight: 400;\">Students\u2019 demands<\/span><\/a><span style=\"font-weight: 400;\"> \u2013 making all documents regarding the reconstruction of the Novi Sad railway station public, discharging all the citizens detained and apprehended at the protests, launching criminal procedures against attackers on students and their professors and increasing the state budget for education instead of corruptive projects &#8211; have only been partially addressed.<\/span><\/p>\n<p><span style=\"font-weight: 400;\">Pro-government media are constantly inciting hatred against students and normalizing violence against them. Students have been physically and verbally attacked multiple times since the first attacks that triggered blockades. Sources from the faculties have suspicions that security services are attempting to collect information on \u201crebels\u201d for retribution.<\/span><\/p>\n<p><span style=\"font-weight: 400;\">The entire University of Belgrade (31 faculties) is under the blockades\u2014with the endorsement of the University itself. The University of Novi Sad has also completely joined the blockades, as have almost all faculties in Kragujevac and Ni\u0161.\u00a0<\/span><\/p>\n<p><span style=\"font-weight: 400;\">However, the President says <\/span><b>20-30 people are<\/b> <b>protesting<\/b><b> and molesting the entire country. <\/b><span style=\"font-weight: 400;\">The truth is too obvious not to be seen. If the rumors that say that Vu\u010di\u0107 will try to get out of the crises by calling the new parliamentary elections prove to be true, it will only confirm the fact that the elections, soaked in impunity for corruption and criminalization of the institutions, political clientelism, pressures on citizens, and strictly controlled media are turned into the main tool for preventing the change.<\/span><\/p>\n","protected":false},"excerpt":{"rendered":"<p>Ongoing massive students\u2019 protests across Serbia are the most articulated political demand regarding the snoozed Serbian EU agenda in a long time. They are precisely pointing to the crucial defects in the accession process \u2013 the rule of law, meaning institutions undermined by the power of President Vu\u010di\u0107 and his party. It would be of&#8230;<\/p>\n","protected":false},"author":7,"featured_media":41882,"comment_status":"closed","ping_status":"open","sticky":false,"template":"","format":"standard","meta":{"_acf_changed":false,"footnotes":"","_links_to":"","_links_to_target":""},"categories":[218,46],"tags":[],"class_list":["post-41885","post","type-post","status-publish","format-standard","has-post-thumbnail","hentry","category-latest-en","category-uncategorized-en","ciTrackContent"],"acf":[],"yoast_head":"<!-- This site is optimized with the Yoast SEO plugin v27.4 - https:\/\/yoast.com\/product\/yoast-seo-wordpress\/ -->\n<title>Studying liberty and responsibility - CRTA<\/title>\n<meta name=\"robots\" content=\"index, follow, max-snippet:-1, max-image-preview:large, max-video-preview:-1\" \/>\n<link rel=\"canonical\" href=\"https:\/\/crta.rs\/en\/studying-liberty-and-responsibility\/\" \/>\n<meta property=\"og:locale\" content=\"en_US\" \/>\n<meta property=\"og:type\" content=\"article\" \/>\n<meta property=\"og:title\" content=\"Studying liberty and responsibility - CRTA\" \/>\n<meta property=\"og:description\" content=\"Ongoing massive students\u2019 protests across Serbia are the most articulated political demand regarding the snoozed Serbian EU agenda in a long time. They are precisely pointing to the crucial defects in the accession process \u2013 the rule of law, meaning institutions undermined by the power of President Vu\u010di\u0107 and his party. It would be of...\" \/>\n<meta property=\"og:url\" content=\"https:\/\/crta.rs\/en\/studying-liberty-and-responsibility\/\" \/>\n<meta property=\"og:site_name\" content=\"CRTA\" \/>\n<meta property=\"article:publisher\" content=\"https:\/\/www.facebook.com\/CRTArs\/\" \/>\n<meta property=\"article:published_time\" content=\"2024-12-15T19:14:03+00:00\" \/>\n<meta property=\"article:modified_time\" content=\"2024-12-15T19:16:05+00:00\" \/>\n<meta property=\"og:image\" content=\"https:\/\/crta.rs\/wp-content\/uploads\/2024\/12\/2-1.png\" \/>\n\t<meta property=\"og:image:width\" content=\"940\" \/>\n\t<meta property=\"og:image:height\" content=\"469\" \/>\n\t<meta property=\"og:image:type\" content=\"image\/png\" \/>\n<meta name=\"author\" content=\"ivana\" \/>\n<meta name=\"twitter:card\" content=\"summary_large_image\" \/>\n<meta name=\"twitter:label1\" content=\"Written by\" \/>\n\t<meta name=\"twitter:data1\" content=\"ivana\" \/>\n\t<meta name=\"twitter:label2\" content=\"Est. reading time\" \/>\n\t<meta name=\"twitter:data2\" content=\"3 minutes\" \/>\n<script type=\"application\/ld+json\" class=\"yoast-schema-graph\">{\"@context\":\"https:\\\/\\\/schema.org\",\"@graph\":[{\"@type\":\"Article\",\"@id\":\"https:\\\/\\\/crta.rs\\\/en\\\/studying-liberty-and-responsibility\\\/#article\",\"isPartOf\":{\"@id\":\"https:\\\/\\\/crta.rs\\\/en\\\/studying-liberty-and-responsibility\\\/\"},\"author\":{\"name\":\"ivana\",\"@id\":\"https:\\\/\\\/crta.rs\\\/en\\\/#\\\/schema\\\/person\\\/18f7126b92949f8242e7b65ece92db4c\"},\"headline\":\"Studying liberty and responsibility\",\"datePublished\":\"2024-12-15T19:14:03+00:00\",\"dateModified\":\"2024-12-15T19:16:05+00:00\",\"mainEntityOfPage\":{\"@id\":\"https:\\\/\\\/crta.rs\\\/en\\\/studying-liberty-and-responsibility\\\/\"},\"wordCount\":560,\"image\":{\"@id\":\"https:\\\/\\\/crta.rs\\\/en\\\/studying-liberty-and-responsibility\\\/#primaryimage\"},\"thumbnailUrl\":\"https:\\\/\\\/crta.rs\\\/wp-content\\\/uploads\\\/2024\\\/12\\\/2-1.png\",\"articleSection\":[\"Latest\"],\"inLanguage\":\"en-US\"},{\"@type\":\"WebPage\",\"@id\":\"https:\\\/\\\/crta.rs\\\/en\\\/studying-liberty-and-responsibility\\\/\",\"url\":\"https:\\\/\\\/crta.rs\\\/en\\\/studying-liberty-and-responsibility\\\/\",\"name\":\"Studying liberty and responsibility - CRTA\",\"isPartOf\":{\"@id\":\"https:\\\/\\\/crta.rs\\\/en\\\/#website\"},\"primaryImageOfPage\":{\"@id\":\"https:\\\/\\\/crta.rs\\\/en\\\/studying-liberty-and-responsibility\\\/#primaryimage\"},\"image\":{\"@id\":\"https:\\\/\\\/crta.rs\\\/en\\\/studying-liberty-and-responsibility\\\/#primaryimage\"},\"thumbnailUrl\":\"https:\\\/\\\/crta.rs\\\/wp-content\\\/uploads\\\/2024\\\/12\\\/2-1.png\",\"datePublished\":\"2024-12-15T19:14:03+00:00\",\"dateModified\":\"2024-12-15T19:16:05+00:00\",\"author\":{\"@id\":\"https:\\\/\\\/crta.rs\\\/en\\\/#\\\/schema\\\/person\\\/18f7126b92949f8242e7b65ece92db4c\"},\"breadcrumb\":{\"@id\":\"https:\\\/\\\/crta.rs\\\/en\\\/studying-liberty-and-responsibility\\\/#breadcrumb\"},\"inLanguage\":\"en-US\",\"potentialAction\":[{\"@type\":\"ReadAction\",\"target\":[\"https:\\\/\\\/crta.rs\\\/en\\\/studying-liberty-and-responsibility\\\/\"]}]},{\"@type\":\"ImageObject\",\"inLanguage\":\"en-US\",\"@id\":\"https:\\\/\\\/crta.rs\\\/en\\\/studying-liberty-and-responsibility\\\/#primaryimage\",\"url\":\"https:\\\/\\\/crta.rs\\\/wp-content\\\/uploads\\\/2024\\\/12\\\/2-1.png\",\"contentUrl\":\"https:\\\/\\\/crta.rs\\\/wp-content\\\/uploads\\\/2024\\\/12\\\/2-1.png\",\"width\":940,\"height\":469,\"caption\":\"Photo - Gavrilo Andric\"},{\"@type\":\"BreadcrumbList\",\"@id\":\"https:\\\/\\\/crta.rs\\\/en\\\/studying-liberty-and-responsibility\\\/#breadcrumb\",\"itemListElement\":[{\"@type\":\"ListItem\",\"position\":1,\"name\":\"Home\",\"item\":\"https:\\\/\\\/crta.rs\\\/en\\\/\"},{\"@type\":\"ListItem\",\"position\":2,\"name\":\"Uncategorized\",\"item\":\"https:\\\/\\\/crta.rs\\\/en\\\/category\\\/uncategorized-en\\\/\"},{\"@type\":\"ListItem\",\"position\":3,\"name\":\"Studying liberty and responsibility\"}]},{\"@type\":\"WebSite\",\"@id\":\"https:\\\/\\\/crta.rs\\\/en\\\/#website\",\"url\":\"https:\\\/\\\/crta.rs\\\/en\\\/\",\"name\":\"CRTA\",\"description\":\"Mi smo grupa aktivista i novinara koja zajedno sa gra\u0111anima uti\u010de na pove\u0107anje odgovornosti institucija i javnih funkcionera kroz pra\u0107enje i kontrolu njihovog rada.\",\"potentialAction\":[{\"@type\":\"SearchAction\",\"target\":{\"@type\":\"EntryPoint\",\"urlTemplate\":\"https:\\\/\\\/crta.rs\\\/en\\\/?s={search_term_string}\"},\"query-input\":{\"@type\":\"PropertyValueSpecification\",\"valueRequired\":true,\"valueName\":\"search_term_string\"}}],\"inLanguage\":\"en-US\"},{\"@type\":\"Person\",\"@id\":\"https:\\\/\\\/crta.rs\\\/en\\\/#\\\/schema\\\/person\\\/18f7126b92949f8242e7b65ece92db4c\",\"name\":\"ivana\",\"url\":\"https:\\\/\\\/crta.rs\\\/en\\\/author\\\/ivana\\\/\"}]}<\/script>\n<!-- \/ Yoast SEO plugin. -->","yoast_head_json":{"title":"Studying liberty and responsibility - CRTA","robots":{"index":"index","follow":"follow","max-snippet":"max-snippet:-1","max-image-preview":"max-image-preview:large","max-video-preview":"max-video-preview:-1"},"canonical":"https:\/\/crta.rs\/en\/studying-liberty-and-responsibility\/","og_locale":"en_US","og_type":"article","og_title":"Studying liberty and responsibility - CRTA","og_description":"Ongoing massive students\u2019 protests across Serbia are the most articulated political demand regarding the snoozed Serbian EU agenda in a long time. They are precisely pointing to the crucial defects in the accession process \u2013 the rule of law, meaning institutions undermined by the power of President Vu\u010di\u0107 and his party. It would be of...","og_url":"https:\/\/crta.rs\/en\/studying-liberty-and-responsibility\/","og_site_name":"CRTA","article_publisher":"https:\/\/www.facebook.com\/CRTArs\/","article_published_time":"2024-12-15T19:14:03+00:00","article_modified_time":"2024-12-15T19:16:05+00:00","og_image":[{"width":940,"height":469,"url":"https:\/\/crta.rs\/wp-content\/uploads\/2024\/12\/2-1.png","type":"image\/png"}],"author":"ivana","twitter_card":"summary_large_image","twitter_misc":{"Written by":"ivana","Est. reading time":"3 minutes"},"schema":{"@context":"https:\/\/schema.org","@graph":[{"@type":"Article","@id":"https:\/\/crta.rs\/en\/studying-liberty-and-responsibility\/#article","isPartOf":{"@id":"https:\/\/crta.rs\/en\/studying-liberty-and-responsibility\/"},"author":{"name":"ivana","@id":"https:\/\/crta.rs\/en\/#\/schema\/person\/18f7126b92949f8242e7b65ece92db4c"},"headline":"Studying liberty and responsibility","datePublished":"2024-12-15T19:14:03+00:00","dateModified":"2024-12-15T19:16:05+00:00","mainEntityOfPage":{"@id":"https:\/\/crta.rs\/en\/studying-liberty-and-responsibility\/"},"wordCount":560,"image":{"@id":"https:\/\/crta.rs\/en\/studying-liberty-and-responsibility\/#primaryimage"},"thumbnailUrl":"https:\/\/crta.rs\/wp-content\/uploads\/2024\/12\/2-1.png","articleSection":["Latest"],"inLanguage":"en-US"},{"@type":"WebPage","@id":"https:\/\/crta.rs\/en\/studying-liberty-and-responsibility\/","url":"https:\/\/crta.rs\/en\/studying-liberty-and-responsibility\/","name":"Studying liberty and responsibility - CRTA","isPartOf":{"@id":"https:\/\/crta.rs\/en\/#website"},"primaryImageOfPage":{"@id":"https:\/\/crta.rs\/en\/studying-liberty-and-responsibility\/#primaryimage"},"image":{"@id":"https:\/\/crta.rs\/en\/studying-liberty-and-responsibility\/#primaryimage"},"thumbnailUrl":"https:\/\/crta.rs\/wp-content\/uploads\/2024\/12\/2-1.png","datePublished":"2024-12-15T19:14:03+00:00","dateModified":"2024-12-15T19:16:05+00:00","author":{"@id":"https:\/\/crta.rs\/en\/#\/schema\/person\/18f7126b92949f8242e7b65ece92db4c"},"breadcrumb":{"@id":"https:\/\/crta.rs\/en\/studying-liberty-and-responsibility\/#breadcrumb"},"inLanguage":"en-US","potentialAction":[{"@type":"ReadAction","target":["https:\/\/crta.rs\/en\/studying-liberty-and-responsibility\/"]}]},{"@type":"ImageObject","inLanguage":"en-US","@id":"https:\/\/crta.rs\/en\/studying-liberty-and-responsibility\/#primaryimage","url":"https:\/\/crta.rs\/wp-content\/uploads\/2024\/12\/2-1.png","contentUrl":"https:\/\/crta.rs\/wp-content\/uploads\/2024\/12\/2-1.png","width":940,"height":469,"caption":"Photo - Gavrilo Andric"},{"@type":"BreadcrumbList","@id":"https:\/\/crta.rs\/en\/studying-liberty-and-responsibility\/#breadcrumb","itemListElement":[{"@type":"ListItem","position":1,"name":"Home","item":"https:\/\/crta.rs\/en\/"},{"@type":"ListItem","position":2,"name":"Uncategorized","item":"https:\/\/crta.rs\/en\/category\/uncategorized-en\/"},{"@type":"ListItem","position":3,"name":"Studying liberty and responsibility"}]},{"@type":"WebSite","@id":"https:\/\/crta.rs\/en\/#website","url":"https:\/\/crta.rs\/en\/","name":"CRTA","description":"Mi smo grupa aktivista i novinara koja zajedno sa gra\u0111anima uti\u010de na pove\u0107anje odgovornosti institucija i javnih funkcionera kroz pra\u0107enje i kontrolu njihovog rada.","potentialAction":[{"@type":"SearchAction","target":{"@type":"EntryPoint","urlTemplate":"https:\/\/crta.rs\/en\/?s={search_term_string}"},"query-input":{"@type":"PropertyValueSpecification","valueRequired":true,"valueName":"search_term_string"}}],"inLanguage":"en-US"},{"@type":"Person","@id":"https:\/\/crta.rs\/en\/#\/schema\/person\/18f7126b92949f8242e7b65ece92db4c","name":"ivana","url":"https:\/\/crta.rs\/en\/author\/ivana\/"}]}},"_links":{"self":[{"href":"https:\/\/crta.rs\/en\/wp-json\/wp\/v2\/posts\/41885","targetHints":{"allow":["GET"]}}],"collection":[{"href":"https:\/\/crta.rs\/en\/wp-json\/wp\/v2\/posts"}],"about":[{"href":"https:\/\/crta.rs\/en\/wp-json\/wp\/v2\/types\/post"}],"author":[{"embeddable":true,"href":"https:\/\/crta.rs\/en\/wp-json\/wp\/v2\/users\/7"}],"replies":[{"embeddable":true,"href":"https:\/\/crta.rs\/en\/wp-json\/wp\/v2\/comments?post=41885"}],"version-history":[{"count":1,"href":"https:\/\/crta.rs\/en\/wp-json\/wp\/v2\/posts\/41885\/revisions"}],"predecessor-version":[{"id":41886,"href":"https:\/\/crta.rs\/en\/wp-json\/wp\/v2\/posts\/41885\/revisions\/41886"}],"wp:featuredmedia":[{"embeddable":true,"href":"https:\/\/crta.rs\/en\/wp-json\/wp\/v2\/media\/41882"}],"wp:attachment":[{"href":"https:\/\/crta.rs\/en\/wp-json\/wp\/v2\/media?parent=41885"}],"wp:term":[{"taxonomy":"category","embeddable":true,"href":"https:\/\/crta.rs\/en\/wp-json\/wp\/v2\/categories?post=41885"},{"taxonomy":"post_tag","embeddable":true,"href":"https:\/\/crta.rs\/en\/wp-json\/wp\/v2\/tags?post=41885"}],"curies":[{"name":"wp","href":"https:\/\/api.w.org\/{rel}","templated":true}]}}