{"id":41841,"date":"2024-12-07T18:18:44","date_gmt":"2024-12-07T17:18:44","guid":{"rendered":"https:\/\/crta.rs\/?p=41841"},"modified":"2024-12-07T18:18:44","modified_gmt":"2024-12-07T17:18:44","slug":"conference-in-effect-do-we-elect","status":"publish","type":"post","link":"https:\/\/crta.rs\/en\/conference-in-effect-do-we-elect\/","title":{"rendered":"Conference &#8220;In Effect, Do We Elect?&#8221;"},"content":{"rendered":"<p><span style=\"font-weight: 400;\">Bringing together <a href=\"https:\/\/conference2024.crta.rs\/\">over 300 participants<\/a>, including academics, experts, engaged intellectuals and activists from Serbia and abroad, this conference addressed electoral processes and the crisis of electoral democracy. Through plenary sessions, expert round tables, working groups and workshops, discussions explored ways to counter political clientelism, electoral engineering and media manipulation, as well as the strengthening of mechanisms for election observation and analysis.<\/span><\/p>\n","protected":false},"excerpt":{"rendered":"<p>Bringing together over 300 participants, including academics, experts, engaged intellectuals and activists from Serbia and abroad, this conference addressed electoral processes and the crisis of electoral democracy. Through plenary sessions, expert round tables, working groups and workshops, discussions explored ways to counter political clientelism, electoral engineering and media manipulation, as well as the strengthening of&#8230;<\/p>\n","protected":false},"author":709,"featured_media":0,"comment_status":"closed","ping_status":"open","sticky":false,"template":"","format":"standard","meta":{"_acf_changed":false,"footnotes":"","_links_to":"","_links_to_target":""},"categories":[390],"tags":[],"class_list":["post-41841","post","type-post","status-publish","format-standard","hentry","category-history-en","ciTrackContent"],"acf":[],"yoast_head":"<!-- This site is optimized with the Yoast SEO plugin v27.4 - https:\/\/yoast.com\/product\/yoast-seo-wordpress\/ -->\n<title>Conference &quot;In Effect, Do We Elect?&quot; - CRTA<\/title>\n<meta name=\"robots\" content=\"index, follow, max-snippet:-1, max-image-preview:large, max-video-preview:-1\" \/>\n<link rel=\"canonical\" href=\"https:\/\/crta.rs\/en\/conference-in-effect-do-we-elect\/\" \/>\n<meta property=\"og:locale\" content=\"en_US\" \/>\n<meta property=\"og:type\" content=\"article\" \/>\n<meta property=\"og:title\" content=\"Conference &quot;In Effect, Do We Elect?&quot; - CRTA\" \/>\n<meta property=\"og:description\" content=\"Bringing together over 300 participants, including academics, experts, engaged intellectuals and activists from Serbia and abroad, this conference addressed electoral processes and the crisis of electoral democracy. Through plenary sessions, expert round tables, working groups and workshops, discussions explored ways to counter political clientelism, electoral engineering and media manipulation, as well as the strengthening of...\" \/>\n<meta property=\"og:url\" content=\"https:\/\/crta.rs\/en\/conference-in-effect-do-we-elect\/\" \/>\n<meta property=\"og:site_name\" content=\"CRTA\" \/>\n<meta property=\"article:publisher\" content=\"https:\/\/www.facebook.com\/CRTArs\/\" \/>\n<meta property=\"article:published_time\" content=\"2024-12-07T17:18:44+00:00\" \/>\n<meta property=\"og:image\" content=\"https:\/\/crta.rs\/wp-content\/uploads\/2019\/03\/CRTA-logo.jpg\" \/>\n\t<meta property=\"og:image:width\" content=\"2400\" \/>\n\t<meta property=\"og:image:height\" content=\"1596\" \/>\n\t<meta property=\"og:image:type\" content=\"image\/jpeg\" \/>\n<meta name=\"author\" content=\"Mila Stankovic\" \/>\n<meta name=\"twitter:card\" content=\"summary_large_image\" \/>\n<meta name=\"twitter:label1\" content=\"Written by\" \/>\n\t<meta name=\"twitter:data1\" content=\"Mila Stankovic\" \/>\n\t<meta name=\"twitter:label2\" content=\"Est. reading time\" \/>\n\t<meta name=\"twitter:data2\" content=\"1 minute\" \/>\n<script type=\"application\/ld+json\" class=\"yoast-schema-graph\">{\"@context\":\"https:\\\/\\\/schema.org\",\"@graph\":[{\"@type\":\"Article\",\"@id\":\"https:\\\/\\\/crta.rs\\\/en\\\/conference-in-effect-do-we-elect\\\/#article\",\"isPartOf\":{\"@id\":\"https:\\\/\\\/crta.rs\\\/en\\\/conference-in-effect-do-we-elect\\\/\"},\"author\":{\"name\":\"Mila Stankovic\",\"@id\":\"https:\\\/\\\/crta.rs\\\/en\\\/#\\\/schema\\\/person\\\/6831a3cbdcff21e0c2a512f9333a8a91\"},\"headline\":\"Conference &#8220;In Effect, Do We Elect?&#8221;\",\"datePublished\":\"2024-12-07T17:18:44+00:00\",\"mainEntityOfPage\":{\"@id\":\"https:\\\/\\\/crta.rs\\\/en\\\/conference-in-effect-do-we-elect\\\/\"},\"wordCount\":66,\"articleSection\":[\"History English\"],\"inLanguage\":\"en-US\"},{\"@type\":\"WebPage\",\"@id\":\"https:\\\/\\\/crta.rs\\\/en\\\/conference-in-effect-do-we-elect\\\/\",\"url\":\"https:\\\/\\\/crta.rs\\\/en\\\/conference-in-effect-do-we-elect\\\/\",\"name\":\"Conference \\\"In Effect, Do We Elect?\\\" - CRTA\",\"isPartOf\":{\"@id\":\"https:\\\/\\\/crta.rs\\\/en\\\/#website\"},\"datePublished\":\"2024-12-07T17:18:44+00:00\",\"author\":{\"@id\":\"https:\\\/\\\/crta.rs\\\/en\\\/#\\\/schema\\\/person\\\/6831a3cbdcff21e0c2a512f9333a8a91\"},\"breadcrumb\":{\"@id\":\"https:\\\/\\\/crta.rs\\\/en\\\/conference-in-effect-do-we-elect\\\/#breadcrumb\"},\"inLanguage\":\"en-US\",\"potentialAction\":[{\"@type\":\"ReadAction\",\"target\":[\"https:\\\/\\\/crta.rs\\\/en\\\/conference-in-effect-do-we-elect\\\/\"]}]},{\"@type\":\"BreadcrumbList\",\"@id\":\"https:\\\/\\\/crta.rs\\\/en\\\/conference-in-effect-do-we-elect\\\/#breadcrumb\",\"itemListElement\":[{\"@type\":\"ListItem\",\"position\":1,\"name\":\"Home\",\"item\":\"https:\\\/\\\/crta.rs\\\/en\\\/\"},{\"@type\":\"ListItem\",\"position\":2,\"name\":\"History English\",\"item\":\"https:\\\/\\\/crta.rs\\\/en\\\/category\\\/history-en\\\/\"},{\"@type\":\"ListItem\",\"position\":3,\"name\":\"Conference &#8222;In Effect, Do We Elect?&#8220;\"}]},{\"@type\":\"WebSite\",\"@id\":\"https:\\\/\\\/crta.rs\\\/en\\\/#website\",\"url\":\"https:\\\/\\\/crta.rs\\\/en\\\/\",\"name\":\"CRTA\",\"description\":\"Mi smo grupa aktivista i novinara koja zajedno sa gra\u0111anima uti\u010de na pove\u0107anje odgovornosti institucija i javnih funkcionera kroz pra\u0107enje i kontrolu njihovog rada.\",\"potentialAction\":[{\"@type\":\"SearchAction\",\"target\":{\"@type\":\"EntryPoint\",\"urlTemplate\":\"https:\\\/\\\/crta.rs\\\/en\\\/?s={search_term_string}\"},\"query-input\":{\"@type\":\"PropertyValueSpecification\",\"valueRequired\":true,\"valueName\":\"search_term_string\"}}],\"inLanguage\":\"en-US\"},{\"@type\":\"Person\",\"@id\":\"https:\\\/\\\/crta.rs\\\/en\\\/#\\\/schema\\\/person\\\/6831a3cbdcff21e0c2a512f9333a8a91\",\"name\":\"Mila Stankovic\",\"url\":\"https:\\\/\\\/crta.rs\\\/en\\\/author\\\/mila\\\/\"}]}<\/script>\n<!-- \/ Yoast SEO plugin. -->","yoast_head_json":{"title":"Conference \"In Effect, Do We Elect?\" - CRTA","robots":{"index":"index","follow":"follow","max-snippet":"max-snippet:-1","max-image-preview":"max-image-preview:large","max-video-preview":"max-video-preview:-1"},"canonical":"https:\/\/crta.rs\/en\/conference-in-effect-do-we-elect\/","og_locale":"en_US","og_type":"article","og_title":"Conference \"In Effect, Do We Elect?\" - CRTA","og_description":"Bringing together over 300 participants, including academics, experts, engaged intellectuals and activists from Serbia and abroad, this conference addressed electoral processes and the crisis of electoral democracy. Through plenary sessions, expert round tables, working groups and workshops, discussions explored ways to counter political clientelism, electoral engineering and media manipulation, as well as the strengthening of...","og_url":"https:\/\/crta.rs\/en\/conference-in-effect-do-we-elect\/","og_site_name":"CRTA","article_publisher":"https:\/\/www.facebook.com\/CRTArs\/","article_published_time":"2024-12-07T17:18:44+00:00","og_image":[{"width":2400,"height":1596,"url":"https:\/\/crta.rs\/wp-content\/uploads\/2019\/03\/CRTA-logo.jpg","type":"image\/jpeg"}],"author":"Mila Stankovic","twitter_card":"summary_large_image","twitter_misc":{"Written by":"Mila Stankovic","Est. reading time":"1 minute"},"schema":{"@context":"https:\/\/schema.org","@graph":[{"@type":"Article","@id":"https:\/\/crta.rs\/en\/conference-in-effect-do-we-elect\/#article","isPartOf":{"@id":"https:\/\/crta.rs\/en\/conference-in-effect-do-we-elect\/"},"author":{"name":"Mila Stankovic","@id":"https:\/\/crta.rs\/en\/#\/schema\/person\/6831a3cbdcff21e0c2a512f9333a8a91"},"headline":"Conference &#8220;In Effect, Do We Elect?&#8221;","datePublished":"2024-12-07T17:18:44+00:00","mainEntityOfPage":{"@id":"https:\/\/crta.rs\/en\/conference-in-effect-do-we-elect\/"},"wordCount":66,"articleSection":["History English"],"inLanguage":"en-US"},{"@type":"WebPage","@id":"https:\/\/crta.rs\/en\/conference-in-effect-do-we-elect\/","url":"https:\/\/crta.rs\/en\/conference-in-effect-do-we-elect\/","name":"Conference \"In Effect, Do We Elect?\" - CRTA","isPartOf":{"@id":"https:\/\/crta.rs\/en\/#website"},"datePublished":"2024-12-07T17:18:44+00:00","author":{"@id":"https:\/\/crta.rs\/en\/#\/schema\/person\/6831a3cbdcff21e0c2a512f9333a8a91"},"breadcrumb":{"@id":"https:\/\/crta.rs\/en\/conference-in-effect-do-we-elect\/#breadcrumb"},"inLanguage":"en-US","potentialAction":[{"@type":"ReadAction","target":["https:\/\/crta.rs\/en\/conference-in-effect-do-we-elect\/"]}]},{"@type":"BreadcrumbList","@id":"https:\/\/crta.rs\/en\/conference-in-effect-do-we-elect\/#breadcrumb","itemListElement":[{"@type":"ListItem","position":1,"name":"Home","item":"https:\/\/crta.rs\/en\/"},{"@type":"ListItem","position":2,"name":"History English","item":"https:\/\/crta.rs\/en\/category\/history-en\/"},{"@type":"ListItem","position":3,"name":"Conference &#8222;In Effect, Do We Elect?&#8220;"}]},{"@type":"WebSite","@id":"https:\/\/crta.rs\/en\/#website","url":"https:\/\/crta.rs\/en\/","name":"CRTA","description":"Mi smo grupa aktivista i novinara koja zajedno sa gra\u0111anima uti\u010de na pove\u0107anje odgovornosti institucija i javnih funkcionera kroz pra\u0107enje i kontrolu njihovog rada.","potentialAction":[{"@type":"SearchAction","target":{"@type":"EntryPoint","urlTemplate":"https:\/\/crta.rs\/en\/?s={search_term_string}"},"query-input":{"@type":"PropertyValueSpecification","valueRequired":true,"valueName":"search_term_string"}}],"inLanguage":"en-US"},{"@type":"Person","@id":"https:\/\/crta.rs\/en\/#\/schema\/person\/6831a3cbdcff21e0c2a512f9333a8a91","name":"Mila Stankovic","url":"https:\/\/crta.rs\/en\/author\/mila\/"}]}},"_links":{"self":[{"href":"https:\/\/crta.rs\/en\/wp-json\/wp\/v2\/posts\/41841","targetHints":{"allow":["GET"]}}],"collection":[{"href":"https:\/\/crta.rs\/en\/wp-json\/wp\/v2\/posts"}],"about":[{"href":"https:\/\/crta.rs\/en\/wp-json\/wp\/v2\/types\/post"}],"author":[{"embeddable":true,"href":"https:\/\/crta.rs\/en\/wp-json\/wp\/v2\/users\/709"}],"replies":[{"embeddable":true,"href":"https:\/\/crta.rs\/en\/wp-json\/wp\/v2\/comments?post=41841"}],"version-history":[{"count":2,"href":"https:\/\/crta.rs\/en\/wp-json\/wp\/v2\/posts\/41841\/revisions"}],"predecessor-version":[{"id":41843,"href":"https:\/\/crta.rs\/en\/wp-json\/wp\/v2\/posts\/41841\/revisions\/41843"}],"wp:attachment":[{"href":"https:\/\/crta.rs\/en\/wp-json\/wp\/v2\/media?parent=41841"}],"wp:term":[{"taxonomy":"category","embeddable":true,"href":"https:\/\/crta.rs\/en\/wp-json\/wp\/v2\/categories?post=41841"},{"taxonomy":"post_tag","embeddable":true,"href":"https:\/\/crta.rs\/en\/wp-json\/wp\/v2\/tags?post=41841"}],"curies":[{"name":"wp","href":"https:\/\/api.w.org\/{rel}","templated":true}]}}