{"id":41807,"date":"2024-12-07T17:44:56","date_gmt":"2024-12-07T16:44:56","guid":{"rendered":"https:\/\/crta.rs\/?p=41807"},"modified":"2024-12-07T17:44:56","modified_gmt":"2024-12-07T16:44:56","slug":"the-brave-voice-award","status":"publish","type":"post","link":"https:\/\/crta.rs\/en\/the-brave-voice-award\/","title":{"rendered":"The Brave Voice Award"},"content":{"rendered":"<p><span style=\"font-weight: 400;\">In 2023, CRTA honored<\/span><a href=\"https:\/\/crta.rs\/hrabri-glas-neznanim-junacima-borbe-protiv-nasilja\/\"> <span style=\"font-weight: 400;\">citizens who demonstrated courage through peaceful protests<\/span><\/a><span style=\"font-weight: 400;\"> against violence in Serbia. Honorees included the informal group &#8220;Students Against Violence&#8221;, local activists and organizers of the &#8220;Serbia Against Violence&#8221; protests in Petrovac na Mlavi, activist Dragana Arsic from the movement \u201cDefend Fruska Gora Forests\u201d, Ranka Kasikovic from Subotica and Stefan Vukic from Pozarevac who publicly resisted political pressures at work, prosecutors Bojana Savovic, Jasmina Paunovic and Predrag Milovanovic, former REM Council member Judita Popovic, and the &#8220;Local Front\u201d from Kraljevo.<\/span><\/p>\n","protected":false},"excerpt":{"rendered":"<p>In 2023, CRTA honored citizens who demonstrated courage through peaceful protests against violence in Serbia. Honorees included the informal group &#8220;Students Against Violence&#8221;, local activists and organizers of the &#8220;Serbia Against Violence&#8221; protests in Petrovac na Mlavi, activist Dragana Arsic from the movement \u201cDefend Fruska Gora Forests\u201d, Ranka Kasikovic from Subotica and Stefan Vukic from&#8230;<\/p>\n","protected":false},"author":709,"featured_media":0,"comment_status":"closed","ping_status":"open","sticky":false,"template":"","format":"standard","meta":{"_acf_changed":false,"footnotes":"","_links_to":"","_links_to_target":""},"categories":[390],"tags":[],"class_list":["post-41807","post","type-post","status-publish","format-standard","hentry","category-history-en","ciTrackContent"],"acf":[],"yoast_head":"<!-- This site is optimized with the Yoast SEO plugin v27.4 - https:\/\/yoast.com\/product\/yoast-seo-wordpress\/ -->\n<title>The Brave Voice Award - CRTA<\/title>\n<meta name=\"robots\" content=\"index, follow, max-snippet:-1, max-image-preview:large, max-video-preview:-1\" \/>\n<link rel=\"canonical\" href=\"https:\/\/crta.rs\/en\/the-brave-voice-award\/\" \/>\n<meta property=\"og:locale\" content=\"en_US\" \/>\n<meta property=\"og:type\" content=\"article\" \/>\n<meta property=\"og:title\" content=\"The Brave Voice Award - CRTA\" \/>\n<meta property=\"og:description\" content=\"In 2023, CRTA honored citizens who demonstrated courage through peaceful protests against violence in Serbia. Honorees included the informal group &#8220;Students Against Violence&#8221;, local activists and organizers of the &#8220;Serbia Against Violence&#8221; protests in Petrovac na Mlavi, activist Dragana Arsic from the movement \u201cDefend Fruska Gora Forests\u201d, Ranka Kasikovic from Subotica and Stefan Vukic from...\" \/>\n<meta property=\"og:url\" content=\"https:\/\/crta.rs\/en\/the-brave-voice-award\/\" \/>\n<meta property=\"og:site_name\" content=\"CRTA\" \/>\n<meta property=\"article:publisher\" content=\"https:\/\/www.facebook.com\/CRTArs\/\" \/>\n<meta property=\"article:published_time\" content=\"2024-12-07T16:44:56+00:00\" \/>\n<meta property=\"og:image\" content=\"https:\/\/crta.rs\/wp-content\/uploads\/2019\/03\/CRTA-logo.jpg\" \/>\n\t<meta property=\"og:image:width\" content=\"2400\" \/>\n\t<meta property=\"og:image:height\" content=\"1596\" \/>\n\t<meta property=\"og:image:type\" content=\"image\/jpeg\" \/>\n<meta name=\"author\" content=\"Mila Stankovic\" \/>\n<meta name=\"twitter:card\" content=\"summary_large_image\" \/>\n<meta name=\"twitter:label1\" content=\"Written by\" \/>\n\t<meta name=\"twitter:data1\" content=\"Mila Stankovic\" \/>\n\t<meta name=\"twitter:label2\" content=\"Est. reading time\" \/>\n\t<meta name=\"twitter:data2\" content=\"1 minute\" \/>\n<script type=\"application\/ld+json\" class=\"yoast-schema-graph\">{\"@context\":\"https:\\\/\\\/schema.org\",\"@graph\":[{\"@type\":\"Article\",\"@id\":\"https:\\\/\\\/crta.rs\\\/en\\\/the-brave-voice-award\\\/#article\",\"isPartOf\":{\"@id\":\"https:\\\/\\\/crta.rs\\\/en\\\/the-brave-voice-award\\\/\"},\"author\":{\"name\":\"Mila Stankovic\",\"@id\":\"https:\\\/\\\/crta.rs\\\/en\\\/#\\\/schema\\\/person\\\/6831a3cbdcff21e0c2a512f9333a8a91\"},\"headline\":\"The Brave Voice Award\",\"datePublished\":\"2024-12-07T16:44:56+00:00\",\"mainEntityOfPage\":{\"@id\":\"https:\\\/\\\/crta.rs\\\/en\\\/the-brave-voice-award\\\/\"},\"wordCount\":86,\"articleSection\":[\"History English\"],\"inLanguage\":\"en-US\"},{\"@type\":\"WebPage\",\"@id\":\"https:\\\/\\\/crta.rs\\\/en\\\/the-brave-voice-award\\\/\",\"url\":\"https:\\\/\\\/crta.rs\\\/en\\\/the-brave-voice-award\\\/\",\"name\":\"The Brave Voice Award - CRTA\",\"isPartOf\":{\"@id\":\"https:\\\/\\\/crta.rs\\\/en\\\/#website\"},\"datePublished\":\"2024-12-07T16:44:56+00:00\",\"author\":{\"@id\":\"https:\\\/\\\/crta.rs\\\/en\\\/#\\\/schema\\\/person\\\/6831a3cbdcff21e0c2a512f9333a8a91\"},\"breadcrumb\":{\"@id\":\"https:\\\/\\\/crta.rs\\\/en\\\/the-brave-voice-award\\\/#breadcrumb\"},\"inLanguage\":\"en-US\",\"potentialAction\":[{\"@type\":\"ReadAction\",\"target\":[\"https:\\\/\\\/crta.rs\\\/en\\\/the-brave-voice-award\\\/\"]}]},{\"@type\":\"BreadcrumbList\",\"@id\":\"https:\\\/\\\/crta.rs\\\/en\\\/the-brave-voice-award\\\/#breadcrumb\",\"itemListElement\":[{\"@type\":\"ListItem\",\"position\":1,\"name\":\"Home\",\"item\":\"https:\\\/\\\/crta.rs\\\/en\\\/\"},{\"@type\":\"ListItem\",\"position\":2,\"name\":\"History English\",\"item\":\"https:\\\/\\\/crta.rs\\\/en\\\/category\\\/history-en\\\/\"},{\"@type\":\"ListItem\",\"position\":3,\"name\":\"The Brave Voice Award\"}]},{\"@type\":\"WebSite\",\"@id\":\"https:\\\/\\\/crta.rs\\\/en\\\/#website\",\"url\":\"https:\\\/\\\/crta.rs\\\/en\\\/\",\"name\":\"CRTA\",\"description\":\"Mi smo grupa aktivista i novinara koja zajedno sa gra\u0111anima uti\u010de na pove\u0107anje odgovornosti institucija i javnih funkcionera kroz pra\u0107enje i kontrolu njihovog rada.\",\"potentialAction\":[{\"@type\":\"SearchAction\",\"target\":{\"@type\":\"EntryPoint\",\"urlTemplate\":\"https:\\\/\\\/crta.rs\\\/en\\\/?s={search_term_string}\"},\"query-input\":{\"@type\":\"PropertyValueSpecification\",\"valueRequired\":true,\"valueName\":\"search_term_string\"}}],\"inLanguage\":\"en-US\"},{\"@type\":\"Person\",\"@id\":\"https:\\\/\\\/crta.rs\\\/en\\\/#\\\/schema\\\/person\\\/6831a3cbdcff21e0c2a512f9333a8a91\",\"name\":\"Mila Stankovic\",\"url\":\"https:\\\/\\\/crta.rs\\\/en\\\/author\\\/mila\\\/\"}]}<\/script>\n<!-- \/ Yoast SEO plugin. -->","yoast_head_json":{"title":"The Brave Voice Award - CRTA","robots":{"index":"index","follow":"follow","max-snippet":"max-snippet:-1","max-image-preview":"max-image-preview:large","max-video-preview":"max-video-preview:-1"},"canonical":"https:\/\/crta.rs\/en\/the-brave-voice-award\/","og_locale":"en_US","og_type":"article","og_title":"The Brave Voice Award - CRTA","og_description":"In 2023, CRTA honored citizens who demonstrated courage through peaceful protests against violence in Serbia. Honorees included the informal group &#8220;Students Against Violence&#8221;, local activists and organizers of the &#8220;Serbia Against Violence&#8221; protests in Petrovac na Mlavi, activist Dragana Arsic from the movement \u201cDefend Fruska Gora Forests\u201d, Ranka Kasikovic from Subotica and Stefan Vukic from...","og_url":"https:\/\/crta.rs\/en\/the-brave-voice-award\/","og_site_name":"CRTA","article_publisher":"https:\/\/www.facebook.com\/CRTArs\/","article_published_time":"2024-12-07T16:44:56+00:00","og_image":[{"width":2400,"height":1596,"url":"https:\/\/crta.rs\/wp-content\/uploads\/2019\/03\/CRTA-logo.jpg","type":"image\/jpeg"}],"author":"Mila Stankovic","twitter_card":"summary_large_image","twitter_misc":{"Written by":"Mila Stankovic","Est. reading time":"1 minute"},"schema":{"@context":"https:\/\/schema.org","@graph":[{"@type":"Article","@id":"https:\/\/crta.rs\/en\/the-brave-voice-award\/#article","isPartOf":{"@id":"https:\/\/crta.rs\/en\/the-brave-voice-award\/"},"author":{"name":"Mila Stankovic","@id":"https:\/\/crta.rs\/en\/#\/schema\/person\/6831a3cbdcff21e0c2a512f9333a8a91"},"headline":"The Brave Voice Award","datePublished":"2024-12-07T16:44:56+00:00","mainEntityOfPage":{"@id":"https:\/\/crta.rs\/en\/the-brave-voice-award\/"},"wordCount":86,"articleSection":["History English"],"inLanguage":"en-US"},{"@type":"WebPage","@id":"https:\/\/crta.rs\/en\/the-brave-voice-award\/","url":"https:\/\/crta.rs\/en\/the-brave-voice-award\/","name":"The Brave Voice Award - CRTA","isPartOf":{"@id":"https:\/\/crta.rs\/en\/#website"},"datePublished":"2024-12-07T16:44:56+00:00","author":{"@id":"https:\/\/crta.rs\/en\/#\/schema\/person\/6831a3cbdcff21e0c2a512f9333a8a91"},"breadcrumb":{"@id":"https:\/\/crta.rs\/en\/the-brave-voice-award\/#breadcrumb"},"inLanguage":"en-US","potentialAction":[{"@type":"ReadAction","target":["https:\/\/crta.rs\/en\/the-brave-voice-award\/"]}]},{"@type":"BreadcrumbList","@id":"https:\/\/crta.rs\/en\/the-brave-voice-award\/#breadcrumb","itemListElement":[{"@type":"ListItem","position":1,"name":"Home","item":"https:\/\/crta.rs\/en\/"},{"@type":"ListItem","position":2,"name":"History English","item":"https:\/\/crta.rs\/en\/category\/history-en\/"},{"@type":"ListItem","position":3,"name":"The Brave Voice Award"}]},{"@type":"WebSite","@id":"https:\/\/crta.rs\/en\/#website","url":"https:\/\/crta.rs\/en\/","name":"CRTA","description":"Mi smo grupa aktivista i novinara koja zajedno sa gra\u0111anima uti\u010de na pove\u0107anje odgovornosti institucija i javnih funkcionera kroz pra\u0107enje i kontrolu njihovog rada.","potentialAction":[{"@type":"SearchAction","target":{"@type":"EntryPoint","urlTemplate":"https:\/\/crta.rs\/en\/?s={search_term_string}"},"query-input":{"@type":"PropertyValueSpecification","valueRequired":true,"valueName":"search_term_string"}}],"inLanguage":"en-US"},{"@type":"Person","@id":"https:\/\/crta.rs\/en\/#\/schema\/person\/6831a3cbdcff21e0c2a512f9333a8a91","name":"Mila Stankovic","url":"https:\/\/crta.rs\/en\/author\/mila\/"}]}},"_links":{"self":[{"href":"https:\/\/crta.rs\/en\/wp-json\/wp\/v2\/posts\/41807","targetHints":{"allow":["GET"]}}],"collection":[{"href":"https:\/\/crta.rs\/en\/wp-json\/wp\/v2\/posts"}],"about":[{"href":"https:\/\/crta.rs\/en\/wp-json\/wp\/v2\/types\/post"}],"author":[{"embeddable":true,"href":"https:\/\/crta.rs\/en\/wp-json\/wp\/v2\/users\/709"}],"replies":[{"embeddable":true,"href":"https:\/\/crta.rs\/en\/wp-json\/wp\/v2\/comments?post=41807"}],"version-history":[{"count":2,"href":"https:\/\/crta.rs\/en\/wp-json\/wp\/v2\/posts\/41807\/revisions"}],"predecessor-version":[{"id":41809,"href":"https:\/\/crta.rs\/en\/wp-json\/wp\/v2\/posts\/41807\/revisions\/41809"}],"wp:attachment":[{"href":"https:\/\/crta.rs\/en\/wp-json\/wp\/v2\/media?parent=41807"}],"wp:term":[{"taxonomy":"category","embeddable":true,"href":"https:\/\/crta.rs\/en\/wp-json\/wp\/v2\/categories?post=41807"},{"taxonomy":"post_tag","embeddable":true,"href":"https:\/\/crta.rs\/en\/wp-json\/wp\/v2\/tags?post=41807"}],"curies":[{"name":"wp","href":"https:\/\/api.w.org\/{rel}","templated":true}]}}