{"id":41708,"date":"2024-11-28T15:16:32","date_gmt":"2024-11-28T14:16:32","guid":{"rendered":"https:\/\/crta.rs\/?p=41708"},"modified":"2024-11-28T15:16:32","modified_gmt":"2024-11-28T14:16:32","slug":"accountability-for-the-former-rem-council-takes-priority-over-electing-a-new-one","status":"publish","type":"post","link":"https:\/\/crta.rs\/en\/accountability-for-the-former-rem-council-takes-priority-over-electing-a-new-one\/","title":{"rendered":"Accountability for the Former REM Council Takes Priority Over Electing a New One"},"content":{"rendered":"<p><strong>Without determining the accountability of the chairwoman and members of the previous REM Council for violations and circumventions of laws regulating the media sphere, it is unrealistic to expect that a new Council, whose selection is set to be announced in the coming days, will bring about the necessary changes.<\/strong><\/p>\n<p><span style=\"font-weight: 400;\">The REM Council consistently acted in contradiction to its legal obligations, implying not only professional and moral, but also criminal responsibility for its members.<\/span><\/p>\n<p><strong>CRTA demands that the prosecution investigates the responsibility of the previous Council members for the drastic failures of REM, which have compromised the public interest for years.<\/strong><\/p>\n<p><span style=\"font-weight: 400;\">The experiences brought from REM operations during the two previous mandates of the Council clearly demonstrate that this institution was, as a rule, part of the problem rather than the solution. It frequently contributed to, or even caused &#8211; the dramatic decline in the quality of public information and media content, the disappearance of media pluralism and the suppression of public interest in favor of media tycoons.<\/span><\/p>\n<p><span style=\"font-weight: 400;\">REM consistently dismissed hundreds of complaints against broadcasters who misinformed the public, spread violence, incited hate speech and violated human rights. Moreover, REM rewarded TV stations leading in unlawful and unprofessional behavior by renewing their national broadcasting licenses for up to eight years or granting them local \u201cfrequencies\u201d.<\/span><\/p>\n<p><span style=\"font-weight: 400;\">The &#8220;crown&#8221; of illegality as REM&#8217;s modus operandi lies in the fact that the legal deadlines for electing a new Council were violated, while the initiation of the current procedure seems to erase the memory of previous legal violations, which is under the authority of dedicated parliamentary committee.<\/span><\/p>\n<p><span style=\"font-weight: 400;\">We firmly believe that lawlessness cannot serve as the foundation for reviving a compromised institution, and fear that the election of a new REM Council will merely be a performance simulating democratic procedure, leading to a &#8220;new old&#8221; REM.<\/span><\/p>\n<p><span style=\"font-weight: 400;\">Only by abolishing the principle of impunity and lack of accountability can the institution regain its capacity to fulfill its critical role in protecting democratic standards.<\/span><\/p>\n","protected":false},"excerpt":{"rendered":"<p>Without determining the accountability of the chairwoman and members of the previous REM Council for violations and circumventions of laws regulating the media sphere, it is unrealistic to expect that a new Council, whose selection is set to be announced in the coming days, will bring about the necessary changes. The REM Council consistently acted&#8230;<\/p>\n","protected":false},"author":709,"featured_media":40037,"comment_status":"closed","ping_status":"open","sticky":false,"template":"","format":"standard","meta":{"_acf_changed":false,"footnotes":"","_links_to":"","_links_to_target":""},"categories":[218],"tags":[],"class_list":["post-41708","post","type-post","status-publish","format-standard","has-post-thumbnail","hentry","category-latest-en","ciTrackContent"],"acf":[],"yoast_head":"<!-- This site is optimized with the Yoast SEO plugin v27.4 - https:\/\/yoast.com\/product\/yoast-seo-wordpress\/ -->\n<title>Accountability for the Former REM Council Takes Priority Over Electing a New One - CRTA<\/title>\n<meta name=\"robots\" content=\"index, follow, max-snippet:-1, max-image-preview:large, max-video-preview:-1\" \/>\n<link rel=\"canonical\" href=\"https:\/\/crta.rs\/en\/accountability-for-the-former-rem-council-takes-priority-over-electing-a-new-one\/\" \/>\n<meta property=\"og:locale\" content=\"en_US\" \/>\n<meta property=\"og:type\" content=\"article\" \/>\n<meta property=\"og:title\" content=\"Accountability for the Former REM Council Takes Priority Over Electing a New One - CRTA\" \/>\n<meta property=\"og:description\" content=\"Without determining the accountability of the chairwoman and members of the previous REM Council for violations and circumventions of laws regulating the media sphere, it is unrealistic to expect that a new Council, whose selection is set to be announced in the coming days, will bring about the necessary changes. The REM Council consistently acted...\" \/>\n<meta property=\"og:url\" content=\"https:\/\/crta.rs\/en\/accountability-for-the-former-rem-council-takes-priority-over-electing-a-new-one\/\" \/>\n<meta property=\"og:site_name\" content=\"CRTA\" \/>\n<meta property=\"article:publisher\" content=\"https:\/\/www.facebook.com\/CRTArs\/\" \/>\n<meta property=\"article:published_time\" content=\"2024-11-28T14:16:32+00:00\" \/>\n<meta property=\"og:image\" content=\"https:\/\/crta.rs\/wp-content\/uploads\/2024\/04\/press-release.png\" \/>\n\t<meta property=\"og:image:width\" content=\"940\" \/>\n\t<meta property=\"og:image:height\" content=\"469\" \/>\n\t<meta property=\"og:image:type\" content=\"image\/png\" \/>\n<meta name=\"author\" content=\"Mila Stankovic\" \/>\n<meta name=\"twitter:card\" content=\"summary_large_image\" \/>\n<meta name=\"twitter:label1\" content=\"Written by\" \/>\n\t<meta name=\"twitter:data1\" content=\"Mila Stankovic\" \/>\n\t<meta name=\"twitter:label2\" content=\"Est. reading time\" \/>\n\t<meta name=\"twitter:data2\" content=\"2 minutes\" \/>\n<script type=\"application\/ld+json\" class=\"yoast-schema-graph\">{\"@context\":\"https:\\\/\\\/schema.org\",\"@graph\":[{\"@type\":\"Article\",\"@id\":\"https:\\\/\\\/crta.rs\\\/en\\\/accountability-for-the-former-rem-council-takes-priority-over-electing-a-new-one\\\/#article\",\"isPartOf\":{\"@id\":\"https:\\\/\\\/crta.rs\\\/en\\\/accountability-for-the-former-rem-council-takes-priority-over-electing-a-new-one\\\/\"},\"author\":{\"name\":\"Mila Stankovic\",\"@id\":\"https:\\\/\\\/crta.rs\\\/en\\\/#\\\/schema\\\/person\\\/6831a3cbdcff21e0c2a512f9333a8a91\"},\"headline\":\"Accountability for the Former REM Council Takes Priority Over Electing a New One\",\"datePublished\":\"2024-11-28T14:16:32+00:00\",\"mainEntityOfPage\":{\"@id\":\"https:\\\/\\\/crta.rs\\\/en\\\/accountability-for-the-former-rem-council-takes-priority-over-electing-a-new-one\\\/\"},\"wordCount\":343,\"image\":{\"@id\":\"https:\\\/\\\/crta.rs\\\/en\\\/accountability-for-the-former-rem-council-takes-priority-over-electing-a-new-one\\\/#primaryimage\"},\"thumbnailUrl\":\"https:\\\/\\\/crta.rs\\\/wp-content\\\/uploads\\\/2024\\\/04\\\/press-release.png\",\"articleSection\":[\"Latest\"],\"inLanguage\":\"en-US\"},{\"@type\":\"WebPage\",\"@id\":\"https:\\\/\\\/crta.rs\\\/en\\\/accountability-for-the-former-rem-council-takes-priority-over-electing-a-new-one\\\/\",\"url\":\"https:\\\/\\\/crta.rs\\\/en\\\/accountability-for-the-former-rem-council-takes-priority-over-electing-a-new-one\\\/\",\"name\":\"Accountability for the Former REM Council Takes Priority Over Electing a New One - CRTA\",\"isPartOf\":{\"@id\":\"https:\\\/\\\/crta.rs\\\/en\\\/#website\"},\"primaryImageOfPage\":{\"@id\":\"https:\\\/\\\/crta.rs\\\/en\\\/accountability-for-the-former-rem-council-takes-priority-over-electing-a-new-one\\\/#primaryimage\"},\"image\":{\"@id\":\"https:\\\/\\\/crta.rs\\\/en\\\/accountability-for-the-former-rem-council-takes-priority-over-electing-a-new-one\\\/#primaryimage\"},\"thumbnailUrl\":\"https:\\\/\\\/crta.rs\\\/wp-content\\\/uploads\\\/2024\\\/04\\\/press-release.png\",\"datePublished\":\"2024-11-28T14:16:32+00:00\",\"author\":{\"@id\":\"https:\\\/\\\/crta.rs\\\/en\\\/#\\\/schema\\\/person\\\/6831a3cbdcff21e0c2a512f9333a8a91\"},\"breadcrumb\":{\"@id\":\"https:\\\/\\\/crta.rs\\\/en\\\/accountability-for-the-former-rem-council-takes-priority-over-electing-a-new-one\\\/#breadcrumb\"},\"inLanguage\":\"en-US\",\"potentialAction\":[{\"@type\":\"ReadAction\",\"target\":[\"https:\\\/\\\/crta.rs\\\/en\\\/accountability-for-the-former-rem-council-takes-priority-over-electing-a-new-one\\\/\"]}]},{\"@type\":\"ImageObject\",\"inLanguage\":\"en-US\",\"@id\":\"https:\\\/\\\/crta.rs\\\/en\\\/accountability-for-the-former-rem-council-takes-priority-over-electing-a-new-one\\\/#primaryimage\",\"url\":\"https:\\\/\\\/crta.rs\\\/wp-content\\\/uploads\\\/2024\\\/04\\\/press-release.png\",\"contentUrl\":\"https:\\\/\\\/crta.rs\\\/wp-content\\\/uploads\\\/2024\\\/04\\\/press-release.png\",\"width\":940,\"height\":469},{\"@type\":\"BreadcrumbList\",\"@id\":\"https:\\\/\\\/crta.rs\\\/en\\\/accountability-for-the-former-rem-council-takes-priority-over-electing-a-new-one\\\/#breadcrumb\",\"itemListElement\":[{\"@type\":\"ListItem\",\"position\":1,\"name\":\"Home\",\"item\":\"https:\\\/\\\/crta.rs\\\/en\\\/\"},{\"@type\":\"ListItem\",\"position\":2,\"name\":\"Latest\",\"item\":\"https:\\\/\\\/crta.rs\\\/en\\\/category\\\/latest-en\\\/\"},{\"@type\":\"ListItem\",\"position\":3,\"name\":\"Accountability for the Former REM Council Takes Priority Over Electing a New One\"}]},{\"@type\":\"WebSite\",\"@id\":\"https:\\\/\\\/crta.rs\\\/en\\\/#website\",\"url\":\"https:\\\/\\\/crta.rs\\\/en\\\/\",\"name\":\"CRTA\",\"description\":\"Mi smo grupa aktivista i novinara koja zajedno sa gra\u0111anima uti\u010de na pove\u0107anje odgovornosti institucija i javnih funkcionera kroz pra\u0107enje i kontrolu njihovog rada.\",\"potentialAction\":[{\"@type\":\"SearchAction\",\"target\":{\"@type\":\"EntryPoint\",\"urlTemplate\":\"https:\\\/\\\/crta.rs\\\/en\\\/?s={search_term_string}\"},\"query-input\":{\"@type\":\"PropertyValueSpecification\",\"valueRequired\":true,\"valueName\":\"search_term_string\"}}],\"inLanguage\":\"en-US\"},{\"@type\":\"Person\",\"@id\":\"https:\\\/\\\/crta.rs\\\/en\\\/#\\\/schema\\\/person\\\/6831a3cbdcff21e0c2a512f9333a8a91\",\"name\":\"Mila Stankovic\",\"url\":\"https:\\\/\\\/crta.rs\\\/en\\\/author\\\/mila\\\/\"}]}<\/script>\n<!-- \/ Yoast SEO plugin. -->","yoast_head_json":{"title":"Accountability for the Former REM Council Takes Priority Over Electing a New One - CRTA","robots":{"index":"index","follow":"follow","max-snippet":"max-snippet:-1","max-image-preview":"max-image-preview:large","max-video-preview":"max-video-preview:-1"},"canonical":"https:\/\/crta.rs\/en\/accountability-for-the-former-rem-council-takes-priority-over-electing-a-new-one\/","og_locale":"en_US","og_type":"article","og_title":"Accountability for the Former REM Council Takes Priority Over Electing a New One - CRTA","og_description":"Without determining the accountability of the chairwoman and members of the previous REM Council for violations and circumventions of laws regulating the media sphere, it is unrealistic to expect that a new Council, whose selection is set to be announced in the coming days, will bring about the necessary changes. The REM Council consistently acted...","og_url":"https:\/\/crta.rs\/en\/accountability-for-the-former-rem-council-takes-priority-over-electing-a-new-one\/","og_site_name":"CRTA","article_publisher":"https:\/\/www.facebook.com\/CRTArs\/","article_published_time":"2024-11-28T14:16:32+00:00","og_image":[{"width":940,"height":469,"url":"https:\/\/crta.rs\/wp-content\/uploads\/2024\/04\/press-release.png","type":"image\/png"}],"author":"Mila Stankovic","twitter_card":"summary_large_image","twitter_misc":{"Written by":"Mila Stankovic","Est. reading time":"2 minutes"},"schema":{"@context":"https:\/\/schema.org","@graph":[{"@type":"Article","@id":"https:\/\/crta.rs\/en\/accountability-for-the-former-rem-council-takes-priority-over-electing-a-new-one\/#article","isPartOf":{"@id":"https:\/\/crta.rs\/en\/accountability-for-the-former-rem-council-takes-priority-over-electing-a-new-one\/"},"author":{"name":"Mila Stankovic","@id":"https:\/\/crta.rs\/en\/#\/schema\/person\/6831a3cbdcff21e0c2a512f9333a8a91"},"headline":"Accountability for the Former REM Council Takes Priority Over Electing a New One","datePublished":"2024-11-28T14:16:32+00:00","mainEntityOfPage":{"@id":"https:\/\/crta.rs\/en\/accountability-for-the-former-rem-council-takes-priority-over-electing-a-new-one\/"},"wordCount":343,"image":{"@id":"https:\/\/crta.rs\/en\/accountability-for-the-former-rem-council-takes-priority-over-electing-a-new-one\/#primaryimage"},"thumbnailUrl":"https:\/\/crta.rs\/wp-content\/uploads\/2024\/04\/press-release.png","articleSection":["Latest"],"inLanguage":"en-US"},{"@type":"WebPage","@id":"https:\/\/crta.rs\/en\/accountability-for-the-former-rem-council-takes-priority-over-electing-a-new-one\/","url":"https:\/\/crta.rs\/en\/accountability-for-the-former-rem-council-takes-priority-over-electing-a-new-one\/","name":"Accountability for the Former REM Council Takes Priority Over Electing a New One - CRTA","isPartOf":{"@id":"https:\/\/crta.rs\/en\/#website"},"primaryImageOfPage":{"@id":"https:\/\/crta.rs\/en\/accountability-for-the-former-rem-council-takes-priority-over-electing-a-new-one\/#primaryimage"},"image":{"@id":"https:\/\/crta.rs\/en\/accountability-for-the-former-rem-council-takes-priority-over-electing-a-new-one\/#primaryimage"},"thumbnailUrl":"https:\/\/crta.rs\/wp-content\/uploads\/2024\/04\/press-release.png","datePublished":"2024-11-28T14:16:32+00:00","author":{"@id":"https:\/\/crta.rs\/en\/#\/schema\/person\/6831a3cbdcff21e0c2a512f9333a8a91"},"breadcrumb":{"@id":"https:\/\/crta.rs\/en\/accountability-for-the-former-rem-council-takes-priority-over-electing-a-new-one\/#breadcrumb"},"inLanguage":"en-US","potentialAction":[{"@type":"ReadAction","target":["https:\/\/crta.rs\/en\/accountability-for-the-former-rem-council-takes-priority-over-electing-a-new-one\/"]}]},{"@type":"ImageObject","inLanguage":"en-US","@id":"https:\/\/crta.rs\/en\/accountability-for-the-former-rem-council-takes-priority-over-electing-a-new-one\/#primaryimage","url":"https:\/\/crta.rs\/wp-content\/uploads\/2024\/04\/press-release.png","contentUrl":"https:\/\/crta.rs\/wp-content\/uploads\/2024\/04\/press-release.png","width":940,"height":469},{"@type":"BreadcrumbList","@id":"https:\/\/crta.rs\/en\/accountability-for-the-former-rem-council-takes-priority-over-electing-a-new-one\/#breadcrumb","itemListElement":[{"@type":"ListItem","position":1,"name":"Home","item":"https:\/\/crta.rs\/en\/"},{"@type":"ListItem","position":2,"name":"Latest","item":"https:\/\/crta.rs\/en\/category\/latest-en\/"},{"@type":"ListItem","position":3,"name":"Accountability for the Former REM Council Takes Priority Over Electing a New One"}]},{"@type":"WebSite","@id":"https:\/\/crta.rs\/en\/#website","url":"https:\/\/crta.rs\/en\/","name":"CRTA","description":"Mi smo grupa aktivista i novinara koja zajedno sa gra\u0111anima uti\u010de na pove\u0107anje odgovornosti institucija i javnih funkcionera kroz pra\u0107enje i kontrolu njihovog rada.","potentialAction":[{"@type":"SearchAction","target":{"@type":"EntryPoint","urlTemplate":"https:\/\/crta.rs\/en\/?s={search_term_string}"},"query-input":{"@type":"PropertyValueSpecification","valueRequired":true,"valueName":"search_term_string"}}],"inLanguage":"en-US"},{"@type":"Person","@id":"https:\/\/crta.rs\/en\/#\/schema\/person\/6831a3cbdcff21e0c2a512f9333a8a91","name":"Mila Stankovic","url":"https:\/\/crta.rs\/en\/author\/mila\/"}]}},"_links":{"self":[{"href":"https:\/\/crta.rs\/en\/wp-json\/wp\/v2\/posts\/41708","targetHints":{"allow":["GET"]}}],"collection":[{"href":"https:\/\/crta.rs\/en\/wp-json\/wp\/v2\/posts"}],"about":[{"href":"https:\/\/crta.rs\/en\/wp-json\/wp\/v2\/types\/post"}],"author":[{"embeddable":true,"href":"https:\/\/crta.rs\/en\/wp-json\/wp\/v2\/users\/709"}],"replies":[{"embeddable":true,"href":"https:\/\/crta.rs\/en\/wp-json\/wp\/v2\/comments?post=41708"}],"version-history":[{"count":1,"href":"https:\/\/crta.rs\/en\/wp-json\/wp\/v2\/posts\/41708\/revisions"}],"predecessor-version":[{"id":41709,"href":"https:\/\/crta.rs\/en\/wp-json\/wp\/v2\/posts\/41708\/revisions\/41709"}],"wp:featuredmedia":[{"embeddable":true,"href":"https:\/\/crta.rs\/en\/wp-json\/wp\/v2\/media\/40037"}],"wp:attachment":[{"href":"https:\/\/crta.rs\/en\/wp-json\/wp\/v2\/media?parent=41708"}],"wp:term":[{"taxonomy":"category","embeddable":true,"href":"https:\/\/crta.rs\/en\/wp-json\/wp\/v2\/categories?post=41708"},{"taxonomy":"post_tag","embeddable":true,"href":"https:\/\/crta.rs\/en\/wp-json\/wp\/v2\/tags?post=41708"}],"curies":[{"name":"wp","href":"https:\/\/api.w.org\/{rel}","templated":true}]}}