{"id":4152,"date":"2018-08-27T08:24:50","date_gmt":"2018-08-27T08:24:50","guid":{"rendered":"https:\/\/crta.rs\/?p=4152"},"modified":"2022-03-01T16:54:47","modified_gmt":"2022-03-01T15:54:47","slug":"belgrade-elections-2018-final-report","status":"publish","type":"post","link":"https:\/\/crta.rs\/en\/belgrade-elections-2018-final-report\/","title":{"rendered":"Belgrade elections 2018 &#8211; Final report"},"content":{"rendered":"<div class=\"page\" title=\"Page 7\">\n<div class=\"layoutArea\">\n<div class=\"column\">\n<p>Ordinary Belgrade elections were held in Serbia on March 4th 2018. CRTA observation mission monitored overall process of elections. This report presents detail findings and provide recommendations for improvement of the quality of electoral process.<\/p>\n<\/div>\n<\/div>\n<\/div>\n","protected":false},"excerpt":{"rendered":"<p>Ordinary Belgrade elections were held in Serbia on March 4th 2018. CRTA observation mission monitored overall process of elections. This report presents detail findings and provide recommendations for improvement of the quality of electoral process.<\/p>\n","protected":false},"author":4,"featured_media":4146,"comment_status":"closed","ping_status":"closed","sticky":false,"template":"","format":"standard","meta":{"_acf_changed":false,"footnotes":"","_links_to":"","_links_to_target":""},"categories":[75],"tags":[326,322,479,164,774,509,480,99,105],"class_list":["post-4152","post","type-post","status-publish","format-standard","has-post-thumbnail","hentry","category-publication-en","tag-belgrade-elections","tag-belgrade-elections-2018","tag-bg-elections","tag-elections","tag-elections-2018-en","tag-local-elections","tag-recommendations","tag-reports","tag-reports-and-analysis","ciTrackContent"],"acf":[],"yoast_head":"<!-- This site is optimized with the Yoast SEO plugin v27.4 - https:\/\/yoast.com\/product\/yoast-seo-wordpress\/ -->\n<title>Belgrade elections 2018 - Final report - CRTA<\/title>\n<meta name=\"robots\" content=\"index, follow, max-snippet:-1, max-image-preview:large, max-video-preview:-1\" \/>\n<link rel=\"canonical\" href=\"https:\/\/crta.rs\/en\/belgrade-elections-2018-final-report\/\" \/>\n<meta property=\"og:locale\" content=\"en_US\" \/>\n<meta property=\"og:type\" content=\"article\" \/>\n<meta property=\"og:title\" content=\"Belgrade elections 2018 - Final report - CRTA\" \/>\n<meta property=\"og:description\" content=\"Ordinary Belgrade elections were held in Serbia on March 4th 2018. CRTA observation mission monitored overall process of elections. This report presents detail findings and provide recommendations for improvement of the quality of electoral process.\" \/>\n<meta property=\"og:url\" content=\"https:\/\/crta.rs\/en\/belgrade-elections-2018-final-report\/\" \/>\n<meta property=\"og:site_name\" content=\"CRTA\" \/>\n<meta property=\"article:publisher\" content=\"https:\/\/www.facebook.com\/CRTArs\/\" \/>\n<meta property=\"article:published_time\" content=\"2018-08-27T08:24:50+00:00\" \/>\n<meta property=\"article:modified_time\" content=\"2022-03-01T15:54:47+00:00\" \/>\n<meta property=\"og:image\" content=\"https:\/\/crta.rs\/wp-content\/uploads\/2018\/08\/Naslovna-ENG.png\" \/>\n\t<meta property=\"og:image:width\" content=\"595\" \/>\n\t<meta property=\"og:image:height\" content=\"842\" \/>\n\t<meta property=\"og:image:type\" content=\"image\/png\" \/>\n<meta name=\"author\" content=\"jovana\" \/>\n<meta name=\"twitter:card\" content=\"summary_large_image\" \/>\n<meta name=\"twitter:label1\" content=\"Written by\" \/>\n\t<meta name=\"twitter:data1\" content=\"jovana\" \/>\n<script type=\"application\/ld+json\" class=\"yoast-schema-graph\">{\"@context\":\"https:\\\/\\\/schema.org\",\"@graph\":[{\"@type\":\"Article\",\"@id\":\"https:\\\/\\\/crta.rs\\\/en\\\/belgrade-elections-2018-final-report\\\/#article\",\"isPartOf\":{\"@id\":\"https:\\\/\\\/crta.rs\\\/en\\\/belgrade-elections-2018-final-report\\\/\"},\"author\":{\"name\":\"jovana\",\"@id\":\"https:\\\/\\\/crta.rs\\\/en\\\/#\\\/schema\\\/person\\\/fcec63b1238fb442e1e414f45bb83f8f\"},\"headline\":\"Belgrade elections 2018 &#8211; Final report\",\"datePublished\":\"2018-08-27T08:24:50+00:00\",\"dateModified\":\"2022-03-01T15:54:47+00:00\",\"mainEntityOfPage\":{\"@id\":\"https:\\\/\\\/crta.rs\\\/en\\\/belgrade-elections-2018-final-report\\\/\"},\"wordCount\":39,\"image\":{\"@id\":\"https:\\\/\\\/crta.rs\\\/en\\\/belgrade-elections-2018-final-report\\\/#primaryimage\"},\"thumbnailUrl\":\"https:\\\/\\\/crta.rs\\\/wp-content\\\/uploads\\\/2018\\\/08\\\/Naslovna-ENG.png\",\"keywords\":[\"belgrade elections\",\"belgrade elections 2018\",\"bg elections\",\"elections\",\"elections 2018\",\"local elections\",\"recommendations\",\"reports\",\"reports and analysis\"],\"articleSection\":[\"Publications\"],\"inLanguage\":\"en-US\"},{\"@type\":\"WebPage\",\"@id\":\"https:\\\/\\\/crta.rs\\\/en\\\/belgrade-elections-2018-final-report\\\/\",\"url\":\"https:\\\/\\\/crta.rs\\\/en\\\/belgrade-elections-2018-final-report\\\/\",\"name\":\"Belgrade elections 2018 - Final report - CRTA\",\"isPartOf\":{\"@id\":\"https:\\\/\\\/crta.rs\\\/en\\\/#website\"},\"primaryImageOfPage\":{\"@id\":\"https:\\\/\\\/crta.rs\\\/en\\\/belgrade-elections-2018-final-report\\\/#primaryimage\"},\"image\":{\"@id\":\"https:\\\/\\\/crta.rs\\\/en\\\/belgrade-elections-2018-final-report\\\/#primaryimage\"},\"thumbnailUrl\":\"https:\\\/\\\/crta.rs\\\/wp-content\\\/uploads\\\/2018\\\/08\\\/Naslovna-ENG.png\",\"datePublished\":\"2018-08-27T08:24:50+00:00\",\"dateModified\":\"2022-03-01T15:54:47+00:00\",\"author\":{\"@id\":\"https:\\\/\\\/crta.rs\\\/en\\\/#\\\/schema\\\/person\\\/fcec63b1238fb442e1e414f45bb83f8f\"},\"breadcrumb\":{\"@id\":\"https:\\\/\\\/crta.rs\\\/en\\\/belgrade-elections-2018-final-report\\\/#breadcrumb\"},\"inLanguage\":\"en-US\",\"potentialAction\":[{\"@type\":\"ReadAction\",\"target\":[\"https:\\\/\\\/crta.rs\\\/en\\\/belgrade-elections-2018-final-report\\\/\"]}]},{\"@type\":\"ImageObject\",\"inLanguage\":\"en-US\",\"@id\":\"https:\\\/\\\/crta.rs\\\/en\\\/belgrade-elections-2018-final-report\\\/#primaryimage\",\"url\":\"https:\\\/\\\/crta.rs\\\/wp-content\\\/uploads\\\/2018\\\/08\\\/Naslovna-ENG.png\",\"contentUrl\":\"https:\\\/\\\/crta.rs\\\/wp-content\\\/uploads\\\/2018\\\/08\\\/Naslovna-ENG.png\",\"width\":595,\"height\":842},{\"@type\":\"BreadcrumbList\",\"@id\":\"https:\\\/\\\/crta.rs\\\/en\\\/belgrade-elections-2018-final-report\\\/#breadcrumb\",\"itemListElement\":[{\"@type\":\"ListItem\",\"position\":1,\"name\":\"Home\",\"item\":\"https:\\\/\\\/crta.rs\\\/en\\\/\"},{\"@type\":\"ListItem\",\"position\":2,\"name\":\"Izve\u0161taji 2018\",\"item\":\"https:\\\/\\\/crta.rs\\\/en\\\/kategorija\\\/izvestaji-2018\\\/\"},{\"@type\":\"ListItem\",\"position\":3,\"name\":\"Belgrade elections 2018 &#8211; Final report\"}]},{\"@type\":\"WebSite\",\"@id\":\"https:\\\/\\\/crta.rs\\\/en\\\/#website\",\"url\":\"https:\\\/\\\/crta.rs\\\/en\\\/\",\"name\":\"CRTA\",\"description\":\"Mi smo grupa aktivista i novinara koja zajedno sa gra\u0111anima uti\u010de na pove\u0107anje odgovornosti institucija i javnih funkcionera kroz pra\u0107enje i kontrolu njihovog rada.\",\"potentialAction\":[{\"@type\":\"SearchAction\",\"target\":{\"@type\":\"EntryPoint\",\"urlTemplate\":\"https:\\\/\\\/crta.rs\\\/en\\\/?s={search_term_string}\"},\"query-input\":{\"@type\":\"PropertyValueSpecification\",\"valueRequired\":true,\"valueName\":\"search_term_string\"}}],\"inLanguage\":\"en-US\"},{\"@type\":\"Person\",\"@id\":\"https:\\\/\\\/crta.rs\\\/en\\\/#\\\/schema\\\/person\\\/fcec63b1238fb442e1e414f45bb83f8f\",\"name\":\"jovana\",\"url\":\"https:\\\/\\\/crta.rs\\\/en\\\/author\\\/jovana\\\/\"}]}<\/script>\n<!-- \/ Yoast SEO plugin. -->","yoast_head_json":{"title":"Belgrade elections 2018 - Final report - CRTA","robots":{"index":"index","follow":"follow","max-snippet":"max-snippet:-1","max-image-preview":"max-image-preview:large","max-video-preview":"max-video-preview:-1"},"canonical":"https:\/\/crta.rs\/en\/belgrade-elections-2018-final-report\/","og_locale":"en_US","og_type":"article","og_title":"Belgrade elections 2018 - Final report - CRTA","og_description":"Ordinary Belgrade elections were held in Serbia on March 4th 2018. CRTA observation mission monitored overall process of elections. This report presents detail findings and provide recommendations for improvement of the quality of electoral process.","og_url":"https:\/\/crta.rs\/en\/belgrade-elections-2018-final-report\/","og_site_name":"CRTA","article_publisher":"https:\/\/www.facebook.com\/CRTArs\/","article_published_time":"2018-08-27T08:24:50+00:00","article_modified_time":"2022-03-01T15:54:47+00:00","og_image":[{"width":595,"height":842,"url":"https:\/\/crta.rs\/wp-content\/uploads\/2018\/08\/Naslovna-ENG.png","type":"image\/png"}],"author":"jovana","twitter_card":"summary_large_image","twitter_misc":{"Written by":"jovana"},"schema":{"@context":"https:\/\/schema.org","@graph":[{"@type":"Article","@id":"https:\/\/crta.rs\/en\/belgrade-elections-2018-final-report\/#article","isPartOf":{"@id":"https:\/\/crta.rs\/en\/belgrade-elections-2018-final-report\/"},"author":{"name":"jovana","@id":"https:\/\/crta.rs\/en\/#\/schema\/person\/fcec63b1238fb442e1e414f45bb83f8f"},"headline":"Belgrade elections 2018 &#8211; Final report","datePublished":"2018-08-27T08:24:50+00:00","dateModified":"2022-03-01T15:54:47+00:00","mainEntityOfPage":{"@id":"https:\/\/crta.rs\/en\/belgrade-elections-2018-final-report\/"},"wordCount":39,"image":{"@id":"https:\/\/crta.rs\/en\/belgrade-elections-2018-final-report\/#primaryimage"},"thumbnailUrl":"https:\/\/crta.rs\/wp-content\/uploads\/2018\/08\/Naslovna-ENG.png","keywords":["belgrade elections","belgrade elections 2018","bg elections","elections","elections 2018","local elections","recommendations","reports","reports and analysis"],"articleSection":["Publications"],"inLanguage":"en-US"},{"@type":"WebPage","@id":"https:\/\/crta.rs\/en\/belgrade-elections-2018-final-report\/","url":"https:\/\/crta.rs\/en\/belgrade-elections-2018-final-report\/","name":"Belgrade elections 2018 - Final report - CRTA","isPartOf":{"@id":"https:\/\/crta.rs\/en\/#website"},"primaryImageOfPage":{"@id":"https:\/\/crta.rs\/en\/belgrade-elections-2018-final-report\/#primaryimage"},"image":{"@id":"https:\/\/crta.rs\/en\/belgrade-elections-2018-final-report\/#primaryimage"},"thumbnailUrl":"https:\/\/crta.rs\/wp-content\/uploads\/2018\/08\/Naslovna-ENG.png","datePublished":"2018-08-27T08:24:50+00:00","dateModified":"2022-03-01T15:54:47+00:00","author":{"@id":"https:\/\/crta.rs\/en\/#\/schema\/person\/fcec63b1238fb442e1e414f45bb83f8f"},"breadcrumb":{"@id":"https:\/\/crta.rs\/en\/belgrade-elections-2018-final-report\/#breadcrumb"},"inLanguage":"en-US","potentialAction":[{"@type":"ReadAction","target":["https:\/\/crta.rs\/en\/belgrade-elections-2018-final-report\/"]}]},{"@type":"ImageObject","inLanguage":"en-US","@id":"https:\/\/crta.rs\/en\/belgrade-elections-2018-final-report\/#primaryimage","url":"https:\/\/crta.rs\/wp-content\/uploads\/2018\/08\/Naslovna-ENG.png","contentUrl":"https:\/\/crta.rs\/wp-content\/uploads\/2018\/08\/Naslovna-ENG.png","width":595,"height":842},{"@type":"BreadcrumbList","@id":"https:\/\/crta.rs\/en\/belgrade-elections-2018-final-report\/#breadcrumb","itemListElement":[{"@type":"ListItem","position":1,"name":"Home","item":"https:\/\/crta.rs\/en\/"},{"@type":"ListItem","position":2,"name":"Izve\u0161taji 2018","item":"https:\/\/crta.rs\/en\/kategorija\/izvestaji-2018\/"},{"@type":"ListItem","position":3,"name":"Belgrade elections 2018 &#8211; Final report"}]},{"@type":"WebSite","@id":"https:\/\/crta.rs\/en\/#website","url":"https:\/\/crta.rs\/en\/","name":"CRTA","description":"Mi smo grupa aktivista i novinara koja zajedno sa gra\u0111anima uti\u010de na pove\u0107anje odgovornosti institucija i javnih funkcionera kroz pra\u0107enje i kontrolu njihovog rada.","potentialAction":[{"@type":"SearchAction","target":{"@type":"EntryPoint","urlTemplate":"https:\/\/crta.rs\/en\/?s={search_term_string}"},"query-input":{"@type":"PropertyValueSpecification","valueRequired":true,"valueName":"search_term_string"}}],"inLanguage":"en-US"},{"@type":"Person","@id":"https:\/\/crta.rs\/en\/#\/schema\/person\/fcec63b1238fb442e1e414f45bb83f8f","name":"jovana","url":"https:\/\/crta.rs\/en\/author\/jovana\/"}]}},"_links":{"self":[{"href":"https:\/\/crta.rs\/en\/wp-json\/wp\/v2\/posts\/4152","targetHints":{"allow":["GET"]}}],"collection":[{"href":"https:\/\/crta.rs\/en\/wp-json\/wp\/v2\/posts"}],"about":[{"href":"https:\/\/crta.rs\/en\/wp-json\/wp\/v2\/types\/post"}],"author":[{"embeddable":true,"href":"https:\/\/crta.rs\/en\/wp-json\/wp\/v2\/users\/4"}],"replies":[{"embeddable":true,"href":"https:\/\/crta.rs\/en\/wp-json\/wp\/v2\/comments?post=4152"}],"version-history":[{"count":2,"href":"https:\/\/crta.rs\/en\/wp-json\/wp\/v2\/posts\/4152\/revisions"}],"predecessor-version":[{"id":19194,"href":"https:\/\/crta.rs\/en\/wp-json\/wp\/v2\/posts\/4152\/revisions\/19194"}],"wp:featuredmedia":[{"embeddable":true,"href":"https:\/\/crta.rs\/en\/wp-json\/wp\/v2\/media\/4146"}],"wp:attachment":[{"href":"https:\/\/crta.rs\/en\/wp-json\/wp\/v2\/media?parent=4152"}],"wp:term":[{"taxonomy":"category","embeddable":true,"href":"https:\/\/crta.rs\/en\/wp-json\/wp\/v2\/categories?post=4152"},{"taxonomy":"post_tag","embeddable":true,"href":"https:\/\/crta.rs\/en\/wp-json\/wp\/v2\/tags?post=4152"}],"curies":[{"name":"wp","href":"https:\/\/api.w.org\/{rel}","templated":true}]}}