{"id":41425,"date":"2024-10-24T12:48:41","date_gmt":"2024-10-24T10:48:41","guid":{"rendered":"https:\/\/crta.rs\/?p=41425"},"modified":"2024-10-24T12:49:38","modified_gmt":"2024-10-24T10:49:38","slug":"from-a-diplomatic-perspective-on-elections-european-values-professional-media-and-implementing-recommendations-without-wasting-time","status":"publish","type":"post","link":"https:\/\/crta.rs\/en\/from-a-diplomatic-perspective-on-elections-european-values-professional-media-and-implementing-recommendations-without-wasting-time\/","title":{"rendered":"From a Diplomatic Perspective on Elections: European Values, Professional Media and Implementing Recommendations Without Wasting Time"},"content":{"rendered":"<p><span style=\"font-weight: 400;\">There are clear international standards for assessing and improving the electoral process, and key recommendations need to be implemented as quickly as possible, particularly in the period between elections. The topic of EU integration was not particularly visible during the elections in Serbia, previous ODIHR recommendations were not applied while, at the same time, the media and democratic institutions represent an important part of the European path.<\/span><\/p>\n<p><span style=\"font-weight: 400;\">These were some of the conclusions from a diplomatic perspective during a panel featuring Ambassador Kristin Melsom (Embassy of the Kingdom of Norway in Serbia), Ambassador Edward Ferguson (British Embassy in Serbia) and Ambassador Emanuel Giaufret, Head of the EU Delegation to the Republic of Serbia. The speakers agreed on one thing: the role of ambassadors, among other things, is to encourage, advise and assist, working with everyone who wants society to progress by respecting European values &#8211; whether in government, parliament or civil society.<\/span><\/p>\n<p><i><span style=\"font-weight: 400;\">\u201cWe do not interfere in domestic affairs, nor do we dictate how things should be done. But we work with different parts of society, and that work is intensive because we have to work together\u201d<\/span><\/i><span style=\"font-weight: 400;\">, said Giaufret, emphasizing that the main goal of any engagement by the Delegation is to help Serbia become an EU member.<\/span><\/p>\n<p><span style=\"font-weight: 400;\">Ambassador Ferguson specifically touched upon the role of public broadcasters.<\/span><\/p>\n<p><i><span style=\"font-weight: 400;\">\u201cSerbia is a sovereign country that makes its own decisions. But there are decisions that need to be made for Serbia to join the EU\u201d<\/span><\/i><span style=\"font-weight: 400;\">, said Ferguson, reflecting on the important role of ODIHR, which should come to observe the elections here. Comparing elections in the United Kingdom and Serbia to some extent, he highlighted the importance of citizens in the UK being able to see both the government and the opposition in the media, offering different perspectives. And not only on the BBC, but on other channels as well.<\/span><\/p>\n<p><span style=\"font-weight: 400;\">Ambassador Melsom was most surprised, as she noted, by the media coverage and the support and airtime given to one party.<\/span><\/p>\n<p><i><span style=\"font-weight: 400;\">\u201cIn Norway, we have debates and time allocated for every party, time for discussions, and that is strictly followed. Political issues are much more on the agenda\u201d<\/span><\/i><span style=\"font-weight: 400;\">, said Melsom, adding that her biggest concern is unknown actors and figures who influence the elections, \u201chow to tackle this, how to fight it\u201d.<\/span><\/p>\n","protected":false},"excerpt":{"rendered":"<p>There are clear international standards for assessing and improving the electoral process, and key recommendations need to be implemented as quickly as possible, particularly in the period between elections. The topic of EU integration was not particularly visible during the elections in Serbia, previous ODIHR recommendations were not applied while, at the same time, the&#8230;<\/p>\n","protected":false},"author":709,"featured_media":41421,"comment_status":"closed","ping_status":"open","sticky":false,"template":"","format":"standard","meta":{"_acf_changed":false,"footnotes":"","_links_to":"","_links_to_target":""},"categories":[957,218],"tags":[],"class_list":["post-41425","post","type-post","status-publish","format-standard","has-post-thumbnail","hentry","category-conference-2024","category-latest-en","ciTrackContent"],"acf":[],"yoast_head":"<!-- This site is optimized with the Yoast SEO plugin v27.4 - https:\/\/yoast.com\/product\/yoast-seo-wordpress\/ -->\n<title>From a Diplomatic Perspective on Elections: European Values, Professional Media and Implementing Recommendations Without Wasting Time - CRTA<\/title>\n<meta name=\"robots\" content=\"index, follow, max-snippet:-1, max-image-preview:large, max-video-preview:-1\" \/>\n<link rel=\"canonical\" href=\"https:\/\/crta.rs\/en\/from-a-diplomatic-perspective-on-elections-european-values-professional-media-and-implementing-recommendations-without-wasting-time\/\" \/>\n<meta property=\"og:locale\" content=\"en_US\" \/>\n<meta property=\"og:type\" content=\"article\" \/>\n<meta property=\"og:title\" content=\"From a Diplomatic Perspective on Elections: European Values, Professional Media and Implementing Recommendations Without Wasting Time - CRTA\" \/>\n<meta property=\"og:description\" content=\"There are clear international standards for assessing and improving the electoral process, and key recommendations need to be implemented as quickly as possible, particularly in the period between elections. The topic of EU integration was not particularly visible during the elections in Serbia, previous ODIHR recommendations were not applied while, at the same time, the...\" \/>\n<meta property=\"og:url\" content=\"https:\/\/crta.rs\/en\/from-a-diplomatic-perspective-on-elections-european-values-professional-media-and-implementing-recommendations-without-wasting-time\/\" \/>\n<meta property=\"og:site_name\" content=\"CRTA\" \/>\n<meta property=\"article:publisher\" content=\"https:\/\/www.facebook.com\/CRTArs\/\" \/>\n<meta property=\"article:published_time\" content=\"2024-10-24T10:48:41+00:00\" \/>\n<meta property=\"article:modified_time\" content=\"2024-10-24T10:49:38+00:00\" \/>\n<meta property=\"og:image\" content=\"https:\/\/crta.rs\/wp-content\/uploads\/2024\/10\/MRI_4998.jpg\" \/>\n\t<meta property=\"og:image:width\" content=\"1620\" \/>\n\t<meta property=\"og:image:height\" content=\"1080\" \/>\n\t<meta property=\"og:image:type\" content=\"image\/jpeg\" \/>\n<meta name=\"author\" content=\"Mila Stankovic\" \/>\n<meta name=\"twitter:card\" content=\"summary_large_image\" \/>\n<meta name=\"twitter:label1\" content=\"Written by\" \/>\n\t<meta name=\"twitter:data1\" content=\"Mila Stankovic\" \/>\n\t<meta name=\"twitter:label2\" content=\"Est. reading time\" \/>\n\t<meta name=\"twitter:data2\" content=\"3 minutes\" \/>\n<script type=\"application\/ld+json\" class=\"yoast-schema-graph\">{\"@context\":\"https:\\\/\\\/schema.org\",\"@graph\":[{\"@type\":\"Article\",\"@id\":\"https:\\\/\\\/crta.rs\\\/en\\\/from-a-diplomatic-perspective-on-elections-european-values-professional-media-and-implementing-recommendations-without-wasting-time\\\/#article\",\"isPartOf\":{\"@id\":\"https:\\\/\\\/crta.rs\\\/en\\\/from-a-diplomatic-perspective-on-elections-european-values-professional-media-and-implementing-recommendations-without-wasting-time\\\/\"},\"author\":{\"name\":\"Mila Stankovic\",\"@id\":\"https:\\\/\\\/crta.rs\\\/en\\\/#\\\/schema\\\/person\\\/6831a3cbdcff21e0c2a512f9333a8a91\"},\"headline\":\"From a Diplomatic Perspective on Elections: European Values, Professional Media and Implementing Recommendations Without Wasting Time\",\"datePublished\":\"2024-10-24T10:48:41+00:00\",\"dateModified\":\"2024-10-24T10:49:38+00:00\",\"mainEntityOfPage\":{\"@id\":\"https:\\\/\\\/crta.rs\\\/en\\\/from-a-diplomatic-perspective-on-elections-european-values-professional-media-and-implementing-recommendations-without-wasting-time\\\/\"},\"wordCount\":396,\"image\":{\"@id\":\"https:\\\/\\\/crta.rs\\\/en\\\/from-a-diplomatic-perspective-on-elections-european-values-professional-media-and-implementing-recommendations-without-wasting-time\\\/#primaryimage\"},\"thumbnailUrl\":\"https:\\\/\\\/crta.rs\\\/wp-content\\\/uploads\\\/2024\\\/10\\\/MRI_4998.jpg\",\"articleSection\":[\"Conference 2024\",\"Latest\"],\"inLanguage\":\"en-US\"},{\"@type\":\"WebPage\",\"@id\":\"https:\\\/\\\/crta.rs\\\/en\\\/from-a-diplomatic-perspective-on-elections-european-values-professional-media-and-implementing-recommendations-without-wasting-time\\\/\",\"url\":\"https:\\\/\\\/crta.rs\\\/en\\\/from-a-diplomatic-perspective-on-elections-european-values-professional-media-and-implementing-recommendations-without-wasting-time\\\/\",\"name\":\"From a Diplomatic Perspective on Elections: European Values, Professional Media and Implementing Recommendations Without Wasting Time - CRTA\",\"isPartOf\":{\"@id\":\"https:\\\/\\\/crta.rs\\\/en\\\/#website\"},\"primaryImageOfPage\":{\"@id\":\"https:\\\/\\\/crta.rs\\\/en\\\/from-a-diplomatic-perspective-on-elections-european-values-professional-media-and-implementing-recommendations-without-wasting-time\\\/#primaryimage\"},\"image\":{\"@id\":\"https:\\\/\\\/crta.rs\\\/en\\\/from-a-diplomatic-perspective-on-elections-european-values-professional-media-and-implementing-recommendations-without-wasting-time\\\/#primaryimage\"},\"thumbnailUrl\":\"https:\\\/\\\/crta.rs\\\/wp-content\\\/uploads\\\/2024\\\/10\\\/MRI_4998.jpg\",\"datePublished\":\"2024-10-24T10:48:41+00:00\",\"dateModified\":\"2024-10-24T10:49:38+00:00\",\"author\":{\"@id\":\"https:\\\/\\\/crta.rs\\\/en\\\/#\\\/schema\\\/person\\\/6831a3cbdcff21e0c2a512f9333a8a91\"},\"breadcrumb\":{\"@id\":\"https:\\\/\\\/crta.rs\\\/en\\\/from-a-diplomatic-perspective-on-elections-european-values-professional-media-and-implementing-recommendations-without-wasting-time\\\/#breadcrumb\"},\"inLanguage\":\"en-US\",\"potentialAction\":[{\"@type\":\"ReadAction\",\"target\":[\"https:\\\/\\\/crta.rs\\\/en\\\/from-a-diplomatic-perspective-on-elections-european-values-professional-media-and-implementing-recommendations-without-wasting-time\\\/\"]}]},{\"@type\":\"ImageObject\",\"inLanguage\":\"en-US\",\"@id\":\"https:\\\/\\\/crta.rs\\\/en\\\/from-a-diplomatic-perspective-on-elections-european-values-professional-media-and-implementing-recommendations-without-wasting-time\\\/#primaryimage\",\"url\":\"https:\\\/\\\/crta.rs\\\/wp-content\\\/uploads\\\/2024\\\/10\\\/MRI_4998.jpg\",\"contentUrl\":\"https:\\\/\\\/crta.rs\\\/wp-content\\\/uploads\\\/2024\\\/10\\\/MRI_4998.jpg\",\"width\":1620,\"height\":1080,\"caption\":\"Foto - CRTA\\\/Marko Risovic\"},{\"@type\":\"BreadcrumbList\",\"@id\":\"https:\\\/\\\/crta.rs\\\/en\\\/from-a-diplomatic-perspective-on-elections-european-values-professional-media-and-implementing-recommendations-without-wasting-time\\\/#breadcrumb\",\"itemListElement\":[{\"@type\":\"ListItem\",\"position\":1,\"name\":\"Home\",\"item\":\"https:\\\/\\\/crta.rs\\\/en\\\/\"},{\"@type\":\"ListItem\",\"position\":2,\"name\":\"Conference 2024\",\"item\":\"https:\\\/\\\/crta.rs\\\/en\\\/category\\\/conference-2024\\\/\"},{\"@type\":\"ListItem\",\"position\":3,\"name\":\"From a Diplomatic Perspective on Elections: European Values, Professional Media and Implementing Recommendations Without Wasting Time\"}]},{\"@type\":\"WebSite\",\"@id\":\"https:\\\/\\\/crta.rs\\\/en\\\/#website\",\"url\":\"https:\\\/\\\/crta.rs\\\/en\\\/\",\"name\":\"CRTA\",\"description\":\"Mi smo grupa aktivista i novinara koja zajedno sa gra\u0111anima uti\u010de na pove\u0107anje odgovornosti institucija i javnih funkcionera kroz pra\u0107enje i kontrolu njihovog rada.\",\"potentialAction\":[{\"@type\":\"SearchAction\",\"target\":{\"@type\":\"EntryPoint\",\"urlTemplate\":\"https:\\\/\\\/crta.rs\\\/en\\\/?s={search_term_string}\"},\"query-input\":{\"@type\":\"PropertyValueSpecification\",\"valueRequired\":true,\"valueName\":\"search_term_string\"}}],\"inLanguage\":\"en-US\"},{\"@type\":\"Person\",\"@id\":\"https:\\\/\\\/crta.rs\\\/en\\\/#\\\/schema\\\/person\\\/6831a3cbdcff21e0c2a512f9333a8a91\",\"name\":\"Mila Stankovic\",\"url\":\"https:\\\/\\\/crta.rs\\\/en\\\/author\\\/mila\\\/\"}]}<\/script>\n<!-- \/ Yoast SEO plugin. -->","yoast_head_json":{"title":"From a Diplomatic Perspective on Elections: European Values, Professional Media and Implementing Recommendations Without Wasting Time - CRTA","robots":{"index":"index","follow":"follow","max-snippet":"max-snippet:-1","max-image-preview":"max-image-preview:large","max-video-preview":"max-video-preview:-1"},"canonical":"https:\/\/crta.rs\/en\/from-a-diplomatic-perspective-on-elections-european-values-professional-media-and-implementing-recommendations-without-wasting-time\/","og_locale":"en_US","og_type":"article","og_title":"From a Diplomatic Perspective on Elections: European Values, Professional Media and Implementing Recommendations Without Wasting Time - CRTA","og_description":"There are clear international standards for assessing and improving the electoral process, and key recommendations need to be implemented as quickly as possible, particularly in the period between elections. The topic of EU integration was not particularly visible during the elections in Serbia, previous ODIHR recommendations were not applied while, at the same time, the...","og_url":"https:\/\/crta.rs\/en\/from-a-diplomatic-perspective-on-elections-european-values-professional-media-and-implementing-recommendations-without-wasting-time\/","og_site_name":"CRTA","article_publisher":"https:\/\/www.facebook.com\/CRTArs\/","article_published_time":"2024-10-24T10:48:41+00:00","article_modified_time":"2024-10-24T10:49:38+00:00","og_image":[{"width":1620,"height":1080,"url":"https:\/\/crta.rs\/wp-content\/uploads\/2024\/10\/MRI_4998.jpg","type":"image\/jpeg"}],"author":"Mila Stankovic","twitter_card":"summary_large_image","twitter_misc":{"Written by":"Mila Stankovic","Est. reading time":"3 minutes"},"schema":{"@context":"https:\/\/schema.org","@graph":[{"@type":"Article","@id":"https:\/\/crta.rs\/en\/from-a-diplomatic-perspective-on-elections-european-values-professional-media-and-implementing-recommendations-without-wasting-time\/#article","isPartOf":{"@id":"https:\/\/crta.rs\/en\/from-a-diplomatic-perspective-on-elections-european-values-professional-media-and-implementing-recommendations-without-wasting-time\/"},"author":{"name":"Mila Stankovic","@id":"https:\/\/crta.rs\/en\/#\/schema\/person\/6831a3cbdcff21e0c2a512f9333a8a91"},"headline":"From a Diplomatic Perspective on Elections: European Values, Professional Media and Implementing Recommendations Without Wasting Time","datePublished":"2024-10-24T10:48:41+00:00","dateModified":"2024-10-24T10:49:38+00:00","mainEntityOfPage":{"@id":"https:\/\/crta.rs\/en\/from-a-diplomatic-perspective-on-elections-european-values-professional-media-and-implementing-recommendations-without-wasting-time\/"},"wordCount":396,"image":{"@id":"https:\/\/crta.rs\/en\/from-a-diplomatic-perspective-on-elections-european-values-professional-media-and-implementing-recommendations-without-wasting-time\/#primaryimage"},"thumbnailUrl":"https:\/\/crta.rs\/wp-content\/uploads\/2024\/10\/MRI_4998.jpg","articleSection":["Conference 2024","Latest"],"inLanguage":"en-US"},{"@type":"WebPage","@id":"https:\/\/crta.rs\/en\/from-a-diplomatic-perspective-on-elections-european-values-professional-media-and-implementing-recommendations-without-wasting-time\/","url":"https:\/\/crta.rs\/en\/from-a-diplomatic-perspective-on-elections-european-values-professional-media-and-implementing-recommendations-without-wasting-time\/","name":"From a Diplomatic Perspective on Elections: European Values, Professional Media and Implementing Recommendations Without Wasting Time - CRTA","isPartOf":{"@id":"https:\/\/crta.rs\/en\/#website"},"primaryImageOfPage":{"@id":"https:\/\/crta.rs\/en\/from-a-diplomatic-perspective-on-elections-european-values-professional-media-and-implementing-recommendations-without-wasting-time\/#primaryimage"},"image":{"@id":"https:\/\/crta.rs\/en\/from-a-diplomatic-perspective-on-elections-european-values-professional-media-and-implementing-recommendations-without-wasting-time\/#primaryimage"},"thumbnailUrl":"https:\/\/crta.rs\/wp-content\/uploads\/2024\/10\/MRI_4998.jpg","datePublished":"2024-10-24T10:48:41+00:00","dateModified":"2024-10-24T10:49:38+00:00","author":{"@id":"https:\/\/crta.rs\/en\/#\/schema\/person\/6831a3cbdcff21e0c2a512f9333a8a91"},"breadcrumb":{"@id":"https:\/\/crta.rs\/en\/from-a-diplomatic-perspective-on-elections-european-values-professional-media-and-implementing-recommendations-without-wasting-time\/#breadcrumb"},"inLanguage":"en-US","potentialAction":[{"@type":"ReadAction","target":["https:\/\/crta.rs\/en\/from-a-diplomatic-perspective-on-elections-european-values-professional-media-and-implementing-recommendations-without-wasting-time\/"]}]},{"@type":"ImageObject","inLanguage":"en-US","@id":"https:\/\/crta.rs\/en\/from-a-diplomatic-perspective-on-elections-european-values-professional-media-and-implementing-recommendations-without-wasting-time\/#primaryimage","url":"https:\/\/crta.rs\/wp-content\/uploads\/2024\/10\/MRI_4998.jpg","contentUrl":"https:\/\/crta.rs\/wp-content\/uploads\/2024\/10\/MRI_4998.jpg","width":1620,"height":1080,"caption":"Foto - CRTA\/Marko Risovic"},{"@type":"BreadcrumbList","@id":"https:\/\/crta.rs\/en\/from-a-diplomatic-perspective-on-elections-european-values-professional-media-and-implementing-recommendations-without-wasting-time\/#breadcrumb","itemListElement":[{"@type":"ListItem","position":1,"name":"Home","item":"https:\/\/crta.rs\/en\/"},{"@type":"ListItem","position":2,"name":"Conference 2024","item":"https:\/\/crta.rs\/en\/category\/conference-2024\/"},{"@type":"ListItem","position":3,"name":"From a Diplomatic Perspective on Elections: European Values, Professional Media and Implementing Recommendations Without Wasting Time"}]},{"@type":"WebSite","@id":"https:\/\/crta.rs\/en\/#website","url":"https:\/\/crta.rs\/en\/","name":"CRTA","description":"Mi smo grupa aktivista i novinara koja zajedno sa gra\u0111anima uti\u010de na pove\u0107anje odgovornosti institucija i javnih funkcionera kroz pra\u0107enje i kontrolu njihovog rada.","potentialAction":[{"@type":"SearchAction","target":{"@type":"EntryPoint","urlTemplate":"https:\/\/crta.rs\/en\/?s={search_term_string}"},"query-input":{"@type":"PropertyValueSpecification","valueRequired":true,"valueName":"search_term_string"}}],"inLanguage":"en-US"},{"@type":"Person","@id":"https:\/\/crta.rs\/en\/#\/schema\/person\/6831a3cbdcff21e0c2a512f9333a8a91","name":"Mila Stankovic","url":"https:\/\/crta.rs\/en\/author\/mila\/"}]}},"_links":{"self":[{"href":"https:\/\/crta.rs\/en\/wp-json\/wp\/v2\/posts\/41425","targetHints":{"allow":["GET"]}}],"collection":[{"href":"https:\/\/crta.rs\/en\/wp-json\/wp\/v2\/posts"}],"about":[{"href":"https:\/\/crta.rs\/en\/wp-json\/wp\/v2\/types\/post"}],"author":[{"embeddable":true,"href":"https:\/\/crta.rs\/en\/wp-json\/wp\/v2\/users\/709"}],"replies":[{"embeddable":true,"href":"https:\/\/crta.rs\/en\/wp-json\/wp\/v2\/comments?post=41425"}],"version-history":[{"count":1,"href":"https:\/\/crta.rs\/en\/wp-json\/wp\/v2\/posts\/41425\/revisions"}],"predecessor-version":[{"id":41426,"href":"https:\/\/crta.rs\/en\/wp-json\/wp\/v2\/posts\/41425\/revisions\/41426"}],"wp:featuredmedia":[{"embeddable":true,"href":"https:\/\/crta.rs\/en\/wp-json\/wp\/v2\/media\/41421"}],"wp:attachment":[{"href":"https:\/\/crta.rs\/en\/wp-json\/wp\/v2\/media?parent=41425"}],"wp:term":[{"taxonomy":"category","embeddable":true,"href":"https:\/\/crta.rs\/en\/wp-json\/wp\/v2\/categories?post=41425"},{"taxonomy":"post_tag","embeddable":true,"href":"https:\/\/crta.rs\/en\/wp-json\/wp\/v2\/tags?post=41425"}],"curies":[{"name":"wp","href":"https:\/\/api.w.org\/{rel}","templated":true}]}}