{"id":40960,"date":"2024-07-11T17:04:33","date_gmt":"2024-07-11T15:04:33","guid":{"rendered":"https:\/\/crta.rs\/?p=40960"},"modified":"2025-06-19T13:45:43","modified_gmt":"2025-06-19T11:45:43","slug":"belgrade-elections-2024-final-election-observation-report-summary","status":"publish","type":"post","link":"https:\/\/crta.rs\/en\/belgrade-elections-2024-final-election-observation-report-summary\/","title":{"rendered":"Belgrade Elections 2024 \u2013 Final Election Observation Report \u2013 Summary"},"content":{"rendered":"<p><span style=\"font-weight: 400;\">The elections for the members of the Assembly of the City of Belgrade, held on June 2, 2024, were marked by a decline in electoral integrity and quality, the rule of law, and the democratic capacity of society. Due to the boycott by a part of the opposition and a record low turnout, the lowest in the past 16 years, with 200,000 fewer voters compared to December 2023, the legitimacy of these elections remains questionable, although they&#8217;ve resulted in a majority that was more than sufficient for a new city Council. The results emerged from the electoral process that was far below democratic standards.<\/span><\/p>\n<p><span style=\"font-weight: 400;\">The legal framework for conducting elections can be assessed as compliant with the requirements of democratically organized societies, which is necessary but insufficient for a good electoral process. The inter-party dialogue on improving electoral conditions, which occurred, bafflingly, alongside the election campaign, did not result in a better environment for the June elections.\u00a0<\/span><\/p>\n<p><span style=\"font-weight: 400;\">CRTA&#8217;s observation mission noted <\/span><b>the spread of previously known election practices, which systematically influenced voters&#8217; will, created an illusion of pluralism, and seized the electoral infrastructure in favor of ruling parties. This again confirms that the line between the state and ruling parties is all but erased<\/b><span style=\"font-weight: 400;\">. Electoral engineering was once again documented, used to abuse and undermine electoral rules. Due to electoral engineering combined with a lack of accountability, <\/span><b>the June elections cannot be considered free and fair<\/b><span style=\"font-weight: 400;\">.<\/span><\/p>\n<p><span style=\"font-weight: 400;\">Since the announcement of these elections, <\/span><b>CRTA has emphasized that these elections must be viewed as a continuation of the December elections &#8211; those that were severely compromised by proven manipulation of the electoral will of the citizens of Belgrade, first and foremost, through illegal and illegitimate electoral engineering<\/b><span style=\"font-weight: 400;\">.\u00a0<\/span><\/p>\n","protected":false},"excerpt":{"rendered":"<p>The elections for the members of the Assembly of the City of Belgrade, held on June 2, 2024, were marked by a decline in electoral integrity and quality, the rule of law, and the democratic capacity of society. Due to the boycott by a part of the opposition and a record low turnout, the lowest&#8230;<\/p>\n","protected":false},"author":778,"featured_media":41022,"comment_status":"closed","ping_status":"open","sticky":false,"template":"","format":"standard","meta":{"_acf_changed":false,"footnotes":"","_links_to":"","_links_to_target":""},"categories":[681,75],"tags":[164,948,105],"class_list":["post-40960","post","type-post","status-publish","format-standard","has-post-thumbnail","hentry","category-news","category-publication-en","tag-elections","tag-elections-2024","tag-reports-and-analysis","ciTrackContent"],"acf":[],"yoast_head":"<!-- This site is optimized with the Yoast SEO plugin v27.4 - https:\/\/yoast.com\/product\/yoast-seo-wordpress\/ -->\n<title>Belgrade Elections 2024 \u2013 Final Election Observation Report \u2013 Summary - CRTA<\/title>\n<meta name=\"robots\" content=\"index, follow, max-snippet:-1, max-image-preview:large, max-video-preview:-1\" \/>\n<link rel=\"canonical\" href=\"https:\/\/crta.rs\/en\/belgrade-elections-2024-final-election-observation-report-summary\/\" \/>\n<meta property=\"og:locale\" content=\"en_US\" \/>\n<meta property=\"og:type\" content=\"article\" \/>\n<meta property=\"og:title\" content=\"Belgrade Elections 2024 \u2013 Final Election Observation Report \u2013 Summary - CRTA\" \/>\n<meta property=\"og:description\" content=\"The elections for the members of the Assembly of the City of Belgrade, held on June 2, 2024, were marked by a decline in electoral integrity and quality, the rule of law, and the democratic capacity of society. Due to the boycott by a part of the opposition and a record low turnout, the lowest...\" \/>\n<meta property=\"og:url\" content=\"https:\/\/crta.rs\/en\/belgrade-elections-2024-final-election-observation-report-summary\/\" \/>\n<meta property=\"og:site_name\" content=\"CRTA\" \/>\n<meta property=\"article:publisher\" content=\"https:\/\/www.facebook.com\/CRTArs\/\" \/>\n<meta property=\"article:published_time\" content=\"2024-07-11T15:04:33+00:00\" \/>\n<meta property=\"article:modified_time\" content=\"2025-06-19T11:45:43+00:00\" \/>\n<meta property=\"og:image\" content=\"https:\/\/crta.rs\/wp-content\/uploads\/2024\/07\/Final-report-2024-Cover-Summary.png\" \/>\n\t<meta property=\"og:image:width\" content=\"1059\" \/>\n\t<meta property=\"og:image:height\" content=\"1498\" \/>\n\t<meta property=\"og:image:type\" content=\"image\/png\" \/>\n<meta name=\"author\" content=\"bozana\" \/>\n<meta name=\"twitter:card\" content=\"summary_large_image\" \/>\n<meta name=\"twitter:label1\" content=\"Written by\" \/>\n\t<meta name=\"twitter:data1\" content=\"bozana\" \/>\n\t<meta name=\"twitter:label2\" content=\"Est. reading time\" \/>\n\t<meta name=\"twitter:data2\" content=\"2 minutes\" \/>\n<script type=\"application\/ld+json\" class=\"yoast-schema-graph\">{\"@context\":\"https:\\\/\\\/schema.org\",\"@graph\":[{\"@type\":\"Article\",\"@id\":\"https:\\\/\\\/crta.rs\\\/en\\\/belgrade-elections-2024-final-election-observation-report-summary\\\/#article\",\"isPartOf\":{\"@id\":\"https:\\\/\\\/crta.rs\\\/en\\\/belgrade-elections-2024-final-election-observation-report-summary\\\/\"},\"author\":{\"name\":\"bozana\",\"@id\":\"https:\\\/\\\/crta.rs\\\/en\\\/#\\\/schema\\\/person\\\/58f038158bc9ebdaa0a19023cb7423c1\"},\"headline\":\"Belgrade Elections 2024 \u2013 Final Election Observation Report \u2013 Summary\",\"datePublished\":\"2024-07-11T15:04:33+00:00\",\"dateModified\":\"2025-06-19T11:45:43+00:00\",\"mainEntityOfPage\":{\"@id\":\"https:\\\/\\\/crta.rs\\\/en\\\/belgrade-elections-2024-final-election-observation-report-summary\\\/\"},\"wordCount\":289,\"image\":{\"@id\":\"https:\\\/\\\/crta.rs\\\/en\\\/belgrade-elections-2024-final-election-observation-report-summary\\\/#primaryimage\"},\"thumbnailUrl\":\"https:\\\/\\\/crta.rs\\\/wp-content\\\/uploads\\\/2024\\\/07\\\/Final-report-2024-Cover-Summary.png\",\"keywords\":[\"elections\",\"Elections 2024\",\"reports and analysis\"],\"articleSection\":[\"News\",\"Publications\"],\"inLanguage\":\"en-US\"},{\"@type\":\"WebPage\",\"@id\":\"https:\\\/\\\/crta.rs\\\/en\\\/belgrade-elections-2024-final-election-observation-report-summary\\\/\",\"url\":\"https:\\\/\\\/crta.rs\\\/en\\\/belgrade-elections-2024-final-election-observation-report-summary\\\/\",\"name\":\"Belgrade Elections 2024 \u2013 Final Election Observation Report \u2013 Summary - CRTA\",\"isPartOf\":{\"@id\":\"https:\\\/\\\/crta.rs\\\/en\\\/#website\"},\"primaryImageOfPage\":{\"@id\":\"https:\\\/\\\/crta.rs\\\/en\\\/belgrade-elections-2024-final-election-observation-report-summary\\\/#primaryimage\"},\"image\":{\"@id\":\"https:\\\/\\\/crta.rs\\\/en\\\/belgrade-elections-2024-final-election-observation-report-summary\\\/#primaryimage\"},\"thumbnailUrl\":\"https:\\\/\\\/crta.rs\\\/wp-content\\\/uploads\\\/2024\\\/07\\\/Final-report-2024-Cover-Summary.png\",\"datePublished\":\"2024-07-11T15:04:33+00:00\",\"dateModified\":\"2025-06-19T11:45:43+00:00\",\"author\":{\"@id\":\"https:\\\/\\\/crta.rs\\\/en\\\/#\\\/schema\\\/person\\\/58f038158bc9ebdaa0a19023cb7423c1\"},\"breadcrumb\":{\"@id\":\"https:\\\/\\\/crta.rs\\\/en\\\/belgrade-elections-2024-final-election-observation-report-summary\\\/#breadcrumb\"},\"inLanguage\":\"en-US\",\"potentialAction\":[{\"@type\":\"ReadAction\",\"target\":[\"https:\\\/\\\/crta.rs\\\/en\\\/belgrade-elections-2024-final-election-observation-report-summary\\\/\"]}]},{\"@type\":\"ImageObject\",\"inLanguage\":\"en-US\",\"@id\":\"https:\\\/\\\/crta.rs\\\/en\\\/belgrade-elections-2024-final-election-observation-report-summary\\\/#primaryimage\",\"url\":\"https:\\\/\\\/crta.rs\\\/wp-content\\\/uploads\\\/2024\\\/07\\\/Final-report-2024-Cover-Summary.png\",\"contentUrl\":\"https:\\\/\\\/crta.rs\\\/wp-content\\\/uploads\\\/2024\\\/07\\\/Final-report-2024-Cover-Summary.png\",\"width\":1059,\"height\":1498},{\"@type\":\"BreadcrumbList\",\"@id\":\"https:\\\/\\\/crta.rs\\\/en\\\/belgrade-elections-2024-final-election-observation-report-summary\\\/#breadcrumb\",\"itemListElement\":[{\"@type\":\"ListItem\",\"position\":1,\"name\":\"Home\",\"item\":\"https:\\\/\\\/crta.rs\\\/en\\\/\"},{\"@type\":\"ListItem\",\"position\":2,\"name\":\"News\",\"item\":\"https:\\\/\\\/crta.rs\\\/en\\\/category\\\/news\\\/\"},{\"@type\":\"ListItem\",\"position\":3,\"name\":\"Belgrade Elections 2024 \u2013 Final Election Observation Report \u2013 Summary\"}]},{\"@type\":\"WebSite\",\"@id\":\"https:\\\/\\\/crta.rs\\\/en\\\/#website\",\"url\":\"https:\\\/\\\/crta.rs\\\/en\\\/\",\"name\":\"CRTA\",\"description\":\"Mi smo grupa aktivista i novinara koja zajedno sa gra\u0111anima uti\u010de na pove\u0107anje odgovornosti institucija i javnih funkcionera kroz pra\u0107enje i kontrolu njihovog rada.\",\"potentialAction\":[{\"@type\":\"SearchAction\",\"target\":{\"@type\":\"EntryPoint\",\"urlTemplate\":\"https:\\\/\\\/crta.rs\\\/en\\\/?s={search_term_string}\"},\"query-input\":{\"@type\":\"PropertyValueSpecification\",\"valueRequired\":true,\"valueName\":\"search_term_string\"}}],\"inLanguage\":\"en-US\"},{\"@type\":\"Person\",\"@id\":\"https:\\\/\\\/crta.rs\\\/en\\\/#\\\/schema\\\/person\\\/58f038158bc9ebdaa0a19023cb7423c1\",\"name\":\"bozana\",\"url\":\"https:\\\/\\\/crta.rs\\\/en\\\/author\\\/bozana\\\/\"}]}<\/script>\n<!-- \/ Yoast SEO plugin. -->","yoast_head_json":{"title":"Belgrade Elections 2024 \u2013 Final Election Observation Report \u2013 Summary - CRTA","robots":{"index":"index","follow":"follow","max-snippet":"max-snippet:-1","max-image-preview":"max-image-preview:large","max-video-preview":"max-video-preview:-1"},"canonical":"https:\/\/crta.rs\/en\/belgrade-elections-2024-final-election-observation-report-summary\/","og_locale":"en_US","og_type":"article","og_title":"Belgrade Elections 2024 \u2013 Final Election Observation Report \u2013 Summary - CRTA","og_description":"The elections for the members of the Assembly of the City of Belgrade, held on June 2, 2024, were marked by a decline in electoral integrity and quality, the rule of law, and the democratic capacity of society. Due to the boycott by a part of the opposition and a record low turnout, the lowest...","og_url":"https:\/\/crta.rs\/en\/belgrade-elections-2024-final-election-observation-report-summary\/","og_site_name":"CRTA","article_publisher":"https:\/\/www.facebook.com\/CRTArs\/","article_published_time":"2024-07-11T15:04:33+00:00","article_modified_time":"2025-06-19T11:45:43+00:00","og_image":[{"width":1059,"height":1498,"url":"https:\/\/crta.rs\/wp-content\/uploads\/2024\/07\/Final-report-2024-Cover-Summary.png","type":"image\/png"}],"author":"bozana","twitter_card":"summary_large_image","twitter_misc":{"Written by":"bozana","Est. reading time":"2 minutes"},"schema":{"@context":"https:\/\/schema.org","@graph":[{"@type":"Article","@id":"https:\/\/crta.rs\/en\/belgrade-elections-2024-final-election-observation-report-summary\/#article","isPartOf":{"@id":"https:\/\/crta.rs\/en\/belgrade-elections-2024-final-election-observation-report-summary\/"},"author":{"name":"bozana","@id":"https:\/\/crta.rs\/en\/#\/schema\/person\/58f038158bc9ebdaa0a19023cb7423c1"},"headline":"Belgrade Elections 2024 \u2013 Final Election Observation Report \u2013 Summary","datePublished":"2024-07-11T15:04:33+00:00","dateModified":"2025-06-19T11:45:43+00:00","mainEntityOfPage":{"@id":"https:\/\/crta.rs\/en\/belgrade-elections-2024-final-election-observation-report-summary\/"},"wordCount":289,"image":{"@id":"https:\/\/crta.rs\/en\/belgrade-elections-2024-final-election-observation-report-summary\/#primaryimage"},"thumbnailUrl":"https:\/\/crta.rs\/wp-content\/uploads\/2024\/07\/Final-report-2024-Cover-Summary.png","keywords":["elections","Elections 2024","reports and analysis"],"articleSection":["News","Publications"],"inLanguage":"en-US"},{"@type":"WebPage","@id":"https:\/\/crta.rs\/en\/belgrade-elections-2024-final-election-observation-report-summary\/","url":"https:\/\/crta.rs\/en\/belgrade-elections-2024-final-election-observation-report-summary\/","name":"Belgrade Elections 2024 \u2013 Final Election Observation Report \u2013 Summary - CRTA","isPartOf":{"@id":"https:\/\/crta.rs\/en\/#website"},"primaryImageOfPage":{"@id":"https:\/\/crta.rs\/en\/belgrade-elections-2024-final-election-observation-report-summary\/#primaryimage"},"image":{"@id":"https:\/\/crta.rs\/en\/belgrade-elections-2024-final-election-observation-report-summary\/#primaryimage"},"thumbnailUrl":"https:\/\/crta.rs\/wp-content\/uploads\/2024\/07\/Final-report-2024-Cover-Summary.png","datePublished":"2024-07-11T15:04:33+00:00","dateModified":"2025-06-19T11:45:43+00:00","author":{"@id":"https:\/\/crta.rs\/en\/#\/schema\/person\/58f038158bc9ebdaa0a19023cb7423c1"},"breadcrumb":{"@id":"https:\/\/crta.rs\/en\/belgrade-elections-2024-final-election-observation-report-summary\/#breadcrumb"},"inLanguage":"en-US","potentialAction":[{"@type":"ReadAction","target":["https:\/\/crta.rs\/en\/belgrade-elections-2024-final-election-observation-report-summary\/"]}]},{"@type":"ImageObject","inLanguage":"en-US","@id":"https:\/\/crta.rs\/en\/belgrade-elections-2024-final-election-observation-report-summary\/#primaryimage","url":"https:\/\/crta.rs\/wp-content\/uploads\/2024\/07\/Final-report-2024-Cover-Summary.png","contentUrl":"https:\/\/crta.rs\/wp-content\/uploads\/2024\/07\/Final-report-2024-Cover-Summary.png","width":1059,"height":1498},{"@type":"BreadcrumbList","@id":"https:\/\/crta.rs\/en\/belgrade-elections-2024-final-election-observation-report-summary\/#breadcrumb","itemListElement":[{"@type":"ListItem","position":1,"name":"Home","item":"https:\/\/crta.rs\/en\/"},{"@type":"ListItem","position":2,"name":"News","item":"https:\/\/crta.rs\/en\/category\/news\/"},{"@type":"ListItem","position":3,"name":"Belgrade Elections 2024 \u2013 Final Election Observation Report \u2013 Summary"}]},{"@type":"WebSite","@id":"https:\/\/crta.rs\/en\/#website","url":"https:\/\/crta.rs\/en\/","name":"CRTA","description":"Mi smo grupa aktivista i novinara koja zajedno sa gra\u0111anima uti\u010de na pove\u0107anje odgovornosti institucija i javnih funkcionera kroz pra\u0107enje i kontrolu njihovog rada.","potentialAction":[{"@type":"SearchAction","target":{"@type":"EntryPoint","urlTemplate":"https:\/\/crta.rs\/en\/?s={search_term_string}"},"query-input":{"@type":"PropertyValueSpecification","valueRequired":true,"valueName":"search_term_string"}}],"inLanguage":"en-US"},{"@type":"Person","@id":"https:\/\/crta.rs\/en\/#\/schema\/person\/58f038158bc9ebdaa0a19023cb7423c1","name":"bozana","url":"https:\/\/crta.rs\/en\/author\/bozana\/"}]}},"_links":{"self":[{"href":"https:\/\/crta.rs\/en\/wp-json\/wp\/v2\/posts\/40960","targetHints":{"allow":["GET"]}}],"collection":[{"href":"https:\/\/crta.rs\/en\/wp-json\/wp\/v2\/posts"}],"about":[{"href":"https:\/\/crta.rs\/en\/wp-json\/wp\/v2\/types\/post"}],"author":[{"embeddable":true,"href":"https:\/\/crta.rs\/en\/wp-json\/wp\/v2\/users\/778"}],"replies":[{"embeddable":true,"href":"https:\/\/crta.rs\/en\/wp-json\/wp\/v2\/comments?post=40960"}],"version-history":[{"count":2,"href":"https:\/\/crta.rs\/en\/wp-json\/wp\/v2\/posts\/40960\/revisions"}],"predecessor-version":[{"id":40969,"href":"https:\/\/crta.rs\/en\/wp-json\/wp\/v2\/posts\/40960\/revisions\/40969"}],"wp:featuredmedia":[{"embeddable":true,"href":"https:\/\/crta.rs\/en\/wp-json\/wp\/v2\/media\/41022"}],"wp:attachment":[{"href":"https:\/\/crta.rs\/en\/wp-json\/wp\/v2\/media?parent=40960"}],"wp:term":[{"taxonomy":"category","embeddable":true,"href":"https:\/\/crta.rs\/en\/wp-json\/wp\/v2\/categories?post=40960"},{"taxonomy":"post_tag","embeddable":true,"href":"https:\/\/crta.rs\/en\/wp-json\/wp\/v2\/tags?post=40960"}],"curies":[{"name":"wp","href":"https:\/\/api.w.org\/{rel}","templated":true}]}}