{"id":40606,"date":"2024-06-02T16:46:43","date_gmt":"2024-06-02T14:46:43","guid":{"rendered":"https:\/\/crta.rs\/?p=40606"},"modified":"2024-06-02T16:46:43","modified_gmt":"2024-06-02T14:46:43","slug":"turnout-by-1600-312-percent","status":"publish","type":"post","link":"https:\/\/crta.rs\/en\/turnout-by-1600-312-percent\/","title":{"rendered":"Turnout by 16:00 31,2 percent"},"content":{"rendered":"<p><strong>A total of 31,2\u00a0percent of citizens voted in elections for the Belgrade City Assembly\u00a0by 16:00<\/strong>\u00a0<em>(margin of error 0,3 percent)<\/em>. In comparison, voter turnout by 16:00 in Belgrade elections in December was 41,4 percent\u00a0<em>(margin of error 0,1 percent)<\/em>.<\/p>\n<p><strong>The next regular media conference of the CRTA Election Observation Mission is scheduled for 18:00. You may follow the conference live at the CRTA\u2019s\u00a0<a href=\"https:\/\/crta.us12.list-manage.com\/track\/click?u=e4a25203f0e6aee4113765ced&amp;id=294d39ae90&amp;e=98024d34a2\" target=\"_blank\" rel=\"noopener\" data-saferedirecturl=\"https:\/\/www.google.com\/url?q=https:\/\/crta.us12.list-manage.com\/track\/click?u%3De4a25203f0e6aee4113765ced%26id%3D294d39ae90%26e%3D98024d34a2&amp;source=gmail&amp;ust=1717425629003000&amp;usg=AOvVaw0t128EEZOrZkAphbVeTBfJ\">Facebook page<\/a>\u00a0and\u00a0<a href=\"https:\/\/crta.us12.list-manage.com\/track\/click?u=e4a25203f0e6aee4113765ced&amp;id=961654502c&amp;e=98024d34a2\" target=\"_blank\" rel=\"noopener\" data-saferedirecturl=\"https:\/\/www.google.com\/url?q=https:\/\/crta.us12.list-manage.com\/track\/click?u%3De4a25203f0e6aee4113765ced%26id%3D961654502c%26e%3D98024d34a2&amp;source=gmail&amp;ust=1717425629003000&amp;usg=AOvVaw3Y6FuOcZaGO0L1Qp9MSmlX\">YouTube channel<\/a>.\u00a0<\/strong><\/p>\n","protected":false},"excerpt":{"rendered":"<p>A total of 31,2\u00a0percent of citizens voted in elections for the Belgrade City Assembly\u00a0by 16:00\u00a0(margin of error 0,3 percent). In comparison, voter turnout by 16:00 in Belgrade elections in December was 41,4 percent\u00a0(margin of error 0,1 percent). The next regular media conference of the CRTA Election Observation Mission is scheduled for 18:00. You may follow&#8230;<\/p>\n","protected":false},"author":709,"featured_media":40500,"comment_status":"closed","ping_status":"open","sticky":false,"template":"","format":"standard","meta":{"_acf_changed":false,"footnotes":"","_links_to":"","_links_to_target":""},"categories":[218,681],"tags":[948],"class_list":["post-40606","post","type-post","status-publish","format-standard","has-post-thumbnail","hentry","category-latest-en","category-news","tag-elections-2024","ciTrackContent"],"acf":[],"yoast_head":"<!-- This site is optimized with the Yoast SEO plugin v27.4 - https:\/\/yoast.com\/product\/yoast-seo-wordpress\/ -->\n<title>Turnout by 16:00 31,2 percent - CRTA<\/title>\n<meta name=\"robots\" content=\"index, follow, max-snippet:-1, max-image-preview:large, max-video-preview:-1\" \/>\n<link rel=\"canonical\" href=\"https:\/\/crta.rs\/en\/turnout-by-1600-312-percent\/\" \/>\n<meta property=\"og:locale\" content=\"en_US\" \/>\n<meta property=\"og:type\" content=\"article\" \/>\n<meta property=\"og:title\" content=\"Turnout by 16:00 31,2 percent - CRTA\" \/>\n<meta property=\"og:description\" content=\"A total of 31,2\u00a0percent of citizens voted in elections for the Belgrade City Assembly\u00a0by 16:00\u00a0(margin of error 0,3 percent). In comparison, voter turnout by 16:00 in Belgrade elections in December was 41,4 percent\u00a0(margin of error 0,1 percent). The next regular media conference of the CRTA Election Observation Mission is scheduled for 18:00. You may follow...\" \/>\n<meta property=\"og:url\" content=\"https:\/\/crta.rs\/en\/turnout-by-1600-312-percent\/\" \/>\n<meta property=\"og:site_name\" content=\"CRTA\" \/>\n<meta property=\"article:publisher\" content=\"https:\/\/www.facebook.com\/CRTArs\/\" \/>\n<meta property=\"article:published_time\" content=\"2024-06-02T14:46:43+00:00\" \/>\n<meta property=\"og:image\" content=\"https:\/\/crta.rs\/wp-content\/uploads\/2024\/05\/Aktuelno-izlaznost-do-16-ENG.png\" \/>\n\t<meta property=\"og:image:width\" content=\"940\" \/>\n\t<meta property=\"og:image:height\" content=\"469\" \/>\n\t<meta property=\"og:image:type\" content=\"image\/png\" \/>\n<meta name=\"author\" content=\"Mila Stankovic\" \/>\n<meta name=\"twitter:card\" content=\"summary_large_image\" \/>\n<meta name=\"twitter:label1\" content=\"Written by\" \/>\n\t<meta name=\"twitter:data1\" content=\"Mila Stankovic\" \/>\n\t<meta name=\"twitter:label2\" content=\"Est. reading time\" \/>\n\t<meta name=\"twitter:data2\" content=\"1 minute\" \/>\n<script type=\"application\/ld+json\" class=\"yoast-schema-graph\">{\"@context\":\"https:\\\/\\\/schema.org\",\"@graph\":[{\"@type\":\"Article\",\"@id\":\"https:\\\/\\\/crta.rs\\\/en\\\/turnout-by-1600-312-percent\\\/#article\",\"isPartOf\":{\"@id\":\"https:\\\/\\\/crta.rs\\\/en\\\/turnout-by-1600-312-percent\\\/\"},\"author\":{\"name\":\"Mila Stankovic\",\"@id\":\"https:\\\/\\\/crta.rs\\\/en\\\/#\\\/schema\\\/person\\\/6831a3cbdcff21e0c2a512f9333a8a91\"},\"headline\":\"Turnout by 16:00 31,2 percent\",\"datePublished\":\"2024-06-02T14:46:43+00:00\",\"mainEntityOfPage\":{\"@id\":\"https:\\\/\\\/crta.rs\\\/en\\\/turnout-by-1600-312-percent\\\/\"},\"wordCount\":67,\"image\":{\"@id\":\"https:\\\/\\\/crta.rs\\\/en\\\/turnout-by-1600-312-percent\\\/#primaryimage\"},\"thumbnailUrl\":\"https:\\\/\\\/crta.rs\\\/wp-content\\\/uploads\\\/2024\\\/05\\\/Aktuelno-izlaznost-do-16-ENG.png\",\"keywords\":[\"Elections 2024\"],\"articleSection\":[\"Latest\",\"News\"],\"inLanguage\":\"en-US\"},{\"@type\":\"WebPage\",\"@id\":\"https:\\\/\\\/crta.rs\\\/en\\\/turnout-by-1600-312-percent\\\/\",\"url\":\"https:\\\/\\\/crta.rs\\\/en\\\/turnout-by-1600-312-percent\\\/\",\"name\":\"Turnout by 16:00 31,2 percent - CRTA\",\"isPartOf\":{\"@id\":\"https:\\\/\\\/crta.rs\\\/en\\\/#website\"},\"primaryImageOfPage\":{\"@id\":\"https:\\\/\\\/crta.rs\\\/en\\\/turnout-by-1600-312-percent\\\/#primaryimage\"},\"image\":{\"@id\":\"https:\\\/\\\/crta.rs\\\/en\\\/turnout-by-1600-312-percent\\\/#primaryimage\"},\"thumbnailUrl\":\"https:\\\/\\\/crta.rs\\\/wp-content\\\/uploads\\\/2024\\\/05\\\/Aktuelno-izlaznost-do-16-ENG.png\",\"datePublished\":\"2024-06-02T14:46:43+00:00\",\"author\":{\"@id\":\"https:\\\/\\\/crta.rs\\\/en\\\/#\\\/schema\\\/person\\\/6831a3cbdcff21e0c2a512f9333a8a91\"},\"breadcrumb\":{\"@id\":\"https:\\\/\\\/crta.rs\\\/en\\\/turnout-by-1600-312-percent\\\/#breadcrumb\"},\"inLanguage\":\"en-US\",\"potentialAction\":[{\"@type\":\"ReadAction\",\"target\":[\"https:\\\/\\\/crta.rs\\\/en\\\/turnout-by-1600-312-percent\\\/\"]}]},{\"@type\":\"ImageObject\",\"inLanguage\":\"en-US\",\"@id\":\"https:\\\/\\\/crta.rs\\\/en\\\/turnout-by-1600-312-percent\\\/#primaryimage\",\"url\":\"https:\\\/\\\/crta.rs\\\/wp-content\\\/uploads\\\/2024\\\/05\\\/Aktuelno-izlaznost-do-16-ENG.png\",\"contentUrl\":\"https:\\\/\\\/crta.rs\\\/wp-content\\\/uploads\\\/2024\\\/05\\\/Aktuelno-izlaznost-do-16-ENG.png\",\"width\":940,\"height\":469},{\"@type\":\"BreadcrumbList\",\"@id\":\"https:\\\/\\\/crta.rs\\\/en\\\/turnout-by-1600-312-percent\\\/#breadcrumb\",\"itemListElement\":[{\"@type\":\"ListItem\",\"position\":1,\"name\":\"Home\",\"item\":\"https:\\\/\\\/crta.rs\\\/en\\\/\"},{\"@type\":\"ListItem\",\"position\":2,\"name\":\"Latest\",\"item\":\"https:\\\/\\\/crta.rs\\\/en\\\/category\\\/latest-en\\\/\"},{\"@type\":\"ListItem\",\"position\":3,\"name\":\"Turnout by 16:00 31,2 percent\"}]},{\"@type\":\"WebSite\",\"@id\":\"https:\\\/\\\/crta.rs\\\/en\\\/#website\",\"url\":\"https:\\\/\\\/crta.rs\\\/en\\\/\",\"name\":\"CRTA\",\"description\":\"Mi smo grupa aktivista i novinara koja zajedno sa gra\u0111anima uti\u010de na pove\u0107anje odgovornosti institucija i javnih funkcionera kroz pra\u0107enje i kontrolu njihovog rada.\",\"potentialAction\":[{\"@type\":\"SearchAction\",\"target\":{\"@type\":\"EntryPoint\",\"urlTemplate\":\"https:\\\/\\\/crta.rs\\\/en\\\/?s={search_term_string}\"},\"query-input\":{\"@type\":\"PropertyValueSpecification\",\"valueRequired\":true,\"valueName\":\"search_term_string\"}}],\"inLanguage\":\"en-US\"},{\"@type\":\"Person\",\"@id\":\"https:\\\/\\\/crta.rs\\\/en\\\/#\\\/schema\\\/person\\\/6831a3cbdcff21e0c2a512f9333a8a91\",\"name\":\"Mila Stankovic\",\"url\":\"https:\\\/\\\/crta.rs\\\/en\\\/author\\\/mila\\\/\"}]}<\/script>\n<!-- \/ Yoast SEO plugin. -->","yoast_head_json":{"title":"Turnout by 16:00 31,2 percent - CRTA","robots":{"index":"index","follow":"follow","max-snippet":"max-snippet:-1","max-image-preview":"max-image-preview:large","max-video-preview":"max-video-preview:-1"},"canonical":"https:\/\/crta.rs\/en\/turnout-by-1600-312-percent\/","og_locale":"en_US","og_type":"article","og_title":"Turnout by 16:00 31,2 percent - CRTA","og_description":"A total of 31,2\u00a0percent of citizens voted in elections for the Belgrade City Assembly\u00a0by 16:00\u00a0(margin of error 0,3 percent). In comparison, voter turnout by 16:00 in Belgrade elections in December was 41,4 percent\u00a0(margin of error 0,1 percent). The next regular media conference of the CRTA Election Observation Mission is scheduled for 18:00. You may follow...","og_url":"https:\/\/crta.rs\/en\/turnout-by-1600-312-percent\/","og_site_name":"CRTA","article_publisher":"https:\/\/www.facebook.com\/CRTArs\/","article_published_time":"2024-06-02T14:46:43+00:00","og_image":[{"width":940,"height":469,"url":"https:\/\/crta.rs\/wp-content\/uploads\/2024\/05\/Aktuelno-izlaznost-do-16-ENG.png","type":"image\/png"}],"author":"Mila Stankovic","twitter_card":"summary_large_image","twitter_misc":{"Written by":"Mila Stankovic","Est. reading time":"1 minute"},"schema":{"@context":"https:\/\/schema.org","@graph":[{"@type":"Article","@id":"https:\/\/crta.rs\/en\/turnout-by-1600-312-percent\/#article","isPartOf":{"@id":"https:\/\/crta.rs\/en\/turnout-by-1600-312-percent\/"},"author":{"name":"Mila Stankovic","@id":"https:\/\/crta.rs\/en\/#\/schema\/person\/6831a3cbdcff21e0c2a512f9333a8a91"},"headline":"Turnout by 16:00 31,2 percent","datePublished":"2024-06-02T14:46:43+00:00","mainEntityOfPage":{"@id":"https:\/\/crta.rs\/en\/turnout-by-1600-312-percent\/"},"wordCount":67,"image":{"@id":"https:\/\/crta.rs\/en\/turnout-by-1600-312-percent\/#primaryimage"},"thumbnailUrl":"https:\/\/crta.rs\/wp-content\/uploads\/2024\/05\/Aktuelno-izlaznost-do-16-ENG.png","keywords":["Elections 2024"],"articleSection":["Latest","News"],"inLanguage":"en-US"},{"@type":"WebPage","@id":"https:\/\/crta.rs\/en\/turnout-by-1600-312-percent\/","url":"https:\/\/crta.rs\/en\/turnout-by-1600-312-percent\/","name":"Turnout by 16:00 31,2 percent - CRTA","isPartOf":{"@id":"https:\/\/crta.rs\/en\/#website"},"primaryImageOfPage":{"@id":"https:\/\/crta.rs\/en\/turnout-by-1600-312-percent\/#primaryimage"},"image":{"@id":"https:\/\/crta.rs\/en\/turnout-by-1600-312-percent\/#primaryimage"},"thumbnailUrl":"https:\/\/crta.rs\/wp-content\/uploads\/2024\/05\/Aktuelno-izlaznost-do-16-ENG.png","datePublished":"2024-06-02T14:46:43+00:00","author":{"@id":"https:\/\/crta.rs\/en\/#\/schema\/person\/6831a3cbdcff21e0c2a512f9333a8a91"},"breadcrumb":{"@id":"https:\/\/crta.rs\/en\/turnout-by-1600-312-percent\/#breadcrumb"},"inLanguage":"en-US","potentialAction":[{"@type":"ReadAction","target":["https:\/\/crta.rs\/en\/turnout-by-1600-312-percent\/"]}]},{"@type":"ImageObject","inLanguage":"en-US","@id":"https:\/\/crta.rs\/en\/turnout-by-1600-312-percent\/#primaryimage","url":"https:\/\/crta.rs\/wp-content\/uploads\/2024\/05\/Aktuelno-izlaznost-do-16-ENG.png","contentUrl":"https:\/\/crta.rs\/wp-content\/uploads\/2024\/05\/Aktuelno-izlaznost-do-16-ENG.png","width":940,"height":469},{"@type":"BreadcrumbList","@id":"https:\/\/crta.rs\/en\/turnout-by-1600-312-percent\/#breadcrumb","itemListElement":[{"@type":"ListItem","position":1,"name":"Home","item":"https:\/\/crta.rs\/en\/"},{"@type":"ListItem","position":2,"name":"Latest","item":"https:\/\/crta.rs\/en\/category\/latest-en\/"},{"@type":"ListItem","position":3,"name":"Turnout by 16:00 31,2 percent"}]},{"@type":"WebSite","@id":"https:\/\/crta.rs\/en\/#website","url":"https:\/\/crta.rs\/en\/","name":"CRTA","description":"Mi smo grupa aktivista i novinara koja zajedno sa gra\u0111anima uti\u010de na pove\u0107anje odgovornosti institucija i javnih funkcionera kroz pra\u0107enje i kontrolu njihovog rada.","potentialAction":[{"@type":"SearchAction","target":{"@type":"EntryPoint","urlTemplate":"https:\/\/crta.rs\/en\/?s={search_term_string}"},"query-input":{"@type":"PropertyValueSpecification","valueRequired":true,"valueName":"search_term_string"}}],"inLanguage":"en-US"},{"@type":"Person","@id":"https:\/\/crta.rs\/en\/#\/schema\/person\/6831a3cbdcff21e0c2a512f9333a8a91","name":"Mila Stankovic","url":"https:\/\/crta.rs\/en\/author\/mila\/"}]}},"_links":{"self":[{"href":"https:\/\/crta.rs\/en\/wp-json\/wp\/v2\/posts\/40606","targetHints":{"allow":["GET"]}}],"collection":[{"href":"https:\/\/crta.rs\/en\/wp-json\/wp\/v2\/posts"}],"about":[{"href":"https:\/\/crta.rs\/en\/wp-json\/wp\/v2\/types\/post"}],"author":[{"embeddable":true,"href":"https:\/\/crta.rs\/en\/wp-json\/wp\/v2\/users\/709"}],"replies":[{"embeddable":true,"href":"https:\/\/crta.rs\/en\/wp-json\/wp\/v2\/comments?post=40606"}],"version-history":[{"count":1,"href":"https:\/\/crta.rs\/en\/wp-json\/wp\/v2\/posts\/40606\/revisions"}],"predecessor-version":[{"id":40607,"href":"https:\/\/crta.rs\/en\/wp-json\/wp\/v2\/posts\/40606\/revisions\/40607"}],"wp:featuredmedia":[{"embeddable":true,"href":"https:\/\/crta.rs\/en\/wp-json\/wp\/v2\/media\/40500"}],"wp:attachment":[{"href":"https:\/\/crta.rs\/en\/wp-json\/wp\/v2\/media?parent=40606"}],"wp:term":[{"taxonomy":"category","embeddable":true,"href":"https:\/\/crta.rs\/en\/wp-json\/wp\/v2\/categories?post=40606"},{"taxonomy":"post_tag","embeddable":true,"href":"https:\/\/crta.rs\/en\/wp-json\/wp\/v2\/tags?post=40606"}],"curies":[{"name":"wp","href":"https:\/\/api.w.org\/{rel}","templated":true}]}}