{"id":40467,"date":"2024-05-29T17:14:28","date_gmt":"2024-05-29T15:14:28","guid":{"rendered":"https:\/\/crta.rs\/?p=40467"},"modified":"2025-06-19T13:44:49","modified_gmt":"2025-06-19T11:44:49","slug":"belgrade-elections-2024-second-interim-report","status":"publish","type":"post","link":"https:\/\/crta.rs\/en\/belgrade-elections-2024-second-interim-report\/","title":{"rendered":"Belgrade Elections 2024 \u2013 Second Interim Report Of Long Term Election Observation &#8211; Summary"},"content":{"rendered":"<p>In the second half of the campaign for the Belgrade City Assembly elections, there has been an increase in campaign activities, as well as a trend of local policy issues being overshadowed by national topics promoted by top government officials. Part of the public had hoped that the inter-party dialogue aimed at improving election conditions, which was happening alongside the campaign, would enhance the quality of the election environment for Belgrade\u2019s elections, but these expectations were unmet.<\/p>\n","protected":false},"excerpt":{"rendered":"<p>In the second half of the campaign for the Belgrade City Assembly elections, there has been an increase in campaign activities, as well as a trend of local policy issues being overshadowed by national topics promoted by top government officials. Part of the public had hoped that the inter-party dialogue aimed at improving election conditions,&#8230;<\/p>\n","protected":false},"author":709,"featured_media":40450,"comment_status":"closed","ping_status":"open","sticky":false,"template":"","format":"standard","meta":{"_acf_changed":false,"footnotes":"","_links_to":"","_links_to_target":""},"categories":[218,681,75],"tags":[164,948,105],"class_list":["post-40467","post","type-post","status-publish","format-standard","has-post-thumbnail","hentry","category-latest-en","category-news","category-publication-en","tag-elections","tag-elections-2024","tag-reports-and-analysis","ciTrackContent"],"acf":[],"yoast_head":"<!-- This site is optimized with the Yoast SEO plugin v27.4 - https:\/\/yoast.com\/product\/yoast-seo-wordpress\/ -->\n<title>Belgrade Elections 2024 \u2013 Second Interim Report Of Long Term Election Observation - Summary - CRTA<\/title>\n<meta name=\"description\" content=\"Below, you can find the Second Interim Report of Long Term Election Observation of Belgrade elections 2024.\" \/>\n<meta name=\"robots\" content=\"index, follow, max-snippet:-1, max-image-preview:large, max-video-preview:-1\" \/>\n<link rel=\"canonical\" href=\"https:\/\/crta.rs\/en\/belgrade-elections-2024-second-interim-report\/\" \/>\n<meta property=\"og:locale\" content=\"en_US\" \/>\n<meta property=\"og:type\" content=\"article\" \/>\n<meta property=\"og:title\" content=\"Belgrade Elections 2024 \u2013 Second Interim Report Of Long Term Election Observation - Summary - CRTA\" \/>\n<meta property=\"og:description\" content=\"Below, you can find the Second Interim Report of Long Term Election Observation of Belgrade elections 2024.\" \/>\n<meta property=\"og:url\" content=\"https:\/\/crta.rs\/en\/belgrade-elections-2024-second-interim-report\/\" \/>\n<meta property=\"og:site_name\" content=\"CRTA\" \/>\n<meta property=\"article:publisher\" content=\"https:\/\/www.facebook.com\/CRTArs\/\" \/>\n<meta property=\"article:published_time\" content=\"2024-05-29T15:14:28+00:00\" \/>\n<meta property=\"article:modified_time\" content=\"2025-06-19T11:44:49+00:00\" \/>\n<meta property=\"og:image\" content=\"https:\/\/crta.rs\/wp-content\/uploads\/2024\/05\/Second-Interim-Report-Summary-Cover.png\" \/>\n\t<meta property=\"og:image:width\" content=\"1106\" \/>\n\t<meta property=\"og:image:height\" content=\"1564\" \/>\n\t<meta property=\"og:image:type\" content=\"image\/png\" \/>\n<meta name=\"author\" content=\"Mila Stankovic\" \/>\n<meta name=\"twitter:card\" content=\"summary_large_image\" \/>\n<meta name=\"twitter:label1\" content=\"Written by\" \/>\n\t<meta name=\"twitter:data1\" content=\"Mila Stankovic\" \/>\n\t<meta name=\"twitter:label2\" content=\"Est. reading time\" \/>\n\t<meta name=\"twitter:data2\" content=\"1 minute\" \/>\n<script type=\"application\/ld+json\" class=\"yoast-schema-graph\">{\"@context\":\"https:\\\/\\\/schema.org\",\"@graph\":[{\"@type\":\"Article\",\"@id\":\"https:\\\/\\\/crta.rs\\\/en\\\/belgrade-elections-2024-second-interim-report\\\/#article\",\"isPartOf\":{\"@id\":\"https:\\\/\\\/crta.rs\\\/en\\\/belgrade-elections-2024-second-interim-report\\\/\"},\"author\":{\"name\":\"Mila Stankovic\",\"@id\":\"https:\\\/\\\/crta.rs\\\/en\\\/#\\\/schema\\\/person\\\/6831a3cbdcff21e0c2a512f9333a8a91\"},\"headline\":\"Belgrade Elections 2024 \u2013 Second Interim Report Of Long Term Election Observation &#8211; Summary\",\"datePublished\":\"2024-05-29T15:14:28+00:00\",\"dateModified\":\"2025-06-19T11:44:49+00:00\",\"mainEntityOfPage\":{\"@id\":\"https:\\\/\\\/crta.rs\\\/en\\\/belgrade-elections-2024-second-interim-report\\\/\"},\"wordCount\":90,\"image\":{\"@id\":\"https:\\\/\\\/crta.rs\\\/en\\\/belgrade-elections-2024-second-interim-report\\\/#primaryimage\"},\"thumbnailUrl\":\"https:\\\/\\\/crta.rs\\\/wp-content\\\/uploads\\\/2024\\\/05\\\/Second-Interim-Report-Summary-Cover.png\",\"keywords\":[\"elections\",\"Elections 2024\",\"reports and analysis\"],\"articleSection\":[\"Latest\",\"News\",\"Publications\"],\"inLanguage\":\"en-US\"},{\"@type\":\"WebPage\",\"@id\":\"https:\\\/\\\/crta.rs\\\/en\\\/belgrade-elections-2024-second-interim-report\\\/\",\"url\":\"https:\\\/\\\/crta.rs\\\/en\\\/belgrade-elections-2024-second-interim-report\\\/\",\"name\":\"Belgrade Elections 2024 \u2013 Second Interim Report Of Long Term Election Observation - Summary - CRTA\",\"isPartOf\":{\"@id\":\"https:\\\/\\\/crta.rs\\\/en\\\/#website\"},\"primaryImageOfPage\":{\"@id\":\"https:\\\/\\\/crta.rs\\\/en\\\/belgrade-elections-2024-second-interim-report\\\/#primaryimage\"},\"image\":{\"@id\":\"https:\\\/\\\/crta.rs\\\/en\\\/belgrade-elections-2024-second-interim-report\\\/#primaryimage\"},\"thumbnailUrl\":\"https:\\\/\\\/crta.rs\\\/wp-content\\\/uploads\\\/2024\\\/05\\\/Second-Interim-Report-Summary-Cover.png\",\"datePublished\":\"2024-05-29T15:14:28+00:00\",\"dateModified\":\"2025-06-19T11:44:49+00:00\",\"author\":{\"@id\":\"https:\\\/\\\/crta.rs\\\/en\\\/#\\\/schema\\\/person\\\/6831a3cbdcff21e0c2a512f9333a8a91\"},\"description\":\"Below, you can find the Second Interim Report of Long Term Election Observation of Belgrade elections 2024.\",\"breadcrumb\":{\"@id\":\"https:\\\/\\\/crta.rs\\\/en\\\/belgrade-elections-2024-second-interim-report\\\/#breadcrumb\"},\"inLanguage\":\"en-US\",\"potentialAction\":[{\"@type\":\"ReadAction\",\"target\":[\"https:\\\/\\\/crta.rs\\\/en\\\/belgrade-elections-2024-second-interim-report\\\/\"]}]},{\"@type\":\"ImageObject\",\"inLanguage\":\"en-US\",\"@id\":\"https:\\\/\\\/crta.rs\\\/en\\\/belgrade-elections-2024-second-interim-report\\\/#primaryimage\",\"url\":\"https:\\\/\\\/crta.rs\\\/wp-content\\\/uploads\\\/2024\\\/05\\\/Second-Interim-Report-Summary-Cover.png\",\"contentUrl\":\"https:\\\/\\\/crta.rs\\\/wp-content\\\/uploads\\\/2024\\\/05\\\/Second-Interim-Report-Summary-Cover.png\",\"width\":1106,\"height\":1564},{\"@type\":\"BreadcrumbList\",\"@id\":\"https:\\\/\\\/crta.rs\\\/en\\\/belgrade-elections-2024-second-interim-report\\\/#breadcrumb\",\"itemListElement\":[{\"@type\":\"ListItem\",\"position\":1,\"name\":\"Home\",\"item\":\"https:\\\/\\\/crta.rs\\\/en\\\/\"},{\"@type\":\"ListItem\",\"position\":2,\"name\":\"Latest\",\"item\":\"https:\\\/\\\/crta.rs\\\/en\\\/category\\\/latest-en\\\/\"},{\"@type\":\"ListItem\",\"position\":3,\"name\":\"Belgrade Elections 2024 \u2013 Second Interim Report Of Long Term Election Observation &#8211; Summary\"}]},{\"@type\":\"WebSite\",\"@id\":\"https:\\\/\\\/crta.rs\\\/en\\\/#website\",\"url\":\"https:\\\/\\\/crta.rs\\\/en\\\/\",\"name\":\"CRTA\",\"description\":\"Mi smo grupa aktivista i novinara koja zajedno sa gra\u0111anima uti\u010de na pove\u0107anje odgovornosti institucija i javnih funkcionera kroz pra\u0107enje i kontrolu njihovog rada.\",\"potentialAction\":[{\"@type\":\"SearchAction\",\"target\":{\"@type\":\"EntryPoint\",\"urlTemplate\":\"https:\\\/\\\/crta.rs\\\/en\\\/?s={search_term_string}\"},\"query-input\":{\"@type\":\"PropertyValueSpecification\",\"valueRequired\":true,\"valueName\":\"search_term_string\"}}],\"inLanguage\":\"en-US\"},{\"@type\":\"Person\",\"@id\":\"https:\\\/\\\/crta.rs\\\/en\\\/#\\\/schema\\\/person\\\/6831a3cbdcff21e0c2a512f9333a8a91\",\"name\":\"Mila Stankovic\",\"url\":\"https:\\\/\\\/crta.rs\\\/en\\\/author\\\/mila\\\/\"}]}<\/script>\n<!-- \/ Yoast SEO plugin. -->","yoast_head_json":{"title":"Belgrade Elections 2024 \u2013 Second Interim Report Of Long Term Election Observation - Summary - CRTA","description":"Below, you can find the Second Interim Report of Long Term Election Observation of Belgrade elections 2024.","robots":{"index":"index","follow":"follow","max-snippet":"max-snippet:-1","max-image-preview":"max-image-preview:large","max-video-preview":"max-video-preview:-1"},"canonical":"https:\/\/crta.rs\/en\/belgrade-elections-2024-second-interim-report\/","og_locale":"en_US","og_type":"article","og_title":"Belgrade Elections 2024 \u2013 Second Interim Report Of Long Term Election Observation - Summary - CRTA","og_description":"Below, you can find the Second Interim Report of Long Term Election Observation of Belgrade elections 2024.","og_url":"https:\/\/crta.rs\/en\/belgrade-elections-2024-second-interim-report\/","og_site_name":"CRTA","article_publisher":"https:\/\/www.facebook.com\/CRTArs\/","article_published_time":"2024-05-29T15:14:28+00:00","article_modified_time":"2025-06-19T11:44:49+00:00","og_image":[{"width":1106,"height":1564,"url":"https:\/\/crta.rs\/wp-content\/uploads\/2024\/05\/Second-Interim-Report-Summary-Cover.png","type":"image\/png"}],"author":"Mila Stankovic","twitter_card":"summary_large_image","twitter_misc":{"Written by":"Mila Stankovic","Est. reading time":"1 minute"},"schema":{"@context":"https:\/\/schema.org","@graph":[{"@type":"Article","@id":"https:\/\/crta.rs\/en\/belgrade-elections-2024-second-interim-report\/#article","isPartOf":{"@id":"https:\/\/crta.rs\/en\/belgrade-elections-2024-second-interim-report\/"},"author":{"name":"Mila Stankovic","@id":"https:\/\/crta.rs\/en\/#\/schema\/person\/6831a3cbdcff21e0c2a512f9333a8a91"},"headline":"Belgrade Elections 2024 \u2013 Second Interim Report Of Long Term Election Observation &#8211; Summary","datePublished":"2024-05-29T15:14:28+00:00","dateModified":"2025-06-19T11:44:49+00:00","mainEntityOfPage":{"@id":"https:\/\/crta.rs\/en\/belgrade-elections-2024-second-interim-report\/"},"wordCount":90,"image":{"@id":"https:\/\/crta.rs\/en\/belgrade-elections-2024-second-interim-report\/#primaryimage"},"thumbnailUrl":"https:\/\/crta.rs\/wp-content\/uploads\/2024\/05\/Second-Interim-Report-Summary-Cover.png","keywords":["elections","Elections 2024","reports and analysis"],"articleSection":["Latest","News","Publications"],"inLanguage":"en-US"},{"@type":"WebPage","@id":"https:\/\/crta.rs\/en\/belgrade-elections-2024-second-interim-report\/","url":"https:\/\/crta.rs\/en\/belgrade-elections-2024-second-interim-report\/","name":"Belgrade Elections 2024 \u2013 Second Interim Report Of Long Term Election Observation - Summary - CRTA","isPartOf":{"@id":"https:\/\/crta.rs\/en\/#website"},"primaryImageOfPage":{"@id":"https:\/\/crta.rs\/en\/belgrade-elections-2024-second-interim-report\/#primaryimage"},"image":{"@id":"https:\/\/crta.rs\/en\/belgrade-elections-2024-second-interim-report\/#primaryimage"},"thumbnailUrl":"https:\/\/crta.rs\/wp-content\/uploads\/2024\/05\/Second-Interim-Report-Summary-Cover.png","datePublished":"2024-05-29T15:14:28+00:00","dateModified":"2025-06-19T11:44:49+00:00","author":{"@id":"https:\/\/crta.rs\/en\/#\/schema\/person\/6831a3cbdcff21e0c2a512f9333a8a91"},"description":"Below, you can find the Second Interim Report of Long Term Election Observation of Belgrade elections 2024.","breadcrumb":{"@id":"https:\/\/crta.rs\/en\/belgrade-elections-2024-second-interim-report\/#breadcrumb"},"inLanguage":"en-US","potentialAction":[{"@type":"ReadAction","target":["https:\/\/crta.rs\/en\/belgrade-elections-2024-second-interim-report\/"]}]},{"@type":"ImageObject","inLanguage":"en-US","@id":"https:\/\/crta.rs\/en\/belgrade-elections-2024-second-interim-report\/#primaryimage","url":"https:\/\/crta.rs\/wp-content\/uploads\/2024\/05\/Second-Interim-Report-Summary-Cover.png","contentUrl":"https:\/\/crta.rs\/wp-content\/uploads\/2024\/05\/Second-Interim-Report-Summary-Cover.png","width":1106,"height":1564},{"@type":"BreadcrumbList","@id":"https:\/\/crta.rs\/en\/belgrade-elections-2024-second-interim-report\/#breadcrumb","itemListElement":[{"@type":"ListItem","position":1,"name":"Home","item":"https:\/\/crta.rs\/en\/"},{"@type":"ListItem","position":2,"name":"Latest","item":"https:\/\/crta.rs\/en\/category\/latest-en\/"},{"@type":"ListItem","position":3,"name":"Belgrade Elections 2024 \u2013 Second Interim Report Of Long Term Election Observation &#8211; Summary"}]},{"@type":"WebSite","@id":"https:\/\/crta.rs\/en\/#website","url":"https:\/\/crta.rs\/en\/","name":"CRTA","description":"Mi smo grupa aktivista i novinara koja zajedno sa gra\u0111anima uti\u010de na pove\u0107anje odgovornosti institucija i javnih funkcionera kroz pra\u0107enje i kontrolu njihovog rada.","potentialAction":[{"@type":"SearchAction","target":{"@type":"EntryPoint","urlTemplate":"https:\/\/crta.rs\/en\/?s={search_term_string}"},"query-input":{"@type":"PropertyValueSpecification","valueRequired":true,"valueName":"search_term_string"}}],"inLanguage":"en-US"},{"@type":"Person","@id":"https:\/\/crta.rs\/en\/#\/schema\/person\/6831a3cbdcff21e0c2a512f9333a8a91","name":"Mila Stankovic","url":"https:\/\/crta.rs\/en\/author\/mila\/"}]}},"_links":{"self":[{"href":"https:\/\/crta.rs\/en\/wp-json\/wp\/v2\/posts\/40467","targetHints":{"allow":["GET"]}}],"collection":[{"href":"https:\/\/crta.rs\/en\/wp-json\/wp\/v2\/posts"}],"about":[{"href":"https:\/\/crta.rs\/en\/wp-json\/wp\/v2\/types\/post"}],"author":[{"embeddable":true,"href":"https:\/\/crta.rs\/en\/wp-json\/wp\/v2\/users\/709"}],"replies":[{"embeddable":true,"href":"https:\/\/crta.rs\/en\/wp-json\/wp\/v2\/comments?post=40467"}],"version-history":[{"count":1,"href":"https:\/\/crta.rs\/en\/wp-json\/wp\/v2\/posts\/40467\/revisions"}],"predecessor-version":[{"id":40472,"href":"https:\/\/crta.rs\/en\/wp-json\/wp\/v2\/posts\/40467\/revisions\/40472"}],"wp:featuredmedia":[{"embeddable":true,"href":"https:\/\/crta.rs\/en\/wp-json\/wp\/v2\/media\/40450"}],"wp:attachment":[{"href":"https:\/\/crta.rs\/en\/wp-json\/wp\/v2\/media?parent=40467"}],"wp:term":[{"taxonomy":"category","embeddable":true,"href":"https:\/\/crta.rs\/en\/wp-json\/wp\/v2\/categories?post=40467"},{"taxonomy":"post_tag","embeddable":true,"href":"https:\/\/crta.rs\/en\/wp-json\/wp\/v2\/tags?post=40467"}],"curies":[{"name":"wp","href":"https:\/\/api.w.org\/{rel}","templated":true}]}}