{"id":40460,"date":"2024-05-29T13:58:37","date_gmt":"2024-05-29T11:58:37","guid":{"rendered":"https:\/\/crta.rs\/?p=40460"},"modified":"2024-05-29T17:24:29","modified_gmt":"2024-05-29T15:24:29","slug":"second-interim-report-of-long-term-election-observation-3","status":"publish","type":"post","link":"https:\/\/crta.rs\/en\/second-interim-report-of-long-term-election-observation-3\/","title":{"rendered":"Second Interim Report of Long-Term Election Observation: Daily Pressures and Perpetual National Themes"},"content":{"rendered":"<p><span style=\"font-weight: 400;\">The conclusion of the campaign for the Belgrade elections is marked by chronic electoral issues &#8211; blurring the line between state and party, increased voter pressure, more unscrupulous manipulation of vulnerable population groups, and misuse of public resources for party promotion. These findings are detailed in the Second Interim Report of Long-Term Election Observation, which the CRTA Observation Mission presented to the public today.<\/span><\/p>\n<p><span style=\"font-weight: 400;\">Long-term observers have recorded instances that indicate new red lines being crossed in the fight for political points, including the exploitation of children from a kindergarten who were taken to a campaign rally instead of a children\u2019s play. Information has also been gathered pointing to undue influence targeted at the socially disadvantaged and citizens with outstanding debts to public utility companies.<\/span><\/p>\n<p><span style=\"font-weight: 400;\">&#8220;There has been no improvement in the conditions and behavior of campaign actors and state institutions compared to December,&#8221; said Ra\u0161a Nedeljkov, head of the CRTA Observation Mission. &#8220;The dialogue on improving election quality and implementing ODIHR recommendations was halted before achieving significant results.&#8221;<\/span><\/p>\n<p><span style=\"font-weight: 400;\">In the capital, the intensity of campaign activities increased in the second half, but local issues remained overshadowed by major national topics, including messages such as &#8220;We are not a genocidal nation.&#8221;<\/span><\/p>\n<p><span style=\"font-weight: 400;\">\u201cThe campaign gives the impression of national or presidential elections, not a race for city council seats,\u201d concluded Tamara Brankovi\u0107, deputy head of CRTA\u2019s mission. \u201cSuch content and tone of the campaign have been imposed by the authorities, further erasing the boundary between state and party.\u201d<\/span><\/p>\n<p><span style=\"font-weight: 400;\">By May 27, observers recorded over 700 instances of high-ranking state officials participating in party activities, as well as 97 cases of public resource abuse, ranging from the use of vehicles and premises of public institutions for party needs to the use of public institution symbols in promotional videos.<\/span><\/p>\n<p><span style=\"font-weight: 400;\">&#8220;Throughout the entire pre-election period, mostly in the last two weeks, we submitted 46 complaints to oversight and regulatory bodies,&#8221; said Pavle Dimitrijevi\u0107, head of CRTA&#8217;s Legal Team. &#8220;The responses of these institutions range from none, as in the case of REM, to slower and even more sporadic than before, in the case of the Anti-Corruption Agency.&#8221;<\/span><\/p>\n<p><span style=\"font-weight: 400;\">There is still justified concern among the public regarding the state of the voter registry, as relevant institutions have not provided clear evidence of the accuracy of voter records, and all unlawful manipulations of the voter registry from previous elections remain protected by the practice of impunity.<\/span><\/p>\n<p><span style=\"font-weight: 400;\">Despite the limited verification ability CRTA had, it determined that the provision requiring voters who changed their residence between local government units after July 3, 2023 to vote in their previous municipality or city of residence in the June 2 elections was not consistently implemented.<\/span><\/p>\n<p><span style=\"font-weight: 400;\">The trend of extreme inequality in media coverage continues. Media monitoring shows that the ruling majority received 93% of the airtime in programs of national broadcasters.<\/span><\/p>\n<p>You can find the summary of the report <a href=\"https:\/\/crta.rs\/en\/belgrade-elections-2024-second-interim-report\/\" target=\"_blank\" rel=\"noopener\">here<\/a>.<\/p>\n","protected":false},"excerpt":{"rendered":"<p>The conclusion of the campaign for the Belgrade elections is marked by chronic electoral issues &#8211; blurring the line between state and party, increased voter pressure, more unscrupulous manipulation of vulnerable population groups, and misuse of public resources for party promotion. These findings are detailed in the Second Interim Report of Long-Term Election Observation, which&#8230;<\/p>\n","protected":false},"author":709,"featured_media":40457,"comment_status":"closed","ping_status":"open","sticky":false,"template":"","format":"standard","meta":{"_acf_changed":false,"footnotes":"","_links_to":"","_links_to_target":""},"categories":[218,681],"tags":[948],"class_list":["post-40460","post","type-post","status-publish","format-standard","has-post-thumbnail","hentry","category-latest-en","category-news","tag-elections-2024","ciTrackContent"],"acf":[],"yoast_head":"<!-- This site is optimized with the Yoast SEO plugin v27.4 - https:\/\/yoast.com\/product\/yoast-seo-wordpress\/ -->\n<title>Second Interim Report of Long-Term Election Observation: Daily Pressures and Perpetual National Themes - CRTA<\/title>\n<meta name=\"description\" content=\"Below, you can read the Second Interim Report of Long-term Election Observation that CRTA presented at a Press conference.\" \/>\n<meta name=\"robots\" content=\"index, follow, max-snippet:-1, max-image-preview:large, max-video-preview:-1\" \/>\n<link rel=\"canonical\" href=\"https:\/\/crta.rs\/en\/second-interim-report-of-long-term-election-observation-3\/\" \/>\n<meta property=\"og:locale\" content=\"en_US\" \/>\n<meta property=\"og:type\" content=\"article\" \/>\n<meta property=\"og:title\" content=\"Second Interim Report of Long-Term Election Observation: Daily Pressures and Perpetual National Themes - CRTA\" \/>\n<meta property=\"og:description\" content=\"Below, you can read the Second Interim Report of Long-term Election Observation that CRTA presented at a Press conference.\" \/>\n<meta property=\"og:url\" content=\"https:\/\/crta.rs\/en\/second-interim-report-of-long-term-election-observation-3\/\" \/>\n<meta property=\"og:site_name\" content=\"CRTA\" \/>\n<meta property=\"article:publisher\" content=\"https:\/\/www.facebook.com\/CRTArs\/\" \/>\n<meta property=\"article:published_time\" content=\"2024-05-29T11:58:37+00:00\" \/>\n<meta property=\"article:modified_time\" content=\"2024-05-29T15:24:29+00:00\" \/>\n<meta property=\"og:image\" content=\"https:\/\/crta.rs\/wp-content\/uploads\/2024\/05\/CRTA_Presek-dugorocnog-posmatranja-beogradskih-izbora.png\" \/>\n\t<meta property=\"og:image:width\" content=\"940\" \/>\n\t<meta property=\"og:image:height\" content=\"469\" \/>\n\t<meta property=\"og:image:type\" content=\"image\/png\" \/>\n<meta name=\"author\" content=\"Mila Stankovic\" \/>\n<meta name=\"twitter:card\" content=\"summary_large_image\" \/>\n<meta name=\"twitter:label1\" content=\"Written by\" \/>\n\t<meta name=\"twitter:data1\" content=\"Mila Stankovic\" \/>\n\t<meta name=\"twitter:label2\" content=\"Est. reading time\" \/>\n\t<meta name=\"twitter:data2\" content=\"3 minutes\" \/>\n<script type=\"application\/ld+json\" class=\"yoast-schema-graph\">{\"@context\":\"https:\\\/\\\/schema.org\",\"@graph\":[{\"@type\":\"Article\",\"@id\":\"https:\\\/\\\/crta.rs\\\/en\\\/second-interim-report-of-long-term-election-observation-3\\\/#article\",\"isPartOf\":{\"@id\":\"https:\\\/\\\/crta.rs\\\/en\\\/second-interim-report-of-long-term-election-observation-3\\\/\"},\"author\":{\"name\":\"Mila Stankovic\",\"@id\":\"https:\\\/\\\/crta.rs\\\/en\\\/#\\\/schema\\\/person\\\/6831a3cbdcff21e0c2a512f9333a8a91\"},\"headline\":\"Second Interim Report of Long-Term Election Observation: Daily Pressures and Perpetual National Themes\",\"datePublished\":\"2024-05-29T11:58:37+00:00\",\"dateModified\":\"2024-05-29T15:24:29+00:00\",\"mainEntityOfPage\":{\"@id\":\"https:\\\/\\\/crta.rs\\\/en\\\/second-interim-report-of-long-term-election-observation-3\\\/\"},\"wordCount\":489,\"image\":{\"@id\":\"https:\\\/\\\/crta.rs\\\/en\\\/second-interim-report-of-long-term-election-observation-3\\\/#primaryimage\"},\"thumbnailUrl\":\"https:\\\/\\\/crta.rs\\\/wp-content\\\/uploads\\\/2024\\\/05\\\/CRTA_Presek-dugorocnog-posmatranja-beogradskih-izbora.png\",\"keywords\":[\"Elections 2024\"],\"articleSection\":[\"Latest\",\"News\"],\"inLanguage\":\"en-US\"},{\"@type\":\"WebPage\",\"@id\":\"https:\\\/\\\/crta.rs\\\/en\\\/second-interim-report-of-long-term-election-observation-3\\\/\",\"url\":\"https:\\\/\\\/crta.rs\\\/en\\\/second-interim-report-of-long-term-election-observation-3\\\/\",\"name\":\"Second Interim Report of Long-Term Election Observation: Daily Pressures and Perpetual National Themes - CRTA\",\"isPartOf\":{\"@id\":\"https:\\\/\\\/crta.rs\\\/en\\\/#website\"},\"primaryImageOfPage\":{\"@id\":\"https:\\\/\\\/crta.rs\\\/en\\\/second-interim-report-of-long-term-election-observation-3\\\/#primaryimage\"},\"image\":{\"@id\":\"https:\\\/\\\/crta.rs\\\/en\\\/second-interim-report-of-long-term-election-observation-3\\\/#primaryimage\"},\"thumbnailUrl\":\"https:\\\/\\\/crta.rs\\\/wp-content\\\/uploads\\\/2024\\\/05\\\/CRTA_Presek-dugorocnog-posmatranja-beogradskih-izbora.png\",\"datePublished\":\"2024-05-29T11:58:37+00:00\",\"dateModified\":\"2024-05-29T15:24:29+00:00\",\"author\":{\"@id\":\"https:\\\/\\\/crta.rs\\\/en\\\/#\\\/schema\\\/person\\\/6831a3cbdcff21e0c2a512f9333a8a91\"},\"description\":\"Below, you can read the Second Interim Report of Long-term Election Observation that CRTA presented at a Press conference.\",\"breadcrumb\":{\"@id\":\"https:\\\/\\\/crta.rs\\\/en\\\/second-interim-report-of-long-term-election-observation-3\\\/#breadcrumb\"},\"inLanguage\":\"en-US\",\"potentialAction\":[{\"@type\":\"ReadAction\",\"target\":[\"https:\\\/\\\/crta.rs\\\/en\\\/second-interim-report-of-long-term-election-observation-3\\\/\"]}]},{\"@type\":\"ImageObject\",\"inLanguage\":\"en-US\",\"@id\":\"https:\\\/\\\/crta.rs\\\/en\\\/second-interim-report-of-long-term-election-observation-3\\\/#primaryimage\",\"url\":\"https:\\\/\\\/crta.rs\\\/wp-content\\\/uploads\\\/2024\\\/05\\\/CRTA_Presek-dugorocnog-posmatranja-beogradskih-izbora.png\",\"contentUrl\":\"https:\\\/\\\/crta.rs\\\/wp-content\\\/uploads\\\/2024\\\/05\\\/CRTA_Presek-dugorocnog-posmatranja-beogradskih-izbora.png\",\"width\":940,\"height\":469,\"caption\":\"Photo - Media Centar\"},{\"@type\":\"BreadcrumbList\",\"@id\":\"https:\\\/\\\/crta.rs\\\/en\\\/second-interim-report-of-long-term-election-observation-3\\\/#breadcrumb\",\"itemListElement\":[{\"@type\":\"ListItem\",\"position\":1,\"name\":\"Home\",\"item\":\"https:\\\/\\\/crta.rs\\\/en\\\/\"},{\"@type\":\"ListItem\",\"position\":2,\"name\":\"Latest\",\"item\":\"https:\\\/\\\/crta.rs\\\/en\\\/category\\\/latest-en\\\/\"},{\"@type\":\"ListItem\",\"position\":3,\"name\":\"Second Interim Report of Long-Term Election Observation: Daily Pressures and Perpetual National Themes\"}]},{\"@type\":\"WebSite\",\"@id\":\"https:\\\/\\\/crta.rs\\\/en\\\/#website\",\"url\":\"https:\\\/\\\/crta.rs\\\/en\\\/\",\"name\":\"CRTA\",\"description\":\"Mi smo grupa aktivista i novinara koja zajedno sa gra\u0111anima uti\u010de na pove\u0107anje odgovornosti institucija i javnih funkcionera kroz pra\u0107enje i kontrolu njihovog rada.\",\"potentialAction\":[{\"@type\":\"SearchAction\",\"target\":{\"@type\":\"EntryPoint\",\"urlTemplate\":\"https:\\\/\\\/crta.rs\\\/en\\\/?s={search_term_string}\"},\"query-input\":{\"@type\":\"PropertyValueSpecification\",\"valueRequired\":true,\"valueName\":\"search_term_string\"}}],\"inLanguage\":\"en-US\"},{\"@type\":\"Person\",\"@id\":\"https:\\\/\\\/crta.rs\\\/en\\\/#\\\/schema\\\/person\\\/6831a3cbdcff21e0c2a512f9333a8a91\",\"name\":\"Mila Stankovic\",\"url\":\"https:\\\/\\\/crta.rs\\\/en\\\/author\\\/mila\\\/\"}]}<\/script>\n<!-- \/ Yoast SEO plugin. -->","yoast_head_json":{"title":"Second Interim Report of Long-Term Election Observation: Daily Pressures and Perpetual National Themes - CRTA","description":"Below, you can read the Second Interim Report of Long-term Election Observation that CRTA presented at a Press conference.","robots":{"index":"index","follow":"follow","max-snippet":"max-snippet:-1","max-image-preview":"max-image-preview:large","max-video-preview":"max-video-preview:-1"},"canonical":"https:\/\/crta.rs\/en\/second-interim-report-of-long-term-election-observation-3\/","og_locale":"en_US","og_type":"article","og_title":"Second Interim Report of Long-Term Election Observation: Daily Pressures and Perpetual National Themes - CRTA","og_description":"Below, you can read the Second Interim Report of Long-term Election Observation that CRTA presented at a Press conference.","og_url":"https:\/\/crta.rs\/en\/second-interim-report-of-long-term-election-observation-3\/","og_site_name":"CRTA","article_publisher":"https:\/\/www.facebook.com\/CRTArs\/","article_published_time":"2024-05-29T11:58:37+00:00","article_modified_time":"2024-05-29T15:24:29+00:00","og_image":[{"width":940,"height":469,"url":"https:\/\/crta.rs\/wp-content\/uploads\/2024\/05\/CRTA_Presek-dugorocnog-posmatranja-beogradskih-izbora.png","type":"image\/png"}],"author":"Mila Stankovic","twitter_card":"summary_large_image","twitter_misc":{"Written by":"Mila Stankovic","Est. reading time":"3 minutes"},"schema":{"@context":"https:\/\/schema.org","@graph":[{"@type":"Article","@id":"https:\/\/crta.rs\/en\/second-interim-report-of-long-term-election-observation-3\/#article","isPartOf":{"@id":"https:\/\/crta.rs\/en\/second-interim-report-of-long-term-election-observation-3\/"},"author":{"name":"Mila Stankovic","@id":"https:\/\/crta.rs\/en\/#\/schema\/person\/6831a3cbdcff21e0c2a512f9333a8a91"},"headline":"Second Interim Report of Long-Term Election Observation: Daily Pressures and Perpetual National Themes","datePublished":"2024-05-29T11:58:37+00:00","dateModified":"2024-05-29T15:24:29+00:00","mainEntityOfPage":{"@id":"https:\/\/crta.rs\/en\/second-interim-report-of-long-term-election-observation-3\/"},"wordCount":489,"image":{"@id":"https:\/\/crta.rs\/en\/second-interim-report-of-long-term-election-observation-3\/#primaryimage"},"thumbnailUrl":"https:\/\/crta.rs\/wp-content\/uploads\/2024\/05\/CRTA_Presek-dugorocnog-posmatranja-beogradskih-izbora.png","keywords":["Elections 2024"],"articleSection":["Latest","News"],"inLanguage":"en-US"},{"@type":"WebPage","@id":"https:\/\/crta.rs\/en\/second-interim-report-of-long-term-election-observation-3\/","url":"https:\/\/crta.rs\/en\/second-interim-report-of-long-term-election-observation-3\/","name":"Second Interim Report of Long-Term Election Observation: Daily Pressures and Perpetual National Themes - CRTA","isPartOf":{"@id":"https:\/\/crta.rs\/en\/#website"},"primaryImageOfPage":{"@id":"https:\/\/crta.rs\/en\/second-interim-report-of-long-term-election-observation-3\/#primaryimage"},"image":{"@id":"https:\/\/crta.rs\/en\/second-interim-report-of-long-term-election-observation-3\/#primaryimage"},"thumbnailUrl":"https:\/\/crta.rs\/wp-content\/uploads\/2024\/05\/CRTA_Presek-dugorocnog-posmatranja-beogradskih-izbora.png","datePublished":"2024-05-29T11:58:37+00:00","dateModified":"2024-05-29T15:24:29+00:00","author":{"@id":"https:\/\/crta.rs\/en\/#\/schema\/person\/6831a3cbdcff21e0c2a512f9333a8a91"},"description":"Below, you can read the Second Interim Report of Long-term Election Observation that CRTA presented at a Press conference.","breadcrumb":{"@id":"https:\/\/crta.rs\/en\/second-interim-report-of-long-term-election-observation-3\/#breadcrumb"},"inLanguage":"en-US","potentialAction":[{"@type":"ReadAction","target":["https:\/\/crta.rs\/en\/second-interim-report-of-long-term-election-observation-3\/"]}]},{"@type":"ImageObject","inLanguage":"en-US","@id":"https:\/\/crta.rs\/en\/second-interim-report-of-long-term-election-observation-3\/#primaryimage","url":"https:\/\/crta.rs\/wp-content\/uploads\/2024\/05\/CRTA_Presek-dugorocnog-posmatranja-beogradskih-izbora.png","contentUrl":"https:\/\/crta.rs\/wp-content\/uploads\/2024\/05\/CRTA_Presek-dugorocnog-posmatranja-beogradskih-izbora.png","width":940,"height":469,"caption":"Photo - Media Centar"},{"@type":"BreadcrumbList","@id":"https:\/\/crta.rs\/en\/second-interim-report-of-long-term-election-observation-3\/#breadcrumb","itemListElement":[{"@type":"ListItem","position":1,"name":"Home","item":"https:\/\/crta.rs\/en\/"},{"@type":"ListItem","position":2,"name":"Latest","item":"https:\/\/crta.rs\/en\/category\/latest-en\/"},{"@type":"ListItem","position":3,"name":"Second Interim Report of Long-Term Election Observation: Daily Pressures and Perpetual National Themes"}]},{"@type":"WebSite","@id":"https:\/\/crta.rs\/en\/#website","url":"https:\/\/crta.rs\/en\/","name":"CRTA","description":"Mi smo grupa aktivista i novinara koja zajedno sa gra\u0111anima uti\u010de na pove\u0107anje odgovornosti institucija i javnih funkcionera kroz pra\u0107enje i kontrolu njihovog rada.","potentialAction":[{"@type":"SearchAction","target":{"@type":"EntryPoint","urlTemplate":"https:\/\/crta.rs\/en\/?s={search_term_string}"},"query-input":{"@type":"PropertyValueSpecification","valueRequired":true,"valueName":"search_term_string"}}],"inLanguage":"en-US"},{"@type":"Person","@id":"https:\/\/crta.rs\/en\/#\/schema\/person\/6831a3cbdcff21e0c2a512f9333a8a91","name":"Mila Stankovic","url":"https:\/\/crta.rs\/en\/author\/mila\/"}]}},"_links":{"self":[{"href":"https:\/\/crta.rs\/en\/wp-json\/wp\/v2\/posts\/40460","targetHints":{"allow":["GET"]}}],"collection":[{"href":"https:\/\/crta.rs\/en\/wp-json\/wp\/v2\/posts"}],"about":[{"href":"https:\/\/crta.rs\/en\/wp-json\/wp\/v2\/types\/post"}],"author":[{"embeddable":true,"href":"https:\/\/crta.rs\/en\/wp-json\/wp\/v2\/users\/709"}],"replies":[{"embeddable":true,"href":"https:\/\/crta.rs\/en\/wp-json\/wp\/v2\/comments?post=40460"}],"version-history":[{"count":2,"href":"https:\/\/crta.rs\/en\/wp-json\/wp\/v2\/posts\/40460\/revisions"}],"predecessor-version":[{"id":40478,"href":"https:\/\/crta.rs\/en\/wp-json\/wp\/v2\/posts\/40460\/revisions\/40478"}],"wp:featuredmedia":[{"embeddable":true,"href":"https:\/\/crta.rs\/en\/wp-json\/wp\/v2\/media\/40457"}],"wp:attachment":[{"href":"https:\/\/crta.rs\/en\/wp-json\/wp\/v2\/media?parent=40460"}],"wp:term":[{"taxonomy":"category","embeddable":true,"href":"https:\/\/crta.rs\/en\/wp-json\/wp\/v2\/categories?post=40460"},{"taxonomy":"post_tag","embeddable":true,"href":"https:\/\/crta.rs\/en\/wp-json\/wp\/v2\/tags?post=40460"}],"curies":[{"name":"wp","href":"https:\/\/api.w.org\/{rel}","templated":true}]}}