{"id":39836,"date":"2024-04-11T16:38:23","date_gmt":"2024-04-11T14:38:23","guid":{"rendered":"https:\/\/crta.rs\/?p=39836"},"modified":"2024-04-16T11:23:51","modified_gmt":"2024-04-16T09:23:51","slug":"without-addressing-impunity-elections-cannot-be-improved","status":"publish","type":"post","link":"https:\/\/crta.rs\/en\/without-addressing-impunity-elections-cannot-be-improved\/","title":{"rendered":"Without addressing impunity, elections cannot be improved"},"content":{"rendered":"<p><span style=\"font-weight: 400;\">Key issues such as pressure on voters, significant media inequality, compromise of the Voter Registry, and blurring the lines between state and party are, unfortunately, not on the agenda of this meeting &#8211; said Rasa Nedeljkov, CRTA\u2019s Program Director, at a meeting held today in the parliament at the invitation of Ana Brnabic, President of the National Assembly, on the topic of ODIHR recommendations and proposed amendments to electoral laws.<\/span><\/p>\n<p><span style=\"font-weight: 400;\">Nedeljkov warned of the current alarming state of the Voter Registry. In the last three and a half months, the number of registered voters in Serbia has decreased by as much as 41,110 voters. On average, 400 voters per day. In comparison, in the 20 months between the 2022 and 2023 elections, an average of 31 voters were deleted daily. It is additionally concerning that this drastic reduction in the number of voters was recorded at only six percent of polling stations in Serbia, while elsewhere no changes are recorded.<\/span><\/p>\n<p><span style=\"font-weight: 400;\">CRTA has prepared and submitted<\/span><a href=\"https:\/\/crta.rs\/wp-content\/uploads\/2024\/04\/CRTA_Doprinos-implementaciji-ODIHR-preporuka.pdf\" target=\"_blank\" rel=\"noopener\"> <span style=\"font-weight: 400;\">comments<\/span><\/a><span style=\"font-weight: 400;\"> on the proposed law amendments, but also expressed the opinion that discussions on legal changes can only be approached when three clear prerequisites for restoring the integrity of the electoral process are met &#8211; accountability for violations of the law in the electoral process, revision of the Voter Registry, and raising professional standards in the work of public media services, considering the dramatic deficit of political pluralism and objective information in the media.<\/span><\/p>\n<p><span style=\"font-weight: 400;\">Consideration of other steps without fulfilling these prerequisites will not fundamentally change anything &#8211; said Nedeljkov &#8211; Without establishing accountability for crimes related to elections, the culture of impunity is strengthened and normalized.<\/span><\/p>\n<p><span style=\"font-weight: 400;\">Representatives of CRTA listed a long list of examples of impunity and undermining the rule of law: forgery of voter support signatures from 2016 until the last elections, falsification of the issuance date of the Official Gazette of the City of Belgrade with the final results of municipal elections, unauthorized interventions in the Voter Registry, vote buying\u2026<\/span><\/p>\n<p><span style=\"font-weight: 400;\">Regarding the December elections, there were no cases of urgent reaction of the prosecution despite publicly available information and evidence pointing to criminal acts &#8211; such as illegally assigned residencies in Belgrade to individuals who did not meet the necessary requirements, all within the framework of organized voter migrations.<\/span><\/p>\n<p><span style=\"font-weight: 400;\">CRTA believes that it is important to have discussions, but it is even more important what is being discussed, and that by choosing easier topics we will not solve the most difficult problems.<\/span><\/p>\n<p><span style=\"font-weight: 400;\">CRTA&#8217;s comments on the proposed law amendments in Serbian can be accessed<\/span><a href=\"https:\/\/crta.rs\/wp-content\/uploads\/2024\/04\/CRTA_Doprinos-implementaciji-ODIHR-preporuka.pdf\" target=\"_blank\" rel=\"noopener\"> <span style=\"font-weight: 400;\">here<\/span><\/a><span style=\"font-weight: 400;\">.<\/span><\/p>\n","protected":false},"excerpt":{"rendered":"<p>Key issues such as pressure on voters, significant media inequality, compromise of the Voter Registry, and blurring the lines between state and party are, unfortunately, not on the agenda of this meeting &#8211; said Rasa Nedeljkov, CRTA\u2019s Program Director, at a meeting held today in the parliament at the invitation of Ana Brnabic, President of&#8230;<\/p>\n","protected":false},"author":7,"featured_media":39837,"comment_status":"closed","ping_status":"open","sticky":false,"template":"","format":"standard","meta":{"_acf_changed":false,"footnotes":"","_links_to":"","_links_to_target":""},"categories":[218,681],"tags":[948],"class_list":["post-39836","post","type-post","status-publish","format-standard","has-post-thumbnail","hentry","category-latest-en","category-news","tag-elections-2024","ciTrackContent"],"acf":[],"yoast_head":"<!-- This site is optimized with the Yoast SEO plugin v27.4 - https:\/\/yoast.com\/product\/yoast-seo-wordpress\/ -->\n<title>Without addressing impunity, elections cannot be improved - CRTA<\/title>\n<meta name=\"robots\" content=\"index, follow, max-snippet:-1, max-image-preview:large, max-video-preview:-1\" \/>\n<link rel=\"canonical\" href=\"https:\/\/crta.rs\/en\/without-addressing-impunity-elections-cannot-be-improved\/\" \/>\n<meta property=\"og:locale\" content=\"en_US\" \/>\n<meta property=\"og:type\" content=\"article\" \/>\n<meta property=\"og:title\" content=\"Without addressing impunity, elections cannot be improved - CRTA\" \/>\n<meta property=\"og:description\" content=\"Key issues such as pressure on voters, significant media inequality, compromise of the Voter Registry, and blurring the lines between state and party are, unfortunately, not on the agenda of this meeting &#8211; said Rasa Nedeljkov, CRTA\u2019s Program Director, at a meeting held today in the parliament at the invitation of Ana Brnabic, President of...\" \/>\n<meta property=\"og:url\" content=\"https:\/\/crta.rs\/en\/without-addressing-impunity-elections-cannot-be-improved\/\" \/>\n<meta property=\"og:site_name\" content=\"CRTA\" \/>\n<meta property=\"article:publisher\" content=\"https:\/\/www.facebook.com\/CRTArs\/\" \/>\n<meta property=\"article:published_time\" content=\"2024-04-11T14:38:23+00:00\" \/>\n<meta property=\"article:modified_time\" content=\"2024-04-16T09:23:51+00:00\" \/>\n<meta property=\"og:image\" content=\"https:\/\/crta.rs\/wp-content\/uploads\/2024\/04\/Without-addressing-impunity-elections-cannot-be-improved.png\" \/>\n\t<meta property=\"og:image:width\" content=\"940\" \/>\n\t<meta property=\"og:image:height\" content=\"469\" \/>\n\t<meta property=\"og:image:type\" content=\"image\/png\" \/>\n<meta name=\"author\" content=\"ivana\" \/>\n<meta name=\"twitter:card\" content=\"summary_large_image\" \/>\n<meta name=\"twitter:label1\" content=\"Written by\" \/>\n\t<meta name=\"twitter:data1\" content=\"ivana\" \/>\n\t<meta name=\"twitter:label2\" content=\"Est. reading time\" \/>\n\t<meta name=\"twitter:data2\" content=\"3 minutes\" \/>\n<script type=\"application\/ld+json\" class=\"yoast-schema-graph\">{\"@context\":\"https:\\\/\\\/schema.org\",\"@graph\":[{\"@type\":\"Article\",\"@id\":\"https:\\\/\\\/crta.rs\\\/en\\\/without-addressing-impunity-elections-cannot-be-improved\\\/#article\",\"isPartOf\":{\"@id\":\"https:\\\/\\\/crta.rs\\\/en\\\/without-addressing-impunity-elections-cannot-be-improved\\\/\"},\"author\":{\"name\":\"ivana\",\"@id\":\"https:\\\/\\\/crta.rs\\\/en\\\/#\\\/schema\\\/person\\\/18f7126b92949f8242e7b65ece92db4c\"},\"headline\":\"Without addressing impunity, elections cannot be improved\",\"datePublished\":\"2024-04-11T14:38:23+00:00\",\"dateModified\":\"2024-04-16T09:23:51+00:00\",\"mainEntityOfPage\":{\"@id\":\"https:\\\/\\\/crta.rs\\\/en\\\/without-addressing-impunity-elections-cannot-be-improved\\\/\"},\"wordCount\":426,\"image\":{\"@id\":\"https:\\\/\\\/crta.rs\\\/en\\\/without-addressing-impunity-elections-cannot-be-improved\\\/#primaryimage\"},\"thumbnailUrl\":\"https:\\\/\\\/crta.rs\\\/wp-content\\\/uploads\\\/2024\\\/04\\\/Without-addressing-impunity-elections-cannot-be-improved.png\",\"keywords\":[\"Elections 2024\"],\"articleSection\":[\"Latest\",\"News\"],\"inLanguage\":\"en-US\"},{\"@type\":\"WebPage\",\"@id\":\"https:\\\/\\\/crta.rs\\\/en\\\/without-addressing-impunity-elections-cannot-be-improved\\\/\",\"url\":\"https:\\\/\\\/crta.rs\\\/en\\\/without-addressing-impunity-elections-cannot-be-improved\\\/\",\"name\":\"Without addressing impunity, elections cannot be improved - CRTA\",\"isPartOf\":{\"@id\":\"https:\\\/\\\/crta.rs\\\/en\\\/#website\"},\"primaryImageOfPage\":{\"@id\":\"https:\\\/\\\/crta.rs\\\/en\\\/without-addressing-impunity-elections-cannot-be-improved\\\/#primaryimage\"},\"image\":{\"@id\":\"https:\\\/\\\/crta.rs\\\/en\\\/without-addressing-impunity-elections-cannot-be-improved\\\/#primaryimage\"},\"thumbnailUrl\":\"https:\\\/\\\/crta.rs\\\/wp-content\\\/uploads\\\/2024\\\/04\\\/Without-addressing-impunity-elections-cannot-be-improved.png\",\"datePublished\":\"2024-04-11T14:38:23+00:00\",\"dateModified\":\"2024-04-16T09:23:51+00:00\",\"author\":{\"@id\":\"https:\\\/\\\/crta.rs\\\/en\\\/#\\\/schema\\\/person\\\/18f7126b92949f8242e7b65ece92db4c\"},\"breadcrumb\":{\"@id\":\"https:\\\/\\\/crta.rs\\\/en\\\/without-addressing-impunity-elections-cannot-be-improved\\\/#breadcrumb\"},\"inLanguage\":\"en-US\",\"potentialAction\":[{\"@type\":\"ReadAction\",\"target\":[\"https:\\\/\\\/crta.rs\\\/en\\\/without-addressing-impunity-elections-cannot-be-improved\\\/\"]}]},{\"@type\":\"ImageObject\",\"inLanguage\":\"en-US\",\"@id\":\"https:\\\/\\\/crta.rs\\\/en\\\/without-addressing-impunity-elections-cannot-be-improved\\\/#primaryimage\",\"url\":\"https:\\\/\\\/crta.rs\\\/wp-content\\\/uploads\\\/2024\\\/04\\\/Without-addressing-impunity-elections-cannot-be-improved.png\",\"contentUrl\":\"https:\\\/\\\/crta.rs\\\/wp-content\\\/uploads\\\/2024\\\/04\\\/Without-addressing-impunity-elections-cannot-be-improved.png\",\"width\":940,\"height\":469},{\"@type\":\"BreadcrumbList\",\"@id\":\"https:\\\/\\\/crta.rs\\\/en\\\/without-addressing-impunity-elections-cannot-be-improved\\\/#breadcrumb\",\"itemListElement\":[{\"@type\":\"ListItem\",\"position\":1,\"name\":\"Home\",\"item\":\"https:\\\/\\\/crta.rs\\\/en\\\/\"},{\"@type\":\"ListItem\",\"position\":2,\"name\":\"Latest\",\"item\":\"https:\\\/\\\/crta.rs\\\/en\\\/category\\\/latest-en\\\/\"},{\"@type\":\"ListItem\",\"position\":3,\"name\":\"Without addressing impunity, elections cannot be improved\"}]},{\"@type\":\"WebSite\",\"@id\":\"https:\\\/\\\/crta.rs\\\/en\\\/#website\",\"url\":\"https:\\\/\\\/crta.rs\\\/en\\\/\",\"name\":\"CRTA\",\"description\":\"Mi smo grupa aktivista i novinara koja zajedno sa gra\u0111anima uti\u010de na pove\u0107anje odgovornosti institucija i javnih funkcionera kroz pra\u0107enje i kontrolu njihovog rada.\",\"potentialAction\":[{\"@type\":\"SearchAction\",\"target\":{\"@type\":\"EntryPoint\",\"urlTemplate\":\"https:\\\/\\\/crta.rs\\\/en\\\/?s={search_term_string}\"},\"query-input\":{\"@type\":\"PropertyValueSpecification\",\"valueRequired\":true,\"valueName\":\"search_term_string\"}}],\"inLanguage\":\"en-US\"},{\"@type\":\"Person\",\"@id\":\"https:\\\/\\\/crta.rs\\\/en\\\/#\\\/schema\\\/person\\\/18f7126b92949f8242e7b65ece92db4c\",\"name\":\"ivana\",\"url\":\"https:\\\/\\\/crta.rs\\\/en\\\/author\\\/ivana\\\/\"}]}<\/script>\n<!-- \/ Yoast SEO plugin. -->","yoast_head_json":{"title":"Without addressing impunity, elections cannot be improved - CRTA","robots":{"index":"index","follow":"follow","max-snippet":"max-snippet:-1","max-image-preview":"max-image-preview:large","max-video-preview":"max-video-preview:-1"},"canonical":"https:\/\/crta.rs\/en\/without-addressing-impunity-elections-cannot-be-improved\/","og_locale":"en_US","og_type":"article","og_title":"Without addressing impunity, elections cannot be improved - CRTA","og_description":"Key issues such as pressure on voters, significant media inequality, compromise of the Voter Registry, and blurring the lines between state and party are, unfortunately, not on the agenda of this meeting &#8211; said Rasa Nedeljkov, CRTA\u2019s Program Director, at a meeting held today in the parliament at the invitation of Ana Brnabic, President of...","og_url":"https:\/\/crta.rs\/en\/without-addressing-impunity-elections-cannot-be-improved\/","og_site_name":"CRTA","article_publisher":"https:\/\/www.facebook.com\/CRTArs\/","article_published_time":"2024-04-11T14:38:23+00:00","article_modified_time":"2024-04-16T09:23:51+00:00","og_image":[{"width":940,"height":469,"url":"https:\/\/crta.rs\/wp-content\/uploads\/2024\/04\/Without-addressing-impunity-elections-cannot-be-improved.png","type":"image\/png"}],"author":"ivana","twitter_card":"summary_large_image","twitter_misc":{"Written by":"ivana","Est. reading time":"3 minutes"},"schema":{"@context":"https:\/\/schema.org","@graph":[{"@type":"Article","@id":"https:\/\/crta.rs\/en\/without-addressing-impunity-elections-cannot-be-improved\/#article","isPartOf":{"@id":"https:\/\/crta.rs\/en\/without-addressing-impunity-elections-cannot-be-improved\/"},"author":{"name":"ivana","@id":"https:\/\/crta.rs\/en\/#\/schema\/person\/18f7126b92949f8242e7b65ece92db4c"},"headline":"Without addressing impunity, elections cannot be improved","datePublished":"2024-04-11T14:38:23+00:00","dateModified":"2024-04-16T09:23:51+00:00","mainEntityOfPage":{"@id":"https:\/\/crta.rs\/en\/without-addressing-impunity-elections-cannot-be-improved\/"},"wordCount":426,"image":{"@id":"https:\/\/crta.rs\/en\/without-addressing-impunity-elections-cannot-be-improved\/#primaryimage"},"thumbnailUrl":"https:\/\/crta.rs\/wp-content\/uploads\/2024\/04\/Without-addressing-impunity-elections-cannot-be-improved.png","keywords":["Elections 2024"],"articleSection":["Latest","News"],"inLanguage":"en-US"},{"@type":"WebPage","@id":"https:\/\/crta.rs\/en\/without-addressing-impunity-elections-cannot-be-improved\/","url":"https:\/\/crta.rs\/en\/without-addressing-impunity-elections-cannot-be-improved\/","name":"Without addressing impunity, elections cannot be improved - CRTA","isPartOf":{"@id":"https:\/\/crta.rs\/en\/#website"},"primaryImageOfPage":{"@id":"https:\/\/crta.rs\/en\/without-addressing-impunity-elections-cannot-be-improved\/#primaryimage"},"image":{"@id":"https:\/\/crta.rs\/en\/without-addressing-impunity-elections-cannot-be-improved\/#primaryimage"},"thumbnailUrl":"https:\/\/crta.rs\/wp-content\/uploads\/2024\/04\/Without-addressing-impunity-elections-cannot-be-improved.png","datePublished":"2024-04-11T14:38:23+00:00","dateModified":"2024-04-16T09:23:51+00:00","author":{"@id":"https:\/\/crta.rs\/en\/#\/schema\/person\/18f7126b92949f8242e7b65ece92db4c"},"breadcrumb":{"@id":"https:\/\/crta.rs\/en\/without-addressing-impunity-elections-cannot-be-improved\/#breadcrumb"},"inLanguage":"en-US","potentialAction":[{"@type":"ReadAction","target":["https:\/\/crta.rs\/en\/without-addressing-impunity-elections-cannot-be-improved\/"]}]},{"@type":"ImageObject","inLanguage":"en-US","@id":"https:\/\/crta.rs\/en\/without-addressing-impunity-elections-cannot-be-improved\/#primaryimage","url":"https:\/\/crta.rs\/wp-content\/uploads\/2024\/04\/Without-addressing-impunity-elections-cannot-be-improved.png","contentUrl":"https:\/\/crta.rs\/wp-content\/uploads\/2024\/04\/Without-addressing-impunity-elections-cannot-be-improved.png","width":940,"height":469},{"@type":"BreadcrumbList","@id":"https:\/\/crta.rs\/en\/without-addressing-impunity-elections-cannot-be-improved\/#breadcrumb","itemListElement":[{"@type":"ListItem","position":1,"name":"Home","item":"https:\/\/crta.rs\/en\/"},{"@type":"ListItem","position":2,"name":"Latest","item":"https:\/\/crta.rs\/en\/category\/latest-en\/"},{"@type":"ListItem","position":3,"name":"Without addressing impunity, elections cannot be improved"}]},{"@type":"WebSite","@id":"https:\/\/crta.rs\/en\/#website","url":"https:\/\/crta.rs\/en\/","name":"CRTA","description":"Mi smo grupa aktivista i novinara koja zajedno sa gra\u0111anima uti\u010de na pove\u0107anje odgovornosti institucija i javnih funkcionera kroz pra\u0107enje i kontrolu njihovog rada.","potentialAction":[{"@type":"SearchAction","target":{"@type":"EntryPoint","urlTemplate":"https:\/\/crta.rs\/en\/?s={search_term_string}"},"query-input":{"@type":"PropertyValueSpecification","valueRequired":true,"valueName":"search_term_string"}}],"inLanguage":"en-US"},{"@type":"Person","@id":"https:\/\/crta.rs\/en\/#\/schema\/person\/18f7126b92949f8242e7b65ece92db4c","name":"ivana","url":"https:\/\/crta.rs\/en\/author\/ivana\/"}]}},"_links":{"self":[{"href":"https:\/\/crta.rs\/en\/wp-json\/wp\/v2\/posts\/39836","targetHints":{"allow":["GET"]}}],"collection":[{"href":"https:\/\/crta.rs\/en\/wp-json\/wp\/v2\/posts"}],"about":[{"href":"https:\/\/crta.rs\/en\/wp-json\/wp\/v2\/types\/post"}],"author":[{"embeddable":true,"href":"https:\/\/crta.rs\/en\/wp-json\/wp\/v2\/users\/7"}],"replies":[{"embeddable":true,"href":"https:\/\/crta.rs\/en\/wp-json\/wp\/v2\/comments?post=39836"}],"version-history":[{"count":1,"href":"https:\/\/crta.rs\/en\/wp-json\/wp\/v2\/posts\/39836\/revisions"}],"predecessor-version":[{"id":39839,"href":"https:\/\/crta.rs\/en\/wp-json\/wp\/v2\/posts\/39836\/revisions\/39839"}],"wp:featuredmedia":[{"embeddable":true,"href":"https:\/\/crta.rs\/en\/wp-json\/wp\/v2\/media\/39837"}],"wp:attachment":[{"href":"https:\/\/crta.rs\/en\/wp-json\/wp\/v2\/media?parent=39836"}],"wp:term":[{"taxonomy":"category","embeddable":true,"href":"https:\/\/crta.rs\/en\/wp-json\/wp\/v2\/categories?post=39836"},{"taxonomy":"post_tag","embeddable":true,"href":"https:\/\/crta.rs\/en\/wp-json\/wp\/v2\/tags?post=39836"}],"curies":[{"name":"wp","href":"https:\/\/api.w.org\/{rel}","templated":true}]}}