{"id":39780,"date":"2024-04-06T12:45:46","date_gmt":"2024-04-06T10:45:46","guid":{"rendered":"https:\/\/crta.rs\/?p=39780"},"modified":"2024-04-06T13:02:30","modified_gmt":"2024-04-06T11:02:30","slug":"crta-european-economic-social-council-2024","status":"publish","type":"post","link":"https:\/\/crta.rs\/en\/crta-european-economic-social-council-2024\/","title":{"rendered":"CRTA\u2019s address at the session of the European Economic and Social Council in Brussels"},"content":{"rendered":"<p>Read the full speech of Rasa Nedeljkov, Crta\u2019s Program Director and Chief of the Crta\u2019s Election Observation Mission at the session of the <strong><a href=\"https:\/\/www.eesc.europa.eu\/en\/agenda\/our-events\/events\/17th-meeting-eu-serbia-joint-consultative-committee\" target=\"_blank\" rel=\"noopener\">European Economic and Social Council in Brussels<\/a>\u00a0<\/strong>held on 5 April 2024.<\/p>\n<hr \/>\n<p><span style=\"font-weight: 400;\">Months have passed since the December Elections, and a new election cycle is in sight, but the government keeps denying a single problem with electoral conditions. In synchrony, the prosecution denies that a single criminal deed was committed, thereby continuing to promote impunity for manipulations and fraud.\u00a0<\/span><\/p>\n<p><span style=\"font-weight: 400;\">It seems that the government now expands its hand toward dialogue; the government today acts as determined to fulfill ODIHR recommendations. But how does it look in practice &#8211; after months of grave attacks against anyone who dared to challenge the legality of election conduct and Government\u2019s views of the most recent elections, either from the ranks of the opposition, election observers, activists or media &#8211; two days before calling new elections in Belgrade, the Speaker organizes a snap meeting of all parliamentary groups. Recently, the Government also swiftly revived its Working Group &#8211; away from the public eye. <\/span><b>Both of these events can not compensate years in which elections, pluralism, social and political dialogue were genuinely cannibalized <\/b><span style=\"font-weight: 400;\">by the system through its institutional channels, leading to the ultimate goal of erasing the line between the party, the state, and the President.\u00a0<\/span><\/p>\n<p><span style=\"font-weight: 400;\">History is repeating itself. <\/span><b>All \u201cdemocratic mechanisms\u201d in place today are well-known fig leaves, hiding the intrinsic rejection of dialogue and change in favor of democracy.\u00a0\u00a0<\/b><\/p>\n<p><span style=\"font-weight: 400;\">I would like to stress that ODIHR assesed two-thirds of recommendations directed to Serbia since 2012. The result is that only five priority recommendations have been completely fullfilled until today. At the same time, all<\/span><b> priority recommendations<\/b><span style=\"font-weight: 400;\"> stressed in the latest report have been repeated, mostly, <\/span><b>since 2012 &#8211; from decisive actions to stop pressures against voters, Voter Registry audit, increasing its transparency and trust, to severe problems with the media regulation.<\/b><\/p>\n<p><span style=\"font-weight: 400;\">ODIHR&#8217;s final report writes: \u201cThe frequency of early elections has further eroded public confidence in the functioning of democratic institutions, and together with the lack of political will,<\/span><b><i> left <\/i><\/b><b><i>needed reforms unaddressed.<\/i><\/b><i><span style=\"font-weight: 400;\">\u201d<\/span><\/i><\/p>\n<p><span style=\"font-weight: 400;\">This is a stark reminder that all elections, but one, were extraordinary over the past decade. Only one Parliament fulfilled a 4-year term. Our society lost at least two and a half years in an institutional vacuum caused by a number of early elections called without policy or institutional justifications. The same happened with the early 2023 December elections, including in 66 local municipalities.\u00a0<\/span><\/p>\n<p><b>Our decision-makers set the scene to manipulate election results through unlawful and illegitimate abuse of their institutional power.\u00a0<\/b><\/p>\n<p><span style=\"font-weight: 400;\">The United Nations Human Rights Committee has recently issued a scathing critique of Serbia&#8217;s authorities, highlighting our country&#8217;s failure to provide sufficient information about the prosecution and Constitutional Court&#8217;s actions regarding the documented criminal offenses related to last year\u2019s elections. The Committee asserts that this is a serious breach of Serbia\u2019s obligations.<\/span><\/p>\n<p><span style=\"font-weight: 400;\">This is another international reaction from the highest-level that we fear will be left unaddressed based on experience of manipulating the findings and recommendations of all key Serbia\u2019s partners &#8211; from the European Union, the Council of Europe to ODIHR.\u00a0<\/span><\/p>\n<p><b>Essential preconditions need to be met first before we jump to addressing conditions for viable elections and democracy.<\/b><span style=\"font-weight: 400;\"> These preconditions are the substantial dialogue that demonstrates a true political will, accepts constructive critics and ceases with smear campaigns through state institutions and media against every democracy actors. Furthermore, authorities have to urgently investigate all allegations of electoral irregularities and bring to justice perpetrators, thus demonstrating their will to cease with the culture of impunity. The same goes with preventing voter intimidation and enabling the establishment of a clear boundary between the roles of the state and the ruling party in elections.\u00a0<\/span><\/p>\n<p><span style=\"font-weight: 400;\">Finally, the free formation of voters&#8217; will, as the backbone of free elections, largely rests on <\/span><span style=\"font-weight: 400;\">truthful, complete, and timely information and the promotion of ideas and pluralism. Opening public broadcasters RTS and RTV to different political options and significantly greater dedication of these outlets to education of citizens is the first step in establishing political pluralism in society.<\/span><\/p>\n<p><span style=\"font-weight: 400;\">As we stand at the crossroads of change, I call on our government with a message of optimism tempered with concern. Let this be the moment we choose dialogue over denial, action over evasion. It is imperative that we end the cycles of spins and manipulations, pressures on citizens, civil society, media, and political actors. We must embark on a path of open, inclusive dialogue with meaningful steps to address our deep societal and political challenges. Citizens are entitled to demand at least the minimal decency in our elections, as a first step.<\/span><\/p>\n","protected":false},"excerpt":{"rendered":"<p>Read the full speech of Rasa Nedeljkov, Crta\u2019s Program Director and Chief of the Crta\u2019s Election Observation Mission at the session of the European Economic and Social Council in Brussels\u00a0held on 5 April 2024. Months have passed since the December Elections, and a new election cycle is in sight, but the government keeps denying a&#8230;<\/p>\n","protected":false},"author":709,"featured_media":39783,"comment_status":"closed","ping_status":"open","sticky":false,"template":"","format":"standard","meta":{"_acf_changed":false,"footnotes":"","_links_to":"","_links_to_target":""},"categories":[218,681],"tags":[],"class_list":["post-39780","post","type-post","status-publish","format-standard","has-post-thumbnail","hentry","category-latest-en","category-news","ciTrackContent"],"acf":[],"yoast_head":"<!-- This site is optimized with the Yoast SEO plugin v27.4 - https:\/\/yoast.com\/product\/yoast-seo-wordpress\/ -->\n<title>CRTA\u2019s address at the session of the European Economic and Social Council in Brussels<\/title>\n<meta name=\"description\" content=\"Read the full speech of Rasa Nedeljkov at the session of the European Economic and Social Council in Brussels.\" \/>\n<meta name=\"robots\" content=\"index, follow, max-snippet:-1, max-image-preview:large, max-video-preview:-1\" \/>\n<link rel=\"canonical\" href=\"https:\/\/crta.rs\/en\/crta-european-economic-social-council-2024\/\" \/>\n<meta property=\"og:locale\" content=\"en_US\" \/>\n<meta property=\"og:type\" content=\"article\" \/>\n<meta property=\"og:title\" content=\"CRTA\u2019s address at the session of the European Economic and Social Council in Brussels\" \/>\n<meta property=\"og:description\" content=\"Read the full speech of Rasa Nedeljkov at the session of the European Economic and Social Council in Brussels.\" \/>\n<meta property=\"og:url\" content=\"https:\/\/crta.rs\/en\/crta-european-economic-social-council-2024\/\" \/>\n<meta property=\"og:site_name\" content=\"CRTA\" \/>\n<meta property=\"article:publisher\" content=\"https:\/\/www.facebook.com\/CRTArs\/\" \/>\n<meta property=\"article:published_time\" content=\"2024-04-06T10:45:46+00:00\" \/>\n<meta property=\"article:modified_time\" content=\"2024-04-06T11:02:30+00:00\" \/>\n<meta property=\"og:image\" content=\"https:\/\/crta.rs\/wp-content\/uploads\/2024\/04\/European-Economic-and-Social-Council-in-Brussels.png\" \/>\n\t<meta property=\"og:image:width\" content=\"940\" \/>\n\t<meta property=\"og:image:height\" content=\"469\" \/>\n\t<meta property=\"og:image:type\" content=\"image\/png\" \/>\n<meta name=\"author\" content=\"Mila Stankovic\" \/>\n<meta name=\"twitter:card\" content=\"summary_large_image\" \/>\n<meta name=\"twitter:label1\" content=\"Written by\" \/>\n\t<meta name=\"twitter:data1\" content=\"Mila Stankovic\" \/>\n\t<meta name=\"twitter:label2\" content=\"Est. reading time\" \/>\n\t<meta name=\"twitter:data2\" content=\"5 minutes\" \/>\n<script type=\"application\/ld+json\" class=\"yoast-schema-graph\">{\"@context\":\"https:\\\/\\\/schema.org\",\"@graph\":[{\"@type\":\"Article\",\"@id\":\"https:\\\/\\\/crta.rs\\\/en\\\/crta-european-economic-social-council-2024\\\/#article\",\"isPartOf\":{\"@id\":\"https:\\\/\\\/crta.rs\\\/en\\\/crta-european-economic-social-council-2024\\\/\"},\"author\":{\"name\":\"Mila Stankovic\",\"@id\":\"https:\\\/\\\/crta.rs\\\/en\\\/#\\\/schema\\\/person\\\/6831a3cbdcff21e0c2a512f9333a8a91\"},\"headline\":\"CRTA\u2019s address at the session of the European Economic and Social Council in Brussels\",\"datePublished\":\"2024-04-06T10:45:46+00:00\",\"dateModified\":\"2024-04-06T11:02:30+00:00\",\"mainEntityOfPage\":{\"@id\":\"https:\\\/\\\/crta.rs\\\/en\\\/crta-european-economic-social-council-2024\\\/\"},\"wordCount\":800,\"image\":{\"@id\":\"https:\\\/\\\/crta.rs\\\/en\\\/crta-european-economic-social-council-2024\\\/#primaryimage\"},\"thumbnailUrl\":\"https:\\\/\\\/crta.rs\\\/wp-content\\\/uploads\\\/2024\\\/04\\\/European-Economic-and-Social-Council-in-Brussels.png\",\"articleSection\":[\"Latest\",\"News\"],\"inLanguage\":\"en-US\"},{\"@type\":\"WebPage\",\"@id\":\"https:\\\/\\\/crta.rs\\\/en\\\/crta-european-economic-social-council-2024\\\/\",\"url\":\"https:\\\/\\\/crta.rs\\\/en\\\/crta-european-economic-social-council-2024\\\/\",\"name\":\"CRTA\u2019s address at the session of the European Economic and Social Council in Brussels\",\"isPartOf\":{\"@id\":\"https:\\\/\\\/crta.rs\\\/en\\\/#website\"},\"primaryImageOfPage\":{\"@id\":\"https:\\\/\\\/crta.rs\\\/en\\\/crta-european-economic-social-council-2024\\\/#primaryimage\"},\"image\":{\"@id\":\"https:\\\/\\\/crta.rs\\\/en\\\/crta-european-economic-social-council-2024\\\/#primaryimage\"},\"thumbnailUrl\":\"https:\\\/\\\/crta.rs\\\/wp-content\\\/uploads\\\/2024\\\/04\\\/European-Economic-and-Social-Council-in-Brussels.png\",\"datePublished\":\"2024-04-06T10:45:46+00:00\",\"dateModified\":\"2024-04-06T11:02:30+00:00\",\"author\":{\"@id\":\"https:\\\/\\\/crta.rs\\\/en\\\/#\\\/schema\\\/person\\\/6831a3cbdcff21e0c2a512f9333a8a91\"},\"description\":\"Read the full speech of Rasa Nedeljkov at the session of the European Economic and Social Council in Brussels.\",\"breadcrumb\":{\"@id\":\"https:\\\/\\\/crta.rs\\\/en\\\/crta-european-economic-social-council-2024\\\/#breadcrumb\"},\"inLanguage\":\"en-US\",\"potentialAction\":[{\"@type\":\"ReadAction\",\"target\":[\"https:\\\/\\\/crta.rs\\\/en\\\/crta-european-economic-social-council-2024\\\/\"]}]},{\"@type\":\"ImageObject\",\"inLanguage\":\"en-US\",\"@id\":\"https:\\\/\\\/crta.rs\\\/en\\\/crta-european-economic-social-council-2024\\\/#primaryimage\",\"url\":\"https:\\\/\\\/crta.rs\\\/wp-content\\\/uploads\\\/2024\\\/04\\\/European-Economic-and-Social-Council-in-Brussels.png\",\"contentUrl\":\"https:\\\/\\\/crta.rs\\\/wp-content\\\/uploads\\\/2024\\\/04\\\/European-Economic-and-Social-Council-in-Brussels.png\",\"width\":940,\"height\":469,\"caption\":\"European Economic and Social Council in Brussels, photo- Canva\"},{\"@type\":\"BreadcrumbList\",\"@id\":\"https:\\\/\\\/crta.rs\\\/en\\\/crta-european-economic-social-council-2024\\\/#breadcrumb\",\"itemListElement\":[{\"@type\":\"ListItem\",\"position\":1,\"name\":\"Home\",\"item\":\"https:\\\/\\\/crta.rs\\\/en\\\/\"},{\"@type\":\"ListItem\",\"position\":2,\"name\":\"Latest\",\"item\":\"https:\\\/\\\/crta.rs\\\/en\\\/category\\\/latest-en\\\/\"},{\"@type\":\"ListItem\",\"position\":3,\"name\":\"CRTA\u2019s address at the session of the European Economic and Social Council in Brussels\"}]},{\"@type\":\"WebSite\",\"@id\":\"https:\\\/\\\/crta.rs\\\/en\\\/#website\",\"url\":\"https:\\\/\\\/crta.rs\\\/en\\\/\",\"name\":\"CRTA\",\"description\":\"Mi smo grupa aktivista i novinara koja zajedno sa gra\u0111anima uti\u010de na pove\u0107anje odgovornosti institucija i javnih funkcionera kroz pra\u0107enje i kontrolu njihovog rada.\",\"potentialAction\":[{\"@type\":\"SearchAction\",\"target\":{\"@type\":\"EntryPoint\",\"urlTemplate\":\"https:\\\/\\\/crta.rs\\\/en\\\/?s={search_term_string}\"},\"query-input\":{\"@type\":\"PropertyValueSpecification\",\"valueRequired\":true,\"valueName\":\"search_term_string\"}}],\"inLanguage\":\"en-US\"},{\"@type\":\"Person\",\"@id\":\"https:\\\/\\\/crta.rs\\\/en\\\/#\\\/schema\\\/person\\\/6831a3cbdcff21e0c2a512f9333a8a91\",\"name\":\"Mila Stankovic\",\"url\":\"https:\\\/\\\/crta.rs\\\/en\\\/author\\\/mila\\\/\"}]}<\/script>\n<!-- \/ Yoast SEO plugin. -->","yoast_head_json":{"title":"CRTA\u2019s address at the session of the European Economic and Social Council in Brussels","description":"Read the full speech of Rasa Nedeljkov at the session of the European Economic and Social Council in Brussels.","robots":{"index":"index","follow":"follow","max-snippet":"max-snippet:-1","max-image-preview":"max-image-preview:large","max-video-preview":"max-video-preview:-1"},"canonical":"https:\/\/crta.rs\/en\/crta-european-economic-social-council-2024\/","og_locale":"en_US","og_type":"article","og_title":"CRTA\u2019s address at the session of the European Economic and Social Council in Brussels","og_description":"Read the full speech of Rasa Nedeljkov at the session of the European Economic and Social Council in Brussels.","og_url":"https:\/\/crta.rs\/en\/crta-european-economic-social-council-2024\/","og_site_name":"CRTA","article_publisher":"https:\/\/www.facebook.com\/CRTArs\/","article_published_time":"2024-04-06T10:45:46+00:00","article_modified_time":"2024-04-06T11:02:30+00:00","og_image":[{"width":940,"height":469,"url":"https:\/\/crta.rs\/wp-content\/uploads\/2024\/04\/European-Economic-and-Social-Council-in-Brussels.png","type":"image\/png"}],"author":"Mila Stankovic","twitter_card":"summary_large_image","twitter_misc":{"Written by":"Mila Stankovic","Est. reading time":"5 minutes"},"schema":{"@context":"https:\/\/schema.org","@graph":[{"@type":"Article","@id":"https:\/\/crta.rs\/en\/crta-european-economic-social-council-2024\/#article","isPartOf":{"@id":"https:\/\/crta.rs\/en\/crta-european-economic-social-council-2024\/"},"author":{"name":"Mila Stankovic","@id":"https:\/\/crta.rs\/en\/#\/schema\/person\/6831a3cbdcff21e0c2a512f9333a8a91"},"headline":"CRTA\u2019s address at the session of the European Economic and Social Council in Brussels","datePublished":"2024-04-06T10:45:46+00:00","dateModified":"2024-04-06T11:02:30+00:00","mainEntityOfPage":{"@id":"https:\/\/crta.rs\/en\/crta-european-economic-social-council-2024\/"},"wordCount":800,"image":{"@id":"https:\/\/crta.rs\/en\/crta-european-economic-social-council-2024\/#primaryimage"},"thumbnailUrl":"https:\/\/crta.rs\/wp-content\/uploads\/2024\/04\/European-Economic-and-Social-Council-in-Brussels.png","articleSection":["Latest","News"],"inLanguage":"en-US"},{"@type":"WebPage","@id":"https:\/\/crta.rs\/en\/crta-european-economic-social-council-2024\/","url":"https:\/\/crta.rs\/en\/crta-european-economic-social-council-2024\/","name":"CRTA\u2019s address at the session of the European Economic and Social Council in Brussels","isPartOf":{"@id":"https:\/\/crta.rs\/en\/#website"},"primaryImageOfPage":{"@id":"https:\/\/crta.rs\/en\/crta-european-economic-social-council-2024\/#primaryimage"},"image":{"@id":"https:\/\/crta.rs\/en\/crta-european-economic-social-council-2024\/#primaryimage"},"thumbnailUrl":"https:\/\/crta.rs\/wp-content\/uploads\/2024\/04\/European-Economic-and-Social-Council-in-Brussels.png","datePublished":"2024-04-06T10:45:46+00:00","dateModified":"2024-04-06T11:02:30+00:00","author":{"@id":"https:\/\/crta.rs\/en\/#\/schema\/person\/6831a3cbdcff21e0c2a512f9333a8a91"},"description":"Read the full speech of Rasa Nedeljkov at the session of the European Economic and Social Council in Brussels.","breadcrumb":{"@id":"https:\/\/crta.rs\/en\/crta-european-economic-social-council-2024\/#breadcrumb"},"inLanguage":"en-US","potentialAction":[{"@type":"ReadAction","target":["https:\/\/crta.rs\/en\/crta-european-economic-social-council-2024\/"]}]},{"@type":"ImageObject","inLanguage":"en-US","@id":"https:\/\/crta.rs\/en\/crta-european-economic-social-council-2024\/#primaryimage","url":"https:\/\/crta.rs\/wp-content\/uploads\/2024\/04\/European-Economic-and-Social-Council-in-Brussels.png","contentUrl":"https:\/\/crta.rs\/wp-content\/uploads\/2024\/04\/European-Economic-and-Social-Council-in-Brussels.png","width":940,"height":469,"caption":"European Economic and Social Council in Brussels, photo- Canva"},{"@type":"BreadcrumbList","@id":"https:\/\/crta.rs\/en\/crta-european-economic-social-council-2024\/#breadcrumb","itemListElement":[{"@type":"ListItem","position":1,"name":"Home","item":"https:\/\/crta.rs\/en\/"},{"@type":"ListItem","position":2,"name":"Latest","item":"https:\/\/crta.rs\/en\/category\/latest-en\/"},{"@type":"ListItem","position":3,"name":"CRTA\u2019s address at the session of the European Economic and Social Council in Brussels"}]},{"@type":"WebSite","@id":"https:\/\/crta.rs\/en\/#website","url":"https:\/\/crta.rs\/en\/","name":"CRTA","description":"Mi smo grupa aktivista i novinara koja zajedno sa gra\u0111anima uti\u010de na pove\u0107anje odgovornosti institucija i javnih funkcionera kroz pra\u0107enje i kontrolu njihovog rada.","potentialAction":[{"@type":"SearchAction","target":{"@type":"EntryPoint","urlTemplate":"https:\/\/crta.rs\/en\/?s={search_term_string}"},"query-input":{"@type":"PropertyValueSpecification","valueRequired":true,"valueName":"search_term_string"}}],"inLanguage":"en-US"},{"@type":"Person","@id":"https:\/\/crta.rs\/en\/#\/schema\/person\/6831a3cbdcff21e0c2a512f9333a8a91","name":"Mila Stankovic","url":"https:\/\/crta.rs\/en\/author\/mila\/"}]}},"_links":{"self":[{"href":"https:\/\/crta.rs\/en\/wp-json\/wp\/v2\/posts\/39780","targetHints":{"allow":["GET"]}}],"collection":[{"href":"https:\/\/crta.rs\/en\/wp-json\/wp\/v2\/posts"}],"about":[{"href":"https:\/\/crta.rs\/en\/wp-json\/wp\/v2\/types\/post"}],"author":[{"embeddable":true,"href":"https:\/\/crta.rs\/en\/wp-json\/wp\/v2\/users\/709"}],"replies":[{"embeddable":true,"href":"https:\/\/crta.rs\/en\/wp-json\/wp\/v2\/comments?post=39780"}],"version-history":[{"count":3,"href":"https:\/\/crta.rs\/en\/wp-json\/wp\/v2\/posts\/39780\/revisions"}],"predecessor-version":[{"id":39785,"href":"https:\/\/crta.rs\/en\/wp-json\/wp\/v2\/posts\/39780\/revisions\/39785"}],"wp:featuredmedia":[{"embeddable":true,"href":"https:\/\/crta.rs\/en\/wp-json\/wp\/v2\/media\/39783"}],"wp:attachment":[{"href":"https:\/\/crta.rs\/en\/wp-json\/wp\/v2\/media?parent=39780"}],"wp:term":[{"taxonomy":"category","embeddable":true,"href":"https:\/\/crta.rs\/en\/wp-json\/wp\/v2\/categories?post=39780"},{"taxonomy":"post_tag","embeddable":true,"href":"https:\/\/crta.rs\/en\/wp-json\/wp\/v2\/tags?post=39780"}],"curies":[{"name":"wp","href":"https:\/\/api.w.org\/{rel}","templated":true}]}}