{"id":39529,"date":"2024-02-14T17:06:51","date_gmt":"2024-02-14T16:06:51","guid":{"rendered":"https:\/\/crta.rs\/?p=39529"},"modified":"2025-04-16T16:58:58","modified_gmt":"2025-04-16T14:58:58","slug":"crtas-final-election-observation-report-defeat-of-the-state-and-the-rule-of-law","status":"publish","type":"post","link":"https:\/\/crta.rs\/en\/crtas-final-election-observation-report-defeat-of-the-state-and-the-rule-of-law\/","title":{"rendered":"CRTA\u2019s Final Election Observation Report: Defeat of the state and the rule of law"},"content":{"rendered":"<p><span style=\"font-weight: 400;\">CRTA assessed that the extraordinary parliamentary and Belgrade elections, held on December 17, 2023, were not free and fair, as stated in the Final report of the CRTA\u2019s Election Observation Mission, presented today at the media conference in Belgrade.<\/span><\/p>\n<p><span style=\"font-weight: 400;\">The election outcomes emerged as a result of the unlawful advantages gained by the ruling party, with the complicity of several state institutions and authorities &#8211; primarily the Ministry of Public Administration and Local Self-Government, and the Ministry of Internal Affairs, as well as bodies of certain local self-governments.<\/span><\/p>\n<p><span style=\"font-weight: 400;\">However, the main responsibility for cementing the detrimental principle of impunity lies with the prosecutorial bodies, due to their ignorance towards abundant evidence and well-founded suspicions of law violations in the election process.<\/span><\/p>\n<p><i><span style=\"font-weight: 400;\">\u201cThe elections were a kind of a fair of lawlessness\u201d<\/span><\/i><span style=\"font-weight: 400;\">, stated Rasa Nedeljkov, Chief of the CRTA\u2019s Election Observation Mission, emphasizing that <\/span><i><span style=\"font-weight: 400;\">\u201ccriminal and disciplinary procedures against initiators and perpetrators of criminal acts destroying the electoral integrity is a prerequisite for any further discussion on the electoral process\u201d<\/span><\/i><span style=\"font-weight: 400;\">.<\/span><\/p>\n<p><span style=\"font-weight: 400;\">Along with determining the non-selective responsibility for breaking the law, prerequisites for the establishment of electoral integrity include the accurate voters registry and significant improvements of the professional standards in the performance of public broadcasters \u2013 RTS and RTV.<\/span><\/p>\n<p><i><span style=\"font-weight: 400;\">\u201cThe misuse of state for party interests manifested broadly \u2013 from extraordinary budgetary provisions to the engagement of state institutions in spreading hate speech and defamation of the opposition\u201d<\/span><\/i><span style=\"font-weight: 400;\">, stated Tamara Brankovic, Chief Deputy of the CRTA\u2019s Election Observation Mission, highlighting that one of the main features of the election campaign was erasing the line between the state and the party.<\/span><\/p>\n<p><i><span style=\"font-weight: 400;\">\u201cOn account of vote-buying and circular voting (also known as \u201ccarousel voting\u201d), CRTA submitted complaints to the police in the amount higher than in any previous elections\u201d<\/span><\/i><span style=\"font-weight: 400;\">, stated Pavle Dimitrijevic, CRTA\u2019s Head of Legal Affairs.<\/span><\/p>\n<p><span style=\"font-weight: 400;\">Along with seven complaints regarding vote-buying, CRTA submitted complaints for the attack and intimidation of its observers, as well as five criminal charges against unknown persons for illegal manipulations of the voters registry.<\/span><\/p>\n<p><span style=\"font-weight: 400;\">In addition, CRTA filed a total of 85 complaints on account of different irregularities with the Agency for Prevention of Corruption, Regulatory Body for Electronic Media and Election Campaign Oversight Committee of the National Assembly.<\/span><\/p>\n<p><span style=\"font-weight: 400;\">Electoral engineering, i.e. organized migrations of voters and manipulations of the voters registry, most visible in Belgrade elections, is not the only manifestation of the defeat of the state and the rule of law, as highlighted at the presentation of the CRTA\u2019s report.<\/span><\/p>\n<p><span style=\"font-weight: 400;\">Unscrupulous pressures on citizens, forgeries of support signatures for nominated lists, misuse of citizens&#8217; personal data, falsification of the election results publication date in the Official Gazette of Belgrade etc. have been documented as well. Chronic problems in elections in Serbia, such as media inequality, misuse of public resources and office, and political clientelism, were also even more pronounced than in previous elections.<\/span><\/p>\n<p><span style=\"font-weight: 400;\">The findings of the CRTA\u2019s Election Observation Mission show serious irregularities at 13 percent of polling stations in the parliamentary elections, while in the Belgrade elections, the share of such polling stations amounts to as much as 21 percent.<\/span><\/p>\n","protected":false},"excerpt":{"rendered":"<p>CRTA assessed that the extraordinary parliamentary and Belgrade elections, held on December 17, 2023, were not free and fair, as stated in the Final report of the CRTA\u2019s Election Observation Mission, presented today at the media conference in Belgrade. The election outcomes emerged as a result of the unlawful advantages gained by the ruling party,&#8230;<\/p>\n","protected":false},"author":7,"featured_media":39530,"comment_status":"closed","ping_status":"open","sticky":false,"template":"","format":"standard","meta":{"_acf_changed":false,"footnotes":"","_links_to":"","_links_to_target":""},"categories":[218,681],"tags":[937],"class_list":["post-39529","post","type-post","status-publish","format-standard","has-post-thumbnail","hentry","category-latest-en","category-news","tag-elections-2023","ciTrackContent"],"acf":[],"yoast_head":"<!-- This site is optimized with the Yoast SEO plugin v27.4 - https:\/\/yoast.com\/product\/yoast-seo-wordpress\/ -->\n<title>CRTA\u2019s Final Election Observation Report: Defeat of the state and the rule of law - CRTA<\/title>\n<meta name=\"robots\" content=\"index, follow, max-snippet:-1, max-image-preview:large, max-video-preview:-1\" \/>\n<link rel=\"canonical\" href=\"https:\/\/crta.rs\/en\/crtas-final-election-observation-report-defeat-of-the-state-and-the-rule-of-law\/\" \/>\n<meta property=\"og:locale\" content=\"en_US\" \/>\n<meta property=\"og:type\" content=\"article\" \/>\n<meta property=\"og:title\" content=\"CRTA\u2019s Final Election Observation Report: Defeat of the state and the rule of law - CRTA\" \/>\n<meta property=\"og:description\" content=\"CRTA assessed that the extraordinary parliamentary and Belgrade elections, held on December 17, 2023, were not free and fair, as stated in the Final report of the CRTA\u2019s Election Observation Mission, presented today at the media conference in Belgrade. The election outcomes emerged as a result of the unlawful advantages gained by the ruling party,...\" \/>\n<meta property=\"og:url\" content=\"https:\/\/crta.rs\/en\/crtas-final-election-observation-report-defeat-of-the-state-and-the-rule-of-law\/\" \/>\n<meta property=\"og:site_name\" content=\"CRTA\" \/>\n<meta property=\"article:publisher\" content=\"https:\/\/www.facebook.com\/CRTArs\/\" \/>\n<meta property=\"article:published_time\" content=\"2024-02-14T16:06:51+00:00\" \/>\n<meta property=\"article:modified_time\" content=\"2025-04-16T14:58:58+00:00\" \/>\n<meta property=\"og:image\" content=\"https:\/\/crta.rs\/wp-content\/uploads\/2024\/02\/CRTAs-Final-Election-Observation-Report.jpeg\" \/>\n\t<meta property=\"og:image:width\" content=\"940\" \/>\n\t<meta property=\"og:image:height\" content=\"469\" \/>\n\t<meta property=\"og:image:type\" content=\"image\/jpeg\" \/>\n<meta name=\"author\" content=\"ivana\" \/>\n<meta name=\"twitter:card\" content=\"summary_large_image\" \/>\n<meta name=\"twitter:label1\" content=\"Written by\" \/>\n\t<meta name=\"twitter:data1\" content=\"ivana\" \/>\n\t<meta name=\"twitter:label2\" content=\"Est. reading time\" \/>\n\t<meta name=\"twitter:data2\" content=\"4 minutes\" \/>\n<script type=\"application\/ld+json\" class=\"yoast-schema-graph\">{\"@context\":\"https:\\\/\\\/schema.org\",\"@graph\":[{\"@type\":\"Article\",\"@id\":\"https:\\\/\\\/crta.rs\\\/en\\\/crtas-final-election-observation-report-defeat-of-the-state-and-the-rule-of-law\\\/#article\",\"isPartOf\":{\"@id\":\"https:\\\/\\\/crta.rs\\\/en\\\/crtas-final-election-observation-report-defeat-of-the-state-and-the-rule-of-law\\\/\"},\"author\":{\"name\":\"ivana\",\"@id\":\"https:\\\/\\\/crta.rs\\\/en\\\/#\\\/schema\\\/person\\\/18f7126b92949f8242e7b65ece92db4c\"},\"headline\":\"CRTA\u2019s Final Election Observation Report: Defeat of the state and the rule of law\",\"datePublished\":\"2024-02-14T16:06:51+00:00\",\"dateModified\":\"2025-04-16T14:58:58+00:00\",\"mainEntityOfPage\":{\"@id\":\"https:\\\/\\\/crta.rs\\\/en\\\/crtas-final-election-observation-report-defeat-of-the-state-and-the-rule-of-law\\\/\"},\"wordCount\":532,\"image\":{\"@id\":\"https:\\\/\\\/crta.rs\\\/en\\\/crtas-final-election-observation-report-defeat-of-the-state-and-the-rule-of-law\\\/#primaryimage\"},\"thumbnailUrl\":\"https:\\\/\\\/crta.rs\\\/wp-content\\\/uploads\\\/2024\\\/02\\\/CRTAs-Final-Election-Observation-Report.jpeg\",\"keywords\":[\"Elections 2023\"],\"articleSection\":[\"Latest\",\"News\"],\"inLanguage\":\"en-US\"},{\"@type\":\"WebPage\",\"@id\":\"https:\\\/\\\/crta.rs\\\/en\\\/crtas-final-election-observation-report-defeat-of-the-state-and-the-rule-of-law\\\/\",\"url\":\"https:\\\/\\\/crta.rs\\\/en\\\/crtas-final-election-observation-report-defeat-of-the-state-and-the-rule-of-law\\\/\",\"name\":\"CRTA\u2019s Final Election Observation Report: Defeat of the state and the rule of law - CRTA\",\"isPartOf\":{\"@id\":\"https:\\\/\\\/crta.rs\\\/en\\\/#website\"},\"primaryImageOfPage\":{\"@id\":\"https:\\\/\\\/crta.rs\\\/en\\\/crtas-final-election-observation-report-defeat-of-the-state-and-the-rule-of-law\\\/#primaryimage\"},\"image\":{\"@id\":\"https:\\\/\\\/crta.rs\\\/en\\\/crtas-final-election-observation-report-defeat-of-the-state-and-the-rule-of-law\\\/#primaryimage\"},\"thumbnailUrl\":\"https:\\\/\\\/crta.rs\\\/wp-content\\\/uploads\\\/2024\\\/02\\\/CRTAs-Final-Election-Observation-Report.jpeg\",\"datePublished\":\"2024-02-14T16:06:51+00:00\",\"dateModified\":\"2025-04-16T14:58:58+00:00\",\"author\":{\"@id\":\"https:\\\/\\\/crta.rs\\\/en\\\/#\\\/schema\\\/person\\\/18f7126b92949f8242e7b65ece92db4c\"},\"breadcrumb\":{\"@id\":\"https:\\\/\\\/crta.rs\\\/en\\\/crtas-final-election-observation-report-defeat-of-the-state-and-the-rule-of-law\\\/#breadcrumb\"},\"inLanguage\":\"en-US\",\"potentialAction\":[{\"@type\":\"ReadAction\",\"target\":[\"https:\\\/\\\/crta.rs\\\/en\\\/crtas-final-election-observation-report-defeat-of-the-state-and-the-rule-of-law\\\/\"]}]},{\"@type\":\"ImageObject\",\"inLanguage\":\"en-US\",\"@id\":\"https:\\\/\\\/crta.rs\\\/en\\\/crtas-final-election-observation-report-defeat-of-the-state-and-the-rule-of-law\\\/#primaryimage\",\"url\":\"https:\\\/\\\/crta.rs\\\/wp-content\\\/uploads\\\/2024\\\/02\\\/CRTAs-Final-Election-Observation-Report.jpeg\",\"contentUrl\":\"https:\\\/\\\/crta.rs\\\/wp-content\\\/uploads\\\/2024\\\/02\\\/CRTAs-Final-Election-Observation-Report.jpeg\",\"width\":940,\"height\":469,\"caption\":\"Foto - CRTA\"},{\"@type\":\"BreadcrumbList\",\"@id\":\"https:\\\/\\\/crta.rs\\\/en\\\/crtas-final-election-observation-report-defeat-of-the-state-and-the-rule-of-law\\\/#breadcrumb\",\"itemListElement\":[{\"@type\":\"ListItem\",\"position\":1,\"name\":\"Home\",\"item\":\"https:\\\/\\\/crta.rs\\\/en\\\/\"},{\"@type\":\"ListItem\",\"position\":2,\"name\":\"Latest\",\"item\":\"https:\\\/\\\/crta.rs\\\/en\\\/category\\\/latest-en\\\/\"},{\"@type\":\"ListItem\",\"position\":3,\"name\":\"CRTA\u2019s Final Election Observation Report: Defeat of the state and the rule of law\"}]},{\"@type\":\"WebSite\",\"@id\":\"https:\\\/\\\/crta.rs\\\/en\\\/#website\",\"url\":\"https:\\\/\\\/crta.rs\\\/en\\\/\",\"name\":\"CRTA\",\"description\":\"Mi smo grupa aktivista i novinara koja zajedno sa gra\u0111anima uti\u010de na pove\u0107anje odgovornosti institucija i javnih funkcionera kroz pra\u0107enje i kontrolu njihovog rada.\",\"potentialAction\":[{\"@type\":\"SearchAction\",\"target\":{\"@type\":\"EntryPoint\",\"urlTemplate\":\"https:\\\/\\\/crta.rs\\\/en\\\/?s={search_term_string}\"},\"query-input\":{\"@type\":\"PropertyValueSpecification\",\"valueRequired\":true,\"valueName\":\"search_term_string\"}}],\"inLanguage\":\"en-US\"},{\"@type\":\"Person\",\"@id\":\"https:\\\/\\\/crta.rs\\\/en\\\/#\\\/schema\\\/person\\\/18f7126b92949f8242e7b65ece92db4c\",\"name\":\"ivana\",\"url\":\"https:\\\/\\\/crta.rs\\\/en\\\/author\\\/ivana\\\/\"}]}<\/script>\n<!-- \/ Yoast SEO plugin. -->","yoast_head_json":{"title":"CRTA\u2019s Final Election Observation Report: Defeat of the state and the rule of law - CRTA","robots":{"index":"index","follow":"follow","max-snippet":"max-snippet:-1","max-image-preview":"max-image-preview:large","max-video-preview":"max-video-preview:-1"},"canonical":"https:\/\/crta.rs\/en\/crtas-final-election-observation-report-defeat-of-the-state-and-the-rule-of-law\/","og_locale":"en_US","og_type":"article","og_title":"CRTA\u2019s Final Election Observation Report: Defeat of the state and the rule of law - CRTA","og_description":"CRTA assessed that the extraordinary parliamentary and Belgrade elections, held on December 17, 2023, were not free and fair, as stated in the Final report of the CRTA\u2019s Election Observation Mission, presented today at the media conference in Belgrade. The election outcomes emerged as a result of the unlawful advantages gained by the ruling party,...","og_url":"https:\/\/crta.rs\/en\/crtas-final-election-observation-report-defeat-of-the-state-and-the-rule-of-law\/","og_site_name":"CRTA","article_publisher":"https:\/\/www.facebook.com\/CRTArs\/","article_published_time":"2024-02-14T16:06:51+00:00","article_modified_time":"2025-04-16T14:58:58+00:00","og_image":[{"width":940,"height":469,"url":"https:\/\/crta.rs\/wp-content\/uploads\/2024\/02\/CRTAs-Final-Election-Observation-Report.jpeg","type":"image\/jpeg"}],"author":"ivana","twitter_card":"summary_large_image","twitter_misc":{"Written by":"ivana","Est. reading time":"4 minutes"},"schema":{"@context":"https:\/\/schema.org","@graph":[{"@type":"Article","@id":"https:\/\/crta.rs\/en\/crtas-final-election-observation-report-defeat-of-the-state-and-the-rule-of-law\/#article","isPartOf":{"@id":"https:\/\/crta.rs\/en\/crtas-final-election-observation-report-defeat-of-the-state-and-the-rule-of-law\/"},"author":{"name":"ivana","@id":"https:\/\/crta.rs\/en\/#\/schema\/person\/18f7126b92949f8242e7b65ece92db4c"},"headline":"CRTA\u2019s Final Election Observation Report: Defeat of the state and the rule of law","datePublished":"2024-02-14T16:06:51+00:00","dateModified":"2025-04-16T14:58:58+00:00","mainEntityOfPage":{"@id":"https:\/\/crta.rs\/en\/crtas-final-election-observation-report-defeat-of-the-state-and-the-rule-of-law\/"},"wordCount":532,"image":{"@id":"https:\/\/crta.rs\/en\/crtas-final-election-observation-report-defeat-of-the-state-and-the-rule-of-law\/#primaryimage"},"thumbnailUrl":"https:\/\/crta.rs\/wp-content\/uploads\/2024\/02\/CRTAs-Final-Election-Observation-Report.jpeg","keywords":["Elections 2023"],"articleSection":["Latest","News"],"inLanguage":"en-US"},{"@type":"WebPage","@id":"https:\/\/crta.rs\/en\/crtas-final-election-observation-report-defeat-of-the-state-and-the-rule-of-law\/","url":"https:\/\/crta.rs\/en\/crtas-final-election-observation-report-defeat-of-the-state-and-the-rule-of-law\/","name":"CRTA\u2019s Final Election Observation Report: Defeat of the state and the rule of law - CRTA","isPartOf":{"@id":"https:\/\/crta.rs\/en\/#website"},"primaryImageOfPage":{"@id":"https:\/\/crta.rs\/en\/crtas-final-election-observation-report-defeat-of-the-state-and-the-rule-of-law\/#primaryimage"},"image":{"@id":"https:\/\/crta.rs\/en\/crtas-final-election-observation-report-defeat-of-the-state-and-the-rule-of-law\/#primaryimage"},"thumbnailUrl":"https:\/\/crta.rs\/wp-content\/uploads\/2024\/02\/CRTAs-Final-Election-Observation-Report.jpeg","datePublished":"2024-02-14T16:06:51+00:00","dateModified":"2025-04-16T14:58:58+00:00","author":{"@id":"https:\/\/crta.rs\/en\/#\/schema\/person\/18f7126b92949f8242e7b65ece92db4c"},"breadcrumb":{"@id":"https:\/\/crta.rs\/en\/crtas-final-election-observation-report-defeat-of-the-state-and-the-rule-of-law\/#breadcrumb"},"inLanguage":"en-US","potentialAction":[{"@type":"ReadAction","target":["https:\/\/crta.rs\/en\/crtas-final-election-observation-report-defeat-of-the-state-and-the-rule-of-law\/"]}]},{"@type":"ImageObject","inLanguage":"en-US","@id":"https:\/\/crta.rs\/en\/crtas-final-election-observation-report-defeat-of-the-state-and-the-rule-of-law\/#primaryimage","url":"https:\/\/crta.rs\/wp-content\/uploads\/2024\/02\/CRTAs-Final-Election-Observation-Report.jpeg","contentUrl":"https:\/\/crta.rs\/wp-content\/uploads\/2024\/02\/CRTAs-Final-Election-Observation-Report.jpeg","width":940,"height":469,"caption":"Foto - CRTA"},{"@type":"BreadcrumbList","@id":"https:\/\/crta.rs\/en\/crtas-final-election-observation-report-defeat-of-the-state-and-the-rule-of-law\/#breadcrumb","itemListElement":[{"@type":"ListItem","position":1,"name":"Home","item":"https:\/\/crta.rs\/en\/"},{"@type":"ListItem","position":2,"name":"Latest","item":"https:\/\/crta.rs\/en\/category\/latest-en\/"},{"@type":"ListItem","position":3,"name":"CRTA\u2019s Final Election Observation Report: Defeat of the state and the rule of law"}]},{"@type":"WebSite","@id":"https:\/\/crta.rs\/en\/#website","url":"https:\/\/crta.rs\/en\/","name":"CRTA","description":"Mi smo grupa aktivista i novinara koja zajedno sa gra\u0111anima uti\u010de na pove\u0107anje odgovornosti institucija i javnih funkcionera kroz pra\u0107enje i kontrolu njihovog rada.","potentialAction":[{"@type":"SearchAction","target":{"@type":"EntryPoint","urlTemplate":"https:\/\/crta.rs\/en\/?s={search_term_string}"},"query-input":{"@type":"PropertyValueSpecification","valueRequired":true,"valueName":"search_term_string"}}],"inLanguage":"en-US"},{"@type":"Person","@id":"https:\/\/crta.rs\/en\/#\/schema\/person\/18f7126b92949f8242e7b65ece92db4c","name":"ivana","url":"https:\/\/crta.rs\/en\/author\/ivana\/"}]}},"_links":{"self":[{"href":"https:\/\/crta.rs\/en\/wp-json\/wp\/v2\/posts\/39529","targetHints":{"allow":["GET"]}}],"collection":[{"href":"https:\/\/crta.rs\/en\/wp-json\/wp\/v2\/posts"}],"about":[{"href":"https:\/\/crta.rs\/en\/wp-json\/wp\/v2\/types\/post"}],"author":[{"embeddable":true,"href":"https:\/\/crta.rs\/en\/wp-json\/wp\/v2\/users\/7"}],"replies":[{"embeddable":true,"href":"https:\/\/crta.rs\/en\/wp-json\/wp\/v2\/comments?post=39529"}],"version-history":[{"count":1,"href":"https:\/\/crta.rs\/en\/wp-json\/wp\/v2\/posts\/39529\/revisions"}],"predecessor-version":[{"id":39534,"href":"https:\/\/crta.rs\/en\/wp-json\/wp\/v2\/posts\/39529\/revisions\/39534"}],"wp:featuredmedia":[{"embeddable":true,"href":"https:\/\/crta.rs\/en\/wp-json\/wp\/v2\/media\/39530"}],"wp:attachment":[{"href":"https:\/\/crta.rs\/en\/wp-json\/wp\/v2\/media?parent=39529"}],"wp:term":[{"taxonomy":"category","embeddable":true,"href":"https:\/\/crta.rs\/en\/wp-json\/wp\/v2\/categories?post=39529"},{"taxonomy":"post_tag","embeddable":true,"href":"https:\/\/crta.rs\/en\/wp-json\/wp\/v2\/tags?post=39529"}],"curies":[{"name":"wp","href":"https:\/\/api.w.org\/{rel}","templated":true}]}}