{"id":39353,"date":"2023-12-30T20:44:27","date_gmt":"2023-12-30T19:44:27","guid":{"rendered":"https:\/\/crta.rs\/?p=39353"},"modified":"2025-06-19T13:42:45","modified_gmt":"2025-06-19T11:42:45","slug":"media-audit-uncovering-the-relevance-and-importance-of-media-december-2023","status":"publish","type":"post","link":"https:\/\/crta.rs\/en\/media-audit-uncovering-the-relevance-and-importance-of-media-december-2023\/","title":{"rendered":"Media Audit &#8211; Uncovering the relevance and importance of media, December 2023"},"content":{"rendered":"<p>\u201cMedia Analysis 2023 \u2013 Recognising the relevance and importance of the media\u201d brings a comprehensive research that sheds light on key aspects of media consumption, citizens\u2019 media habits and the level of citizens\u2019 trust in the media in Serbia. Television continues to stand out as the most important source of information, especially when it comes to socio-political topics. Not only does it maintain its leadership in audience size, but the public media service, RTS, also holds the highest level of trust. This underscores the increased significance and responsibility that RTS should bear. The media landscape in Serbia lacks pluralism, with a majority of outlets catering to the ruling majority, leaving citizens without the means to critically evaluate different events, political stakeholders, and their actions.<\/p>\n<p>Our study also sheds light on the dangers of information manipulation. Particularly vulnerable groups include older citizens, the less educated ones, or residents of rural areas. Insights into the specific strategies citizens use to evaluate information show that, although many try to verify the information they receive, they often use inadequate methods, which leads to the further spread of disinformation.<\/p>\n<p>The experimental segment of the analysis underpins that brief exposure to counter-attitudinal messages is unlikely to bring about substantial changes in the deeply rooted media landscape, characterised by bias, polarisation, and information manipulation. These findings stress the importance of strengthening media literacy and critically evaluating the content consumed. \u00a0Furthermore, they highlight the need to develop strategies aimed at countering information manipulation within Serbia\u2019s media space.<\/p>\n","protected":false},"excerpt":{"rendered":"<p>\u201cMedia Analysis 2023 \u2013 Recognising the relevance and importance of the media\u201d brings a comprehensive research that sheds light on key aspects of media consumption, citizens\u2019 media habits and the level of citizens\u2019 trust in the media in Serbia. Television continues to stand out as the most important source of information, especially when it comes&#8230;<\/p>\n","protected":false},"author":7,"featured_media":39351,"comment_status":"closed","ping_status":"open","sticky":false,"template":"","format":"standard","meta":{"_acf_changed":false,"footnotes":"","_links_to":"","_links_to_target":""},"categories":[75],"tags":[76],"class_list":["post-39353","post","type-post","status-publish","format-standard","has-post-thumbnail","hentry","category-publication-en","tag-research","ciTrackContent"],"acf":[],"yoast_head":"<!-- This site is optimized with the Yoast SEO plugin v27.4 - https:\/\/yoast.com\/product\/yoast-seo-wordpress\/ -->\n<title>Media Audit - Uncovering the relevance and importance of media, December 2023 - CRTA<\/title>\n<meta name=\"robots\" content=\"index, follow, max-snippet:-1, max-image-preview:large, max-video-preview:-1\" \/>\n<link rel=\"canonical\" href=\"https:\/\/crta.rs\/en\/media-audit-uncovering-the-relevance-and-importance-of-media-december-2023\/\" \/>\n<meta property=\"og:locale\" content=\"en_US\" \/>\n<meta property=\"og:type\" content=\"article\" \/>\n<meta property=\"og:title\" content=\"Media Audit - Uncovering the relevance and importance of media, December 2023 - CRTA\" \/>\n<meta property=\"og:description\" content=\"\u201cMedia Analysis 2023 \u2013 Recognising the relevance and importance of the media\u201d brings a comprehensive research that sheds light on key aspects of media consumption, citizens\u2019 media habits and the level of citizens\u2019 trust in the media in Serbia. Television continues to stand out as the most important source of information, especially when it comes...\" \/>\n<meta property=\"og:url\" content=\"https:\/\/crta.rs\/en\/media-audit-uncovering-the-relevance-and-importance-of-media-december-2023\/\" \/>\n<meta property=\"og:site_name\" content=\"CRTA\" \/>\n<meta property=\"article:publisher\" content=\"https:\/\/www.facebook.com\/CRTArs\/\" \/>\n<meta property=\"article:published_time\" content=\"2023-12-30T19:44:27+00:00\" \/>\n<meta property=\"article:modified_time\" content=\"2025-06-19T11:42:45+00:00\" \/>\n<meta property=\"og:image\" content=\"https:\/\/crta.rs\/wp-content\/uploads\/2023\/12\/Analiza-medija-Prepoznavanje-relevantnosti-i-znacaja-medija-decembar-2023.png\" \/>\n\t<meta property=\"og:image:width\" content=\"2184\" \/>\n\t<meta property=\"og:image:height\" content=\"1336\" \/>\n\t<meta property=\"og:image:type\" content=\"image\/png\" \/>\n<meta name=\"author\" content=\"ivana\" \/>\n<meta name=\"twitter:card\" content=\"summary_large_image\" \/>\n<meta name=\"twitter:label1\" content=\"Written by\" \/>\n\t<meta name=\"twitter:data1\" content=\"ivana\" \/>\n\t<meta name=\"twitter:label2\" content=\"Est. reading time\" \/>\n\t<meta name=\"twitter:data2\" content=\"2 minutes\" \/>\n<script type=\"application\/ld+json\" class=\"yoast-schema-graph\">{\"@context\":\"https:\\\/\\\/schema.org\",\"@graph\":[{\"@type\":\"Article\",\"@id\":\"https:\\\/\\\/crta.rs\\\/en\\\/media-audit-uncovering-the-relevance-and-importance-of-media-december-2023\\\/#article\",\"isPartOf\":{\"@id\":\"https:\\\/\\\/crta.rs\\\/en\\\/media-audit-uncovering-the-relevance-and-importance-of-media-december-2023\\\/\"},\"author\":{\"name\":\"ivana\",\"@id\":\"https:\\\/\\\/crta.rs\\\/en\\\/#\\\/schema\\\/person\\\/18f7126b92949f8242e7b65ece92db4c\"},\"headline\":\"Media Audit &#8211; Uncovering the relevance and importance of media, December 2023\",\"datePublished\":\"2023-12-30T19:44:27+00:00\",\"dateModified\":\"2025-06-19T11:42:45+00:00\",\"mainEntityOfPage\":{\"@id\":\"https:\\\/\\\/crta.rs\\\/en\\\/media-audit-uncovering-the-relevance-and-importance-of-media-december-2023\\\/\"},\"wordCount\":259,\"image\":{\"@id\":\"https:\\\/\\\/crta.rs\\\/en\\\/media-audit-uncovering-the-relevance-and-importance-of-media-december-2023\\\/#primaryimage\"},\"thumbnailUrl\":\"https:\\\/\\\/crta.rs\\\/wp-content\\\/uploads\\\/2023\\\/12\\\/Analiza-medija-Prepoznavanje-relevantnosti-i-znacaja-medija-decembar-2023.png\",\"keywords\":[\"research\"],\"articleSection\":[\"Publications\"],\"inLanguage\":\"en-US\"},{\"@type\":\"WebPage\",\"@id\":\"https:\\\/\\\/crta.rs\\\/en\\\/media-audit-uncovering-the-relevance-and-importance-of-media-december-2023\\\/\",\"url\":\"https:\\\/\\\/crta.rs\\\/en\\\/media-audit-uncovering-the-relevance-and-importance-of-media-december-2023\\\/\",\"name\":\"Media Audit - Uncovering the relevance and importance of media, December 2023 - CRTA\",\"isPartOf\":{\"@id\":\"https:\\\/\\\/crta.rs\\\/en\\\/#website\"},\"primaryImageOfPage\":{\"@id\":\"https:\\\/\\\/crta.rs\\\/en\\\/media-audit-uncovering-the-relevance-and-importance-of-media-december-2023\\\/#primaryimage\"},\"image\":{\"@id\":\"https:\\\/\\\/crta.rs\\\/en\\\/media-audit-uncovering-the-relevance-and-importance-of-media-december-2023\\\/#primaryimage\"},\"thumbnailUrl\":\"https:\\\/\\\/crta.rs\\\/wp-content\\\/uploads\\\/2023\\\/12\\\/Analiza-medija-Prepoznavanje-relevantnosti-i-znacaja-medija-decembar-2023.png\",\"datePublished\":\"2023-12-30T19:44:27+00:00\",\"dateModified\":\"2025-06-19T11:42:45+00:00\",\"author\":{\"@id\":\"https:\\\/\\\/crta.rs\\\/en\\\/#\\\/schema\\\/person\\\/18f7126b92949f8242e7b65ece92db4c\"},\"breadcrumb\":{\"@id\":\"https:\\\/\\\/crta.rs\\\/en\\\/media-audit-uncovering-the-relevance-and-importance-of-media-december-2023\\\/#breadcrumb\"},\"inLanguage\":\"en-US\",\"potentialAction\":[{\"@type\":\"ReadAction\",\"target\":[\"https:\\\/\\\/crta.rs\\\/en\\\/media-audit-uncovering-the-relevance-and-importance-of-media-december-2023\\\/\"]}]},{\"@type\":\"ImageObject\",\"inLanguage\":\"en-US\",\"@id\":\"https:\\\/\\\/crta.rs\\\/en\\\/media-audit-uncovering-the-relevance-and-importance-of-media-december-2023\\\/#primaryimage\",\"url\":\"https:\\\/\\\/crta.rs\\\/wp-content\\\/uploads\\\/2023\\\/12\\\/Analiza-medija-Prepoznavanje-relevantnosti-i-znacaja-medija-decembar-2023.png\",\"contentUrl\":\"https:\\\/\\\/crta.rs\\\/wp-content\\\/uploads\\\/2023\\\/12\\\/Analiza-medija-Prepoznavanje-relevantnosti-i-znacaja-medija-decembar-2023.png\",\"width\":2184,\"height\":1336,\"caption\":\"Ilustracija Crta\"},{\"@type\":\"BreadcrumbList\",\"@id\":\"https:\\\/\\\/crta.rs\\\/en\\\/media-audit-uncovering-the-relevance-and-importance-of-media-december-2023\\\/#breadcrumb\",\"itemListElement\":[{\"@type\":\"ListItem\",\"position\":1,\"name\":\"Home\",\"item\":\"https:\\\/\\\/crta.rs\\\/en\\\/\"},{\"@type\":\"ListItem\",\"position\":2,\"name\":\"Publications\",\"item\":\"https:\\\/\\\/crta.rs\\\/en\\\/category\\\/publication-en\\\/\"},{\"@type\":\"ListItem\",\"position\":3,\"name\":\"Media Audit &#8211; Uncovering the relevance and importance of media, December 2023\"}]},{\"@type\":\"WebSite\",\"@id\":\"https:\\\/\\\/crta.rs\\\/en\\\/#website\",\"url\":\"https:\\\/\\\/crta.rs\\\/en\\\/\",\"name\":\"CRTA\",\"description\":\"Mi smo grupa aktivista i novinara koja zajedno sa gra\u0111anima uti\u010de na pove\u0107anje odgovornosti institucija i javnih funkcionera kroz pra\u0107enje i kontrolu njihovog rada.\",\"potentialAction\":[{\"@type\":\"SearchAction\",\"target\":{\"@type\":\"EntryPoint\",\"urlTemplate\":\"https:\\\/\\\/crta.rs\\\/en\\\/?s={search_term_string}\"},\"query-input\":{\"@type\":\"PropertyValueSpecification\",\"valueRequired\":true,\"valueName\":\"search_term_string\"}}],\"inLanguage\":\"en-US\"},{\"@type\":\"Person\",\"@id\":\"https:\\\/\\\/crta.rs\\\/en\\\/#\\\/schema\\\/person\\\/18f7126b92949f8242e7b65ece92db4c\",\"name\":\"ivana\",\"url\":\"https:\\\/\\\/crta.rs\\\/en\\\/author\\\/ivana\\\/\"}]}<\/script>\n<!-- \/ Yoast SEO plugin. -->","yoast_head_json":{"title":"Media Audit - Uncovering the relevance and importance of media, December 2023 - CRTA","robots":{"index":"index","follow":"follow","max-snippet":"max-snippet:-1","max-image-preview":"max-image-preview:large","max-video-preview":"max-video-preview:-1"},"canonical":"https:\/\/crta.rs\/en\/media-audit-uncovering-the-relevance-and-importance-of-media-december-2023\/","og_locale":"en_US","og_type":"article","og_title":"Media Audit - Uncovering the relevance and importance of media, December 2023 - CRTA","og_description":"\u201cMedia Analysis 2023 \u2013 Recognising the relevance and importance of the media\u201d brings a comprehensive research that sheds light on key aspects of media consumption, citizens\u2019 media habits and the level of citizens\u2019 trust in the media in Serbia. Television continues to stand out as the most important source of information, especially when it comes...","og_url":"https:\/\/crta.rs\/en\/media-audit-uncovering-the-relevance-and-importance-of-media-december-2023\/","og_site_name":"CRTA","article_publisher":"https:\/\/www.facebook.com\/CRTArs\/","article_published_time":"2023-12-30T19:44:27+00:00","article_modified_time":"2025-06-19T11:42:45+00:00","og_image":[{"width":2184,"height":1336,"url":"https:\/\/crta.rs\/wp-content\/uploads\/2023\/12\/Analiza-medija-Prepoznavanje-relevantnosti-i-znacaja-medija-decembar-2023.png","type":"image\/png"}],"author":"ivana","twitter_card":"summary_large_image","twitter_misc":{"Written by":"ivana","Est. reading time":"2 minutes"},"schema":{"@context":"https:\/\/schema.org","@graph":[{"@type":"Article","@id":"https:\/\/crta.rs\/en\/media-audit-uncovering-the-relevance-and-importance-of-media-december-2023\/#article","isPartOf":{"@id":"https:\/\/crta.rs\/en\/media-audit-uncovering-the-relevance-and-importance-of-media-december-2023\/"},"author":{"name":"ivana","@id":"https:\/\/crta.rs\/en\/#\/schema\/person\/18f7126b92949f8242e7b65ece92db4c"},"headline":"Media Audit &#8211; Uncovering the relevance and importance of media, December 2023","datePublished":"2023-12-30T19:44:27+00:00","dateModified":"2025-06-19T11:42:45+00:00","mainEntityOfPage":{"@id":"https:\/\/crta.rs\/en\/media-audit-uncovering-the-relevance-and-importance-of-media-december-2023\/"},"wordCount":259,"image":{"@id":"https:\/\/crta.rs\/en\/media-audit-uncovering-the-relevance-and-importance-of-media-december-2023\/#primaryimage"},"thumbnailUrl":"https:\/\/crta.rs\/wp-content\/uploads\/2023\/12\/Analiza-medija-Prepoznavanje-relevantnosti-i-znacaja-medija-decembar-2023.png","keywords":["research"],"articleSection":["Publications"],"inLanguage":"en-US"},{"@type":"WebPage","@id":"https:\/\/crta.rs\/en\/media-audit-uncovering-the-relevance-and-importance-of-media-december-2023\/","url":"https:\/\/crta.rs\/en\/media-audit-uncovering-the-relevance-and-importance-of-media-december-2023\/","name":"Media Audit - Uncovering the relevance and importance of media, December 2023 - CRTA","isPartOf":{"@id":"https:\/\/crta.rs\/en\/#website"},"primaryImageOfPage":{"@id":"https:\/\/crta.rs\/en\/media-audit-uncovering-the-relevance-and-importance-of-media-december-2023\/#primaryimage"},"image":{"@id":"https:\/\/crta.rs\/en\/media-audit-uncovering-the-relevance-and-importance-of-media-december-2023\/#primaryimage"},"thumbnailUrl":"https:\/\/crta.rs\/wp-content\/uploads\/2023\/12\/Analiza-medija-Prepoznavanje-relevantnosti-i-znacaja-medija-decembar-2023.png","datePublished":"2023-12-30T19:44:27+00:00","dateModified":"2025-06-19T11:42:45+00:00","author":{"@id":"https:\/\/crta.rs\/en\/#\/schema\/person\/18f7126b92949f8242e7b65ece92db4c"},"breadcrumb":{"@id":"https:\/\/crta.rs\/en\/media-audit-uncovering-the-relevance-and-importance-of-media-december-2023\/#breadcrumb"},"inLanguage":"en-US","potentialAction":[{"@type":"ReadAction","target":["https:\/\/crta.rs\/en\/media-audit-uncovering-the-relevance-and-importance-of-media-december-2023\/"]}]},{"@type":"ImageObject","inLanguage":"en-US","@id":"https:\/\/crta.rs\/en\/media-audit-uncovering-the-relevance-and-importance-of-media-december-2023\/#primaryimage","url":"https:\/\/crta.rs\/wp-content\/uploads\/2023\/12\/Analiza-medija-Prepoznavanje-relevantnosti-i-znacaja-medija-decembar-2023.png","contentUrl":"https:\/\/crta.rs\/wp-content\/uploads\/2023\/12\/Analiza-medija-Prepoznavanje-relevantnosti-i-znacaja-medija-decembar-2023.png","width":2184,"height":1336,"caption":"Ilustracija Crta"},{"@type":"BreadcrumbList","@id":"https:\/\/crta.rs\/en\/media-audit-uncovering-the-relevance-and-importance-of-media-december-2023\/#breadcrumb","itemListElement":[{"@type":"ListItem","position":1,"name":"Home","item":"https:\/\/crta.rs\/en\/"},{"@type":"ListItem","position":2,"name":"Publications","item":"https:\/\/crta.rs\/en\/category\/publication-en\/"},{"@type":"ListItem","position":3,"name":"Media Audit &#8211; Uncovering the relevance and importance of media, December 2023"}]},{"@type":"WebSite","@id":"https:\/\/crta.rs\/en\/#website","url":"https:\/\/crta.rs\/en\/","name":"CRTA","description":"Mi smo grupa aktivista i novinara koja zajedno sa gra\u0111anima uti\u010de na pove\u0107anje odgovornosti institucija i javnih funkcionera kroz pra\u0107enje i kontrolu njihovog rada.","potentialAction":[{"@type":"SearchAction","target":{"@type":"EntryPoint","urlTemplate":"https:\/\/crta.rs\/en\/?s={search_term_string}"},"query-input":{"@type":"PropertyValueSpecification","valueRequired":true,"valueName":"search_term_string"}}],"inLanguage":"en-US"},{"@type":"Person","@id":"https:\/\/crta.rs\/en\/#\/schema\/person\/18f7126b92949f8242e7b65ece92db4c","name":"ivana","url":"https:\/\/crta.rs\/en\/author\/ivana\/"}]}},"_links":{"self":[{"href":"https:\/\/crta.rs\/en\/wp-json\/wp\/v2\/posts\/39353","targetHints":{"allow":["GET"]}}],"collection":[{"href":"https:\/\/crta.rs\/en\/wp-json\/wp\/v2\/posts"}],"about":[{"href":"https:\/\/crta.rs\/en\/wp-json\/wp\/v2\/types\/post"}],"author":[{"embeddable":true,"href":"https:\/\/crta.rs\/en\/wp-json\/wp\/v2\/users\/7"}],"replies":[{"embeddable":true,"href":"https:\/\/crta.rs\/en\/wp-json\/wp\/v2\/comments?post=39353"}],"version-history":[{"count":4,"href":"https:\/\/crta.rs\/en\/wp-json\/wp\/v2\/posts\/39353\/revisions"}],"predecessor-version":[{"id":39431,"href":"https:\/\/crta.rs\/en\/wp-json\/wp\/v2\/posts\/39353\/revisions\/39431"}],"wp:featuredmedia":[{"embeddable":true,"href":"https:\/\/crta.rs\/en\/wp-json\/wp\/v2\/media\/39351"}],"wp:attachment":[{"href":"https:\/\/crta.rs\/en\/wp-json\/wp\/v2\/media?parent=39353"}],"wp:term":[{"taxonomy":"category","embeddable":true,"href":"https:\/\/crta.rs\/en\/wp-json\/wp\/v2\/categories?post=39353"},{"taxonomy":"post_tag","embeddable":true,"href":"https:\/\/crta.rs\/en\/wp-json\/wp\/v2\/tags?post=39353"}],"curies":[{"name":"wp","href":"https:\/\/api.w.org\/{rel}","templated":true}]}}