{"id":39130,"date":"2023-12-18T01:39:39","date_gmt":"2023-12-18T00:39:39","guid":{"rendered":"https:\/\/crta.rs\/?p=39130"},"modified":"2023-12-18T01:39:39","modified_gmt":"2023-12-18T00:39:39","slug":"01-38-crta-will-announce-the-projection-of-the-election-results-on-monday-at-13-00h","status":"publish","type":"post","link":"https:\/\/crta.rs\/en\/01-38-crta-will-announce-the-projection-of-the-election-results-on-monday-at-13-00h\/","title":{"rendered":"01.38 &#8211; CRTA will announce the projection of the election results on Monday at 13.00h"},"content":{"rendered":"<p>We will announce the projection of the election results at the Belgrade elections on Monday, December 18 at 13:00, along with the overall assessment of the election day.<\/p>\n<p>Problems that marked the election day on December 17 were particularly serious in Belgrade, primarily caused by the intent to influence citizens&#8217; electoral will. Due to these circumstances, we believe that numbers attributed to the election results in Belgrade need to be interpreted in the context of the intensive irregularities that were recorded at polling stations, and on the territory in-between, from Arena to Zmaj and further.<\/p>\n","protected":false},"excerpt":{"rendered":"<p>We will announce the projection of the election results at the Belgrade elections on Monday, December 18 at 13:00, along with the overall assessment of the election day. Problems that marked the election day on December 17 were particularly serious in Belgrade, primarily caused by the intent to influence citizens&#8217; electoral will. Due to these&#8230;<\/p>\n","protected":false},"author":709,"featured_media":0,"comment_status":"closed","ping_status":"open","sticky":false,"template":"","format":"standard","meta":{"_acf_changed":false,"footnotes":"","_links_to":"","_links_to_target":""},"categories":[942],"tags":[],"class_list":["post-39130","post","type-post","status-publish","format-standard","hentry","category-live-blog-en","ciTrackContent"],"acf":[],"yoast_head":"<!-- This site is optimized with the Yoast SEO plugin v27.4 - https:\/\/yoast.com\/product\/yoast-seo-wordpress\/ -->\n<title>01.38 - CRTA will announce the projection of the election results on Monday at 13.00h - CRTA<\/title>\n<meta name=\"robots\" content=\"index, follow, max-snippet:-1, max-image-preview:large, max-video-preview:-1\" \/>\n<link rel=\"canonical\" href=\"https:\/\/crta.rs\/en\/01-38-crta-will-announce-the-projection-of-the-election-results-on-monday-at-13-00h\/\" \/>\n<meta property=\"og:locale\" content=\"en_US\" \/>\n<meta property=\"og:type\" content=\"article\" \/>\n<meta property=\"og:title\" content=\"01.38 - CRTA will announce the projection of the election results on Monday at 13.00h - CRTA\" \/>\n<meta property=\"og:description\" content=\"We will announce the projection of the election results at the Belgrade elections on Monday, December 18 at 13:00, along with the overall assessment of the election day. Problems that marked the election day on December 17 were particularly serious in Belgrade, primarily caused by the intent to influence citizens&#8217; electoral will. Due to these...\" \/>\n<meta property=\"og:url\" content=\"https:\/\/crta.rs\/en\/01-38-crta-will-announce-the-projection-of-the-election-results-on-monday-at-13-00h\/\" \/>\n<meta property=\"og:site_name\" content=\"CRTA\" \/>\n<meta property=\"article:publisher\" content=\"https:\/\/www.facebook.com\/CRTArs\/\" \/>\n<meta property=\"article:published_time\" content=\"2023-12-18T00:39:39+00:00\" \/>\n<meta property=\"og:image\" content=\"https:\/\/crta.rs\/wp-content\/uploads\/2019\/03\/CRTA-logo.jpg\" \/>\n\t<meta property=\"og:image:width\" content=\"2400\" \/>\n\t<meta property=\"og:image:height\" content=\"1596\" \/>\n\t<meta property=\"og:image:type\" content=\"image\/jpeg\" \/>\n<meta name=\"author\" content=\"Mila Stankovic\" \/>\n<meta name=\"twitter:card\" content=\"summary_large_image\" \/>\n<meta name=\"twitter:label1\" content=\"Written by\" \/>\n\t<meta name=\"twitter:data1\" content=\"Mila Stankovic\" \/>\n\t<meta name=\"twitter:label2\" content=\"Est. reading time\" \/>\n\t<meta name=\"twitter:data2\" content=\"1 minute\" \/>\n<script type=\"application\/ld+json\" class=\"yoast-schema-graph\">{\"@context\":\"https:\\\/\\\/schema.org\",\"@graph\":[{\"@type\":\"Article\",\"@id\":\"https:\\\/\\\/crta.rs\\\/en\\\/01-38-crta-will-announce-the-projection-of-the-election-results-on-monday-at-13-00h\\\/#article\",\"isPartOf\":{\"@id\":\"https:\\\/\\\/crta.rs\\\/en\\\/01-38-crta-will-announce-the-projection-of-the-election-results-on-monday-at-13-00h\\\/\"},\"author\":{\"name\":\"Mila Stankovic\",\"@id\":\"https:\\\/\\\/crta.rs\\\/en\\\/#\\\/schema\\\/person\\\/6831a3cbdcff21e0c2a512f9333a8a91\"},\"headline\":\"01.38 &#8211; CRTA will announce the projection of the election results on Monday at 13.00h\",\"datePublished\":\"2023-12-18T00:39:39+00:00\",\"mainEntityOfPage\":{\"@id\":\"https:\\\/\\\/crta.rs\\\/en\\\/01-38-crta-will-announce-the-projection-of-the-election-results-on-monday-at-13-00h\\\/\"},\"wordCount\":106,\"articleSection\":[\"Live Blog\"],\"inLanguage\":\"en-US\"},{\"@type\":\"WebPage\",\"@id\":\"https:\\\/\\\/crta.rs\\\/en\\\/01-38-crta-will-announce-the-projection-of-the-election-results-on-monday-at-13-00h\\\/\",\"url\":\"https:\\\/\\\/crta.rs\\\/en\\\/01-38-crta-will-announce-the-projection-of-the-election-results-on-monday-at-13-00h\\\/\",\"name\":\"01.38 - CRTA will announce the projection of the election results on Monday at 13.00h - CRTA\",\"isPartOf\":{\"@id\":\"https:\\\/\\\/crta.rs\\\/en\\\/#website\"},\"datePublished\":\"2023-12-18T00:39:39+00:00\",\"author\":{\"@id\":\"https:\\\/\\\/crta.rs\\\/en\\\/#\\\/schema\\\/person\\\/6831a3cbdcff21e0c2a512f9333a8a91\"},\"breadcrumb\":{\"@id\":\"https:\\\/\\\/crta.rs\\\/en\\\/01-38-crta-will-announce-the-projection-of-the-election-results-on-monday-at-13-00h\\\/#breadcrumb\"},\"inLanguage\":\"en-US\",\"potentialAction\":[{\"@type\":\"ReadAction\",\"target\":[\"https:\\\/\\\/crta.rs\\\/en\\\/01-38-crta-will-announce-the-projection-of-the-election-results-on-monday-at-13-00h\\\/\"]}]},{\"@type\":\"BreadcrumbList\",\"@id\":\"https:\\\/\\\/crta.rs\\\/en\\\/01-38-crta-will-announce-the-projection-of-the-election-results-on-monday-at-13-00h\\\/#breadcrumb\",\"itemListElement\":[{\"@type\":\"ListItem\",\"position\":1,\"name\":\"Home\",\"item\":\"https:\\\/\\\/crta.rs\\\/en\\\/\"},{\"@type\":\"ListItem\",\"position\":2,\"name\":\"Live Blog\",\"item\":\"https:\\\/\\\/crta.rs\\\/en\\\/category\\\/live-blog-en\\\/\"},{\"@type\":\"ListItem\",\"position\":3,\"name\":\"01.38 &#8211; CRTA will announce the projection of the election results on Monday at 13.00h\"}]},{\"@type\":\"WebSite\",\"@id\":\"https:\\\/\\\/crta.rs\\\/en\\\/#website\",\"url\":\"https:\\\/\\\/crta.rs\\\/en\\\/\",\"name\":\"CRTA\",\"description\":\"Mi smo grupa aktivista i novinara koja zajedno sa gra\u0111anima uti\u010de na pove\u0107anje odgovornosti institucija i javnih funkcionera kroz pra\u0107enje i kontrolu njihovog rada.\",\"potentialAction\":[{\"@type\":\"SearchAction\",\"target\":{\"@type\":\"EntryPoint\",\"urlTemplate\":\"https:\\\/\\\/crta.rs\\\/en\\\/?s={search_term_string}\"},\"query-input\":{\"@type\":\"PropertyValueSpecification\",\"valueRequired\":true,\"valueName\":\"search_term_string\"}}],\"inLanguage\":\"en-US\"},{\"@type\":\"Person\",\"@id\":\"https:\\\/\\\/crta.rs\\\/en\\\/#\\\/schema\\\/person\\\/6831a3cbdcff21e0c2a512f9333a8a91\",\"name\":\"Mila Stankovic\",\"url\":\"https:\\\/\\\/crta.rs\\\/en\\\/author\\\/mila\\\/\"}]}<\/script>\n<!-- \/ Yoast SEO plugin. -->","yoast_head_json":{"title":"01.38 - CRTA will announce the projection of the election results on Monday at 13.00h - CRTA","robots":{"index":"index","follow":"follow","max-snippet":"max-snippet:-1","max-image-preview":"max-image-preview:large","max-video-preview":"max-video-preview:-1"},"canonical":"https:\/\/crta.rs\/en\/01-38-crta-will-announce-the-projection-of-the-election-results-on-monday-at-13-00h\/","og_locale":"en_US","og_type":"article","og_title":"01.38 - CRTA will announce the projection of the election results on Monday at 13.00h - CRTA","og_description":"We will announce the projection of the election results at the Belgrade elections on Monday, December 18 at 13:00, along with the overall assessment of the election day. Problems that marked the election day on December 17 were particularly serious in Belgrade, primarily caused by the intent to influence citizens&#8217; electoral will. Due to these...","og_url":"https:\/\/crta.rs\/en\/01-38-crta-will-announce-the-projection-of-the-election-results-on-monday-at-13-00h\/","og_site_name":"CRTA","article_publisher":"https:\/\/www.facebook.com\/CRTArs\/","article_published_time":"2023-12-18T00:39:39+00:00","og_image":[{"width":2400,"height":1596,"url":"https:\/\/crta.rs\/wp-content\/uploads\/2019\/03\/CRTA-logo.jpg","type":"image\/jpeg"}],"author":"Mila Stankovic","twitter_card":"summary_large_image","twitter_misc":{"Written by":"Mila Stankovic","Est. reading time":"1 minute"},"schema":{"@context":"https:\/\/schema.org","@graph":[{"@type":"Article","@id":"https:\/\/crta.rs\/en\/01-38-crta-will-announce-the-projection-of-the-election-results-on-monday-at-13-00h\/#article","isPartOf":{"@id":"https:\/\/crta.rs\/en\/01-38-crta-will-announce-the-projection-of-the-election-results-on-monday-at-13-00h\/"},"author":{"name":"Mila Stankovic","@id":"https:\/\/crta.rs\/en\/#\/schema\/person\/6831a3cbdcff21e0c2a512f9333a8a91"},"headline":"01.38 &#8211; CRTA will announce the projection of the election results on Monday at 13.00h","datePublished":"2023-12-18T00:39:39+00:00","mainEntityOfPage":{"@id":"https:\/\/crta.rs\/en\/01-38-crta-will-announce-the-projection-of-the-election-results-on-monday-at-13-00h\/"},"wordCount":106,"articleSection":["Live Blog"],"inLanguage":"en-US"},{"@type":"WebPage","@id":"https:\/\/crta.rs\/en\/01-38-crta-will-announce-the-projection-of-the-election-results-on-monday-at-13-00h\/","url":"https:\/\/crta.rs\/en\/01-38-crta-will-announce-the-projection-of-the-election-results-on-monday-at-13-00h\/","name":"01.38 - CRTA will announce the projection of the election results on Monday at 13.00h - CRTA","isPartOf":{"@id":"https:\/\/crta.rs\/en\/#website"},"datePublished":"2023-12-18T00:39:39+00:00","author":{"@id":"https:\/\/crta.rs\/en\/#\/schema\/person\/6831a3cbdcff21e0c2a512f9333a8a91"},"breadcrumb":{"@id":"https:\/\/crta.rs\/en\/01-38-crta-will-announce-the-projection-of-the-election-results-on-monday-at-13-00h\/#breadcrumb"},"inLanguage":"en-US","potentialAction":[{"@type":"ReadAction","target":["https:\/\/crta.rs\/en\/01-38-crta-will-announce-the-projection-of-the-election-results-on-monday-at-13-00h\/"]}]},{"@type":"BreadcrumbList","@id":"https:\/\/crta.rs\/en\/01-38-crta-will-announce-the-projection-of-the-election-results-on-monday-at-13-00h\/#breadcrumb","itemListElement":[{"@type":"ListItem","position":1,"name":"Home","item":"https:\/\/crta.rs\/en\/"},{"@type":"ListItem","position":2,"name":"Live Blog","item":"https:\/\/crta.rs\/en\/category\/live-blog-en\/"},{"@type":"ListItem","position":3,"name":"01.38 &#8211; CRTA will announce the projection of the election results on Monday at 13.00h"}]},{"@type":"WebSite","@id":"https:\/\/crta.rs\/en\/#website","url":"https:\/\/crta.rs\/en\/","name":"CRTA","description":"Mi smo grupa aktivista i novinara koja zajedno sa gra\u0111anima uti\u010de na pove\u0107anje odgovornosti institucija i javnih funkcionera kroz pra\u0107enje i kontrolu njihovog rada.","potentialAction":[{"@type":"SearchAction","target":{"@type":"EntryPoint","urlTemplate":"https:\/\/crta.rs\/en\/?s={search_term_string}"},"query-input":{"@type":"PropertyValueSpecification","valueRequired":true,"valueName":"search_term_string"}}],"inLanguage":"en-US"},{"@type":"Person","@id":"https:\/\/crta.rs\/en\/#\/schema\/person\/6831a3cbdcff21e0c2a512f9333a8a91","name":"Mila Stankovic","url":"https:\/\/crta.rs\/en\/author\/mila\/"}]}},"_links":{"self":[{"href":"https:\/\/crta.rs\/en\/wp-json\/wp\/v2\/posts\/39130","targetHints":{"allow":["GET"]}}],"collection":[{"href":"https:\/\/crta.rs\/en\/wp-json\/wp\/v2\/posts"}],"about":[{"href":"https:\/\/crta.rs\/en\/wp-json\/wp\/v2\/types\/post"}],"author":[{"embeddable":true,"href":"https:\/\/crta.rs\/en\/wp-json\/wp\/v2\/users\/709"}],"replies":[{"embeddable":true,"href":"https:\/\/crta.rs\/en\/wp-json\/wp\/v2\/comments?post=39130"}],"version-history":[{"count":1,"href":"https:\/\/crta.rs\/en\/wp-json\/wp\/v2\/posts\/39130\/revisions"}],"predecessor-version":[{"id":39131,"href":"https:\/\/crta.rs\/en\/wp-json\/wp\/v2\/posts\/39130\/revisions\/39131"}],"wp:attachment":[{"href":"https:\/\/crta.rs\/en\/wp-json\/wp\/v2\/media?parent=39130"}],"wp:term":[{"taxonomy":"category","embeddable":true,"href":"https:\/\/crta.rs\/en\/wp-json\/wp\/v2\/categories?post=39130"},{"taxonomy":"post_tag","embeddable":true,"href":"https:\/\/crta.rs\/en\/wp-json\/wp\/v2\/tags?post=39130"}],"curies":[{"name":"wp","href":"https:\/\/api.w.org\/{rel}","templated":true}]}}