{"id":39122,"date":"2023-12-18T00:40:03","date_gmt":"2023-12-17T23:40:03","guid":{"rendered":"https:\/\/crta.rs\/?p=39122"},"modified":"2023-12-18T00:40:44","modified_gmt":"2023-12-17T23:40:44","slug":"electoral-list-serbia-must-not-stop-467-percent-at-parliamentary-elections-serbia-against-violence-231-percent-2","status":"publish","type":"post","link":"https:\/\/crta.rs\/en\/electoral-list-serbia-must-not-stop-467-percent-at-parliamentary-elections-serbia-against-violence-231-percent-2\/","title":{"rendered":"00.40- ELECTORAL LIST \u201cSERBIA MUST NOT STOP\u201d 46,7 PERCENT AT PARLIAMENTARY ELECTIONS, \u201cSERBIA AGAINST VIOLENCE\u201d 23,1 PERCENT"},"content":{"rendered":"<p><span style=\"font-weight: 400;\">On the basis of 95 percent of the processed sample, voter turnout in parliamentary elections amounted to 59,1 percent (margin of error 0.9 percent).<\/span><\/p>\n<p><span style=\"font-weight: 400;\">Projection of election results on the basis of 95% of processed sample &#8211; <\/span><a href=\"https:\/\/crta.rs\/en\/electoral-list-serbia-must-not-stop-467-percent-at-parliamentary-elections-serbia-against-violence-231-percent\/\"><b>read here<\/b><\/a><span style=\"font-weight: 400;\">.<\/span><\/p>\n","protected":false},"excerpt":{"rendered":"<p>On the basis of 95 percent of the processed sample, voter turnout in parliamentary elections amounted to 59,1 percent (margin of error 0.9 percent). Projection of election results on the basis of 95% of processed sample &#8211; read here.<\/p>\n","protected":false},"author":709,"featured_media":0,"comment_status":"closed","ping_status":"open","sticky":false,"template":"","format":"standard","meta":{"_acf_changed":false,"footnotes":"","_links_to":"","_links_to_target":""},"categories":[942],"tags":[],"class_list":["post-39122","post","type-post","status-publish","format-standard","hentry","category-live-blog-en","ciTrackContent"],"acf":[],"yoast_head":"<!-- This site is optimized with the Yoast SEO plugin v27.4 - https:\/\/yoast.com\/product\/yoast-seo-wordpress\/ -->\n<title>00.40- ELECTORAL LIST \u201cSERBIA MUST NOT STOP\u201d 46,7 PERCENT AT PARLIAMENTARY ELECTIONS, \u201cSERBIA AGAINST VIOLENCE\u201d 23,1 PERCENT - CRTA<\/title>\n<meta name=\"robots\" content=\"index, follow, max-snippet:-1, max-image-preview:large, max-video-preview:-1\" \/>\n<link rel=\"canonical\" href=\"https:\/\/crta.rs\/en\/electoral-list-serbia-must-not-stop-467-percent-at-parliamentary-elections-serbia-against-violence-231-percent-2\/\" \/>\n<meta property=\"og:locale\" content=\"en_US\" \/>\n<meta property=\"og:type\" content=\"article\" \/>\n<meta property=\"og:title\" content=\"00.40- ELECTORAL LIST \u201cSERBIA MUST NOT STOP\u201d 46,7 PERCENT AT PARLIAMENTARY ELECTIONS, \u201cSERBIA AGAINST VIOLENCE\u201d 23,1 PERCENT - CRTA\" \/>\n<meta property=\"og:description\" content=\"On the basis of 95 percent of the processed sample, voter turnout in parliamentary elections amounted to 59,1 percent (margin of error 0.9 percent). Projection of election results on the basis of 95% of processed sample &#8211; read here.\" \/>\n<meta property=\"og:url\" content=\"https:\/\/crta.rs\/en\/electoral-list-serbia-must-not-stop-467-percent-at-parliamentary-elections-serbia-against-violence-231-percent-2\/\" \/>\n<meta property=\"og:site_name\" content=\"CRTA\" \/>\n<meta property=\"article:publisher\" content=\"https:\/\/www.facebook.com\/CRTArs\/\" \/>\n<meta property=\"article:published_time\" content=\"2023-12-17T23:40:03+00:00\" \/>\n<meta property=\"article:modified_time\" content=\"2023-12-17T23:40:44+00:00\" \/>\n<meta property=\"og:image\" content=\"https:\/\/crta.rs\/wp-content\/uploads\/2019\/03\/CRTA-logo.jpg\" \/>\n\t<meta property=\"og:image:width\" content=\"2400\" \/>\n\t<meta property=\"og:image:height\" content=\"1596\" \/>\n\t<meta property=\"og:image:type\" content=\"image\/jpeg\" \/>\n<meta name=\"author\" content=\"Mila Stankovic\" \/>\n<meta name=\"twitter:card\" content=\"summary_large_image\" \/>\n<meta name=\"twitter:label1\" content=\"Written by\" \/>\n\t<meta name=\"twitter:data1\" content=\"Mila Stankovic\" \/>\n\t<meta name=\"twitter:label2\" content=\"Est. reading time\" \/>\n\t<meta name=\"twitter:data2\" content=\"1 minute\" \/>\n<script type=\"application\/ld+json\" class=\"yoast-schema-graph\">{\"@context\":\"https:\\\/\\\/schema.org\",\"@graph\":[{\"@type\":\"Article\",\"@id\":\"https:\\\/\\\/crta.rs\\\/en\\\/electoral-list-serbia-must-not-stop-467-percent-at-parliamentary-elections-serbia-against-violence-231-percent-2\\\/#article\",\"isPartOf\":{\"@id\":\"https:\\\/\\\/crta.rs\\\/en\\\/electoral-list-serbia-must-not-stop-467-percent-at-parliamentary-elections-serbia-against-violence-231-percent-2\\\/\"},\"author\":{\"name\":\"Mila Stankovic\",\"@id\":\"https:\\\/\\\/crta.rs\\\/en\\\/#\\\/schema\\\/person\\\/6831a3cbdcff21e0c2a512f9333a8a91\"},\"headline\":\"00.40- ELECTORAL LIST \u201cSERBIA MUST NOT STOP\u201d 46,7 PERCENT AT PARLIAMENTARY ELECTIONS, \u201cSERBIA AGAINST VIOLENCE\u201d 23,1 PERCENT\",\"datePublished\":\"2023-12-17T23:40:03+00:00\",\"dateModified\":\"2023-12-17T23:40:44+00:00\",\"mainEntityOfPage\":{\"@id\":\"https:\\\/\\\/crta.rs\\\/en\\\/electoral-list-serbia-must-not-stop-467-percent-at-parliamentary-elections-serbia-against-violence-231-percent-2\\\/\"},\"wordCount\":50,\"articleSection\":[\"Live Blog\"],\"inLanguage\":\"en-US\"},{\"@type\":\"WebPage\",\"@id\":\"https:\\\/\\\/crta.rs\\\/en\\\/electoral-list-serbia-must-not-stop-467-percent-at-parliamentary-elections-serbia-against-violence-231-percent-2\\\/\",\"url\":\"https:\\\/\\\/crta.rs\\\/en\\\/electoral-list-serbia-must-not-stop-467-percent-at-parliamentary-elections-serbia-against-violence-231-percent-2\\\/\",\"name\":\"00.40- ELECTORAL LIST \u201cSERBIA MUST NOT STOP\u201d 46,7 PERCENT AT PARLIAMENTARY ELECTIONS, \u201cSERBIA AGAINST VIOLENCE\u201d 23,1 PERCENT - CRTA\",\"isPartOf\":{\"@id\":\"https:\\\/\\\/crta.rs\\\/en\\\/#website\"},\"datePublished\":\"2023-12-17T23:40:03+00:00\",\"dateModified\":\"2023-12-17T23:40:44+00:00\",\"author\":{\"@id\":\"https:\\\/\\\/crta.rs\\\/en\\\/#\\\/schema\\\/person\\\/6831a3cbdcff21e0c2a512f9333a8a91\"},\"breadcrumb\":{\"@id\":\"https:\\\/\\\/crta.rs\\\/en\\\/electoral-list-serbia-must-not-stop-467-percent-at-parliamentary-elections-serbia-against-violence-231-percent-2\\\/#breadcrumb\"},\"inLanguage\":\"en-US\",\"potentialAction\":[{\"@type\":\"ReadAction\",\"target\":[\"https:\\\/\\\/crta.rs\\\/en\\\/electoral-list-serbia-must-not-stop-467-percent-at-parliamentary-elections-serbia-against-violence-231-percent-2\\\/\"]}]},{\"@type\":\"BreadcrumbList\",\"@id\":\"https:\\\/\\\/crta.rs\\\/en\\\/electoral-list-serbia-must-not-stop-467-percent-at-parliamentary-elections-serbia-against-violence-231-percent-2\\\/#breadcrumb\",\"itemListElement\":[{\"@type\":\"ListItem\",\"position\":1,\"name\":\"Home\",\"item\":\"https:\\\/\\\/crta.rs\\\/en\\\/\"},{\"@type\":\"ListItem\",\"position\":2,\"name\":\"Live Blog\",\"item\":\"https:\\\/\\\/crta.rs\\\/en\\\/category\\\/live-blog-en\\\/\"},{\"@type\":\"ListItem\",\"position\":3,\"name\":\"00.40- ELECTORAL LIST \u201cSERBIA MUST NOT STOP\u201d 46,7 PERCENT AT PARLIAMENTARY ELECTIONS, \u201cSERBIA AGAINST VIOLENCE\u201d 23,1 PERCENT\"}]},{\"@type\":\"WebSite\",\"@id\":\"https:\\\/\\\/crta.rs\\\/en\\\/#website\",\"url\":\"https:\\\/\\\/crta.rs\\\/en\\\/\",\"name\":\"CRTA\",\"description\":\"Mi smo grupa aktivista i novinara koja zajedno sa gra\u0111anima uti\u010de na pove\u0107anje odgovornosti institucija i javnih funkcionera kroz pra\u0107enje i kontrolu njihovog rada.\",\"potentialAction\":[{\"@type\":\"SearchAction\",\"target\":{\"@type\":\"EntryPoint\",\"urlTemplate\":\"https:\\\/\\\/crta.rs\\\/en\\\/?s={search_term_string}\"},\"query-input\":{\"@type\":\"PropertyValueSpecification\",\"valueRequired\":true,\"valueName\":\"search_term_string\"}}],\"inLanguage\":\"en-US\"},{\"@type\":\"Person\",\"@id\":\"https:\\\/\\\/crta.rs\\\/en\\\/#\\\/schema\\\/person\\\/6831a3cbdcff21e0c2a512f9333a8a91\",\"name\":\"Mila Stankovic\",\"url\":\"https:\\\/\\\/crta.rs\\\/en\\\/author\\\/mila\\\/\"}]}<\/script>\n<!-- \/ Yoast SEO plugin. -->","yoast_head_json":{"title":"00.40- ELECTORAL LIST \u201cSERBIA MUST NOT STOP\u201d 46,7 PERCENT AT PARLIAMENTARY ELECTIONS, \u201cSERBIA AGAINST VIOLENCE\u201d 23,1 PERCENT - CRTA","robots":{"index":"index","follow":"follow","max-snippet":"max-snippet:-1","max-image-preview":"max-image-preview:large","max-video-preview":"max-video-preview:-1"},"canonical":"https:\/\/crta.rs\/en\/electoral-list-serbia-must-not-stop-467-percent-at-parliamentary-elections-serbia-against-violence-231-percent-2\/","og_locale":"en_US","og_type":"article","og_title":"00.40- ELECTORAL LIST \u201cSERBIA MUST NOT STOP\u201d 46,7 PERCENT AT PARLIAMENTARY ELECTIONS, \u201cSERBIA AGAINST VIOLENCE\u201d 23,1 PERCENT - CRTA","og_description":"On the basis of 95 percent of the processed sample, voter turnout in parliamentary elections amounted to 59,1 percent (margin of error 0.9 percent). Projection of election results on the basis of 95% of processed sample &#8211; read here.","og_url":"https:\/\/crta.rs\/en\/electoral-list-serbia-must-not-stop-467-percent-at-parliamentary-elections-serbia-against-violence-231-percent-2\/","og_site_name":"CRTA","article_publisher":"https:\/\/www.facebook.com\/CRTArs\/","article_published_time":"2023-12-17T23:40:03+00:00","article_modified_time":"2023-12-17T23:40:44+00:00","og_image":[{"width":2400,"height":1596,"url":"https:\/\/crta.rs\/wp-content\/uploads\/2019\/03\/CRTA-logo.jpg","type":"image\/jpeg"}],"author":"Mila Stankovic","twitter_card":"summary_large_image","twitter_misc":{"Written by":"Mila Stankovic","Est. reading time":"1 minute"},"schema":{"@context":"https:\/\/schema.org","@graph":[{"@type":"Article","@id":"https:\/\/crta.rs\/en\/electoral-list-serbia-must-not-stop-467-percent-at-parliamentary-elections-serbia-against-violence-231-percent-2\/#article","isPartOf":{"@id":"https:\/\/crta.rs\/en\/electoral-list-serbia-must-not-stop-467-percent-at-parliamentary-elections-serbia-against-violence-231-percent-2\/"},"author":{"name":"Mila Stankovic","@id":"https:\/\/crta.rs\/en\/#\/schema\/person\/6831a3cbdcff21e0c2a512f9333a8a91"},"headline":"00.40- ELECTORAL LIST \u201cSERBIA MUST NOT STOP\u201d 46,7 PERCENT AT PARLIAMENTARY ELECTIONS, \u201cSERBIA AGAINST VIOLENCE\u201d 23,1 PERCENT","datePublished":"2023-12-17T23:40:03+00:00","dateModified":"2023-12-17T23:40:44+00:00","mainEntityOfPage":{"@id":"https:\/\/crta.rs\/en\/electoral-list-serbia-must-not-stop-467-percent-at-parliamentary-elections-serbia-against-violence-231-percent-2\/"},"wordCount":50,"articleSection":["Live Blog"],"inLanguage":"en-US"},{"@type":"WebPage","@id":"https:\/\/crta.rs\/en\/electoral-list-serbia-must-not-stop-467-percent-at-parliamentary-elections-serbia-against-violence-231-percent-2\/","url":"https:\/\/crta.rs\/en\/electoral-list-serbia-must-not-stop-467-percent-at-parliamentary-elections-serbia-against-violence-231-percent-2\/","name":"00.40- ELECTORAL LIST \u201cSERBIA MUST NOT STOP\u201d 46,7 PERCENT AT PARLIAMENTARY ELECTIONS, \u201cSERBIA AGAINST VIOLENCE\u201d 23,1 PERCENT - CRTA","isPartOf":{"@id":"https:\/\/crta.rs\/en\/#website"},"datePublished":"2023-12-17T23:40:03+00:00","dateModified":"2023-12-17T23:40:44+00:00","author":{"@id":"https:\/\/crta.rs\/en\/#\/schema\/person\/6831a3cbdcff21e0c2a512f9333a8a91"},"breadcrumb":{"@id":"https:\/\/crta.rs\/en\/electoral-list-serbia-must-not-stop-467-percent-at-parliamentary-elections-serbia-against-violence-231-percent-2\/#breadcrumb"},"inLanguage":"en-US","potentialAction":[{"@type":"ReadAction","target":["https:\/\/crta.rs\/en\/electoral-list-serbia-must-not-stop-467-percent-at-parliamentary-elections-serbia-against-violence-231-percent-2\/"]}]},{"@type":"BreadcrumbList","@id":"https:\/\/crta.rs\/en\/electoral-list-serbia-must-not-stop-467-percent-at-parliamentary-elections-serbia-against-violence-231-percent-2\/#breadcrumb","itemListElement":[{"@type":"ListItem","position":1,"name":"Home","item":"https:\/\/crta.rs\/en\/"},{"@type":"ListItem","position":2,"name":"Live Blog","item":"https:\/\/crta.rs\/en\/category\/live-blog-en\/"},{"@type":"ListItem","position":3,"name":"00.40- ELECTORAL LIST \u201cSERBIA MUST NOT STOP\u201d 46,7 PERCENT AT PARLIAMENTARY ELECTIONS, \u201cSERBIA AGAINST VIOLENCE\u201d 23,1 PERCENT"}]},{"@type":"WebSite","@id":"https:\/\/crta.rs\/en\/#website","url":"https:\/\/crta.rs\/en\/","name":"CRTA","description":"Mi smo grupa aktivista i novinara koja zajedno sa gra\u0111anima uti\u010de na pove\u0107anje odgovornosti institucija i javnih funkcionera kroz pra\u0107enje i kontrolu njihovog rada.","potentialAction":[{"@type":"SearchAction","target":{"@type":"EntryPoint","urlTemplate":"https:\/\/crta.rs\/en\/?s={search_term_string}"},"query-input":{"@type":"PropertyValueSpecification","valueRequired":true,"valueName":"search_term_string"}}],"inLanguage":"en-US"},{"@type":"Person","@id":"https:\/\/crta.rs\/en\/#\/schema\/person\/6831a3cbdcff21e0c2a512f9333a8a91","name":"Mila Stankovic","url":"https:\/\/crta.rs\/en\/author\/mila\/"}]}},"_links":{"self":[{"href":"https:\/\/crta.rs\/en\/wp-json\/wp\/v2\/posts\/39122","targetHints":{"allow":["GET"]}}],"collection":[{"href":"https:\/\/crta.rs\/en\/wp-json\/wp\/v2\/posts"}],"about":[{"href":"https:\/\/crta.rs\/en\/wp-json\/wp\/v2\/types\/post"}],"author":[{"embeddable":true,"href":"https:\/\/crta.rs\/en\/wp-json\/wp\/v2\/users\/709"}],"replies":[{"embeddable":true,"href":"https:\/\/crta.rs\/en\/wp-json\/wp\/v2\/comments?post=39122"}],"version-history":[{"count":2,"href":"https:\/\/crta.rs\/en\/wp-json\/wp\/v2\/posts\/39122\/revisions"}],"predecessor-version":[{"id":39124,"href":"https:\/\/crta.rs\/en\/wp-json\/wp\/v2\/posts\/39122\/revisions\/39124"}],"wp:attachment":[{"href":"https:\/\/crta.rs\/en\/wp-json\/wp\/v2\/media?parent=39122"}],"wp:term":[{"taxonomy":"category","embeddable":true,"href":"https:\/\/crta.rs\/en\/wp-json\/wp\/v2\/categories?post=39122"},{"taxonomy":"post_tag","embeddable":true,"href":"https:\/\/crta.rs\/en\/wp-json\/wp\/v2\/tags?post=39122"}],"curies":[{"name":"wp","href":"https:\/\/api.w.org\/{rel}","templated":true}]}}