{"id":39118,"date":"2023-12-18T00:35:23","date_gmt":"2023-12-17T23:35:23","guid":{"rendered":"https:\/\/crta.rs\/?p=39118"},"modified":"2023-12-21T11:36:57","modified_gmt":"2023-12-21T10:36:57","slug":"electoral-list-serbia-must-not-stop-467-percent-at-parliamentary-elections-serbia-against-violence-231-percent","status":"publish","type":"post","link":"https:\/\/crta.rs\/en\/electoral-list-serbia-must-not-stop-467-percent-at-parliamentary-elections-serbia-against-violence-231-percent\/","title":{"rendered":"ELECTORAL LIST \u201cSERBIA MUST NOT STOP\u201d 46,7 PERCENT AT PARLIAMENTARY ELECTIONS, \u201cSERBIA AGAINST VIOLENCE\u201d 23,1 PERCENT"},"content":{"rendered":"<p><span style=\"font-weight: 400;\">On the basis of 95 percent of the processed sample, voters turnout in parliamentary elections amounted to 59,1 percent <\/span><i><span style=\"font-weight: 400;\">(margin of error 0.9 percent)<\/span><\/i><span style=\"font-weight: 400;\">.<\/span><\/p>\n<p><span style=\"font-weight: 400;\">Projection of election results on the basis of 95% of processed sample:<\/span><\/p>\n<p>&nbsp;<\/p>\n<table>\n<tbody>\n<tr>\n<td><b>Electoral List<\/b><\/td>\n<td><b>Percentage of votes<\/b><\/td>\n<td><b>ME 95<\/b><\/td>\n<\/tr>\n<tr>\n<td><span style=\"font-weight: 400;\">Aleksandar Vu\u010di\u0107 &#8211; Serbia Must Not Stop<\/span><\/td>\n<td><span style=\"font-weight: 400;\">46.9<\/span><\/td>\n<td><span style=\"font-weight: 400;\">1.4%<\/span><\/td>\n<\/tr>\n<tr>\n<td><span style=\"font-weight: 400;\">Serbia Against Violence &#8211; Miroslav Miki Aleksi\u0107 &#8211; Marinika Tepi\u0107 (Freedom and Justice Party, National Movement of Serbia, Green-left Front, Let\u2019s Not Drown Belgrade, Ecological Uprising &#8211; \u0106uta, Democratic Party, Free Citizens Movement, Serbia Center, Together, Reversal Movement, United Unions of Serbia \u201cHarmony\u201d, New Face of Serbia)<\/span><\/td>\n<td><span style=\"font-weight: 400;\">23.1<\/span><\/td>\n<td><span style=\"font-weight: 400;\">1.4%<\/span><\/td>\n<\/tr>\n<tr>\n<td><span style=\"font-weight: 400;\">Ivica Da\u010di\u0107 &#8211; Prime Minister of Serbia<\/span><\/td>\n<td><span style=\"font-weight: 400;\">6.7<\/span><\/td>\n<td><span style=\"font-weight: 400;\">0.4%<\/span><\/td>\n<\/tr>\n<tr>\n<td><span style=\"font-weight: 400;\">Dr Milo\u0161 Jovanovi\u0107 &#8211; Hope for Serbia &#8211; Serbian Coalition Hope &#8211; National Democratic Alternative &#8211; New Democratic Party of Serbia &#8211; Movement for the Restoration of the Kingdom of Serbia &#8211; Vojislav Mihailovi\u0107<\/span><\/td>\n<td><span style=\"font-weight: 400;\">5.0<\/span><\/td>\n<td><span style=\"font-weight: 400;\">0.2%<\/span><\/td>\n<\/tr>\n<tr>\n<td><span style=\"font-weight: 400;\">\u201cWe &#8211; the Voice of People, prof. dr. Branimir Nestorovi\u0107\u201d<\/span><\/td>\n<td><span style=\"font-weight: 400;\">4.6<\/span><\/td>\n<td><span style=\"font-weight: 400;\">0.2%<\/span><\/td>\n<\/tr>\n<tr>\n<td><span style=\"font-weight: 400;\">Milica \u0110ur\u0111evi\u0107 Stamenkovski &#8211; Bo\u0161ko Obradovi\u0107 &#8211; National Gathering &#8211; State-building Force &#8211; Serbian Party Patrons &#8211; Serbian Movement Dveri<\/span><\/td>\n<td><span style=\"font-weight: 400;\">2.9<\/span><\/td>\n<td><span style=\"font-weight: 400;\">0.2%<\/span><\/td>\n<\/tr>\n<tr>\n<td><span style=\"font-weight: 400;\">Alliance of Vojvodina Hungarians &#8211; For our President, for our community, for the future!<\/span><\/td>\n<td><span style=\"font-weight: 400;\">1.9<\/span><\/td>\n<td><span style=\"font-weight: 400;\">0.7%<\/span><\/td>\n<\/tr>\n<tr>\n<td><span style=\"font-weight: 400;\">Dr Vojislav \u0160e\u0161elj &#8211; Serbian Radical Party<\/span><\/td>\n<td><span style=\"font-weight: 400;\">1.5<\/span><\/td>\n<td><span style=\"font-weight: 400;\">0.1%<\/span><\/td>\n<\/tr>\n<tr>\n<td><span style=\"font-weight: 400;\">Sa\u0161a Radulovi\u0107 (Enough is Enough &#8211; DJB) &#8211; Boris Tadi\u0107 (Social Democratic Party &#8211; SDS) &#8211; Ana Peji\u0107 (Kidnapped Babies) &#8211; Good Morning Serbia<\/span><\/td>\n<td><span style=\"font-weight: 400;\">1.2<\/span><\/td>\n<td><span style=\"font-weight: 400;\">0.1%<\/span><\/td>\n<\/tr>\n<tr>\n<td><span style=\"font-weight: 400;\">The People\u2019s Party &#8211; Safe Choice. Serious People &#8211; Vuk Jeremi\u0107, dr. Sanda Ra\u0161kovi\u0107 Ivi\u0107, Sini\u0161a Kova\u010devi\u0107, Vladimir Gaji\u0107, Marina Lipovac Tanaskovi\u0107<\/span><\/td>\n<td><span style=\"font-weight: 400;\">0.9<\/span><\/td>\n<td><span style=\"font-weight: 400;\">0.1%<\/span><\/td>\n<\/tr>\n<tr>\n<td><span style=\"font-weight: 400;\">Usame Zukorli\u0107\u00a0&#8211; United for the Justice &#8211; Justice and Reconciliation Party &#8211; Bosniaks of Sand\u017eak, Tomislav \u017digmanov &#8211; Democratic Alliance of Croatians in Vojvodina<\/span><\/td>\n<td><span style=\"font-weight: 400;\">0.7<\/span><\/td>\n<td><span style=\"font-weight: 400;\">0.4%<\/span><\/td>\n<\/tr>\n<tr>\n<td><span style=\"font-weight: 400;\">SDA (Social Democratic Action) of Sand\u017eak &#8211; dr. Sulejman Ugljanin<\/span><\/td>\n<td><span style=\"font-weight: 400;\">0.6<\/span><\/td>\n<td><span style=\"font-weight: 400;\">0.3%<\/span><\/td>\n<\/tr>\n<tr>\n<td><span style=\"font-weight: 400;\">\u201cPolitical Battle of Albanians Continues &#8211; \u0160aip Kamberi\u201d<\/span><\/td>\n<td><span style=\"font-weight: 400;\">0.4<\/span><\/td>\n<td><span style=\"font-weight: 400;\">0.3%<\/span><\/td>\n<\/tr>\n<tr>\n<td><span style=\"font-weight: 400;\">Russian Party &#8211; Slobodan Nikoli\u0107<\/span><\/td>\n<td><span style=\"font-weight: 400;\">0.3<\/span><\/td>\n<td><span style=\"font-weight: 400;\">&lt;0.1%<\/span><\/td>\n<\/tr>\n<tr>\n<td><span style=\"font-weight: 400;\">\u010cedomir Jovanovi\u0107 &#8211; It Must be Different<\/span><\/td>\n<td><span style=\"font-weight: 400;\">0.3<\/span><\/td>\n<td><span style=\"font-weight: 400;\">&lt;0.1%<\/span><\/td>\n<\/tr>\n<tr>\n<td><span style=\"font-weight: 400;\">Together for the Future and Development &#8211; Coalition for Peace and Tolerance<\/span><\/td>\n<td><span style=\"font-weight: 400;\">0.2<\/span><\/td>\n<td><span style=\"font-weight: 400;\">&lt;0.1%<\/span><\/td>\n<\/tr>\n<tr>\n<td><span style=\"font-weight: 400;\">Serbia on the West &#8211; Zoran Vuleti\u0107 &#8211; Nemanja Milo\u0161evi\u0107 &#8211; Let\u2019s Ask the Profession &#8211; Vladimir Kova\u010devi\u0107<\/span><\/td>\n<td><span style=\"font-weight: 400;\">0.2<\/span><\/td>\n<td><span style=\"font-weight: 400;\">&lt;0.1%<\/span><\/td>\n<\/tr>\n<tr>\n<td><span style=\"font-weight: 400;\">Albanian Democratic Alternative &#8211; United Valley<\/span><\/td>\n<td><span style=\"font-weight: 400;\">0.1<\/span><\/td>\n<td><span style=\"font-weight: 400;\">&lt;0.1%<\/span><\/td>\n<\/tr>\n<tr>\n<td><span style=\"font-weight: 400;\">Invalid ballots<\/span><\/td>\n<td><span style=\"font-weight: 400;\">2.8<\/span><\/td>\n<td><span style=\"font-weight: 400;\">0.1%<\/span><\/td>\n<\/tr>\n<\/tbody>\n<\/table>\n<p>&nbsp;<\/p>\n<p><span style=\"font-weight: 400;\">The media conference where the CRTA election observation mission will give preliminary statement regarding the quality of the election day conduct will be held on Monday, December 18 at 13:00.\u00a0<\/span><\/p>\n<p><b>The conference can be followed live at the CRTA&#8217;s\u00a0<\/b><a href=\"https:\/\/crta.us12.list-manage.com\/track\/click?u=e4a25203f0e6aee4113765ced&amp;id=144d30b670&amp;e=3ac32a5609\"><span style=\"font-weight: 400;\">Facebook page<\/span><\/a><b>\u00a0or\u00a0<\/b><a href=\"https:\/\/crta.us12.list-manage.com\/track\/click?u=e4a25203f0e6aee4113765ced&amp;id=405e3b9c67&amp;e=3ac32a5609\"><span style=\"font-weight: 400;\">YouTube channel<\/span><\/a><b>.\u00a0<\/b><\/p>\n","protected":false},"excerpt":{"rendered":"<p>On the basis of 95 percent of the processed sample, voters turnout in parliamentary elections amounted to 59,1 percent (margin of error 0.9 percent). Projection of election results on the basis of 95% of processed sample: &nbsp; Electoral List Percentage of votes ME 95 Aleksandar Vu\u010di\u0107 &#8211; Serbia Must Not Stop 46.9 1.4% Serbia Against&#8230;<\/p>\n","protected":false},"author":709,"featured_media":38966,"comment_status":"closed","ping_status":"open","sticky":false,"template":"","format":"standard","meta":{"_acf_changed":false,"footnotes":"","_links_to":"","_links_to_target":""},"categories":[218,681],"tags":[937],"class_list":["post-39118","post","type-post","status-publish","format-standard","has-post-thumbnail","hentry","category-latest-en","category-news","tag-elections-2023","ciTrackContent"],"acf":[],"yoast_head":"<!-- This site is optimized with the Yoast SEO plugin v27.4 - https:\/\/yoast.com\/product\/yoast-seo-wordpress\/ -->\n<title>ELECTORAL LIST \u201cSERBIA MUST NOT STOP\u201d 46,7 PERCENT AT PARLIAMENTARY ELECTIONS, \u201cSERBIA AGAINST VIOLENCE\u201d 23,1 PERCENT - CRTA<\/title>\n<meta name=\"robots\" content=\"index, follow, max-snippet:-1, max-image-preview:large, max-video-preview:-1\" \/>\n<link rel=\"canonical\" href=\"https:\/\/crta.rs\/en\/electoral-list-serbia-must-not-stop-467-percent-at-parliamentary-elections-serbia-against-violence-231-percent\/\" \/>\n<meta property=\"og:locale\" content=\"en_US\" \/>\n<meta property=\"og:type\" content=\"article\" \/>\n<meta property=\"og:title\" content=\"ELECTORAL LIST \u201cSERBIA MUST NOT STOP\u201d 46,7 PERCENT AT PARLIAMENTARY ELECTIONS, \u201cSERBIA AGAINST VIOLENCE\u201d 23,1 PERCENT - CRTA\" \/>\n<meta property=\"og:description\" content=\"On the basis of 95 percent of the processed sample, voters turnout in parliamentary elections amounted to 59,1 percent (margin of error 0.9 percent). Projection of election results on the basis of 95% of processed sample: &nbsp; Electoral List Percentage of votes ME 95 Aleksandar Vu\u010di\u0107 &#8211; Serbia Must Not Stop 46.9 1.4% Serbia Against...\" \/>\n<meta property=\"og:url\" content=\"https:\/\/crta.rs\/en\/electoral-list-serbia-must-not-stop-467-percent-at-parliamentary-elections-serbia-against-violence-231-percent\/\" \/>\n<meta property=\"og:site_name\" content=\"CRTA\" \/>\n<meta property=\"article:publisher\" content=\"https:\/\/www.facebook.com\/CRTArs\/\" \/>\n<meta property=\"article:published_time\" content=\"2023-12-17T23:35:23+00:00\" \/>\n<meta property=\"article:modified_time\" content=\"2023-12-21T10:36:57+00:00\" \/>\n<meta property=\"og:image\" content=\"https:\/\/crta.rs\/wp-content\/uploads\/2023\/12\/Aktuelno-izbori-Crta-EN.png\" \/>\n\t<meta property=\"og:image:width\" content=\"940\" \/>\n\t<meta property=\"og:image:height\" content=\"469\" \/>\n\t<meta property=\"og:image:type\" content=\"image\/png\" \/>\n<meta name=\"author\" content=\"Mila Stankovic\" \/>\n<meta name=\"twitter:card\" content=\"summary_large_image\" \/>\n<meta name=\"twitter:label1\" content=\"Written by\" \/>\n\t<meta name=\"twitter:data1\" content=\"Mila Stankovic\" \/>\n\t<meta name=\"twitter:label2\" content=\"Est. reading time\" \/>\n\t<meta name=\"twitter:data2\" content=\"2 minutes\" \/>\n<script type=\"application\/ld+json\" class=\"yoast-schema-graph\">{\"@context\":\"https:\\\/\\\/schema.org\",\"@graph\":[{\"@type\":\"Article\",\"@id\":\"https:\\\/\\\/crta.rs\\\/en\\\/electoral-list-serbia-must-not-stop-467-percent-at-parliamentary-elections-serbia-against-violence-231-percent\\\/#article\",\"isPartOf\":{\"@id\":\"https:\\\/\\\/crta.rs\\\/en\\\/electoral-list-serbia-must-not-stop-467-percent-at-parliamentary-elections-serbia-against-violence-231-percent\\\/\"},\"author\":{\"name\":\"Mila Stankovic\",\"@id\":\"https:\\\/\\\/crta.rs\\\/en\\\/#\\\/schema\\\/person\\\/6831a3cbdcff21e0c2a512f9333a8a91\"},\"headline\":\"ELECTORAL LIST \u201cSERBIA MUST NOT STOP\u201d 46,7 PERCENT AT PARLIAMENTARY ELECTIONS, \u201cSERBIA AGAINST VIOLENCE\u201d 23,1 PERCENT\",\"datePublished\":\"2023-12-17T23:35:23+00:00\",\"dateModified\":\"2023-12-21T10:36:57+00:00\",\"mainEntityOfPage\":{\"@id\":\"https:\\\/\\\/crta.rs\\\/en\\\/electoral-list-serbia-must-not-stop-467-percent-at-parliamentary-elections-serbia-against-violence-231-percent\\\/\"},\"wordCount\":403,\"image\":{\"@id\":\"https:\\\/\\\/crta.rs\\\/en\\\/electoral-list-serbia-must-not-stop-467-percent-at-parliamentary-elections-serbia-against-violence-231-percent\\\/#primaryimage\"},\"thumbnailUrl\":\"https:\\\/\\\/crta.rs\\\/wp-content\\\/uploads\\\/2023\\\/12\\\/Aktuelno-izbori-Crta-EN.png\",\"keywords\":[\"Elections 2023\"],\"articleSection\":[\"Latest\",\"News\"],\"inLanguage\":\"en-US\"},{\"@type\":\"WebPage\",\"@id\":\"https:\\\/\\\/crta.rs\\\/en\\\/electoral-list-serbia-must-not-stop-467-percent-at-parliamentary-elections-serbia-against-violence-231-percent\\\/\",\"url\":\"https:\\\/\\\/crta.rs\\\/en\\\/electoral-list-serbia-must-not-stop-467-percent-at-parliamentary-elections-serbia-against-violence-231-percent\\\/\",\"name\":\"ELECTORAL LIST \u201cSERBIA MUST NOT STOP\u201d 46,7 PERCENT AT PARLIAMENTARY ELECTIONS, \u201cSERBIA AGAINST VIOLENCE\u201d 23,1 PERCENT - CRTA\",\"isPartOf\":{\"@id\":\"https:\\\/\\\/crta.rs\\\/en\\\/#website\"},\"primaryImageOfPage\":{\"@id\":\"https:\\\/\\\/crta.rs\\\/en\\\/electoral-list-serbia-must-not-stop-467-percent-at-parliamentary-elections-serbia-against-violence-231-percent\\\/#primaryimage\"},\"image\":{\"@id\":\"https:\\\/\\\/crta.rs\\\/en\\\/electoral-list-serbia-must-not-stop-467-percent-at-parliamentary-elections-serbia-against-violence-231-percent\\\/#primaryimage\"},\"thumbnailUrl\":\"https:\\\/\\\/crta.rs\\\/wp-content\\\/uploads\\\/2023\\\/12\\\/Aktuelno-izbori-Crta-EN.png\",\"datePublished\":\"2023-12-17T23:35:23+00:00\",\"dateModified\":\"2023-12-21T10:36:57+00:00\",\"author\":{\"@id\":\"https:\\\/\\\/crta.rs\\\/en\\\/#\\\/schema\\\/person\\\/6831a3cbdcff21e0c2a512f9333a8a91\"},\"breadcrumb\":{\"@id\":\"https:\\\/\\\/crta.rs\\\/en\\\/electoral-list-serbia-must-not-stop-467-percent-at-parliamentary-elections-serbia-against-violence-231-percent\\\/#breadcrumb\"},\"inLanguage\":\"en-US\",\"potentialAction\":[{\"@type\":\"ReadAction\",\"target\":[\"https:\\\/\\\/crta.rs\\\/en\\\/electoral-list-serbia-must-not-stop-467-percent-at-parliamentary-elections-serbia-against-violence-231-percent\\\/\"]}]},{\"@type\":\"ImageObject\",\"inLanguage\":\"en-US\",\"@id\":\"https:\\\/\\\/crta.rs\\\/en\\\/electoral-list-serbia-must-not-stop-467-percent-at-parliamentary-elections-serbia-against-violence-231-percent\\\/#primaryimage\",\"url\":\"https:\\\/\\\/crta.rs\\\/wp-content\\\/uploads\\\/2023\\\/12\\\/Aktuelno-izbori-Crta-EN.png\",\"contentUrl\":\"https:\\\/\\\/crta.rs\\\/wp-content\\\/uploads\\\/2023\\\/12\\\/Aktuelno-izbori-Crta-EN.png\",\"width\":940,\"height\":469},{\"@type\":\"BreadcrumbList\",\"@id\":\"https:\\\/\\\/crta.rs\\\/en\\\/electoral-list-serbia-must-not-stop-467-percent-at-parliamentary-elections-serbia-against-violence-231-percent\\\/#breadcrumb\",\"itemListElement\":[{\"@type\":\"ListItem\",\"position\":1,\"name\":\"Home\",\"item\":\"https:\\\/\\\/crta.rs\\\/en\\\/\"},{\"@type\":\"ListItem\",\"position\":2,\"name\":\"Latest\",\"item\":\"https:\\\/\\\/crta.rs\\\/en\\\/category\\\/latest-en\\\/\"},{\"@type\":\"ListItem\",\"position\":3,\"name\":\"ELECTORAL LIST \u201cSERBIA MUST NOT STOP\u201d 46,7 PERCENT AT PARLIAMENTARY ELECTIONS, \u201cSERBIA AGAINST VIOLENCE\u201d 23,1 PERCENT\"}]},{\"@type\":\"WebSite\",\"@id\":\"https:\\\/\\\/crta.rs\\\/en\\\/#website\",\"url\":\"https:\\\/\\\/crta.rs\\\/en\\\/\",\"name\":\"CRTA\",\"description\":\"Mi smo grupa aktivista i novinara koja zajedno sa gra\u0111anima uti\u010de na pove\u0107anje odgovornosti institucija i javnih funkcionera kroz pra\u0107enje i kontrolu njihovog rada.\",\"potentialAction\":[{\"@type\":\"SearchAction\",\"target\":{\"@type\":\"EntryPoint\",\"urlTemplate\":\"https:\\\/\\\/crta.rs\\\/en\\\/?s={search_term_string}\"},\"query-input\":{\"@type\":\"PropertyValueSpecification\",\"valueRequired\":true,\"valueName\":\"search_term_string\"}}],\"inLanguage\":\"en-US\"},{\"@type\":\"Person\",\"@id\":\"https:\\\/\\\/crta.rs\\\/en\\\/#\\\/schema\\\/person\\\/6831a3cbdcff21e0c2a512f9333a8a91\",\"name\":\"Mila Stankovic\",\"url\":\"https:\\\/\\\/crta.rs\\\/en\\\/author\\\/mila\\\/\"}]}<\/script>\n<!-- \/ Yoast SEO plugin. -->","yoast_head_json":{"title":"ELECTORAL LIST \u201cSERBIA MUST NOT STOP\u201d 46,7 PERCENT AT PARLIAMENTARY ELECTIONS, \u201cSERBIA AGAINST VIOLENCE\u201d 23,1 PERCENT - CRTA","robots":{"index":"index","follow":"follow","max-snippet":"max-snippet:-1","max-image-preview":"max-image-preview:large","max-video-preview":"max-video-preview:-1"},"canonical":"https:\/\/crta.rs\/en\/electoral-list-serbia-must-not-stop-467-percent-at-parliamentary-elections-serbia-against-violence-231-percent\/","og_locale":"en_US","og_type":"article","og_title":"ELECTORAL LIST \u201cSERBIA MUST NOT STOP\u201d 46,7 PERCENT AT PARLIAMENTARY ELECTIONS, \u201cSERBIA AGAINST VIOLENCE\u201d 23,1 PERCENT - CRTA","og_description":"On the basis of 95 percent of the processed sample, voters turnout in parliamentary elections amounted to 59,1 percent (margin of error 0.9 percent). Projection of election results on the basis of 95% of processed sample: &nbsp; Electoral List Percentage of votes ME 95 Aleksandar Vu\u010di\u0107 &#8211; Serbia Must Not Stop 46.9 1.4% Serbia Against...","og_url":"https:\/\/crta.rs\/en\/electoral-list-serbia-must-not-stop-467-percent-at-parliamentary-elections-serbia-against-violence-231-percent\/","og_site_name":"CRTA","article_publisher":"https:\/\/www.facebook.com\/CRTArs\/","article_published_time":"2023-12-17T23:35:23+00:00","article_modified_time":"2023-12-21T10:36:57+00:00","og_image":[{"width":940,"height":469,"url":"https:\/\/crta.rs\/wp-content\/uploads\/2023\/12\/Aktuelno-izbori-Crta-EN.png","type":"image\/png"}],"author":"Mila Stankovic","twitter_card":"summary_large_image","twitter_misc":{"Written by":"Mila Stankovic","Est. reading time":"2 minutes"},"schema":{"@context":"https:\/\/schema.org","@graph":[{"@type":"Article","@id":"https:\/\/crta.rs\/en\/electoral-list-serbia-must-not-stop-467-percent-at-parliamentary-elections-serbia-against-violence-231-percent\/#article","isPartOf":{"@id":"https:\/\/crta.rs\/en\/electoral-list-serbia-must-not-stop-467-percent-at-parliamentary-elections-serbia-against-violence-231-percent\/"},"author":{"name":"Mila Stankovic","@id":"https:\/\/crta.rs\/en\/#\/schema\/person\/6831a3cbdcff21e0c2a512f9333a8a91"},"headline":"ELECTORAL LIST \u201cSERBIA MUST NOT STOP\u201d 46,7 PERCENT AT PARLIAMENTARY ELECTIONS, \u201cSERBIA AGAINST VIOLENCE\u201d 23,1 PERCENT","datePublished":"2023-12-17T23:35:23+00:00","dateModified":"2023-12-21T10:36:57+00:00","mainEntityOfPage":{"@id":"https:\/\/crta.rs\/en\/electoral-list-serbia-must-not-stop-467-percent-at-parliamentary-elections-serbia-against-violence-231-percent\/"},"wordCount":403,"image":{"@id":"https:\/\/crta.rs\/en\/electoral-list-serbia-must-not-stop-467-percent-at-parliamentary-elections-serbia-against-violence-231-percent\/#primaryimage"},"thumbnailUrl":"https:\/\/crta.rs\/wp-content\/uploads\/2023\/12\/Aktuelno-izbori-Crta-EN.png","keywords":["Elections 2023"],"articleSection":["Latest","News"],"inLanguage":"en-US"},{"@type":"WebPage","@id":"https:\/\/crta.rs\/en\/electoral-list-serbia-must-not-stop-467-percent-at-parliamentary-elections-serbia-against-violence-231-percent\/","url":"https:\/\/crta.rs\/en\/electoral-list-serbia-must-not-stop-467-percent-at-parliamentary-elections-serbia-against-violence-231-percent\/","name":"ELECTORAL LIST \u201cSERBIA MUST NOT STOP\u201d 46,7 PERCENT AT PARLIAMENTARY ELECTIONS, \u201cSERBIA AGAINST VIOLENCE\u201d 23,1 PERCENT - CRTA","isPartOf":{"@id":"https:\/\/crta.rs\/en\/#website"},"primaryImageOfPage":{"@id":"https:\/\/crta.rs\/en\/electoral-list-serbia-must-not-stop-467-percent-at-parliamentary-elections-serbia-against-violence-231-percent\/#primaryimage"},"image":{"@id":"https:\/\/crta.rs\/en\/electoral-list-serbia-must-not-stop-467-percent-at-parliamentary-elections-serbia-against-violence-231-percent\/#primaryimage"},"thumbnailUrl":"https:\/\/crta.rs\/wp-content\/uploads\/2023\/12\/Aktuelno-izbori-Crta-EN.png","datePublished":"2023-12-17T23:35:23+00:00","dateModified":"2023-12-21T10:36:57+00:00","author":{"@id":"https:\/\/crta.rs\/en\/#\/schema\/person\/6831a3cbdcff21e0c2a512f9333a8a91"},"breadcrumb":{"@id":"https:\/\/crta.rs\/en\/electoral-list-serbia-must-not-stop-467-percent-at-parliamentary-elections-serbia-against-violence-231-percent\/#breadcrumb"},"inLanguage":"en-US","potentialAction":[{"@type":"ReadAction","target":["https:\/\/crta.rs\/en\/electoral-list-serbia-must-not-stop-467-percent-at-parliamentary-elections-serbia-against-violence-231-percent\/"]}]},{"@type":"ImageObject","inLanguage":"en-US","@id":"https:\/\/crta.rs\/en\/electoral-list-serbia-must-not-stop-467-percent-at-parliamentary-elections-serbia-against-violence-231-percent\/#primaryimage","url":"https:\/\/crta.rs\/wp-content\/uploads\/2023\/12\/Aktuelno-izbori-Crta-EN.png","contentUrl":"https:\/\/crta.rs\/wp-content\/uploads\/2023\/12\/Aktuelno-izbori-Crta-EN.png","width":940,"height":469},{"@type":"BreadcrumbList","@id":"https:\/\/crta.rs\/en\/electoral-list-serbia-must-not-stop-467-percent-at-parliamentary-elections-serbia-against-violence-231-percent\/#breadcrumb","itemListElement":[{"@type":"ListItem","position":1,"name":"Home","item":"https:\/\/crta.rs\/en\/"},{"@type":"ListItem","position":2,"name":"Latest","item":"https:\/\/crta.rs\/en\/category\/latest-en\/"},{"@type":"ListItem","position":3,"name":"ELECTORAL LIST \u201cSERBIA MUST NOT STOP\u201d 46,7 PERCENT AT PARLIAMENTARY ELECTIONS, \u201cSERBIA AGAINST VIOLENCE\u201d 23,1 PERCENT"}]},{"@type":"WebSite","@id":"https:\/\/crta.rs\/en\/#website","url":"https:\/\/crta.rs\/en\/","name":"CRTA","description":"Mi smo grupa aktivista i novinara koja zajedno sa gra\u0111anima uti\u010de na pove\u0107anje odgovornosti institucija i javnih funkcionera kroz pra\u0107enje i kontrolu njihovog rada.","potentialAction":[{"@type":"SearchAction","target":{"@type":"EntryPoint","urlTemplate":"https:\/\/crta.rs\/en\/?s={search_term_string}"},"query-input":{"@type":"PropertyValueSpecification","valueRequired":true,"valueName":"search_term_string"}}],"inLanguage":"en-US"},{"@type":"Person","@id":"https:\/\/crta.rs\/en\/#\/schema\/person\/6831a3cbdcff21e0c2a512f9333a8a91","name":"Mila Stankovic","url":"https:\/\/crta.rs\/en\/author\/mila\/"}]}},"_links":{"self":[{"href":"https:\/\/crta.rs\/en\/wp-json\/wp\/v2\/posts\/39118","targetHints":{"allow":["GET"]}}],"collection":[{"href":"https:\/\/crta.rs\/en\/wp-json\/wp\/v2\/posts"}],"about":[{"href":"https:\/\/crta.rs\/en\/wp-json\/wp\/v2\/types\/post"}],"author":[{"embeddable":true,"href":"https:\/\/crta.rs\/en\/wp-json\/wp\/v2\/users\/709"}],"replies":[{"embeddable":true,"href":"https:\/\/crta.rs\/en\/wp-json\/wp\/v2\/comments?post=39118"}],"version-history":[{"count":2,"href":"https:\/\/crta.rs\/en\/wp-json\/wp\/v2\/posts\/39118\/revisions"}],"predecessor-version":[{"id":39120,"href":"https:\/\/crta.rs\/en\/wp-json\/wp\/v2\/posts\/39118\/revisions\/39120"}],"wp:featuredmedia":[{"embeddable":true,"href":"https:\/\/crta.rs\/en\/wp-json\/wp\/v2\/media\/38966"}],"wp:attachment":[{"href":"https:\/\/crta.rs\/en\/wp-json\/wp\/v2\/media?parent=39118"}],"wp:term":[{"taxonomy":"category","embeddable":true,"href":"https:\/\/crta.rs\/en\/wp-json\/wp\/v2\/categories?post=39118"},{"taxonomy":"post_tag","embeddable":true,"href":"https:\/\/crta.rs\/en\/wp-json\/wp\/v2\/tags?post=39118"}],"curies":[{"name":"wp","href":"https:\/\/api.w.org\/{rel}","templated":true}]}}