{"id":39032,"date":"2023-12-17T13:44:34","date_gmt":"2023-12-17T12:44:34","guid":{"rendered":"https:\/\/crta.rs\/?p=39032"},"modified":"2023-12-21T11:40:43","modified_gmt":"2023-12-21T10:40:43","slug":"turnout-by-1pm","status":"publish","type":"post","link":"https:\/\/crta.rs\/en\/turnout-by-1pm\/","title":{"rendered":"Turnout by 1pm"},"content":{"rendered":"<p><strong>A total of 26,6 percent of citizens voted in parliamentary elections by 13:00\u00a0<\/strong><em>(margin of error 0.6 percent)<\/em>. In comparison, voter turnout by 13:00 at the 2022 parliamentary elections was 26,7 percent.<\/p>\n<p><strong>Voter turnout at parliamentary elections on the territory of Belgrade by 13:00 amounts to 26,1 percent\u00a0<\/strong><em>(margin of error 0.3 percent)<\/em>, which is higher than in 2022 when the turnout in Belgrade was 23,3 percent in this period.<\/p>\n<p>A total of 6.500.666 citizens registered in the Voters&#8217; List have the right to vote in republic elections, and 1.613.369 voters in Belgrade.<\/p>\n<p><strong>The next media conference of the CRTA election observation mission is scheduled for 16:30. You may follow the conference live at the CRTA\u2019s\u00a0<a href=\"https:\/\/crta.us12.list-manage.com\/track\/click?u=e4a25203f0e6aee4113765ced&amp;id=ad537c4b78&amp;e=98024d34a2\" target=\"_blank\" rel=\"noopener\" data-saferedirecturl=\"https:\/\/www.google.com\/url?q=https:\/\/crta.us12.list-manage.com\/track\/click?u%3De4a25203f0e6aee4113765ced%26id%3Dad537c4b78%26e%3D98024d34a2&amp;source=gmail&amp;ust=1702903203251000&amp;usg=AOvVaw0m2KVHKbE6HZAVduRbuy0p\">Facebook page<\/a>\u00a0and\u00a0<a href=\"https:\/\/crta.us12.list-manage.com\/track\/click?u=e4a25203f0e6aee4113765ced&amp;id=404aa72fe8&amp;e=98024d34a2\" target=\"_blank\" rel=\"noopener\" data-saferedirecturl=\"https:\/\/www.google.com\/url?q=https:\/\/crta.us12.list-manage.com\/track\/click?u%3De4a25203f0e6aee4113765ced%26id%3D404aa72fe8%26e%3D98024d34a2&amp;source=gmail&amp;ust=1702903203251000&amp;usg=AOvVaw0FI5uSYbosL-SOg4sps-GE\">YouTube channel<\/a>.\u00a0<\/strong><\/p>\n","protected":false},"excerpt":{"rendered":"<p>A total of 26,6 percent of citizens voted in parliamentary elections by 13:00\u00a0(margin of error 0.6 percent). In comparison, voter turnout by 13:00 at the 2022 parliamentary elections was 26,7 percent. Voter turnout at parliamentary elections on the territory of Belgrade by 13:00 amounts to 26,1 percent\u00a0(margin of error 0.3 percent), which is higher than&#8230;<\/p>\n","protected":false},"author":709,"featured_media":38970,"comment_status":"closed","ping_status":"open","sticky":false,"template":"","format":"standard","meta":{"_acf_changed":false,"footnotes":"","_links_to":"","_links_to_target":""},"categories":[218,681],"tags":[937],"class_list":["post-39032","post","type-post","status-publish","format-standard","has-post-thumbnail","hentry","category-latest-en","category-news","tag-elections-2023","ciTrackContent"],"acf":[],"yoast_head":"<!-- This site is optimized with the Yoast SEO plugin v27.4 - https:\/\/yoast.com\/product\/yoast-seo-wordpress\/ -->\n<title>Turnout by 1pm - CRTA<\/title>\n<meta name=\"robots\" content=\"index, follow, max-snippet:-1, max-image-preview:large, max-video-preview:-1\" \/>\n<link rel=\"canonical\" href=\"https:\/\/crta.rs\/en\/turnout-by-1pm\/\" \/>\n<meta property=\"og:locale\" content=\"en_US\" \/>\n<meta property=\"og:type\" content=\"article\" \/>\n<meta property=\"og:title\" content=\"Turnout by 1pm - CRTA\" \/>\n<meta property=\"og:description\" content=\"A total of 26,6 percent of citizens voted in parliamentary elections by 13:00\u00a0(margin of error 0.6 percent). In comparison, voter turnout by 13:00 at the 2022 parliamentary elections was 26,7 percent. Voter turnout at parliamentary elections on the territory of Belgrade by 13:00 amounts to 26,1 percent\u00a0(margin of error 0.3 percent), which is higher than...\" \/>\n<meta property=\"og:url\" content=\"https:\/\/crta.rs\/en\/turnout-by-1pm\/\" \/>\n<meta property=\"og:site_name\" content=\"CRTA\" \/>\n<meta property=\"article:publisher\" content=\"https:\/\/www.facebook.com\/CRTArs\/\" \/>\n<meta property=\"article:published_time\" content=\"2023-12-17T12:44:34+00:00\" \/>\n<meta property=\"article:modified_time\" content=\"2023-12-21T10:40:43+00:00\" \/>\n<meta property=\"og:image\" content=\"https:\/\/crta.rs\/wp-content\/uploads\/2023\/12\/Aktuelno-Izlaznost-do-13-EN.png\" \/>\n\t<meta property=\"og:image:width\" content=\"940\" \/>\n\t<meta property=\"og:image:height\" content=\"469\" \/>\n\t<meta property=\"og:image:type\" content=\"image\/png\" \/>\n<meta name=\"author\" content=\"Mila Stankovic\" \/>\n<meta name=\"twitter:card\" content=\"summary_large_image\" \/>\n<meta name=\"twitter:label1\" content=\"Written by\" \/>\n\t<meta name=\"twitter:data1\" content=\"Mila Stankovic\" \/>\n\t<meta name=\"twitter:label2\" content=\"Est. reading time\" \/>\n\t<meta name=\"twitter:data2\" content=\"1 minute\" \/>\n<script type=\"application\/ld+json\" class=\"yoast-schema-graph\">{\"@context\":\"https:\\\/\\\/schema.org\",\"@graph\":[{\"@type\":\"Article\",\"@id\":\"https:\\\/\\\/crta.rs\\\/en\\\/turnout-by-1pm\\\/#article\",\"isPartOf\":{\"@id\":\"https:\\\/\\\/crta.rs\\\/en\\\/turnout-by-1pm\\\/\"},\"author\":{\"name\":\"Mila Stankovic\",\"@id\":\"https:\\\/\\\/crta.rs\\\/en\\\/#\\\/schema\\\/person\\\/6831a3cbdcff21e0c2a512f9333a8a91\"},\"headline\":\"Turnout by 1pm\",\"datePublished\":\"2023-12-17T12:44:34+00:00\",\"dateModified\":\"2023-12-21T10:40:43+00:00\",\"mainEntityOfPage\":{\"@id\":\"https:\\\/\\\/crta.rs\\\/en\\\/turnout-by-1pm\\\/\"},\"wordCount\":111,\"image\":{\"@id\":\"https:\\\/\\\/crta.rs\\\/en\\\/turnout-by-1pm\\\/#primaryimage\"},\"thumbnailUrl\":\"https:\\\/\\\/crta.rs\\\/wp-content\\\/uploads\\\/2023\\\/12\\\/Aktuelno-Izlaznost-do-13-EN.png\",\"keywords\":[\"Elections 2023\"],\"articleSection\":[\"Latest\",\"News\"],\"inLanguage\":\"en-US\"},{\"@type\":\"WebPage\",\"@id\":\"https:\\\/\\\/crta.rs\\\/en\\\/turnout-by-1pm\\\/\",\"url\":\"https:\\\/\\\/crta.rs\\\/en\\\/turnout-by-1pm\\\/\",\"name\":\"Turnout by 1pm - CRTA\",\"isPartOf\":{\"@id\":\"https:\\\/\\\/crta.rs\\\/en\\\/#website\"},\"primaryImageOfPage\":{\"@id\":\"https:\\\/\\\/crta.rs\\\/en\\\/turnout-by-1pm\\\/#primaryimage\"},\"image\":{\"@id\":\"https:\\\/\\\/crta.rs\\\/en\\\/turnout-by-1pm\\\/#primaryimage\"},\"thumbnailUrl\":\"https:\\\/\\\/crta.rs\\\/wp-content\\\/uploads\\\/2023\\\/12\\\/Aktuelno-Izlaznost-do-13-EN.png\",\"datePublished\":\"2023-12-17T12:44:34+00:00\",\"dateModified\":\"2023-12-21T10:40:43+00:00\",\"author\":{\"@id\":\"https:\\\/\\\/crta.rs\\\/en\\\/#\\\/schema\\\/person\\\/6831a3cbdcff21e0c2a512f9333a8a91\"},\"breadcrumb\":{\"@id\":\"https:\\\/\\\/crta.rs\\\/en\\\/turnout-by-1pm\\\/#breadcrumb\"},\"inLanguage\":\"en-US\",\"potentialAction\":[{\"@type\":\"ReadAction\",\"target\":[\"https:\\\/\\\/crta.rs\\\/en\\\/turnout-by-1pm\\\/\"]}]},{\"@type\":\"ImageObject\",\"inLanguage\":\"en-US\",\"@id\":\"https:\\\/\\\/crta.rs\\\/en\\\/turnout-by-1pm\\\/#primaryimage\",\"url\":\"https:\\\/\\\/crta.rs\\\/wp-content\\\/uploads\\\/2023\\\/12\\\/Aktuelno-Izlaznost-do-13-EN.png\",\"contentUrl\":\"https:\\\/\\\/crta.rs\\\/wp-content\\\/uploads\\\/2023\\\/12\\\/Aktuelno-Izlaznost-do-13-EN.png\",\"width\":940,\"height\":469},{\"@type\":\"BreadcrumbList\",\"@id\":\"https:\\\/\\\/crta.rs\\\/en\\\/turnout-by-1pm\\\/#breadcrumb\",\"itemListElement\":[{\"@type\":\"ListItem\",\"position\":1,\"name\":\"Home\",\"item\":\"https:\\\/\\\/crta.rs\\\/en\\\/\"},{\"@type\":\"ListItem\",\"position\":2,\"name\":\"Latest\",\"item\":\"https:\\\/\\\/crta.rs\\\/en\\\/category\\\/latest-en\\\/\"},{\"@type\":\"ListItem\",\"position\":3,\"name\":\"Turnout by 1pm\"}]},{\"@type\":\"WebSite\",\"@id\":\"https:\\\/\\\/crta.rs\\\/en\\\/#website\",\"url\":\"https:\\\/\\\/crta.rs\\\/en\\\/\",\"name\":\"CRTA\",\"description\":\"Mi smo grupa aktivista i novinara koja zajedno sa gra\u0111anima uti\u010de na pove\u0107anje odgovornosti institucija i javnih funkcionera kroz pra\u0107enje i kontrolu njihovog rada.\",\"potentialAction\":[{\"@type\":\"SearchAction\",\"target\":{\"@type\":\"EntryPoint\",\"urlTemplate\":\"https:\\\/\\\/crta.rs\\\/en\\\/?s={search_term_string}\"},\"query-input\":{\"@type\":\"PropertyValueSpecification\",\"valueRequired\":true,\"valueName\":\"search_term_string\"}}],\"inLanguage\":\"en-US\"},{\"@type\":\"Person\",\"@id\":\"https:\\\/\\\/crta.rs\\\/en\\\/#\\\/schema\\\/person\\\/6831a3cbdcff21e0c2a512f9333a8a91\",\"name\":\"Mila Stankovic\",\"url\":\"https:\\\/\\\/crta.rs\\\/en\\\/author\\\/mila\\\/\"}]}<\/script>\n<!-- \/ Yoast SEO plugin. -->","yoast_head_json":{"title":"Turnout by 1pm - CRTA","robots":{"index":"index","follow":"follow","max-snippet":"max-snippet:-1","max-image-preview":"max-image-preview:large","max-video-preview":"max-video-preview:-1"},"canonical":"https:\/\/crta.rs\/en\/turnout-by-1pm\/","og_locale":"en_US","og_type":"article","og_title":"Turnout by 1pm - CRTA","og_description":"A total of 26,6 percent of citizens voted in parliamentary elections by 13:00\u00a0(margin of error 0.6 percent). In comparison, voter turnout by 13:00 at the 2022 parliamentary elections was 26,7 percent. Voter turnout at parliamentary elections on the territory of Belgrade by 13:00 amounts to 26,1 percent\u00a0(margin of error 0.3 percent), which is higher than...","og_url":"https:\/\/crta.rs\/en\/turnout-by-1pm\/","og_site_name":"CRTA","article_publisher":"https:\/\/www.facebook.com\/CRTArs\/","article_published_time":"2023-12-17T12:44:34+00:00","article_modified_time":"2023-12-21T10:40:43+00:00","og_image":[{"width":940,"height":469,"url":"https:\/\/crta.rs\/wp-content\/uploads\/2023\/12\/Aktuelno-Izlaznost-do-13-EN.png","type":"image\/png"}],"author":"Mila Stankovic","twitter_card":"summary_large_image","twitter_misc":{"Written by":"Mila Stankovic","Est. reading time":"1 minute"},"schema":{"@context":"https:\/\/schema.org","@graph":[{"@type":"Article","@id":"https:\/\/crta.rs\/en\/turnout-by-1pm\/#article","isPartOf":{"@id":"https:\/\/crta.rs\/en\/turnout-by-1pm\/"},"author":{"name":"Mila Stankovic","@id":"https:\/\/crta.rs\/en\/#\/schema\/person\/6831a3cbdcff21e0c2a512f9333a8a91"},"headline":"Turnout by 1pm","datePublished":"2023-12-17T12:44:34+00:00","dateModified":"2023-12-21T10:40:43+00:00","mainEntityOfPage":{"@id":"https:\/\/crta.rs\/en\/turnout-by-1pm\/"},"wordCount":111,"image":{"@id":"https:\/\/crta.rs\/en\/turnout-by-1pm\/#primaryimage"},"thumbnailUrl":"https:\/\/crta.rs\/wp-content\/uploads\/2023\/12\/Aktuelno-Izlaznost-do-13-EN.png","keywords":["Elections 2023"],"articleSection":["Latest","News"],"inLanguage":"en-US"},{"@type":"WebPage","@id":"https:\/\/crta.rs\/en\/turnout-by-1pm\/","url":"https:\/\/crta.rs\/en\/turnout-by-1pm\/","name":"Turnout by 1pm - CRTA","isPartOf":{"@id":"https:\/\/crta.rs\/en\/#website"},"primaryImageOfPage":{"@id":"https:\/\/crta.rs\/en\/turnout-by-1pm\/#primaryimage"},"image":{"@id":"https:\/\/crta.rs\/en\/turnout-by-1pm\/#primaryimage"},"thumbnailUrl":"https:\/\/crta.rs\/wp-content\/uploads\/2023\/12\/Aktuelno-Izlaznost-do-13-EN.png","datePublished":"2023-12-17T12:44:34+00:00","dateModified":"2023-12-21T10:40:43+00:00","author":{"@id":"https:\/\/crta.rs\/en\/#\/schema\/person\/6831a3cbdcff21e0c2a512f9333a8a91"},"breadcrumb":{"@id":"https:\/\/crta.rs\/en\/turnout-by-1pm\/#breadcrumb"},"inLanguage":"en-US","potentialAction":[{"@type":"ReadAction","target":["https:\/\/crta.rs\/en\/turnout-by-1pm\/"]}]},{"@type":"ImageObject","inLanguage":"en-US","@id":"https:\/\/crta.rs\/en\/turnout-by-1pm\/#primaryimage","url":"https:\/\/crta.rs\/wp-content\/uploads\/2023\/12\/Aktuelno-Izlaznost-do-13-EN.png","contentUrl":"https:\/\/crta.rs\/wp-content\/uploads\/2023\/12\/Aktuelno-Izlaznost-do-13-EN.png","width":940,"height":469},{"@type":"BreadcrumbList","@id":"https:\/\/crta.rs\/en\/turnout-by-1pm\/#breadcrumb","itemListElement":[{"@type":"ListItem","position":1,"name":"Home","item":"https:\/\/crta.rs\/en\/"},{"@type":"ListItem","position":2,"name":"Latest","item":"https:\/\/crta.rs\/en\/category\/latest-en\/"},{"@type":"ListItem","position":3,"name":"Turnout by 1pm"}]},{"@type":"WebSite","@id":"https:\/\/crta.rs\/en\/#website","url":"https:\/\/crta.rs\/en\/","name":"CRTA","description":"Mi smo grupa aktivista i novinara koja zajedno sa gra\u0111anima uti\u010de na pove\u0107anje odgovornosti institucija i javnih funkcionera kroz pra\u0107enje i kontrolu njihovog rada.","potentialAction":[{"@type":"SearchAction","target":{"@type":"EntryPoint","urlTemplate":"https:\/\/crta.rs\/en\/?s={search_term_string}"},"query-input":{"@type":"PropertyValueSpecification","valueRequired":true,"valueName":"search_term_string"}}],"inLanguage":"en-US"},{"@type":"Person","@id":"https:\/\/crta.rs\/en\/#\/schema\/person\/6831a3cbdcff21e0c2a512f9333a8a91","name":"Mila Stankovic","url":"https:\/\/crta.rs\/en\/author\/mila\/"}]}},"_links":{"self":[{"href":"https:\/\/crta.rs\/en\/wp-json\/wp\/v2\/posts\/39032","targetHints":{"allow":["GET"]}}],"collection":[{"href":"https:\/\/crta.rs\/en\/wp-json\/wp\/v2\/posts"}],"about":[{"href":"https:\/\/crta.rs\/en\/wp-json\/wp\/v2\/types\/post"}],"author":[{"embeddable":true,"href":"https:\/\/crta.rs\/en\/wp-json\/wp\/v2\/users\/709"}],"replies":[{"embeddable":true,"href":"https:\/\/crta.rs\/en\/wp-json\/wp\/v2\/comments?post=39032"}],"version-history":[{"count":1,"href":"https:\/\/crta.rs\/en\/wp-json\/wp\/v2\/posts\/39032\/revisions"}],"predecessor-version":[{"id":39033,"href":"https:\/\/crta.rs\/en\/wp-json\/wp\/v2\/posts\/39032\/revisions\/39033"}],"wp:featuredmedia":[{"embeddable":true,"href":"https:\/\/crta.rs\/en\/wp-json\/wp\/v2\/media\/38970"}],"wp:attachment":[{"href":"https:\/\/crta.rs\/en\/wp-json\/wp\/v2\/media?parent=39032"}],"wp:term":[{"taxonomy":"category","embeddable":true,"href":"https:\/\/crta.rs\/en\/wp-json\/wp\/v2\/categories?post=39032"},{"taxonomy":"post_tag","embeddable":true,"href":"https:\/\/crta.rs\/en\/wp-json\/wp\/v2\/tags?post=39032"}],"curies":[{"name":"wp","href":"https:\/\/api.w.org\/{rel}","templated":true}]}}