{"id":38996,"date":"2023-12-17T11:16:24","date_gmt":"2023-12-17T10:16:24","guid":{"rendered":"https:\/\/crta.rs\/?p=38996"},"modified":"2023-12-21T11:41:21","modified_gmt":"2023-12-21T10:41:21","slug":"a-total-of-98-percent-of-voters-voted-in-parliamentary-elections-by-10","status":"publish","type":"post","link":"https:\/\/crta.rs\/en\/a-total-of-98-percent-of-voters-voted-in-parliamentary-elections-by-10\/","title":{"rendered":"A TOTAL OF 9,8 PERCENT OF VOTERS VOTED IN PARLIAMENTARY ELECTIONS BY 10:00"},"content":{"rendered":"<p><b>A total of <\/b><b>9,8<\/b><b> percent of citizens voted in parliamentary elections by 10:00<\/b> <i><span style=\"font-weight: 400;\">(margin of error <\/span><\/i><i><span style=\"font-weight: 400;\">0.4 percent<\/span><\/i><i><span style=\"font-weight: 400;\">)<\/span><\/i><span style=\"font-weight: 400;\">.\u00a0In comparison, voter turnout by 10:00 at the 2022 parliamentary elections was 10 percent.\u00a0<\/span><\/p>\n<p><b>Voter turnout at parliamentary elections on the territory of Belgrade<\/b><span style=\"font-weight: 400;\"> by 10:00 amounts to <\/span><span style=\"font-weight: 400;\">9,6<\/span><span style=\"font-weight: 400;\"> percent <\/span><i><span style=\"font-weight: 400;\">(margin of error 0.1 percent)<\/span><\/i><span style=\"font-weight: 400;\">, which is <\/span><span style=\"font-weight: 400;\">higher than <\/span><span style=\"font-weight: 400;\">in 2022 when the turnout in Belgrade was 8,4 percent in this period.\u00a0<\/span><\/p>\n<p><span style=\"font-weight: 400;\">A total of\u00a0<\/span><span style=\"font-weight: 400;\">6.500.666<\/span><span style=\"font-weight: 400;\"> citizens registered in the Voters&#8217; List have the right to vote in republic elections, and 1.613.369 voters in Belgrade.\u00a0<\/span><\/p>\n<p><i><span style=\"font-weight: 400;\">Voter turnout during the day can only be reported for the level of parliamentary elections, as the instructions of the Republic Electoral Commission, when elections are held on multiple levels, prescribe that polling boards count only the number of voters who signed the excerpt from the Voters\u2019 List for voting at parliamentary elections.\u00a0<\/span><\/i><\/p>\n<p><span style=\"font-weight: 400;\">CRTA election observation mission has 3.000 observers, trained in accordance with the highest international standards, who monitor the election day. Observers are deployed at polling stations from the very preparation of polls for opening at 6am, until the official announcement of election results by polling boards, ensuring the complete overview of developments at polling stations. Mobile teams of observers are deployed to monitor developments in front of polling stations.<\/span><\/p>\n<p><span style=\"font-weight: 400;\">CRTA reports on the conduct of parliamentary and Belgrade elections on the basis of two random samples of polling stations, representative for Serbia (500 polls) and Belgrade (500 polls).<\/span><\/p>\n<p><span style=\"font-weight: 400;\">Polling stations in Vranje, Kursumlija, Raska and Tutin, designated for voters from Kosovo and Metohija, are not included in the CRTA\u2019s sample for Serbia, however CRTA observers collect the information on the voting process at these polls as well.\u00a0<\/span><\/p>\n<p><span style=\"font-weight: 400;\">CRTA does not have observers deployed to monitor the voting process at polling stations abroad nor in the correctional facilities.\u00a0<\/span><\/p>\n<p><b>The regular media conference of the CRTA election observation mission is scheduled for 12:00. You may follow the conference live at the CRTA\u2019s<\/b> <a href=\"https:\/\/www.facebook.com\/CRTArs\/\"><b>Facebook page<\/b><\/a><b> and <\/b><a href=\"https:\/\/www.youtube.com\/channel\/UCVvI74ipyn7bkjIFHqeknkQ\"><b>YouTube channel<\/b><\/a><span style=\"font-weight: 400;\">.\u00a0<\/span><\/p>\n<p>&nbsp;<\/p>\n","protected":false},"excerpt":{"rendered":"<p>A total of 9,8 percent of citizens voted in parliamentary elections by 10:00 (margin of error 0.4 percent).\u00a0In comparison, voter turnout by 10:00 at the 2022 parliamentary elections was 10 percent.\u00a0 Voter turnout at parliamentary elections on the territory of Belgrade by 10:00 amounts to 9,6 percent (margin of error 0.1 percent), which is higher&#8230;<\/p>\n","protected":false},"author":709,"featured_media":38966,"comment_status":"closed","ping_status":"open","sticky":false,"template":"","format":"standard","meta":{"_acf_changed":false,"footnotes":"","_links_to":"","_links_to_target":""},"categories":[218,681],"tags":[937],"class_list":["post-38996","post","type-post","status-publish","format-standard","has-post-thumbnail","hentry","category-latest-en","category-news","tag-elections-2023","ciTrackContent"],"acf":[],"yoast_head":"<!-- This site is optimized with the Yoast SEO plugin v27.4 - https:\/\/yoast.com\/product\/yoast-seo-wordpress\/ -->\n<title>A TOTAL OF 9,8 PERCENT OF VOTERS VOTED IN PARLIAMENTARY ELECTIONS BY 10:00 - CRTA<\/title>\n<meta name=\"robots\" content=\"index, follow, max-snippet:-1, max-image-preview:large, max-video-preview:-1\" \/>\n<link rel=\"canonical\" href=\"https:\/\/crta.rs\/en\/a-total-of-98-percent-of-voters-voted-in-parliamentary-elections-by-10\/\" \/>\n<meta property=\"og:locale\" content=\"en_US\" \/>\n<meta property=\"og:type\" content=\"article\" \/>\n<meta property=\"og:title\" content=\"A TOTAL OF 9,8 PERCENT OF VOTERS VOTED IN PARLIAMENTARY ELECTIONS BY 10:00 - CRTA\" \/>\n<meta property=\"og:description\" content=\"A total of 9,8 percent of citizens voted in parliamentary elections by 10:00 (margin of error 0.4 percent).\u00a0In comparison, voter turnout by 10:00 at the 2022 parliamentary elections was 10 percent.\u00a0 Voter turnout at parliamentary elections on the territory of Belgrade by 10:00 amounts to 9,6 percent (margin of error 0.1 percent), which is higher...\" \/>\n<meta property=\"og:url\" content=\"https:\/\/crta.rs\/en\/a-total-of-98-percent-of-voters-voted-in-parliamentary-elections-by-10\/\" \/>\n<meta property=\"og:site_name\" content=\"CRTA\" \/>\n<meta property=\"article:publisher\" content=\"https:\/\/www.facebook.com\/CRTArs\/\" \/>\n<meta property=\"article:published_time\" content=\"2023-12-17T10:16:24+00:00\" \/>\n<meta property=\"article:modified_time\" content=\"2023-12-21T10:41:21+00:00\" \/>\n<meta property=\"og:image\" content=\"https:\/\/crta.rs\/wp-content\/uploads\/2023\/12\/Aktuelno-izbori-Crta-EN.png\" \/>\n\t<meta property=\"og:image:width\" content=\"940\" \/>\n\t<meta property=\"og:image:height\" content=\"469\" \/>\n\t<meta property=\"og:image:type\" content=\"image\/png\" \/>\n<meta name=\"author\" content=\"Mila Stankovic\" \/>\n<meta name=\"twitter:card\" content=\"summary_large_image\" \/>\n<meta name=\"twitter:label1\" content=\"Written by\" \/>\n\t<meta name=\"twitter:data1\" content=\"Mila Stankovic\" \/>\n\t<meta name=\"twitter:label2\" content=\"Est. reading time\" \/>\n\t<meta name=\"twitter:data2\" content=\"2 minutes\" \/>\n<script type=\"application\/ld+json\" class=\"yoast-schema-graph\">{\"@context\":\"https:\\\/\\\/schema.org\",\"@graph\":[{\"@type\":\"Article\",\"@id\":\"https:\\\/\\\/crta.rs\\\/en\\\/a-total-of-98-percent-of-voters-voted-in-parliamentary-elections-by-10\\\/#article\",\"isPartOf\":{\"@id\":\"https:\\\/\\\/crta.rs\\\/en\\\/a-total-of-98-percent-of-voters-voted-in-parliamentary-elections-by-10\\\/\"},\"author\":{\"name\":\"Mila Stankovic\",\"@id\":\"https:\\\/\\\/crta.rs\\\/en\\\/#\\\/schema\\\/person\\\/6831a3cbdcff21e0c2a512f9333a8a91\"},\"headline\":\"A TOTAL OF 9,8 PERCENT OF VOTERS VOTED IN PARLIAMENTARY ELECTIONS BY 10:00\",\"datePublished\":\"2023-12-17T10:16:24+00:00\",\"dateModified\":\"2023-12-21T10:41:21+00:00\",\"mainEntityOfPage\":{\"@id\":\"https:\\\/\\\/crta.rs\\\/en\\\/a-total-of-98-percent-of-voters-voted-in-parliamentary-elections-by-10\\\/\"},\"wordCount\":328,\"image\":{\"@id\":\"https:\\\/\\\/crta.rs\\\/en\\\/a-total-of-98-percent-of-voters-voted-in-parliamentary-elections-by-10\\\/#primaryimage\"},\"thumbnailUrl\":\"https:\\\/\\\/crta.rs\\\/wp-content\\\/uploads\\\/2023\\\/12\\\/Aktuelno-izbori-Crta-EN.png\",\"keywords\":[\"Elections 2023\"],\"articleSection\":[\"Latest\",\"News\"],\"inLanguage\":\"en-US\"},{\"@type\":\"WebPage\",\"@id\":\"https:\\\/\\\/crta.rs\\\/en\\\/a-total-of-98-percent-of-voters-voted-in-parliamentary-elections-by-10\\\/\",\"url\":\"https:\\\/\\\/crta.rs\\\/en\\\/a-total-of-98-percent-of-voters-voted-in-parliamentary-elections-by-10\\\/\",\"name\":\"A TOTAL OF 9,8 PERCENT OF VOTERS VOTED IN PARLIAMENTARY ELECTIONS BY 10:00 - CRTA\",\"isPartOf\":{\"@id\":\"https:\\\/\\\/crta.rs\\\/en\\\/#website\"},\"primaryImageOfPage\":{\"@id\":\"https:\\\/\\\/crta.rs\\\/en\\\/a-total-of-98-percent-of-voters-voted-in-parliamentary-elections-by-10\\\/#primaryimage\"},\"image\":{\"@id\":\"https:\\\/\\\/crta.rs\\\/en\\\/a-total-of-98-percent-of-voters-voted-in-parliamentary-elections-by-10\\\/#primaryimage\"},\"thumbnailUrl\":\"https:\\\/\\\/crta.rs\\\/wp-content\\\/uploads\\\/2023\\\/12\\\/Aktuelno-izbori-Crta-EN.png\",\"datePublished\":\"2023-12-17T10:16:24+00:00\",\"dateModified\":\"2023-12-21T10:41:21+00:00\",\"author\":{\"@id\":\"https:\\\/\\\/crta.rs\\\/en\\\/#\\\/schema\\\/person\\\/6831a3cbdcff21e0c2a512f9333a8a91\"},\"breadcrumb\":{\"@id\":\"https:\\\/\\\/crta.rs\\\/en\\\/a-total-of-98-percent-of-voters-voted-in-parliamentary-elections-by-10\\\/#breadcrumb\"},\"inLanguage\":\"en-US\",\"potentialAction\":[{\"@type\":\"ReadAction\",\"target\":[\"https:\\\/\\\/crta.rs\\\/en\\\/a-total-of-98-percent-of-voters-voted-in-parliamentary-elections-by-10\\\/\"]}]},{\"@type\":\"ImageObject\",\"inLanguage\":\"en-US\",\"@id\":\"https:\\\/\\\/crta.rs\\\/en\\\/a-total-of-98-percent-of-voters-voted-in-parliamentary-elections-by-10\\\/#primaryimage\",\"url\":\"https:\\\/\\\/crta.rs\\\/wp-content\\\/uploads\\\/2023\\\/12\\\/Aktuelno-izbori-Crta-EN.png\",\"contentUrl\":\"https:\\\/\\\/crta.rs\\\/wp-content\\\/uploads\\\/2023\\\/12\\\/Aktuelno-izbori-Crta-EN.png\",\"width\":940,\"height\":469},{\"@type\":\"BreadcrumbList\",\"@id\":\"https:\\\/\\\/crta.rs\\\/en\\\/a-total-of-98-percent-of-voters-voted-in-parliamentary-elections-by-10\\\/#breadcrumb\",\"itemListElement\":[{\"@type\":\"ListItem\",\"position\":1,\"name\":\"Home\",\"item\":\"https:\\\/\\\/crta.rs\\\/en\\\/\"},{\"@type\":\"ListItem\",\"position\":2,\"name\":\"Latest\",\"item\":\"https:\\\/\\\/crta.rs\\\/en\\\/category\\\/latest-en\\\/\"},{\"@type\":\"ListItem\",\"position\":3,\"name\":\"A TOTAL OF 9,8 PERCENT OF VOTERS VOTED IN PARLIAMENTARY ELECTIONS BY 10:00\"}]},{\"@type\":\"WebSite\",\"@id\":\"https:\\\/\\\/crta.rs\\\/en\\\/#website\",\"url\":\"https:\\\/\\\/crta.rs\\\/en\\\/\",\"name\":\"CRTA\",\"description\":\"Mi smo grupa aktivista i novinara koja zajedno sa gra\u0111anima uti\u010de na pove\u0107anje odgovornosti institucija i javnih funkcionera kroz pra\u0107enje i kontrolu njihovog rada.\",\"potentialAction\":[{\"@type\":\"SearchAction\",\"target\":{\"@type\":\"EntryPoint\",\"urlTemplate\":\"https:\\\/\\\/crta.rs\\\/en\\\/?s={search_term_string}\"},\"query-input\":{\"@type\":\"PropertyValueSpecification\",\"valueRequired\":true,\"valueName\":\"search_term_string\"}}],\"inLanguage\":\"en-US\"},{\"@type\":\"Person\",\"@id\":\"https:\\\/\\\/crta.rs\\\/en\\\/#\\\/schema\\\/person\\\/6831a3cbdcff21e0c2a512f9333a8a91\",\"name\":\"Mila Stankovic\",\"url\":\"https:\\\/\\\/crta.rs\\\/en\\\/author\\\/mila\\\/\"}]}<\/script>\n<!-- \/ Yoast SEO plugin. -->","yoast_head_json":{"title":"A TOTAL OF 9,8 PERCENT OF VOTERS VOTED IN PARLIAMENTARY ELECTIONS BY 10:00 - CRTA","robots":{"index":"index","follow":"follow","max-snippet":"max-snippet:-1","max-image-preview":"max-image-preview:large","max-video-preview":"max-video-preview:-1"},"canonical":"https:\/\/crta.rs\/en\/a-total-of-98-percent-of-voters-voted-in-parliamentary-elections-by-10\/","og_locale":"en_US","og_type":"article","og_title":"A TOTAL OF 9,8 PERCENT OF VOTERS VOTED IN PARLIAMENTARY ELECTIONS BY 10:00 - CRTA","og_description":"A total of 9,8 percent of citizens voted in parliamentary elections by 10:00 (margin of error 0.4 percent).\u00a0In comparison, voter turnout by 10:00 at the 2022 parliamentary elections was 10 percent.\u00a0 Voter turnout at parliamentary elections on the territory of Belgrade by 10:00 amounts to 9,6 percent (margin of error 0.1 percent), which is higher...","og_url":"https:\/\/crta.rs\/en\/a-total-of-98-percent-of-voters-voted-in-parliamentary-elections-by-10\/","og_site_name":"CRTA","article_publisher":"https:\/\/www.facebook.com\/CRTArs\/","article_published_time":"2023-12-17T10:16:24+00:00","article_modified_time":"2023-12-21T10:41:21+00:00","og_image":[{"width":940,"height":469,"url":"https:\/\/crta.rs\/wp-content\/uploads\/2023\/12\/Aktuelno-izbori-Crta-EN.png","type":"image\/png"}],"author":"Mila Stankovic","twitter_card":"summary_large_image","twitter_misc":{"Written by":"Mila Stankovic","Est. reading time":"2 minutes"},"schema":{"@context":"https:\/\/schema.org","@graph":[{"@type":"Article","@id":"https:\/\/crta.rs\/en\/a-total-of-98-percent-of-voters-voted-in-parliamentary-elections-by-10\/#article","isPartOf":{"@id":"https:\/\/crta.rs\/en\/a-total-of-98-percent-of-voters-voted-in-parliamentary-elections-by-10\/"},"author":{"name":"Mila Stankovic","@id":"https:\/\/crta.rs\/en\/#\/schema\/person\/6831a3cbdcff21e0c2a512f9333a8a91"},"headline":"A TOTAL OF 9,8 PERCENT OF VOTERS VOTED IN PARLIAMENTARY ELECTIONS BY 10:00","datePublished":"2023-12-17T10:16:24+00:00","dateModified":"2023-12-21T10:41:21+00:00","mainEntityOfPage":{"@id":"https:\/\/crta.rs\/en\/a-total-of-98-percent-of-voters-voted-in-parliamentary-elections-by-10\/"},"wordCount":328,"image":{"@id":"https:\/\/crta.rs\/en\/a-total-of-98-percent-of-voters-voted-in-parliamentary-elections-by-10\/#primaryimage"},"thumbnailUrl":"https:\/\/crta.rs\/wp-content\/uploads\/2023\/12\/Aktuelno-izbori-Crta-EN.png","keywords":["Elections 2023"],"articleSection":["Latest","News"],"inLanguage":"en-US"},{"@type":"WebPage","@id":"https:\/\/crta.rs\/en\/a-total-of-98-percent-of-voters-voted-in-parliamentary-elections-by-10\/","url":"https:\/\/crta.rs\/en\/a-total-of-98-percent-of-voters-voted-in-parliamentary-elections-by-10\/","name":"A TOTAL OF 9,8 PERCENT OF VOTERS VOTED IN PARLIAMENTARY ELECTIONS BY 10:00 - CRTA","isPartOf":{"@id":"https:\/\/crta.rs\/en\/#website"},"primaryImageOfPage":{"@id":"https:\/\/crta.rs\/en\/a-total-of-98-percent-of-voters-voted-in-parliamentary-elections-by-10\/#primaryimage"},"image":{"@id":"https:\/\/crta.rs\/en\/a-total-of-98-percent-of-voters-voted-in-parliamentary-elections-by-10\/#primaryimage"},"thumbnailUrl":"https:\/\/crta.rs\/wp-content\/uploads\/2023\/12\/Aktuelno-izbori-Crta-EN.png","datePublished":"2023-12-17T10:16:24+00:00","dateModified":"2023-12-21T10:41:21+00:00","author":{"@id":"https:\/\/crta.rs\/en\/#\/schema\/person\/6831a3cbdcff21e0c2a512f9333a8a91"},"breadcrumb":{"@id":"https:\/\/crta.rs\/en\/a-total-of-98-percent-of-voters-voted-in-parliamentary-elections-by-10\/#breadcrumb"},"inLanguage":"en-US","potentialAction":[{"@type":"ReadAction","target":["https:\/\/crta.rs\/en\/a-total-of-98-percent-of-voters-voted-in-parliamentary-elections-by-10\/"]}]},{"@type":"ImageObject","inLanguage":"en-US","@id":"https:\/\/crta.rs\/en\/a-total-of-98-percent-of-voters-voted-in-parliamentary-elections-by-10\/#primaryimage","url":"https:\/\/crta.rs\/wp-content\/uploads\/2023\/12\/Aktuelno-izbori-Crta-EN.png","contentUrl":"https:\/\/crta.rs\/wp-content\/uploads\/2023\/12\/Aktuelno-izbori-Crta-EN.png","width":940,"height":469},{"@type":"BreadcrumbList","@id":"https:\/\/crta.rs\/en\/a-total-of-98-percent-of-voters-voted-in-parliamentary-elections-by-10\/#breadcrumb","itemListElement":[{"@type":"ListItem","position":1,"name":"Home","item":"https:\/\/crta.rs\/en\/"},{"@type":"ListItem","position":2,"name":"Latest","item":"https:\/\/crta.rs\/en\/category\/latest-en\/"},{"@type":"ListItem","position":3,"name":"A TOTAL OF 9,8 PERCENT OF VOTERS VOTED IN PARLIAMENTARY ELECTIONS BY 10:00"}]},{"@type":"WebSite","@id":"https:\/\/crta.rs\/en\/#website","url":"https:\/\/crta.rs\/en\/","name":"CRTA","description":"Mi smo grupa aktivista i novinara koja zajedno sa gra\u0111anima uti\u010de na pove\u0107anje odgovornosti institucija i javnih funkcionera kroz pra\u0107enje i kontrolu njihovog rada.","potentialAction":[{"@type":"SearchAction","target":{"@type":"EntryPoint","urlTemplate":"https:\/\/crta.rs\/en\/?s={search_term_string}"},"query-input":{"@type":"PropertyValueSpecification","valueRequired":true,"valueName":"search_term_string"}}],"inLanguage":"en-US"},{"@type":"Person","@id":"https:\/\/crta.rs\/en\/#\/schema\/person\/6831a3cbdcff21e0c2a512f9333a8a91","name":"Mila Stankovic","url":"https:\/\/crta.rs\/en\/author\/mila\/"}]}},"_links":{"self":[{"href":"https:\/\/crta.rs\/en\/wp-json\/wp\/v2\/posts\/38996","targetHints":{"allow":["GET"]}}],"collection":[{"href":"https:\/\/crta.rs\/en\/wp-json\/wp\/v2\/posts"}],"about":[{"href":"https:\/\/crta.rs\/en\/wp-json\/wp\/v2\/types\/post"}],"author":[{"embeddable":true,"href":"https:\/\/crta.rs\/en\/wp-json\/wp\/v2\/users\/709"}],"replies":[{"embeddable":true,"href":"https:\/\/crta.rs\/en\/wp-json\/wp\/v2\/comments?post=38996"}],"version-history":[{"count":1,"href":"https:\/\/crta.rs\/en\/wp-json\/wp\/v2\/posts\/38996\/revisions"}],"predecessor-version":[{"id":38998,"href":"https:\/\/crta.rs\/en\/wp-json\/wp\/v2\/posts\/38996\/revisions\/38998"}],"wp:featuredmedia":[{"embeddable":true,"href":"https:\/\/crta.rs\/en\/wp-json\/wp\/v2\/media\/38966"}],"wp:attachment":[{"href":"https:\/\/crta.rs\/en\/wp-json\/wp\/v2\/media?parent=38996"}],"wp:term":[{"taxonomy":"category","embeddable":true,"href":"https:\/\/crta.rs\/en\/wp-json\/wp\/v2\/categories?post=38996"},{"taxonomy":"post_tag","embeddable":true,"href":"https:\/\/crta.rs\/en\/wp-json\/wp\/v2\/tags?post=38996"}],"curies":[{"name":"wp","href":"https:\/\/api.w.org\/{rel}","templated":true}]}}