{"id":38670,"date":"2023-12-05T12:39:21","date_gmt":"2023-12-05T11:39:21","guid":{"rendered":"https:\/\/crta.rs\/?p=38670"},"modified":"2025-06-19T13:29:12","modified_gmt":"2025-06-19T11:29:12","slug":"defunding-disinformation-in-the-balkans","status":"publish","type":"post","link":"https:\/\/crta.rs\/en\/defunding-disinformation-in-the-balkans\/","title":{"rendered":"Defunding Disinformation in the Balkans: How International Brands Support Russia\u2019s Agenda"},"content":{"rendered":"<p>CRTA in collaboration with BFMI, explores how advertising revenues from major North American and European brands are funding and legitimising media outlets that disseminate disinformation on the Balkans&#8217;s Russia-Ukraine conflict, Kosovo and other divisive issues. The report calls on policymakers, civil society and the private sector to take concrete steps to ensure corporate advertising strategies strengthen independent media and democracy in the region.<\/p>\n<p>The findings of the report were introduced to European Parliament at a high-level discussion hosted September. A summary and recording of the event can be accessed\u00a0<a href=\"https:\/\/www.balkanfreemedia.org\/initiatives\/bfml-at-the-european-parliament-global-brands-contributing-to-the-spread-of-pro-kremlin-disinformation-in-the-balkans\">here<\/a>.<\/p>\n","protected":false},"excerpt":{"rendered":"<p>CRTA in collaboration with BFMI, explores how advertising revenues from major North American and European brands are funding and legitimising media outlets that disseminate disinformation on the Balkans&#8217;s Russia-Ukraine conflict, Kosovo and other divisive issues. The report calls on policymakers, civil society and the private sector to take concrete steps to ensure corporate advertising strategies&#8230;<\/p>\n","protected":false},"author":709,"featured_media":38672,"comment_status":"closed","ping_status":"open","sticky":false,"template":"","format":"standard","meta":{"_acf_changed":false,"footnotes":"","_links_to":"","_links_to_target":""},"categories":[218,75],"tags":[76],"class_list":["post-38670","post","type-post","status-publish","format-standard","has-post-thumbnail","hentry","category-latest-en","category-publication-en","tag-research","ciTrackContent"],"acf":[],"yoast_head":"<!-- This site is optimized with the Yoast SEO plugin v27.4 - https:\/\/yoast.com\/product\/yoast-seo-wordpress\/ -->\n<title>Defunding Disinformation in the Balkans: How International Brands Support Russia\u2019s Agenda<\/title>\n<meta name=\"description\" content=\"CRTA, in collaboration with BFMI, explores how advertising revenues from major North American and European brands are funding and legitimising media outlets.\" \/>\n<meta name=\"robots\" content=\"index, follow, max-snippet:-1, max-image-preview:large, max-video-preview:-1\" \/>\n<link rel=\"canonical\" href=\"https:\/\/crta.rs\/en\/defunding-disinformation-in-the-balkans\/\" \/>\n<meta property=\"og:locale\" content=\"en_US\" \/>\n<meta property=\"og:type\" content=\"article\" \/>\n<meta property=\"og:title\" content=\"Defunding Disinformation in the Balkans: How International Brands Support Russia\u2019s Agenda\" \/>\n<meta property=\"og:description\" content=\"CRTA, in collaboration with BFMI, explores how advertising revenues from major North American and European brands are funding and legitimising media outlets.\" \/>\n<meta property=\"og:url\" content=\"https:\/\/crta.rs\/en\/defunding-disinformation-in-the-balkans\/\" \/>\n<meta property=\"og:site_name\" content=\"CRTA\" \/>\n<meta property=\"article:publisher\" content=\"https:\/\/www.facebook.com\/CRTArs\/\" \/>\n<meta property=\"article:published_time\" content=\"2023-12-05T11:39:21+00:00\" \/>\n<meta property=\"article:modified_time\" content=\"2025-06-19T11:29:12+00:00\" \/>\n<meta property=\"og:image\" content=\"https:\/\/crta.rs\/wp-content\/uploads\/2023\/12\/Defunding-Disinformation-in-the-Balkans-How-International-Brands-Support-Russias-Agenda.png\" \/>\n\t<meta property=\"og:image:width\" content=\"940\" \/>\n\t<meta property=\"og:image:height\" content=\"469\" \/>\n\t<meta property=\"og:image:type\" content=\"image\/png\" \/>\n<meta name=\"author\" content=\"Mila Stankovic\" \/>\n<meta name=\"twitter:card\" content=\"summary_large_image\" \/>\n<meta name=\"twitter:label1\" content=\"Written by\" \/>\n\t<meta name=\"twitter:data1\" content=\"Mila Stankovic\" \/>\n\t<meta name=\"twitter:label2\" content=\"Est. reading time\" \/>\n\t<meta name=\"twitter:data2\" content=\"1 minute\" \/>\n<script type=\"application\/ld+json\" class=\"yoast-schema-graph\">{\"@context\":\"https:\\\/\\\/schema.org\",\"@graph\":[{\"@type\":\"Article\",\"@id\":\"https:\\\/\\\/crta.rs\\\/en\\\/defunding-disinformation-in-the-balkans\\\/#article\",\"isPartOf\":{\"@id\":\"https:\\\/\\\/crta.rs\\\/en\\\/defunding-disinformation-in-the-balkans\\\/\"},\"author\":{\"name\":\"Mila Stankovic\",\"@id\":\"https:\\\/\\\/crta.rs\\\/en\\\/#\\\/schema\\\/person\\\/6831a3cbdcff21e0c2a512f9333a8a91\"},\"headline\":\"Defunding Disinformation in the Balkans: How International Brands Support Russia\u2019s Agenda\",\"datePublished\":\"2023-12-05T11:39:21+00:00\",\"dateModified\":\"2025-06-19T11:29:12+00:00\",\"mainEntityOfPage\":{\"@id\":\"https:\\\/\\\/crta.rs\\\/en\\\/defunding-disinformation-in-the-balkans\\\/\"},\"wordCount\":103,\"image\":{\"@id\":\"https:\\\/\\\/crta.rs\\\/en\\\/defunding-disinformation-in-the-balkans\\\/#primaryimage\"},\"thumbnailUrl\":\"https:\\\/\\\/crta.rs\\\/wp-content\\\/uploads\\\/2023\\\/12\\\/Defunding-Disinformation-in-the-Balkans-How-International-Brands-Support-Russias-Agenda.png\",\"keywords\":[\"research\"],\"articleSection\":[\"Latest\",\"Publications\"],\"inLanguage\":\"en-US\"},{\"@type\":\"WebPage\",\"@id\":\"https:\\\/\\\/crta.rs\\\/en\\\/defunding-disinformation-in-the-balkans\\\/\",\"url\":\"https:\\\/\\\/crta.rs\\\/en\\\/defunding-disinformation-in-the-balkans\\\/\",\"name\":\"Defunding Disinformation in the Balkans: How International Brands Support Russia\u2019s Agenda\",\"isPartOf\":{\"@id\":\"https:\\\/\\\/crta.rs\\\/en\\\/#website\"},\"primaryImageOfPage\":{\"@id\":\"https:\\\/\\\/crta.rs\\\/en\\\/defunding-disinformation-in-the-balkans\\\/#primaryimage\"},\"image\":{\"@id\":\"https:\\\/\\\/crta.rs\\\/en\\\/defunding-disinformation-in-the-balkans\\\/#primaryimage\"},\"thumbnailUrl\":\"https:\\\/\\\/crta.rs\\\/wp-content\\\/uploads\\\/2023\\\/12\\\/Defunding-Disinformation-in-the-Balkans-How-International-Brands-Support-Russias-Agenda.png\",\"datePublished\":\"2023-12-05T11:39:21+00:00\",\"dateModified\":\"2025-06-19T11:29:12+00:00\",\"author\":{\"@id\":\"https:\\\/\\\/crta.rs\\\/en\\\/#\\\/schema\\\/person\\\/6831a3cbdcff21e0c2a512f9333a8a91\"},\"description\":\"CRTA, in collaboration with BFMI, explores how advertising revenues from major North American and European brands are funding and legitimising media outlets.\",\"breadcrumb\":{\"@id\":\"https:\\\/\\\/crta.rs\\\/en\\\/defunding-disinformation-in-the-balkans\\\/#breadcrumb\"},\"inLanguage\":\"en-US\",\"potentialAction\":[{\"@type\":\"ReadAction\",\"target\":[\"https:\\\/\\\/crta.rs\\\/en\\\/defunding-disinformation-in-the-balkans\\\/\"]}]},{\"@type\":\"ImageObject\",\"inLanguage\":\"en-US\",\"@id\":\"https:\\\/\\\/crta.rs\\\/en\\\/defunding-disinformation-in-the-balkans\\\/#primaryimage\",\"url\":\"https:\\\/\\\/crta.rs\\\/wp-content\\\/uploads\\\/2023\\\/12\\\/Defunding-Disinformation-in-the-Balkans-How-International-Brands-Support-Russias-Agenda.png\",\"contentUrl\":\"https:\\\/\\\/crta.rs\\\/wp-content\\\/uploads\\\/2023\\\/12\\\/Defunding-Disinformation-in-the-Balkans-How-International-Brands-Support-Russias-Agenda.png\",\"width\":940,\"height\":469},{\"@type\":\"BreadcrumbList\",\"@id\":\"https:\\\/\\\/crta.rs\\\/en\\\/defunding-disinformation-in-the-balkans\\\/#breadcrumb\",\"itemListElement\":[{\"@type\":\"ListItem\",\"position\":1,\"name\":\"Home\",\"item\":\"https:\\\/\\\/crta.rs\\\/en\\\/\"},{\"@type\":\"ListItem\",\"position\":2,\"name\":\"Publications\",\"item\":\"https:\\\/\\\/crta.rs\\\/en\\\/category\\\/publication-en\\\/\"},{\"@type\":\"ListItem\",\"position\":3,\"name\":\"Defunding Disinformation in the Balkans: How International Brands Support Russia\u2019s Agenda\"}]},{\"@type\":\"WebSite\",\"@id\":\"https:\\\/\\\/crta.rs\\\/en\\\/#website\",\"url\":\"https:\\\/\\\/crta.rs\\\/en\\\/\",\"name\":\"CRTA\",\"description\":\"Mi smo grupa aktivista i novinara koja zajedno sa gra\u0111anima uti\u010de na pove\u0107anje odgovornosti institucija i javnih funkcionera kroz pra\u0107enje i kontrolu njihovog rada.\",\"potentialAction\":[{\"@type\":\"SearchAction\",\"target\":{\"@type\":\"EntryPoint\",\"urlTemplate\":\"https:\\\/\\\/crta.rs\\\/en\\\/?s={search_term_string}\"},\"query-input\":{\"@type\":\"PropertyValueSpecification\",\"valueRequired\":true,\"valueName\":\"search_term_string\"}}],\"inLanguage\":\"en-US\"},{\"@type\":\"Person\",\"@id\":\"https:\\\/\\\/crta.rs\\\/en\\\/#\\\/schema\\\/person\\\/6831a3cbdcff21e0c2a512f9333a8a91\",\"name\":\"Mila Stankovic\",\"url\":\"https:\\\/\\\/crta.rs\\\/en\\\/author\\\/mila\\\/\"}]}<\/script>\n<!-- \/ Yoast SEO plugin. -->","yoast_head_json":{"title":"Defunding Disinformation in the Balkans: How International Brands Support Russia\u2019s Agenda","description":"CRTA, in collaboration with BFMI, explores how advertising revenues from major North American and European brands are funding and legitimising media outlets.","robots":{"index":"index","follow":"follow","max-snippet":"max-snippet:-1","max-image-preview":"max-image-preview:large","max-video-preview":"max-video-preview:-1"},"canonical":"https:\/\/crta.rs\/en\/defunding-disinformation-in-the-balkans\/","og_locale":"en_US","og_type":"article","og_title":"Defunding Disinformation in the Balkans: How International Brands Support Russia\u2019s Agenda","og_description":"CRTA, in collaboration with BFMI, explores how advertising revenues from major North American and European brands are funding and legitimising media outlets.","og_url":"https:\/\/crta.rs\/en\/defunding-disinformation-in-the-balkans\/","og_site_name":"CRTA","article_publisher":"https:\/\/www.facebook.com\/CRTArs\/","article_published_time":"2023-12-05T11:39:21+00:00","article_modified_time":"2025-06-19T11:29:12+00:00","og_image":[{"width":940,"height":469,"url":"https:\/\/crta.rs\/wp-content\/uploads\/2023\/12\/Defunding-Disinformation-in-the-Balkans-How-International-Brands-Support-Russias-Agenda.png","type":"image\/png"}],"author":"Mila Stankovic","twitter_card":"summary_large_image","twitter_misc":{"Written by":"Mila Stankovic","Est. reading time":"1 minute"},"schema":{"@context":"https:\/\/schema.org","@graph":[{"@type":"Article","@id":"https:\/\/crta.rs\/en\/defunding-disinformation-in-the-balkans\/#article","isPartOf":{"@id":"https:\/\/crta.rs\/en\/defunding-disinformation-in-the-balkans\/"},"author":{"name":"Mila Stankovic","@id":"https:\/\/crta.rs\/en\/#\/schema\/person\/6831a3cbdcff21e0c2a512f9333a8a91"},"headline":"Defunding Disinformation in the Balkans: How International Brands Support Russia\u2019s Agenda","datePublished":"2023-12-05T11:39:21+00:00","dateModified":"2025-06-19T11:29:12+00:00","mainEntityOfPage":{"@id":"https:\/\/crta.rs\/en\/defunding-disinformation-in-the-balkans\/"},"wordCount":103,"image":{"@id":"https:\/\/crta.rs\/en\/defunding-disinformation-in-the-balkans\/#primaryimage"},"thumbnailUrl":"https:\/\/crta.rs\/wp-content\/uploads\/2023\/12\/Defunding-Disinformation-in-the-Balkans-How-International-Brands-Support-Russias-Agenda.png","keywords":["research"],"articleSection":["Latest","Publications"],"inLanguage":"en-US"},{"@type":"WebPage","@id":"https:\/\/crta.rs\/en\/defunding-disinformation-in-the-balkans\/","url":"https:\/\/crta.rs\/en\/defunding-disinformation-in-the-balkans\/","name":"Defunding Disinformation in the Balkans: How International Brands Support Russia\u2019s Agenda","isPartOf":{"@id":"https:\/\/crta.rs\/en\/#website"},"primaryImageOfPage":{"@id":"https:\/\/crta.rs\/en\/defunding-disinformation-in-the-balkans\/#primaryimage"},"image":{"@id":"https:\/\/crta.rs\/en\/defunding-disinformation-in-the-balkans\/#primaryimage"},"thumbnailUrl":"https:\/\/crta.rs\/wp-content\/uploads\/2023\/12\/Defunding-Disinformation-in-the-Balkans-How-International-Brands-Support-Russias-Agenda.png","datePublished":"2023-12-05T11:39:21+00:00","dateModified":"2025-06-19T11:29:12+00:00","author":{"@id":"https:\/\/crta.rs\/en\/#\/schema\/person\/6831a3cbdcff21e0c2a512f9333a8a91"},"description":"CRTA, in collaboration with BFMI, explores how advertising revenues from major North American and European brands are funding and legitimising media outlets.","breadcrumb":{"@id":"https:\/\/crta.rs\/en\/defunding-disinformation-in-the-balkans\/#breadcrumb"},"inLanguage":"en-US","potentialAction":[{"@type":"ReadAction","target":["https:\/\/crta.rs\/en\/defunding-disinformation-in-the-balkans\/"]}]},{"@type":"ImageObject","inLanguage":"en-US","@id":"https:\/\/crta.rs\/en\/defunding-disinformation-in-the-balkans\/#primaryimage","url":"https:\/\/crta.rs\/wp-content\/uploads\/2023\/12\/Defunding-Disinformation-in-the-Balkans-How-International-Brands-Support-Russias-Agenda.png","contentUrl":"https:\/\/crta.rs\/wp-content\/uploads\/2023\/12\/Defunding-Disinformation-in-the-Balkans-How-International-Brands-Support-Russias-Agenda.png","width":940,"height":469},{"@type":"BreadcrumbList","@id":"https:\/\/crta.rs\/en\/defunding-disinformation-in-the-balkans\/#breadcrumb","itemListElement":[{"@type":"ListItem","position":1,"name":"Home","item":"https:\/\/crta.rs\/en\/"},{"@type":"ListItem","position":2,"name":"Publications","item":"https:\/\/crta.rs\/en\/category\/publication-en\/"},{"@type":"ListItem","position":3,"name":"Defunding Disinformation in the Balkans: How International Brands Support Russia\u2019s Agenda"}]},{"@type":"WebSite","@id":"https:\/\/crta.rs\/en\/#website","url":"https:\/\/crta.rs\/en\/","name":"CRTA","description":"Mi smo grupa aktivista i novinara koja zajedno sa gra\u0111anima uti\u010de na pove\u0107anje odgovornosti institucija i javnih funkcionera kroz pra\u0107enje i kontrolu njihovog rada.","potentialAction":[{"@type":"SearchAction","target":{"@type":"EntryPoint","urlTemplate":"https:\/\/crta.rs\/en\/?s={search_term_string}"},"query-input":{"@type":"PropertyValueSpecification","valueRequired":true,"valueName":"search_term_string"}}],"inLanguage":"en-US"},{"@type":"Person","@id":"https:\/\/crta.rs\/en\/#\/schema\/person\/6831a3cbdcff21e0c2a512f9333a8a91","name":"Mila Stankovic","url":"https:\/\/crta.rs\/en\/author\/mila\/"}]}},"_links":{"self":[{"href":"https:\/\/crta.rs\/en\/wp-json\/wp\/v2\/posts\/38670","targetHints":{"allow":["GET"]}}],"collection":[{"href":"https:\/\/crta.rs\/en\/wp-json\/wp\/v2\/posts"}],"about":[{"href":"https:\/\/crta.rs\/en\/wp-json\/wp\/v2\/types\/post"}],"author":[{"embeddable":true,"href":"https:\/\/crta.rs\/en\/wp-json\/wp\/v2\/users\/709"}],"replies":[{"embeddable":true,"href":"https:\/\/crta.rs\/en\/wp-json\/wp\/v2\/comments?post=38670"}],"version-history":[{"count":2,"href":"https:\/\/crta.rs\/en\/wp-json\/wp\/v2\/posts\/38670\/revisions"}],"predecessor-version":[{"id":38676,"href":"https:\/\/crta.rs\/en\/wp-json\/wp\/v2\/posts\/38670\/revisions\/38676"}],"wp:featuredmedia":[{"embeddable":true,"href":"https:\/\/crta.rs\/en\/wp-json\/wp\/v2\/media\/38672"}],"wp:attachment":[{"href":"https:\/\/crta.rs\/en\/wp-json\/wp\/v2\/media?parent=38670"}],"wp:term":[{"taxonomy":"category","embeddable":true,"href":"https:\/\/crta.rs\/en\/wp-json\/wp\/v2\/categories?post=38670"},{"taxonomy":"post_tag","embeddable":true,"href":"https:\/\/crta.rs\/en\/wp-json\/wp\/v2\/tags?post=38670"}],"curies":[{"name":"wp","href":"https:\/\/api.w.org\/{rel}","templated":true}]}}