{"id":38520,"date":"2023-01-09T16:56:28","date_gmt":"2023-01-09T15:56:28","guid":{"rendered":"https:\/\/crta.rs\/?p=38520"},"modified":"2025-06-19T13:28:35","modified_gmt":"2025-06-19T11:28:35","slug":"elections-2022-final-report","status":"publish","type":"post","link":"https:\/\/crta.rs\/en\/elections-2022-final-report\/","title":{"rendered":"Elections 2022 &#8211; Final report"},"content":{"rendered":"<p>Taking into account the entire election process, from the moment of announcing the election to the announcement of the final results, the Monitoring Mission of the Line assesses that the integrity of the election was significantly threatened because the equality of the election participants was collapsed in favor of the parties in power, the voters were deprived of even and objective information about the election offer, and the freedom of choice was threatened for certain groups of the population. Comprehensive changes to election laws, which, contrary to international democratic standards, were implemented before the announcement of elections, along with the abandonment of the decades-long practice of organizing elections, burdened the election administration and contributed to legal uncertainty. The elections were marked by widespread clientelistic practices, pressures and intimidation, pronounced media inequality, and abuse of institutional advantages that blurred the line between the state and the ruling party. Attempts to protect the integrity of the election remained without a timely institutional response and without an epilogue.<\/p>\n","protected":false},"excerpt":{"rendered":"<p>Taking into account the entire election process, from the moment of announcing the election to the announcement of the final results, the Monitoring Mission of the Line assesses that the integrity of the election was significantly threatened because the equality of the election participants was collapsed in favor of the parties in power, the voters&#8230;<\/p>\n","protected":false},"author":709,"featured_media":38521,"comment_status":"closed","ping_status":"open","sticky":false,"template":"","format":"standard","meta":{"_acf_changed":false,"footnotes":"","_links_to":"","_links_to_target":""},"categories":[75],"tags":[164,883,105],"class_list":["post-38520","post","type-post","status-publish","format-standard","has-post-thumbnail","hentry","category-publication-en","tag-elections","tag-elections-2022","tag-reports-and-analysis","ciTrackContent"],"acf":[],"yoast_head":"<!-- This site is optimized with the Yoast SEO plugin v27.4 - https:\/\/yoast.com\/product\/yoast-seo-wordpress\/ -->\n<title>Elections 2022 - Final report - CRTA<\/title>\n<meta name=\"description\" content=\"Read the full report of election observation from the year 2022.\" \/>\n<meta name=\"robots\" content=\"index, follow, max-snippet:-1, max-image-preview:large, max-video-preview:-1\" \/>\n<link rel=\"canonical\" href=\"https:\/\/crta.rs\/en\/elections-2022-final-report\/\" \/>\n<meta property=\"og:locale\" content=\"en_US\" \/>\n<meta property=\"og:type\" content=\"article\" \/>\n<meta property=\"og:title\" content=\"Elections 2022 - Final report - CRTA\" \/>\n<meta property=\"og:description\" content=\"Read the full report of election observation from the year 2022.\" \/>\n<meta property=\"og:url\" content=\"https:\/\/crta.rs\/en\/elections-2022-final-report\/\" \/>\n<meta property=\"og:site_name\" content=\"CRTA\" \/>\n<meta property=\"article:publisher\" content=\"https:\/\/www.facebook.com\/CRTArs\/\" \/>\n<meta property=\"article:published_time\" content=\"2023-01-09T15:56:28+00:00\" \/>\n<meta property=\"article:modified_time\" content=\"2025-06-19T11:28:35+00:00\" \/>\n<meta property=\"og:image\" content=\"https:\/\/crta.rs\/wp-content\/uploads\/2023\/11\/Final-2022-Election-Observation-Report-Cover.jpg\" \/>\n\t<meta property=\"og:image:width\" content=\"1086\" \/>\n\t<meta property=\"og:image:height\" content=\"1537\" \/>\n\t<meta property=\"og:image:type\" content=\"image\/jpeg\" \/>\n<meta name=\"author\" content=\"Mila Stankovic\" \/>\n<meta name=\"twitter:card\" content=\"summary_large_image\" \/>\n<meta name=\"twitter:label1\" content=\"Written by\" \/>\n\t<meta name=\"twitter:data1\" content=\"Mila Stankovic\" \/>\n\t<meta name=\"twitter:label2\" content=\"Est. reading time\" \/>\n\t<meta name=\"twitter:data2\" content=\"2 minutes\" \/>\n<script type=\"application\/ld+json\" class=\"yoast-schema-graph\">{\"@context\":\"https:\\\/\\\/schema.org\",\"@graph\":[{\"@type\":\"Article\",\"@id\":\"https:\\\/\\\/crta.rs\\\/en\\\/elections-2022-final-report\\\/#article\",\"isPartOf\":{\"@id\":\"https:\\\/\\\/crta.rs\\\/en\\\/elections-2022-final-report\\\/\"},\"author\":{\"name\":\"Mila Stankovic\",\"@id\":\"https:\\\/\\\/crta.rs\\\/en\\\/#\\\/schema\\\/person\\\/6831a3cbdcff21e0c2a512f9333a8a91\"},\"headline\":\"Elections 2022 &#8211; Final report\",\"datePublished\":\"2023-01-09T15:56:28+00:00\",\"dateModified\":\"2025-06-19T11:28:35+00:00\",\"mainEntityOfPage\":{\"@id\":\"https:\\\/\\\/crta.rs\\\/en\\\/elections-2022-final-report\\\/\"},\"wordCount\":169,\"image\":{\"@id\":\"https:\\\/\\\/crta.rs\\\/en\\\/elections-2022-final-report\\\/#primaryimage\"},\"thumbnailUrl\":\"https:\\\/\\\/crta.rs\\\/wp-content\\\/uploads\\\/2023\\\/11\\\/Final-2022-Election-Observation-Report-Cover.jpg\",\"keywords\":[\"elections\",\"Elections 2022\",\"reports and analysis\"],\"articleSection\":[\"Publications\"],\"inLanguage\":\"en-US\"},{\"@type\":\"WebPage\",\"@id\":\"https:\\\/\\\/crta.rs\\\/en\\\/elections-2022-final-report\\\/\",\"url\":\"https:\\\/\\\/crta.rs\\\/en\\\/elections-2022-final-report\\\/\",\"name\":\"Elections 2022 - Final report - CRTA\",\"isPartOf\":{\"@id\":\"https:\\\/\\\/crta.rs\\\/en\\\/#website\"},\"primaryImageOfPage\":{\"@id\":\"https:\\\/\\\/crta.rs\\\/en\\\/elections-2022-final-report\\\/#primaryimage\"},\"image\":{\"@id\":\"https:\\\/\\\/crta.rs\\\/en\\\/elections-2022-final-report\\\/#primaryimage\"},\"thumbnailUrl\":\"https:\\\/\\\/crta.rs\\\/wp-content\\\/uploads\\\/2023\\\/11\\\/Final-2022-Election-Observation-Report-Cover.jpg\",\"datePublished\":\"2023-01-09T15:56:28+00:00\",\"dateModified\":\"2025-06-19T11:28:35+00:00\",\"author\":{\"@id\":\"https:\\\/\\\/crta.rs\\\/en\\\/#\\\/schema\\\/person\\\/6831a3cbdcff21e0c2a512f9333a8a91\"},\"description\":\"Read the full report of election observation from the year 2022.\",\"breadcrumb\":{\"@id\":\"https:\\\/\\\/crta.rs\\\/en\\\/elections-2022-final-report\\\/#breadcrumb\"},\"inLanguage\":\"en-US\",\"potentialAction\":[{\"@type\":\"ReadAction\",\"target\":[\"https:\\\/\\\/crta.rs\\\/en\\\/elections-2022-final-report\\\/\"]}]},{\"@type\":\"ImageObject\",\"inLanguage\":\"en-US\",\"@id\":\"https:\\\/\\\/crta.rs\\\/en\\\/elections-2022-final-report\\\/#primaryimage\",\"url\":\"https:\\\/\\\/crta.rs\\\/wp-content\\\/uploads\\\/2023\\\/11\\\/Final-2022-Election-Observation-Report-Cover.jpg\",\"contentUrl\":\"https:\\\/\\\/crta.rs\\\/wp-content\\\/uploads\\\/2023\\\/11\\\/Final-2022-Election-Observation-Report-Cover.jpg\",\"width\":1086,\"height\":1537},{\"@type\":\"BreadcrumbList\",\"@id\":\"https:\\\/\\\/crta.rs\\\/en\\\/elections-2022-final-report\\\/#breadcrumb\",\"itemListElement\":[{\"@type\":\"ListItem\",\"position\":1,\"name\":\"Home\",\"item\":\"https:\\\/\\\/crta.rs\\\/en\\\/\"},{\"@type\":\"ListItem\",\"position\":2,\"name\":\"Publications\",\"item\":\"https:\\\/\\\/crta.rs\\\/en\\\/category\\\/publication-en\\\/\"},{\"@type\":\"ListItem\",\"position\":3,\"name\":\"Elections 2022 &#8211; Final report\"}]},{\"@type\":\"WebSite\",\"@id\":\"https:\\\/\\\/crta.rs\\\/en\\\/#website\",\"url\":\"https:\\\/\\\/crta.rs\\\/en\\\/\",\"name\":\"CRTA\",\"description\":\"Mi smo grupa aktivista i novinara koja zajedno sa gra\u0111anima uti\u010de na pove\u0107anje odgovornosti institucija i javnih funkcionera kroz pra\u0107enje i kontrolu njihovog rada.\",\"potentialAction\":[{\"@type\":\"SearchAction\",\"target\":{\"@type\":\"EntryPoint\",\"urlTemplate\":\"https:\\\/\\\/crta.rs\\\/en\\\/?s={search_term_string}\"},\"query-input\":{\"@type\":\"PropertyValueSpecification\",\"valueRequired\":true,\"valueName\":\"search_term_string\"}}],\"inLanguage\":\"en-US\"},{\"@type\":\"Person\",\"@id\":\"https:\\\/\\\/crta.rs\\\/en\\\/#\\\/schema\\\/person\\\/6831a3cbdcff21e0c2a512f9333a8a91\",\"name\":\"Mila Stankovic\",\"url\":\"https:\\\/\\\/crta.rs\\\/en\\\/author\\\/mila\\\/\"}]}<\/script>\n<!-- \/ Yoast SEO plugin. -->","yoast_head_json":{"title":"Elections 2022 - Final report - CRTA","description":"Read the full report of election observation from the year 2022.","robots":{"index":"index","follow":"follow","max-snippet":"max-snippet:-1","max-image-preview":"max-image-preview:large","max-video-preview":"max-video-preview:-1"},"canonical":"https:\/\/crta.rs\/en\/elections-2022-final-report\/","og_locale":"en_US","og_type":"article","og_title":"Elections 2022 - Final report - CRTA","og_description":"Read the full report of election observation from the year 2022.","og_url":"https:\/\/crta.rs\/en\/elections-2022-final-report\/","og_site_name":"CRTA","article_publisher":"https:\/\/www.facebook.com\/CRTArs\/","article_published_time":"2023-01-09T15:56:28+00:00","article_modified_time":"2025-06-19T11:28:35+00:00","og_image":[{"width":1086,"height":1537,"url":"https:\/\/crta.rs\/wp-content\/uploads\/2023\/11\/Final-2022-Election-Observation-Report-Cover.jpg","type":"image\/jpeg"}],"author":"Mila Stankovic","twitter_card":"summary_large_image","twitter_misc":{"Written by":"Mila Stankovic","Est. reading time":"2 minutes"},"schema":{"@context":"https:\/\/schema.org","@graph":[{"@type":"Article","@id":"https:\/\/crta.rs\/en\/elections-2022-final-report\/#article","isPartOf":{"@id":"https:\/\/crta.rs\/en\/elections-2022-final-report\/"},"author":{"name":"Mila Stankovic","@id":"https:\/\/crta.rs\/en\/#\/schema\/person\/6831a3cbdcff21e0c2a512f9333a8a91"},"headline":"Elections 2022 &#8211; Final report","datePublished":"2023-01-09T15:56:28+00:00","dateModified":"2025-06-19T11:28:35+00:00","mainEntityOfPage":{"@id":"https:\/\/crta.rs\/en\/elections-2022-final-report\/"},"wordCount":169,"image":{"@id":"https:\/\/crta.rs\/en\/elections-2022-final-report\/#primaryimage"},"thumbnailUrl":"https:\/\/crta.rs\/wp-content\/uploads\/2023\/11\/Final-2022-Election-Observation-Report-Cover.jpg","keywords":["elections","Elections 2022","reports and analysis"],"articleSection":["Publications"],"inLanguage":"en-US"},{"@type":"WebPage","@id":"https:\/\/crta.rs\/en\/elections-2022-final-report\/","url":"https:\/\/crta.rs\/en\/elections-2022-final-report\/","name":"Elections 2022 - Final report - CRTA","isPartOf":{"@id":"https:\/\/crta.rs\/en\/#website"},"primaryImageOfPage":{"@id":"https:\/\/crta.rs\/en\/elections-2022-final-report\/#primaryimage"},"image":{"@id":"https:\/\/crta.rs\/en\/elections-2022-final-report\/#primaryimage"},"thumbnailUrl":"https:\/\/crta.rs\/wp-content\/uploads\/2023\/11\/Final-2022-Election-Observation-Report-Cover.jpg","datePublished":"2023-01-09T15:56:28+00:00","dateModified":"2025-06-19T11:28:35+00:00","author":{"@id":"https:\/\/crta.rs\/en\/#\/schema\/person\/6831a3cbdcff21e0c2a512f9333a8a91"},"description":"Read the full report of election observation from the year 2022.","breadcrumb":{"@id":"https:\/\/crta.rs\/en\/elections-2022-final-report\/#breadcrumb"},"inLanguage":"en-US","potentialAction":[{"@type":"ReadAction","target":["https:\/\/crta.rs\/en\/elections-2022-final-report\/"]}]},{"@type":"ImageObject","inLanguage":"en-US","@id":"https:\/\/crta.rs\/en\/elections-2022-final-report\/#primaryimage","url":"https:\/\/crta.rs\/wp-content\/uploads\/2023\/11\/Final-2022-Election-Observation-Report-Cover.jpg","contentUrl":"https:\/\/crta.rs\/wp-content\/uploads\/2023\/11\/Final-2022-Election-Observation-Report-Cover.jpg","width":1086,"height":1537},{"@type":"BreadcrumbList","@id":"https:\/\/crta.rs\/en\/elections-2022-final-report\/#breadcrumb","itemListElement":[{"@type":"ListItem","position":1,"name":"Home","item":"https:\/\/crta.rs\/en\/"},{"@type":"ListItem","position":2,"name":"Publications","item":"https:\/\/crta.rs\/en\/category\/publication-en\/"},{"@type":"ListItem","position":3,"name":"Elections 2022 &#8211; Final report"}]},{"@type":"WebSite","@id":"https:\/\/crta.rs\/en\/#website","url":"https:\/\/crta.rs\/en\/","name":"CRTA","description":"Mi smo grupa aktivista i novinara koja zajedno sa gra\u0111anima uti\u010de na pove\u0107anje odgovornosti institucija i javnih funkcionera kroz pra\u0107enje i kontrolu njihovog rada.","potentialAction":[{"@type":"SearchAction","target":{"@type":"EntryPoint","urlTemplate":"https:\/\/crta.rs\/en\/?s={search_term_string}"},"query-input":{"@type":"PropertyValueSpecification","valueRequired":true,"valueName":"search_term_string"}}],"inLanguage":"en-US"},{"@type":"Person","@id":"https:\/\/crta.rs\/en\/#\/schema\/person\/6831a3cbdcff21e0c2a512f9333a8a91","name":"Mila Stankovic","url":"https:\/\/crta.rs\/en\/author\/mila\/"}]}},"_links":{"self":[{"href":"https:\/\/crta.rs\/en\/wp-json\/wp\/v2\/posts\/38520","targetHints":{"allow":["GET"]}}],"collection":[{"href":"https:\/\/crta.rs\/en\/wp-json\/wp\/v2\/posts"}],"about":[{"href":"https:\/\/crta.rs\/en\/wp-json\/wp\/v2\/types\/post"}],"author":[{"embeddable":true,"href":"https:\/\/crta.rs\/en\/wp-json\/wp\/v2\/users\/709"}],"replies":[{"embeddable":true,"href":"https:\/\/crta.rs\/en\/wp-json\/wp\/v2\/comments?post=38520"}],"version-history":[{"count":3,"href":"https:\/\/crta.rs\/en\/wp-json\/wp\/v2\/posts\/38520\/revisions"}],"predecessor-version":[{"id":38527,"href":"https:\/\/crta.rs\/en\/wp-json\/wp\/v2\/posts\/38520\/revisions\/38527"}],"wp:featuredmedia":[{"embeddable":true,"href":"https:\/\/crta.rs\/en\/wp-json\/wp\/v2\/media\/38521"}],"wp:attachment":[{"href":"https:\/\/crta.rs\/en\/wp-json\/wp\/v2\/media?parent=38520"}],"wp:term":[{"taxonomy":"category","embeddable":true,"href":"https:\/\/crta.rs\/en\/wp-json\/wp\/v2\/categories?post=38520"},{"taxonomy":"post_tag","embeddable":true,"href":"https:\/\/crta.rs\/en\/wp-json\/wp\/v2\/tags?post=38520"}],"curies":[{"name":"wp","href":"https:\/\/api.w.org\/{rel}","templated":true}]}}