{"id":38090,"date":"2023-11-11T09:57:55","date_gmt":"2023-11-11T08:57:55","guid":{"rendered":"https:\/\/crta.rs\/?p=38090"},"modified":"2023-11-23T15:38:41","modified_gmt":"2023-11-23T14:38:41","slug":"please-allow-citizens-to-vote-in-elections-without-the-fear-of-chaos-and-civil-war","status":"publish","type":"post","link":"https:\/\/crta.rs\/en\/please-allow-citizens-to-vote-in-elections-without-the-fear-of-chaos-and-civil-war\/","title":{"rendered":"Please allow citizens to vote in elections without the fear of \u201cchaos and civil war\u201d"},"content":{"rendered":"<p><span style=\"font-weight: 400;\">CRTA invites all participants in elections, especially the highest state officials, to stop frightening citizens and encouraging the atmosphere of fear in the election campaign, in order to decrease tensions in the public.<\/span><\/p>\n<p><span style=\"font-weight: 400;\">The most recent and most drastic example of the lack of accountability is an official announcement of the Ministry of Public Administration and Local Self-Government, where the Minister Aleksandar Martinovic states that opposition parties prepare for causing \u201cchaos, and even civil war\u201d. Before this statement, the Prime Minister Ana Brnabic also talked about intentions of the opposition to \u201cdestabilize the country\u201d and cause \u201cchaos\u201d.<\/span><\/p>\n<p><span style=\"font-weight: 400;\">It is the responsibility of the Government of Serbia, the mentioned ministry, as well as other state institutions engaged in and connected to the elections conduct, to ensure free and fair electoral conditions, and offer arguments in addressing all suspicions in the integrity of the election process.\u00a0<\/span><\/p>\n<p><span style=\"font-weight: 400;\">State institutions need to provide the public with facts and verified information, and not to disturb citizens by announcing violence.\u00a0<\/span><\/p>\n<p><span style=\"font-weight: 400;\">CRTA reminds the public that the Ministry of Public Administration and Local Self-Government failed to allow an independent verification of the voters registry, thus increasing the lack of trust among the public.<\/span><\/p>\n<p><span style=\"font-weight: 400;\">In addition, the Ministry of Internal Affairs should timely provide the public with correct information regarding the allegedly mass and organized cases of the change of citizens\u2019 residence, in order to eliminate or confirm doubts in the so-called \u201cphantom voters\u201d.<\/span><\/p>\n<p><span style=\"font-weight: 400;\">It is the responsibility of all parties to motivate voters through programs and policies, and refrain from using the inflamatorry rhetoric and spreading rumours that further decrease citizens\u2019 trust in elections, despite the \u201cfrenzy\u201d of the electoral race.\u00a0<\/span><\/p>\n<p><span style=\"font-weight: 400;\">The state needs to be above all party conflicts and negative campaign strategies in order to ensure citizens\u2019 peaceful insights into the electoral offer and voting in elections freely and without fear. <\/span><\/p>\n","protected":false},"excerpt":{"rendered":"<p>CRTA invites all participants in elections, especially the highest state officials, to stop frightening citizens and encouraging the atmosphere of fear in the election campaign, in order to decrease tensions in the public. The most recent and most drastic example of the lack of accountability is an official announcement of the Ministry of Public Administration&#8230;<\/p>\n","protected":false},"author":709,"featured_media":38091,"comment_status":"closed","ping_status":"open","sticky":false,"template":"","format":"standard","meta":{"_acf_changed":false,"footnotes":"","_links_to":"","_links_to_target":""},"categories":[218,681],"tags":[937],"class_list":["post-38090","post","type-post","status-publish","format-standard","has-post-thumbnail","hentry","category-latest-en","category-news","tag-elections-2023","ciTrackContent"],"acf":[],"yoast_head":"<!-- This site is optimized with the Yoast SEO plugin v27.4 - https:\/\/yoast.com\/product\/yoast-seo-wordpress\/ -->\n<title>Please allow citizens to vote in elections without the fear of \u201cchaos and civil war\u201d<\/title>\n<meta name=\"description\" content=\"CRTA invites all participants in elections, to stop frightening citizens and encouraging the atmosphere of fear in the election campaign.\" \/>\n<meta name=\"robots\" content=\"index, follow, max-snippet:-1, max-image-preview:large, max-video-preview:-1\" \/>\n<link rel=\"canonical\" href=\"https:\/\/crta.rs\/en\/please-allow-citizens-to-vote-in-elections-without-the-fear-of-chaos-and-civil-war\/\" \/>\n<meta property=\"og:locale\" content=\"en_US\" \/>\n<meta property=\"og:type\" content=\"article\" \/>\n<meta property=\"og:title\" content=\"Please allow citizens to vote in elections without the fear of \u201cchaos and civil war\u201d\" \/>\n<meta property=\"og:description\" content=\"CRTA invites all participants in elections, to stop frightening citizens and encouraging the atmosphere of fear in the election campaign.\" \/>\n<meta property=\"og:url\" content=\"https:\/\/crta.rs\/en\/please-allow-citizens-to-vote-in-elections-without-the-fear-of-chaos-and-civil-war\/\" \/>\n<meta property=\"og:site_name\" content=\"CRTA\" \/>\n<meta property=\"article:publisher\" content=\"https:\/\/www.facebook.com\/CRTArs\/\" \/>\n<meta property=\"article:published_time\" content=\"2023-11-11T08:57:55+00:00\" \/>\n<meta property=\"article:modified_time\" content=\"2023-11-23T14:38:41+00:00\" \/>\n<meta property=\"og:image\" content=\"https:\/\/crta.rs\/wp-content\/uploads\/2023\/11\/Omogucite-gradjanima-da-izadju-na-izbore-bez-straha-od-\u201ehaosa-i-gradjanskog-rata.png\" \/>\n\t<meta property=\"og:image:width\" content=\"940\" \/>\n\t<meta property=\"og:image:height\" content=\"469\" \/>\n\t<meta property=\"og:image:type\" content=\"image\/png\" \/>\n<meta name=\"author\" content=\"Mila Stankovic\" \/>\n<meta name=\"twitter:card\" content=\"summary_large_image\" \/>\n<meta name=\"twitter:label1\" content=\"Written by\" \/>\n\t<meta name=\"twitter:data1\" content=\"Mila Stankovic\" \/>\n\t<meta name=\"twitter:label2\" content=\"Est. reading time\" \/>\n\t<meta name=\"twitter:data2\" content=\"2 minutes\" \/>\n<script type=\"application\/ld+json\" class=\"yoast-schema-graph\">{\"@context\":\"https:\\\/\\\/schema.org\",\"@graph\":[{\"@type\":\"Article\",\"@id\":\"https:\\\/\\\/crta.rs\\\/en\\\/please-allow-citizens-to-vote-in-elections-without-the-fear-of-chaos-and-civil-war\\\/#article\",\"isPartOf\":{\"@id\":\"https:\\\/\\\/crta.rs\\\/en\\\/please-allow-citizens-to-vote-in-elections-without-the-fear-of-chaos-and-civil-war\\\/\"},\"author\":{\"name\":\"Mila Stankovic\",\"@id\":\"https:\\\/\\\/crta.rs\\\/en\\\/#\\\/schema\\\/person\\\/6831a3cbdcff21e0c2a512f9333a8a91\"},\"headline\":\"Please allow citizens to vote in elections without the fear of \u201cchaos and civil war\u201d\",\"datePublished\":\"2023-11-11T08:57:55+00:00\",\"dateModified\":\"2023-11-23T14:38:41+00:00\",\"mainEntityOfPage\":{\"@id\":\"https:\\\/\\\/crta.rs\\\/en\\\/please-allow-citizens-to-vote-in-elections-without-the-fear-of-chaos-and-civil-war\\\/\"},\"wordCount\":321,\"image\":{\"@id\":\"https:\\\/\\\/crta.rs\\\/en\\\/please-allow-citizens-to-vote-in-elections-without-the-fear-of-chaos-and-civil-war\\\/#primaryimage\"},\"thumbnailUrl\":\"https:\\\/\\\/crta.rs\\\/wp-content\\\/uploads\\\/2023\\\/11\\\/Omogucite-gradjanima-da-izadju-na-izbore-bez-straha-od-\u201ehaosa-i-gradjanskog-rata.png\",\"keywords\":[\"Elections 2023\"],\"articleSection\":[\"Latest\",\"News\"],\"inLanguage\":\"en-US\"},{\"@type\":\"WebPage\",\"@id\":\"https:\\\/\\\/crta.rs\\\/en\\\/please-allow-citizens-to-vote-in-elections-without-the-fear-of-chaos-and-civil-war\\\/\",\"url\":\"https:\\\/\\\/crta.rs\\\/en\\\/please-allow-citizens-to-vote-in-elections-without-the-fear-of-chaos-and-civil-war\\\/\",\"name\":\"Please allow citizens to vote in elections without the fear of \u201cchaos and civil war\u201d\",\"isPartOf\":{\"@id\":\"https:\\\/\\\/crta.rs\\\/en\\\/#website\"},\"primaryImageOfPage\":{\"@id\":\"https:\\\/\\\/crta.rs\\\/en\\\/please-allow-citizens-to-vote-in-elections-without-the-fear-of-chaos-and-civil-war\\\/#primaryimage\"},\"image\":{\"@id\":\"https:\\\/\\\/crta.rs\\\/en\\\/please-allow-citizens-to-vote-in-elections-without-the-fear-of-chaos-and-civil-war\\\/#primaryimage\"},\"thumbnailUrl\":\"https:\\\/\\\/crta.rs\\\/wp-content\\\/uploads\\\/2023\\\/11\\\/Omogucite-gradjanima-da-izadju-na-izbore-bez-straha-od-\u201ehaosa-i-gradjanskog-rata.png\",\"datePublished\":\"2023-11-11T08:57:55+00:00\",\"dateModified\":\"2023-11-23T14:38:41+00:00\",\"author\":{\"@id\":\"https:\\\/\\\/crta.rs\\\/en\\\/#\\\/schema\\\/person\\\/6831a3cbdcff21e0c2a512f9333a8a91\"},\"description\":\"CRTA invites all participants in elections, to stop frightening citizens and encouraging the atmosphere of fear in the election campaign.\",\"breadcrumb\":{\"@id\":\"https:\\\/\\\/crta.rs\\\/en\\\/please-allow-citizens-to-vote-in-elections-without-the-fear-of-chaos-and-civil-war\\\/#breadcrumb\"},\"inLanguage\":\"en-US\",\"potentialAction\":[{\"@type\":\"ReadAction\",\"target\":[\"https:\\\/\\\/crta.rs\\\/en\\\/please-allow-citizens-to-vote-in-elections-without-the-fear-of-chaos-and-civil-war\\\/\"]}]},{\"@type\":\"ImageObject\",\"inLanguage\":\"en-US\",\"@id\":\"https:\\\/\\\/crta.rs\\\/en\\\/please-allow-citizens-to-vote-in-elections-without-the-fear-of-chaos-and-civil-war\\\/#primaryimage\",\"url\":\"https:\\\/\\\/crta.rs\\\/wp-content\\\/uploads\\\/2023\\\/11\\\/Omogucite-gradjanima-da-izadju-na-izbore-bez-straha-od-\u201ehaosa-i-gradjanskog-rata.png\",\"contentUrl\":\"https:\\\/\\\/crta.rs\\\/wp-content\\\/uploads\\\/2023\\\/11\\\/Omogucite-gradjanima-da-izadju-na-izbore-bez-straha-od-\u201ehaosa-i-gradjanskog-rata.png\",\"width\":940,\"height\":469,\"caption\":\"CRTA elections\"},{\"@type\":\"BreadcrumbList\",\"@id\":\"https:\\\/\\\/crta.rs\\\/en\\\/please-allow-citizens-to-vote-in-elections-without-the-fear-of-chaos-and-civil-war\\\/#breadcrumb\",\"itemListElement\":[{\"@type\":\"ListItem\",\"position\":1,\"name\":\"Home\",\"item\":\"https:\\\/\\\/crta.rs\\\/en\\\/\"},{\"@type\":\"ListItem\",\"position\":2,\"name\":\"Latest\",\"item\":\"https:\\\/\\\/crta.rs\\\/en\\\/category\\\/latest-en\\\/\"},{\"@type\":\"ListItem\",\"position\":3,\"name\":\"Please allow citizens to vote in elections without the fear of \u201cchaos and civil war\u201d\"}]},{\"@type\":\"WebSite\",\"@id\":\"https:\\\/\\\/crta.rs\\\/en\\\/#website\",\"url\":\"https:\\\/\\\/crta.rs\\\/en\\\/\",\"name\":\"CRTA\",\"description\":\"Mi smo grupa aktivista i novinara koja zajedno sa gra\u0111anima uti\u010de na pove\u0107anje odgovornosti institucija i javnih funkcionera kroz pra\u0107enje i kontrolu njihovog rada.\",\"potentialAction\":[{\"@type\":\"SearchAction\",\"target\":{\"@type\":\"EntryPoint\",\"urlTemplate\":\"https:\\\/\\\/crta.rs\\\/en\\\/?s={search_term_string}\"},\"query-input\":{\"@type\":\"PropertyValueSpecification\",\"valueRequired\":true,\"valueName\":\"search_term_string\"}}],\"inLanguage\":\"en-US\"},{\"@type\":\"Person\",\"@id\":\"https:\\\/\\\/crta.rs\\\/en\\\/#\\\/schema\\\/person\\\/6831a3cbdcff21e0c2a512f9333a8a91\",\"name\":\"Mila Stankovic\",\"url\":\"https:\\\/\\\/crta.rs\\\/en\\\/author\\\/mila\\\/\"}]}<\/script>\n<!-- \/ Yoast SEO plugin. -->","yoast_head_json":{"title":"Please allow citizens to vote in elections without the fear of \u201cchaos and civil war\u201d","description":"CRTA invites all participants in elections, to stop frightening citizens and encouraging the atmosphere of fear in the election campaign.","robots":{"index":"index","follow":"follow","max-snippet":"max-snippet:-1","max-image-preview":"max-image-preview:large","max-video-preview":"max-video-preview:-1"},"canonical":"https:\/\/crta.rs\/en\/please-allow-citizens-to-vote-in-elections-without-the-fear-of-chaos-and-civil-war\/","og_locale":"en_US","og_type":"article","og_title":"Please allow citizens to vote in elections without the fear of \u201cchaos and civil war\u201d","og_description":"CRTA invites all participants in elections, to stop frightening citizens and encouraging the atmosphere of fear in the election campaign.","og_url":"https:\/\/crta.rs\/en\/please-allow-citizens-to-vote-in-elections-without-the-fear-of-chaos-and-civil-war\/","og_site_name":"CRTA","article_publisher":"https:\/\/www.facebook.com\/CRTArs\/","article_published_time":"2023-11-11T08:57:55+00:00","article_modified_time":"2023-11-23T14:38:41+00:00","og_image":[{"width":940,"height":469,"url":"https:\/\/crta.rs\/wp-content\/uploads\/2023\/11\/Omogucite-gradjanima-da-izadju-na-izbore-bez-straha-od-\u201ehaosa-i-gradjanskog-rata.png","type":"image\/png"}],"author":"Mila Stankovic","twitter_card":"summary_large_image","twitter_misc":{"Written by":"Mila Stankovic","Est. reading time":"2 minutes"},"schema":{"@context":"https:\/\/schema.org","@graph":[{"@type":"Article","@id":"https:\/\/crta.rs\/en\/please-allow-citizens-to-vote-in-elections-without-the-fear-of-chaos-and-civil-war\/#article","isPartOf":{"@id":"https:\/\/crta.rs\/en\/please-allow-citizens-to-vote-in-elections-without-the-fear-of-chaos-and-civil-war\/"},"author":{"name":"Mila Stankovic","@id":"https:\/\/crta.rs\/en\/#\/schema\/person\/6831a3cbdcff21e0c2a512f9333a8a91"},"headline":"Please allow citizens to vote in elections without the fear of \u201cchaos and civil war\u201d","datePublished":"2023-11-11T08:57:55+00:00","dateModified":"2023-11-23T14:38:41+00:00","mainEntityOfPage":{"@id":"https:\/\/crta.rs\/en\/please-allow-citizens-to-vote-in-elections-without-the-fear-of-chaos-and-civil-war\/"},"wordCount":321,"image":{"@id":"https:\/\/crta.rs\/en\/please-allow-citizens-to-vote-in-elections-without-the-fear-of-chaos-and-civil-war\/#primaryimage"},"thumbnailUrl":"https:\/\/crta.rs\/wp-content\/uploads\/2023\/11\/Omogucite-gradjanima-da-izadju-na-izbore-bez-straha-od-\u201ehaosa-i-gradjanskog-rata.png","keywords":["Elections 2023"],"articleSection":["Latest","News"],"inLanguage":"en-US"},{"@type":"WebPage","@id":"https:\/\/crta.rs\/en\/please-allow-citizens-to-vote-in-elections-without-the-fear-of-chaos-and-civil-war\/","url":"https:\/\/crta.rs\/en\/please-allow-citizens-to-vote-in-elections-without-the-fear-of-chaos-and-civil-war\/","name":"Please allow citizens to vote in elections without the fear of \u201cchaos and civil war\u201d","isPartOf":{"@id":"https:\/\/crta.rs\/en\/#website"},"primaryImageOfPage":{"@id":"https:\/\/crta.rs\/en\/please-allow-citizens-to-vote-in-elections-without-the-fear-of-chaos-and-civil-war\/#primaryimage"},"image":{"@id":"https:\/\/crta.rs\/en\/please-allow-citizens-to-vote-in-elections-without-the-fear-of-chaos-and-civil-war\/#primaryimage"},"thumbnailUrl":"https:\/\/crta.rs\/wp-content\/uploads\/2023\/11\/Omogucite-gradjanima-da-izadju-na-izbore-bez-straha-od-\u201ehaosa-i-gradjanskog-rata.png","datePublished":"2023-11-11T08:57:55+00:00","dateModified":"2023-11-23T14:38:41+00:00","author":{"@id":"https:\/\/crta.rs\/en\/#\/schema\/person\/6831a3cbdcff21e0c2a512f9333a8a91"},"description":"CRTA invites all participants in elections, to stop frightening citizens and encouraging the atmosphere of fear in the election campaign.","breadcrumb":{"@id":"https:\/\/crta.rs\/en\/please-allow-citizens-to-vote-in-elections-without-the-fear-of-chaos-and-civil-war\/#breadcrumb"},"inLanguage":"en-US","potentialAction":[{"@type":"ReadAction","target":["https:\/\/crta.rs\/en\/please-allow-citizens-to-vote-in-elections-without-the-fear-of-chaos-and-civil-war\/"]}]},{"@type":"ImageObject","inLanguage":"en-US","@id":"https:\/\/crta.rs\/en\/please-allow-citizens-to-vote-in-elections-without-the-fear-of-chaos-and-civil-war\/#primaryimage","url":"https:\/\/crta.rs\/wp-content\/uploads\/2023\/11\/Omogucite-gradjanima-da-izadju-na-izbore-bez-straha-od-\u201ehaosa-i-gradjanskog-rata.png","contentUrl":"https:\/\/crta.rs\/wp-content\/uploads\/2023\/11\/Omogucite-gradjanima-da-izadju-na-izbore-bez-straha-od-\u201ehaosa-i-gradjanskog-rata.png","width":940,"height":469,"caption":"CRTA elections"},{"@type":"BreadcrumbList","@id":"https:\/\/crta.rs\/en\/please-allow-citizens-to-vote-in-elections-without-the-fear-of-chaos-and-civil-war\/#breadcrumb","itemListElement":[{"@type":"ListItem","position":1,"name":"Home","item":"https:\/\/crta.rs\/en\/"},{"@type":"ListItem","position":2,"name":"Latest","item":"https:\/\/crta.rs\/en\/category\/latest-en\/"},{"@type":"ListItem","position":3,"name":"Please allow citizens to vote in elections without the fear of \u201cchaos and civil war\u201d"}]},{"@type":"WebSite","@id":"https:\/\/crta.rs\/en\/#website","url":"https:\/\/crta.rs\/en\/","name":"CRTA","description":"Mi smo grupa aktivista i novinara koja zajedno sa gra\u0111anima uti\u010de na pove\u0107anje odgovornosti institucija i javnih funkcionera kroz pra\u0107enje i kontrolu njihovog rada.","potentialAction":[{"@type":"SearchAction","target":{"@type":"EntryPoint","urlTemplate":"https:\/\/crta.rs\/en\/?s={search_term_string}"},"query-input":{"@type":"PropertyValueSpecification","valueRequired":true,"valueName":"search_term_string"}}],"inLanguage":"en-US"},{"@type":"Person","@id":"https:\/\/crta.rs\/en\/#\/schema\/person\/6831a3cbdcff21e0c2a512f9333a8a91","name":"Mila Stankovic","url":"https:\/\/crta.rs\/en\/author\/mila\/"}]}},"_links":{"self":[{"href":"https:\/\/crta.rs\/en\/wp-json\/wp\/v2\/posts\/38090","targetHints":{"allow":["GET"]}}],"collection":[{"href":"https:\/\/crta.rs\/en\/wp-json\/wp\/v2\/posts"}],"about":[{"href":"https:\/\/crta.rs\/en\/wp-json\/wp\/v2\/types\/post"}],"author":[{"embeddable":true,"href":"https:\/\/crta.rs\/en\/wp-json\/wp\/v2\/users\/709"}],"replies":[{"embeddable":true,"href":"https:\/\/crta.rs\/en\/wp-json\/wp\/v2\/comments?post=38090"}],"version-history":[{"count":1,"href":"https:\/\/crta.rs\/en\/wp-json\/wp\/v2\/posts\/38090\/revisions"}],"predecessor-version":[{"id":38093,"href":"https:\/\/crta.rs\/en\/wp-json\/wp\/v2\/posts\/38090\/revisions\/38093"}],"wp:featuredmedia":[{"embeddable":true,"href":"https:\/\/crta.rs\/en\/wp-json\/wp\/v2\/media\/38091"}],"wp:attachment":[{"href":"https:\/\/crta.rs\/en\/wp-json\/wp\/v2\/media?parent=38090"}],"wp:term":[{"taxonomy":"category","embeddable":true,"href":"https:\/\/crta.rs\/en\/wp-json\/wp\/v2\/categories?post=38090"},{"taxonomy":"post_tag","embeddable":true,"href":"https:\/\/crta.rs\/en\/wp-json\/wp\/v2\/tags?post=38090"}],"curies":[{"name":"wp","href":"https:\/\/api.w.org\/{rel}","templated":true}]}}