{"id":37428,"date":"2023-10-16T17:02:03","date_gmt":"2023-10-16T15:02:03","guid":{"rendered":"https:\/\/crta.rs\/?p=37428"},"modified":"2023-10-16T17:09:52","modified_gmt":"2023-10-16T15:09:52","slug":"improving-the-standard-of-living-a-priority-for-citizens","status":"publish","type":"post","link":"https:\/\/crta.rs\/en\/improving-the-standard-of-living-a-priority-for-citizens\/","title":{"rendered":"Improving the standard of living a priority for citizens"},"content":{"rendered":"<p><span style=\"font-weight: 400;\">Nearly half of the citizens &#8211; 47 percent, believe that Serbia is moving in the wrong direction, as opposed to 38 percent who think the country is on the right track \u2013 these are the findings of the public opinion survey on the nation&#8217;s political opinions in the run-up to the election campaign, conducted by Crta from September 23 to October 5, 2023.<\/span><\/p>\n<p><span style=\"font-weight: 400;\">Citizens see the economic situation, namely a poor standard of living, rising prices, and inflation, as the biggest problems. While 39 percent of respondents consider the economy as one of the issues, for 29 percent of them, it is the most significant problem that Serbia is facing today. Kosovo was listed as the primary concern by 23 percent of citizens, and it is important to note that the survey was conducted during the days of a security crisis in northern Kosovo.<\/span><\/p>\n<p><span style=\"font-weight: 400;\">The opinion of almost every other citizen is that the government has not fulfilled most of the promises it made before the previous elections, while 36 percent of respondents believe that what was promised has largely been delivered. To achieve better results in the elections and address citizen dissatisfaction, the opposition would need to act collectively &#8211; a coalition of parties gathered around the organization &#8220;Serbia Against Violence&#8221; would be supported by 41 percent of citizens, 49 percent would support the coalition led by Aleksandar Vu\u010di\u0107, and 10 percent would support the right-wing opposition block (Dveri, Zavetnici, Novi DSS, and POKS).<\/span><\/p>\n<p><span style=\"font-weight: 400;\">If the parties from the &#8220;Serbia Against Violence&#8221; block were to go to the elections separately, they would collectively win 21 percent of the votes, while the list led by Vu\u010di\u0107 would be supported by 56 percent of citizens in that case.<\/span><\/p>\n<p><span style=\"font-weight: 400;\">The chances of the so-called pro-European opposition are even more significant in the Belgrade elections &#8211; their coalition would be supported by 51 percent of voters in the capital.<\/span><\/p>\n<p><span style=\"font-weight: 400;\">The main criticisms citizens have of the opposition relates to its disunity (according to 15 percent of citizens) and the lack of a plan for changing the government (also 15 percent). Consistent with the response that economic problems trouble them more than anything else, most citizens would expect the list they vote for to prioritize improving the standard of living for citizens (39 percent), with the second largest group being those who primarily expect corruption to be tackled (19 percent).<\/span><\/p>\n<p><span style=\"font-weight: 400;\">Crta conducted two telephone surveys from September 23 to October 5 on a random, representative sample (1,544 respondents for Serbia excluding Kosovo and 806 respondents for Belgrade).<\/span><\/p>\n<p><span style=\"font-weight: 400;\">The detailed findings of the survey can be found <a href=\"https:\/\/crta.rs\/wp-content\/uploads\/2023\/10\/Istrazivanje-javnog-menjenja_Crta_Septembar-2023.pdf\" target=\"_blank\" rel=\"noopener\">here<\/a>.<\/span><\/p>\n","protected":false},"excerpt":{"rendered":"<p>Nearly half of the citizens &#8211; 47 percent, believe that Serbia is moving in the wrong direction, as opposed to 38 percent who think the country is on the right track \u2013 these are the findings of the public opinion survey on the nation&#8217;s political opinions in the run-up to the election campaign, conducted by&#8230;<\/p>\n","protected":false},"author":709,"featured_media":37441,"comment_status":"closed","ping_status":"open","sticky":false,"template":"","format":"standard","meta":{"_acf_changed":false,"footnotes":"","_links_to":"","_links_to_target":""},"categories":[218],"tags":[],"class_list":["post-37428","post","type-post","status-publish","format-standard","has-post-thumbnail","hentry","category-latest-en","ciTrackContent"],"acf":[],"yoast_head":"<!-- This site is optimized with the Yoast SEO plugin v27.4 - https:\/\/yoast.com\/product\/yoast-seo-wordpress\/ -->\n<title>Improving the standard of living a priority for citizens - CRTA<\/title>\n<meta name=\"robots\" content=\"index, follow, max-snippet:-1, max-image-preview:large, max-video-preview:-1\" \/>\n<link rel=\"canonical\" href=\"https:\/\/crta.rs\/en\/improving-the-standard-of-living-a-priority-for-citizens\/\" \/>\n<meta property=\"og:locale\" content=\"en_US\" \/>\n<meta property=\"og:type\" content=\"article\" \/>\n<meta property=\"og:title\" content=\"Improving the standard of living a priority for citizens - CRTA\" \/>\n<meta property=\"og:description\" content=\"Nearly half of the citizens &#8211; 47 percent, believe that Serbia is moving in the wrong direction, as opposed to 38 percent who think the country is on the right track \u2013 these are the findings of the public opinion survey on the nation&#8217;s political opinions in the run-up to the election campaign, conducted by...\" \/>\n<meta property=\"og:url\" content=\"https:\/\/crta.rs\/en\/improving-the-standard-of-living-a-priority-for-citizens\/\" \/>\n<meta property=\"og:site_name\" content=\"CRTA\" \/>\n<meta property=\"article:publisher\" content=\"https:\/\/www.facebook.com\/CRTArs\/\" \/>\n<meta property=\"article:published_time\" content=\"2023-10-16T15:02:03+00:00\" \/>\n<meta property=\"article:modified_time\" content=\"2023-10-16T15:09:52+00:00\" \/>\n<meta property=\"og:image\" content=\"https:\/\/crta.rs\/wp-content\/uploads\/2023\/10\/STAVOVI-GRADJANA-SRBIJE-I-BEOGRADA-eng.png\" \/>\n\t<meta property=\"og:image:width\" content=\"940\" \/>\n\t<meta property=\"og:image:height\" content=\"469\" \/>\n\t<meta property=\"og:image:type\" content=\"image\/png\" \/>\n<meta name=\"author\" content=\"Mila Stankovic\" \/>\n<meta name=\"twitter:card\" content=\"summary_large_image\" \/>\n<meta name=\"twitter:label1\" content=\"Written by\" \/>\n\t<meta name=\"twitter:data1\" content=\"Mila Stankovic\" \/>\n\t<meta name=\"twitter:label2\" content=\"Est. reading time\" \/>\n\t<meta name=\"twitter:data2\" content=\"3 minutes\" \/>\n<script type=\"application\/ld+json\" class=\"yoast-schema-graph\">{\"@context\":\"https:\\\/\\\/schema.org\",\"@graph\":[{\"@type\":\"Article\",\"@id\":\"https:\\\/\\\/crta.rs\\\/en\\\/improving-the-standard-of-living-a-priority-for-citizens\\\/#article\",\"isPartOf\":{\"@id\":\"https:\\\/\\\/crta.rs\\\/en\\\/improving-the-standard-of-living-a-priority-for-citizens\\\/\"},\"author\":{\"name\":\"Mila Stankovic\",\"@id\":\"https:\\\/\\\/crta.rs\\\/en\\\/#\\\/schema\\\/person\\\/6831a3cbdcff21e0c2a512f9333a8a91\"},\"headline\":\"Improving the standard of living a priority for citizens\",\"datePublished\":\"2023-10-16T15:02:03+00:00\",\"dateModified\":\"2023-10-16T15:09:52+00:00\",\"mainEntityOfPage\":{\"@id\":\"https:\\\/\\\/crta.rs\\\/en\\\/improving-the-standard-of-living-a-priority-for-citizens\\\/\"},\"wordCount\":421,\"image\":{\"@id\":\"https:\\\/\\\/crta.rs\\\/en\\\/improving-the-standard-of-living-a-priority-for-citizens\\\/#primaryimage\"},\"thumbnailUrl\":\"https:\\\/\\\/crta.rs\\\/wp-content\\\/uploads\\\/2023\\\/10\\\/STAVOVI-GRADJANA-SRBIJE-I-BEOGRADA-eng.png\",\"articleSection\":[\"Latest\"],\"inLanguage\":\"en-US\"},{\"@type\":\"WebPage\",\"@id\":\"https:\\\/\\\/crta.rs\\\/en\\\/improving-the-standard-of-living-a-priority-for-citizens\\\/\",\"url\":\"https:\\\/\\\/crta.rs\\\/en\\\/improving-the-standard-of-living-a-priority-for-citizens\\\/\",\"name\":\"Improving the standard of living a priority for citizens - CRTA\",\"isPartOf\":{\"@id\":\"https:\\\/\\\/crta.rs\\\/en\\\/#website\"},\"primaryImageOfPage\":{\"@id\":\"https:\\\/\\\/crta.rs\\\/en\\\/improving-the-standard-of-living-a-priority-for-citizens\\\/#primaryimage\"},\"image\":{\"@id\":\"https:\\\/\\\/crta.rs\\\/en\\\/improving-the-standard-of-living-a-priority-for-citizens\\\/#primaryimage\"},\"thumbnailUrl\":\"https:\\\/\\\/crta.rs\\\/wp-content\\\/uploads\\\/2023\\\/10\\\/STAVOVI-GRADJANA-SRBIJE-I-BEOGRADA-eng.png\",\"datePublished\":\"2023-10-16T15:02:03+00:00\",\"dateModified\":\"2023-10-16T15:09:52+00:00\",\"author\":{\"@id\":\"https:\\\/\\\/crta.rs\\\/en\\\/#\\\/schema\\\/person\\\/6831a3cbdcff21e0c2a512f9333a8a91\"},\"breadcrumb\":{\"@id\":\"https:\\\/\\\/crta.rs\\\/en\\\/improving-the-standard-of-living-a-priority-for-citizens\\\/#breadcrumb\"},\"inLanguage\":\"en-US\",\"potentialAction\":[{\"@type\":\"ReadAction\",\"target\":[\"https:\\\/\\\/crta.rs\\\/en\\\/improving-the-standard-of-living-a-priority-for-citizens\\\/\"]}]},{\"@type\":\"ImageObject\",\"inLanguage\":\"en-US\",\"@id\":\"https:\\\/\\\/crta.rs\\\/en\\\/improving-the-standard-of-living-a-priority-for-citizens\\\/#primaryimage\",\"url\":\"https:\\\/\\\/crta.rs\\\/wp-content\\\/uploads\\\/2023\\\/10\\\/STAVOVI-GRADJANA-SRBIJE-I-BEOGRADA-eng.png\",\"contentUrl\":\"https:\\\/\\\/crta.rs\\\/wp-content\\\/uploads\\\/2023\\\/10\\\/STAVOVI-GRADJANA-SRBIJE-I-BEOGRADA-eng.png\",\"width\":940,\"height\":469},{\"@type\":\"BreadcrumbList\",\"@id\":\"https:\\\/\\\/crta.rs\\\/en\\\/improving-the-standard-of-living-a-priority-for-citizens\\\/#breadcrumb\",\"itemListElement\":[{\"@type\":\"ListItem\",\"position\":1,\"name\":\"Home\",\"item\":\"https:\\\/\\\/crta.rs\\\/en\\\/\"},{\"@type\":\"ListItem\",\"position\":2,\"name\":\"Latest\",\"item\":\"https:\\\/\\\/crta.rs\\\/en\\\/category\\\/latest-en\\\/\"},{\"@type\":\"ListItem\",\"position\":3,\"name\":\"Improving the standard of living a priority for citizens\"}]},{\"@type\":\"WebSite\",\"@id\":\"https:\\\/\\\/crta.rs\\\/en\\\/#website\",\"url\":\"https:\\\/\\\/crta.rs\\\/en\\\/\",\"name\":\"CRTA\",\"description\":\"Mi smo grupa aktivista i novinara koja zajedno sa gra\u0111anima uti\u010de na pove\u0107anje odgovornosti institucija i javnih funkcionera kroz pra\u0107enje i kontrolu njihovog rada.\",\"potentialAction\":[{\"@type\":\"SearchAction\",\"target\":{\"@type\":\"EntryPoint\",\"urlTemplate\":\"https:\\\/\\\/crta.rs\\\/en\\\/?s={search_term_string}\"},\"query-input\":{\"@type\":\"PropertyValueSpecification\",\"valueRequired\":true,\"valueName\":\"search_term_string\"}}],\"inLanguage\":\"en-US\"},{\"@type\":\"Person\",\"@id\":\"https:\\\/\\\/crta.rs\\\/en\\\/#\\\/schema\\\/person\\\/6831a3cbdcff21e0c2a512f9333a8a91\",\"name\":\"Mila Stankovic\",\"url\":\"https:\\\/\\\/crta.rs\\\/en\\\/author\\\/mila\\\/\"}]}<\/script>\n<!-- \/ Yoast SEO plugin. -->","yoast_head_json":{"title":"Improving the standard of living a priority for citizens - CRTA","robots":{"index":"index","follow":"follow","max-snippet":"max-snippet:-1","max-image-preview":"max-image-preview:large","max-video-preview":"max-video-preview:-1"},"canonical":"https:\/\/crta.rs\/en\/improving-the-standard-of-living-a-priority-for-citizens\/","og_locale":"en_US","og_type":"article","og_title":"Improving the standard of living a priority for citizens - CRTA","og_description":"Nearly half of the citizens &#8211; 47 percent, believe that Serbia is moving in the wrong direction, as opposed to 38 percent who think the country is on the right track \u2013 these are the findings of the public opinion survey on the nation&#8217;s political opinions in the run-up to the election campaign, conducted by...","og_url":"https:\/\/crta.rs\/en\/improving-the-standard-of-living-a-priority-for-citizens\/","og_site_name":"CRTA","article_publisher":"https:\/\/www.facebook.com\/CRTArs\/","article_published_time":"2023-10-16T15:02:03+00:00","article_modified_time":"2023-10-16T15:09:52+00:00","og_image":[{"width":940,"height":469,"url":"https:\/\/crta.rs\/wp-content\/uploads\/2023\/10\/STAVOVI-GRADJANA-SRBIJE-I-BEOGRADA-eng.png","type":"image\/png"}],"author":"Mila Stankovic","twitter_card":"summary_large_image","twitter_misc":{"Written by":"Mila Stankovic","Est. reading time":"3 minutes"},"schema":{"@context":"https:\/\/schema.org","@graph":[{"@type":"Article","@id":"https:\/\/crta.rs\/en\/improving-the-standard-of-living-a-priority-for-citizens\/#article","isPartOf":{"@id":"https:\/\/crta.rs\/en\/improving-the-standard-of-living-a-priority-for-citizens\/"},"author":{"name":"Mila Stankovic","@id":"https:\/\/crta.rs\/en\/#\/schema\/person\/6831a3cbdcff21e0c2a512f9333a8a91"},"headline":"Improving the standard of living a priority for citizens","datePublished":"2023-10-16T15:02:03+00:00","dateModified":"2023-10-16T15:09:52+00:00","mainEntityOfPage":{"@id":"https:\/\/crta.rs\/en\/improving-the-standard-of-living-a-priority-for-citizens\/"},"wordCount":421,"image":{"@id":"https:\/\/crta.rs\/en\/improving-the-standard-of-living-a-priority-for-citizens\/#primaryimage"},"thumbnailUrl":"https:\/\/crta.rs\/wp-content\/uploads\/2023\/10\/STAVOVI-GRADJANA-SRBIJE-I-BEOGRADA-eng.png","articleSection":["Latest"],"inLanguage":"en-US"},{"@type":"WebPage","@id":"https:\/\/crta.rs\/en\/improving-the-standard-of-living-a-priority-for-citizens\/","url":"https:\/\/crta.rs\/en\/improving-the-standard-of-living-a-priority-for-citizens\/","name":"Improving the standard of living a priority for citizens - CRTA","isPartOf":{"@id":"https:\/\/crta.rs\/en\/#website"},"primaryImageOfPage":{"@id":"https:\/\/crta.rs\/en\/improving-the-standard-of-living-a-priority-for-citizens\/#primaryimage"},"image":{"@id":"https:\/\/crta.rs\/en\/improving-the-standard-of-living-a-priority-for-citizens\/#primaryimage"},"thumbnailUrl":"https:\/\/crta.rs\/wp-content\/uploads\/2023\/10\/STAVOVI-GRADJANA-SRBIJE-I-BEOGRADA-eng.png","datePublished":"2023-10-16T15:02:03+00:00","dateModified":"2023-10-16T15:09:52+00:00","author":{"@id":"https:\/\/crta.rs\/en\/#\/schema\/person\/6831a3cbdcff21e0c2a512f9333a8a91"},"breadcrumb":{"@id":"https:\/\/crta.rs\/en\/improving-the-standard-of-living-a-priority-for-citizens\/#breadcrumb"},"inLanguage":"en-US","potentialAction":[{"@type":"ReadAction","target":["https:\/\/crta.rs\/en\/improving-the-standard-of-living-a-priority-for-citizens\/"]}]},{"@type":"ImageObject","inLanguage":"en-US","@id":"https:\/\/crta.rs\/en\/improving-the-standard-of-living-a-priority-for-citizens\/#primaryimage","url":"https:\/\/crta.rs\/wp-content\/uploads\/2023\/10\/STAVOVI-GRADJANA-SRBIJE-I-BEOGRADA-eng.png","contentUrl":"https:\/\/crta.rs\/wp-content\/uploads\/2023\/10\/STAVOVI-GRADJANA-SRBIJE-I-BEOGRADA-eng.png","width":940,"height":469},{"@type":"BreadcrumbList","@id":"https:\/\/crta.rs\/en\/improving-the-standard-of-living-a-priority-for-citizens\/#breadcrumb","itemListElement":[{"@type":"ListItem","position":1,"name":"Home","item":"https:\/\/crta.rs\/en\/"},{"@type":"ListItem","position":2,"name":"Latest","item":"https:\/\/crta.rs\/en\/category\/latest-en\/"},{"@type":"ListItem","position":3,"name":"Improving the standard of living a priority for citizens"}]},{"@type":"WebSite","@id":"https:\/\/crta.rs\/en\/#website","url":"https:\/\/crta.rs\/en\/","name":"CRTA","description":"Mi smo grupa aktivista i novinara koja zajedno sa gra\u0111anima uti\u010de na pove\u0107anje odgovornosti institucija i javnih funkcionera kroz pra\u0107enje i kontrolu njihovog rada.","potentialAction":[{"@type":"SearchAction","target":{"@type":"EntryPoint","urlTemplate":"https:\/\/crta.rs\/en\/?s={search_term_string}"},"query-input":{"@type":"PropertyValueSpecification","valueRequired":true,"valueName":"search_term_string"}}],"inLanguage":"en-US"},{"@type":"Person","@id":"https:\/\/crta.rs\/en\/#\/schema\/person\/6831a3cbdcff21e0c2a512f9333a8a91","name":"Mila Stankovic","url":"https:\/\/crta.rs\/en\/author\/mila\/"}]}},"_links":{"self":[{"href":"https:\/\/crta.rs\/en\/wp-json\/wp\/v2\/posts\/37428","targetHints":{"allow":["GET"]}}],"collection":[{"href":"https:\/\/crta.rs\/en\/wp-json\/wp\/v2\/posts"}],"about":[{"href":"https:\/\/crta.rs\/en\/wp-json\/wp\/v2\/types\/post"}],"author":[{"embeddable":true,"href":"https:\/\/crta.rs\/en\/wp-json\/wp\/v2\/users\/709"}],"replies":[{"embeddable":true,"href":"https:\/\/crta.rs\/en\/wp-json\/wp\/v2\/comments?post=37428"}],"version-history":[{"count":2,"href":"https:\/\/crta.rs\/en\/wp-json\/wp\/v2\/posts\/37428\/revisions"}],"predecessor-version":[{"id":37440,"href":"https:\/\/crta.rs\/en\/wp-json\/wp\/v2\/posts\/37428\/revisions\/37440"}],"wp:featuredmedia":[{"embeddable":true,"href":"https:\/\/crta.rs\/en\/wp-json\/wp\/v2\/media\/37441"}],"wp:attachment":[{"href":"https:\/\/crta.rs\/en\/wp-json\/wp\/v2\/media?parent=37428"}],"wp:term":[{"taxonomy":"category","embeddable":true,"href":"https:\/\/crta.rs\/en\/wp-json\/wp\/v2\/categories?post=37428"},{"taxonomy":"post_tag","embeddable":true,"href":"https:\/\/crta.rs\/en\/wp-json\/wp\/v2\/tags?post=37428"}],"curies":[{"name":"wp","href":"https:\/\/api.w.org\/{rel}","templated":true}]}}