{"id":36459,"date":"2023-07-06T18:00:12","date_gmt":"2023-07-06T16:00:12","guid":{"rendered":"https:\/\/crta.rs\/?p=36459"},"modified":"2023-07-06T18:00:12","modified_gmt":"2023-07-06T16:00:12","slug":"new-research-citizens-on-the-serbia-against-violence-protests-2","status":"publish","type":"post","link":"https:\/\/crta.rs\/en\/new-research-citizens-on-the-serbia-against-violence-protests-2\/","title":{"rendered":"New research: Citizens on the \u201cSerbia against violence\u201d protests"},"content":{"rendered":"<p><b>Almost all Serbian citizens know about the &#8220;Serbia against violence&#8221; protests. Every second citizen supports the protests, and every third says that he already has or wants to participate in the protest.<\/b><\/p>\n<p>&nbsp;<\/p>\n","protected":false},"excerpt":{"rendered":"<p>Almost all Serbian citizens know about the &#8220;Serbia against violence&#8221; protests. Every second citizen supports the protests, and every third says that he already has or wants to participate in the protest. &nbsp;<\/p>\n","protected":false},"author":7,"featured_media":36461,"comment_status":"closed","ping_status":"open","sticky":false,"template":"","format":"standard","meta":{"_acf_changed":false,"footnotes":"","_links_to":"","_links_to_target":""},"categories":[75],"tags":[76],"class_list":["post-36459","post","type-post","status-publish","format-standard","has-post-thumbnail","hentry","category-publication-en","tag-research","ciTrackContent"],"acf":[],"yoast_head":"<!-- This site is optimized with the Yoast SEO plugin v27.4 - https:\/\/yoast.com\/product\/yoast-seo-wordpress\/ -->\n<title>New research: Citizens on the \u201cSerbia against violence\u201d protests - CRTA<\/title>\n<meta name=\"robots\" content=\"index, follow, max-snippet:-1, max-image-preview:large, max-video-preview:-1\" \/>\n<link rel=\"canonical\" href=\"https:\/\/crta.rs\/en\/new-research-citizens-on-the-serbia-against-violence-protests-2\/\" \/>\n<meta property=\"og:locale\" content=\"en_US\" \/>\n<meta property=\"og:type\" content=\"article\" \/>\n<meta property=\"og:title\" content=\"New research: Citizens on the \u201cSerbia against violence\u201d protests - CRTA\" \/>\n<meta property=\"og:description\" content=\"Almost all Serbian citizens know about the &#8220;Serbia against violence&#8221; protests. Every second citizen supports the protests, and every third says that he already has or wants to participate in the protest. &nbsp;\" \/>\n<meta property=\"og:url\" content=\"https:\/\/crta.rs\/en\/new-research-citizens-on-the-serbia-against-violence-protests-2\/\" \/>\n<meta property=\"og:site_name\" content=\"CRTA\" \/>\n<meta property=\"article:publisher\" content=\"https:\/\/www.facebook.com\/CRTArs\/\" \/>\n<meta property=\"article:published_time\" content=\"2023-07-06T16:00:12+00:00\" \/>\n<meta property=\"og:image\" content=\"https:\/\/crta.rs\/wp-content\/uploads\/2023\/07\/istrazivanje-javnog-mnjenja-protesti-kaver-en.png\" \/>\n\t<meta property=\"og:image:width\" content=\"1305\" \/>\n\t<meta property=\"og:image:height\" content=\"1846\" \/>\n\t<meta property=\"og:image:type\" content=\"image\/png\" \/>\n<meta name=\"author\" content=\"ivana\" \/>\n<meta name=\"twitter:card\" content=\"summary_large_image\" \/>\n<meta name=\"twitter:label1\" content=\"Written by\" \/>\n\t<meta name=\"twitter:data1\" content=\"ivana\" \/>\n\t<meta name=\"twitter:label2\" content=\"Est. reading time\" \/>\n\t<meta name=\"twitter:data2\" content=\"1 minute\" \/>\n<script type=\"application\/ld+json\" class=\"yoast-schema-graph\">{\"@context\":\"https:\\\/\\\/schema.org\",\"@graph\":[{\"@type\":\"Article\",\"@id\":\"https:\\\/\\\/crta.rs\\\/en\\\/new-research-citizens-on-the-serbia-against-violence-protests-2\\\/#article\",\"isPartOf\":{\"@id\":\"https:\\\/\\\/crta.rs\\\/en\\\/new-research-citizens-on-the-serbia-against-violence-protests-2\\\/\"},\"author\":{\"name\":\"ivana\",\"@id\":\"https:\\\/\\\/crta.rs\\\/en\\\/#\\\/schema\\\/person\\\/18f7126b92949f8242e7b65ece92db4c\"},\"headline\":\"New research: Citizens on the \u201cSerbia against violence\u201d protests\",\"datePublished\":\"2023-07-06T16:00:12+00:00\",\"mainEntityOfPage\":{\"@id\":\"https:\\\/\\\/crta.rs\\\/en\\\/new-research-citizens-on-the-serbia-against-violence-protests-2\\\/\"},\"wordCount\":42,\"image\":{\"@id\":\"https:\\\/\\\/crta.rs\\\/en\\\/new-research-citizens-on-the-serbia-against-violence-protests-2\\\/#primaryimage\"},\"thumbnailUrl\":\"https:\\\/\\\/crta.rs\\\/wp-content\\\/uploads\\\/2023\\\/07\\\/istrazivanje-javnog-mnjenja-protesti-kaver-en.png\",\"keywords\":[\"research\"],\"articleSection\":[\"Publications\"],\"inLanguage\":\"en-US\"},{\"@type\":\"WebPage\",\"@id\":\"https:\\\/\\\/crta.rs\\\/en\\\/new-research-citizens-on-the-serbia-against-violence-protests-2\\\/\",\"url\":\"https:\\\/\\\/crta.rs\\\/en\\\/new-research-citizens-on-the-serbia-against-violence-protests-2\\\/\",\"name\":\"New research: Citizens on the \u201cSerbia against violence\u201d protests - CRTA\",\"isPartOf\":{\"@id\":\"https:\\\/\\\/crta.rs\\\/en\\\/#website\"},\"primaryImageOfPage\":{\"@id\":\"https:\\\/\\\/crta.rs\\\/en\\\/new-research-citizens-on-the-serbia-against-violence-protests-2\\\/#primaryimage\"},\"image\":{\"@id\":\"https:\\\/\\\/crta.rs\\\/en\\\/new-research-citizens-on-the-serbia-against-violence-protests-2\\\/#primaryimage\"},\"thumbnailUrl\":\"https:\\\/\\\/crta.rs\\\/wp-content\\\/uploads\\\/2023\\\/07\\\/istrazivanje-javnog-mnjenja-protesti-kaver-en.png\",\"datePublished\":\"2023-07-06T16:00:12+00:00\",\"author\":{\"@id\":\"https:\\\/\\\/crta.rs\\\/en\\\/#\\\/schema\\\/person\\\/18f7126b92949f8242e7b65ece92db4c\"},\"breadcrumb\":{\"@id\":\"https:\\\/\\\/crta.rs\\\/en\\\/new-research-citizens-on-the-serbia-against-violence-protests-2\\\/#breadcrumb\"},\"inLanguage\":\"en-US\",\"potentialAction\":[{\"@type\":\"ReadAction\",\"target\":[\"https:\\\/\\\/crta.rs\\\/en\\\/new-research-citizens-on-the-serbia-against-violence-protests-2\\\/\"]}]},{\"@type\":\"ImageObject\",\"inLanguage\":\"en-US\",\"@id\":\"https:\\\/\\\/crta.rs\\\/en\\\/new-research-citizens-on-the-serbia-against-violence-protests-2\\\/#primaryimage\",\"url\":\"https:\\\/\\\/crta.rs\\\/wp-content\\\/uploads\\\/2023\\\/07\\\/istrazivanje-javnog-mnjenja-protesti-kaver-en.png\",\"contentUrl\":\"https:\\\/\\\/crta.rs\\\/wp-content\\\/uploads\\\/2023\\\/07\\\/istrazivanje-javnog-mnjenja-protesti-kaver-en.png\",\"width\":1305,\"height\":1846},{\"@type\":\"BreadcrumbList\",\"@id\":\"https:\\\/\\\/crta.rs\\\/en\\\/new-research-citizens-on-the-serbia-against-violence-protests-2\\\/#breadcrumb\",\"itemListElement\":[{\"@type\":\"ListItem\",\"position\":1,\"name\":\"Home\",\"item\":\"https:\\\/\\\/crta.rs\\\/en\\\/\"},{\"@type\":\"ListItem\",\"position\":2,\"name\":\"Publications\",\"item\":\"https:\\\/\\\/crta.rs\\\/en\\\/category\\\/publication-en\\\/\"},{\"@type\":\"ListItem\",\"position\":3,\"name\":\"New research: Citizens on the \u201cSerbia against violence\u201d protests\"}]},{\"@type\":\"WebSite\",\"@id\":\"https:\\\/\\\/crta.rs\\\/en\\\/#website\",\"url\":\"https:\\\/\\\/crta.rs\\\/en\\\/\",\"name\":\"CRTA\",\"description\":\"Mi smo grupa aktivista i novinara koja zajedno sa gra\u0111anima uti\u010de na pove\u0107anje odgovornosti institucija i javnih funkcionera kroz pra\u0107enje i kontrolu njihovog rada.\",\"potentialAction\":[{\"@type\":\"SearchAction\",\"target\":{\"@type\":\"EntryPoint\",\"urlTemplate\":\"https:\\\/\\\/crta.rs\\\/en\\\/?s={search_term_string}\"},\"query-input\":{\"@type\":\"PropertyValueSpecification\",\"valueRequired\":true,\"valueName\":\"search_term_string\"}}],\"inLanguage\":\"en-US\"},{\"@type\":\"Person\",\"@id\":\"https:\\\/\\\/crta.rs\\\/en\\\/#\\\/schema\\\/person\\\/18f7126b92949f8242e7b65ece92db4c\",\"name\":\"ivana\",\"url\":\"https:\\\/\\\/crta.rs\\\/en\\\/author\\\/ivana\\\/\"}]}<\/script>\n<!-- \/ Yoast SEO plugin. -->","yoast_head_json":{"title":"New research: Citizens on the \u201cSerbia against violence\u201d protests - CRTA","robots":{"index":"index","follow":"follow","max-snippet":"max-snippet:-1","max-image-preview":"max-image-preview:large","max-video-preview":"max-video-preview:-1"},"canonical":"https:\/\/crta.rs\/en\/new-research-citizens-on-the-serbia-against-violence-protests-2\/","og_locale":"en_US","og_type":"article","og_title":"New research: Citizens on the \u201cSerbia against violence\u201d protests - CRTA","og_description":"Almost all Serbian citizens know about the &#8220;Serbia against violence&#8221; protests. Every second citizen supports the protests, and every third says that he already has or wants to participate in the protest. &nbsp;","og_url":"https:\/\/crta.rs\/en\/new-research-citizens-on-the-serbia-against-violence-protests-2\/","og_site_name":"CRTA","article_publisher":"https:\/\/www.facebook.com\/CRTArs\/","article_published_time":"2023-07-06T16:00:12+00:00","og_image":[{"width":1305,"height":1846,"url":"https:\/\/crta.rs\/wp-content\/uploads\/2023\/07\/istrazivanje-javnog-mnjenja-protesti-kaver-en.png","type":"image\/png"}],"author":"ivana","twitter_card":"summary_large_image","twitter_misc":{"Written by":"ivana","Est. reading time":"1 minute"},"schema":{"@context":"https:\/\/schema.org","@graph":[{"@type":"Article","@id":"https:\/\/crta.rs\/en\/new-research-citizens-on-the-serbia-against-violence-protests-2\/#article","isPartOf":{"@id":"https:\/\/crta.rs\/en\/new-research-citizens-on-the-serbia-against-violence-protests-2\/"},"author":{"name":"ivana","@id":"https:\/\/crta.rs\/en\/#\/schema\/person\/18f7126b92949f8242e7b65ece92db4c"},"headline":"New research: Citizens on the \u201cSerbia against violence\u201d protests","datePublished":"2023-07-06T16:00:12+00:00","mainEntityOfPage":{"@id":"https:\/\/crta.rs\/en\/new-research-citizens-on-the-serbia-against-violence-protests-2\/"},"wordCount":42,"image":{"@id":"https:\/\/crta.rs\/en\/new-research-citizens-on-the-serbia-against-violence-protests-2\/#primaryimage"},"thumbnailUrl":"https:\/\/crta.rs\/wp-content\/uploads\/2023\/07\/istrazivanje-javnog-mnjenja-protesti-kaver-en.png","keywords":["research"],"articleSection":["Publications"],"inLanguage":"en-US"},{"@type":"WebPage","@id":"https:\/\/crta.rs\/en\/new-research-citizens-on-the-serbia-against-violence-protests-2\/","url":"https:\/\/crta.rs\/en\/new-research-citizens-on-the-serbia-against-violence-protests-2\/","name":"New research: Citizens on the \u201cSerbia against violence\u201d protests - CRTA","isPartOf":{"@id":"https:\/\/crta.rs\/en\/#website"},"primaryImageOfPage":{"@id":"https:\/\/crta.rs\/en\/new-research-citizens-on-the-serbia-against-violence-protests-2\/#primaryimage"},"image":{"@id":"https:\/\/crta.rs\/en\/new-research-citizens-on-the-serbia-against-violence-protests-2\/#primaryimage"},"thumbnailUrl":"https:\/\/crta.rs\/wp-content\/uploads\/2023\/07\/istrazivanje-javnog-mnjenja-protesti-kaver-en.png","datePublished":"2023-07-06T16:00:12+00:00","author":{"@id":"https:\/\/crta.rs\/en\/#\/schema\/person\/18f7126b92949f8242e7b65ece92db4c"},"breadcrumb":{"@id":"https:\/\/crta.rs\/en\/new-research-citizens-on-the-serbia-against-violence-protests-2\/#breadcrumb"},"inLanguage":"en-US","potentialAction":[{"@type":"ReadAction","target":["https:\/\/crta.rs\/en\/new-research-citizens-on-the-serbia-against-violence-protests-2\/"]}]},{"@type":"ImageObject","inLanguage":"en-US","@id":"https:\/\/crta.rs\/en\/new-research-citizens-on-the-serbia-against-violence-protests-2\/#primaryimage","url":"https:\/\/crta.rs\/wp-content\/uploads\/2023\/07\/istrazivanje-javnog-mnjenja-protesti-kaver-en.png","contentUrl":"https:\/\/crta.rs\/wp-content\/uploads\/2023\/07\/istrazivanje-javnog-mnjenja-protesti-kaver-en.png","width":1305,"height":1846},{"@type":"BreadcrumbList","@id":"https:\/\/crta.rs\/en\/new-research-citizens-on-the-serbia-against-violence-protests-2\/#breadcrumb","itemListElement":[{"@type":"ListItem","position":1,"name":"Home","item":"https:\/\/crta.rs\/en\/"},{"@type":"ListItem","position":2,"name":"Publications","item":"https:\/\/crta.rs\/en\/category\/publication-en\/"},{"@type":"ListItem","position":3,"name":"New research: Citizens on the \u201cSerbia against violence\u201d protests"}]},{"@type":"WebSite","@id":"https:\/\/crta.rs\/en\/#website","url":"https:\/\/crta.rs\/en\/","name":"CRTA","description":"Mi smo grupa aktivista i novinara koja zajedno sa gra\u0111anima uti\u010de na pove\u0107anje odgovornosti institucija i javnih funkcionera kroz pra\u0107enje i kontrolu njihovog rada.","potentialAction":[{"@type":"SearchAction","target":{"@type":"EntryPoint","urlTemplate":"https:\/\/crta.rs\/en\/?s={search_term_string}"},"query-input":{"@type":"PropertyValueSpecification","valueRequired":true,"valueName":"search_term_string"}}],"inLanguage":"en-US"},{"@type":"Person","@id":"https:\/\/crta.rs\/en\/#\/schema\/person\/18f7126b92949f8242e7b65ece92db4c","name":"ivana","url":"https:\/\/crta.rs\/en\/author\/ivana\/"}]}},"_links":{"self":[{"href":"https:\/\/crta.rs\/en\/wp-json\/wp\/v2\/posts\/36459","targetHints":{"allow":["GET"]}}],"collection":[{"href":"https:\/\/crta.rs\/en\/wp-json\/wp\/v2\/posts"}],"about":[{"href":"https:\/\/crta.rs\/en\/wp-json\/wp\/v2\/types\/post"}],"author":[{"embeddable":true,"href":"https:\/\/crta.rs\/en\/wp-json\/wp\/v2\/users\/7"}],"replies":[{"embeddable":true,"href":"https:\/\/crta.rs\/en\/wp-json\/wp\/v2\/comments?post=36459"}],"version-history":[{"count":3,"href":"https:\/\/crta.rs\/en\/wp-json\/wp\/v2\/posts\/36459\/revisions"}],"predecessor-version":[{"id":36464,"href":"https:\/\/crta.rs\/en\/wp-json\/wp\/v2\/posts\/36459\/revisions\/36464"}],"wp:featuredmedia":[{"embeddable":true,"href":"https:\/\/crta.rs\/en\/wp-json\/wp\/v2\/media\/36461"}],"wp:attachment":[{"href":"https:\/\/crta.rs\/en\/wp-json\/wp\/v2\/media?parent=36459"}],"wp:term":[{"taxonomy":"category","embeddable":true,"href":"https:\/\/crta.rs\/en\/wp-json\/wp\/v2\/categories?post=36459"},{"taxonomy":"post_tag","embeddable":true,"href":"https:\/\/crta.rs\/en\/wp-json\/wp\/v2\/tags?post=36459"}],"curies":[{"name":"wp","href":"https:\/\/api.w.org\/{rel}","templated":true}]}}